{"id":59325,"date":"2019-04-03T10:13:03","date_gmt":"2019-04-03T14:13:03","guid":{"rendered":"https:\/\/www.ludwig-van.com\/montreal\/?p=59325"},"modified":"2019-04-03T10:13:03","modified_gmt":"2019-04-03T14:13:03","slug":"concert-lorchestre-symphonique-de-laval-presente-liberte","status":"publish","type":"post","link":"https:\/\/www.ludwig-van.com\/montreal\/2019\/04\/03\/concert-lorchestre-symphonique-de-laval-presente-liberte\/","title":{"rendered":"CONCERT | L&rsquo;Orchestre symphonique de Laval pr\u00e9sente: Libert\u00e9"},"content":{"rendered":"<figure id=\"attachment_59146\" aria-describedby=\"caption-attachment-59146\" style=\"width: 700px\" class=\"wp-caption aligncenter\"><img decoding=\"async\" loading=\"lazy\" class=\"size-full wp-image-59146\" src=\"https:\/\/www.ludwig-van.com\/montreal\/wp-content\/uploads\/sites\/3\/2019\/03\/OSL-liberte.jpg\" alt=\"OSL Libert\u00e9\" width=\"700\" height=\"514\" srcset=\"https:\/\/www.ludwig-van.com\/montreal\/wp-content\/uploads\/sites\/3\/2019\/03\/OSL-liberte.jpg 700w, https:\/\/www.ludwig-van.com\/montreal\/wp-content\/uploads\/sites\/3\/2019\/03\/OSL-liberte-300x220.jpg 300w\" sizes=\"(max-width: 700px) 100vw, 700px\" \/><figcaption id=\"caption-attachment-59146\" class=\"wp-caption-text\">Le concert Libert\u00e9 sera pr\u00e9sent\u00e9 le 24 avril prochain par l&rsquo;Orchestre symphonique de Laval sous la direction d&rsquo;Alain Trudel.<\/figcaption><\/figure>\n<p><strong>Communiqu\u00e9 &#8211; Laval, 3 avril 2019 &#8211;<\/strong> Le 24 avril prochain \u00e0 19h30, \u00e0 la Salle Andr\u00e9-Mathieu, l\u2019<strong>Orchestre symphonique de Laval<\/strong> (OSL) soulignera le 30e anniversaire de la chute du \u00ab mur de la honte \u00bb, le mur de Berlin, fort symbole de libert\u00e9. Ce concert r\u00e9unira plusieurs formes d&rsquo;art : exposition d&rsquo;images et de litt\u00e9rature, \u0153uvre multim\u00e9dia, puis musique symphonique enivrante.<\/p>\n<p>Un moment attendu lors de la soir\u00e9e : <em>MauerFall Lieder<\/em>, la cr\u00e9ation de la compositrice <strong>Nicole Liz\u00e9e<\/strong>. Qualifi\u00e9e de \u00ab brillante scientifique musicale \u00bb (CBC) et comme poss\u00e9dant \u00ab une inventivit\u00e9 \u00e0 couper le souffle \u00bb (Sydney Times Herald, Australie), <strong>Nicole Liz\u00e9e<\/strong> vient de remporter en f\u00e9vrier 2019 le prix Opus de la compositrice de l&rsquo;ann\u00e9e, au dernier Gala des prix Opus.<\/p>\n<p>Elle a cr\u00e9\u00e9, \u00e0 la demande du chef <strong>Alain Trudel<\/strong>, une \u0153uvre pour orchestre et images multim\u00e9dia, en lien avec le th\u00e8me du concert. Ces images multim\u00e9dia seront projet\u00e9es en simultan\u00e9 avec la musique, interpr\u00e9t\u00e9e par les 50 musiciens sur sc\u00e8ne.<\/p>\n<p>Ce concert repr\u00e9sente ainsi la chance unique d&rsquo;appr\u00e9cier une \u0153uvre d&rsquo;une cr\u00e9atrice acclam\u00e9e et en demande partout dans le monde : <strong>Nicole Liz\u00e9e.<\/strong><\/p>\n<p>&nbsp;<\/p>\n<div class=\"jetpack-video-wrapper\"><span class=\"embed-youtube\" style=\"text-align:center; display: block;\"><iframe loading=\"lazy\" class=\"youtube-player\" width=\"640\" height=\"360\" src=\"https:\/\/www.youtube.com\/embed\/BibvE2dxIXE?version=3&#038;rel=1&#038;showsearch=0&#038;showinfo=1&#038;iv_load_policy=1&#038;fs=1&#038;hl=fr-FR&#038;autohide=2&#038;wmode=transparent\" allowfullscreen=\"true\" style=\"border:0;\" sandbox=\"allow-scripts allow-same-origin allow-popups allow-presentation\"><\/iframe><\/span><\/div>\n<p>&nbsp;<\/p>\n<p>L&rsquo;Orchestre jouera aussi l\u2019\u00e9nergique Symphonie no.3 <em>H\u00e9ro\u00efque<\/em> de Beethoven, qui est empreinte de l\u2019esprit de libert\u00e9 de la R\u00e9volution fran\u00e7aise. \u00c0 l\u2019inverse, la Symphonie Mathis le peintre de Paul Hindemith critique le r\u00e9gime nazi et l\u2019oppression qu\u2019il repr\u00e9sente; c\u2019est une \u0153uvre d\u2019une puissante couleur musicale.<\/p>\n<p>L\u2019Orchestre a convi\u00e9 la <strong>Soci\u00e9t\u00e9 litt\u00e9raire de Laval (SLL)<\/strong> \u00e0 cr\u00e9er une exposition pr\u00e9sent\u00e9e au foyer de la salle qui soulignera, en lien avec le 30e anniversaire de la chute du mur de Berlin, les actions du P.E.N. international. Cet organisme vou\u00e9 \u00e0 la libert\u00e9 d&rsquo;expression milite pour la lib\u00e9ration des \u00e9crivains et des journalistes emprisonn\u00e9s pour d\u00e9lit d&rsquo;opinion. Une soir\u00e9e marquante qui conjuguera histoire, arts visuels et musique.<\/p>\n<p><a href=\"https:\/\/www.osl.qc.ca\/fr\/concerts\/libert\u00e9\" target=\"_blank\" rel=\"noopener\">Libert\u00e9 &#8211; BILLETS<\/a><\/p>\n<p>Concert de l&rsquo;Orchestre symphonique de Laval<br \/>\n24 avril 2019, 19 h 30 &#8211; Salle Andr\u00e9-Mathieu<\/p>\n<p>Nicole Liz\u00e9e, compositrice<br \/>\nAlain Trudel, chef<\/p>\n<p>Programme :<br \/>\nHindemith, Symphonie Mathis le peintre<br \/>\nNicole Liz\u00e9e, MauerFall Lieder &#8211; \u0153uvre pour orchestre et images multim\u00e9dia (commande de l&rsquo;OSL)<br \/>\nBeethoven, Symphonie no.3 en mi b\u00e9mol majeur, op.55<\/p>\n<p><em><strong>La publication de ce communiqu\u00e9 est un privil\u00e8ge r\u00e9serv\u00e9 aux membres de Ludwig van Montr\u00e9al. Pour savoir comment devenir membre, \u00e9crivez-nous \u00e0 caroline@ludwig-van.com<\/strong><\/em><\/p>\n<p>&nbsp;<\/p>\n<p>&nbsp;<\/p>\n","protected":false},"excerpt":{"rendered":"<p>Le 24 avril prochain \u00e0 19h30, \u00e0 la Salle Andr\u00e9-Mathieu, l\u2019Orchestre symphonique de Laval (OSL) soulignera le 30e anniversaire de la chute du \u00ab mur de la honte \u00bb, le mur de Berlin, fort symbole de libert\u00e9.<\/p>\n","protected":false},"author":7,"featured_media":59146,"comment_status":"open","ping_status":"open","sticky":false,"template":"","format":"standard","meta":{"om_disable_all_campaigns":false,"jetpack_post_was_ever_published":false},"categories":[28802,11944],"tags":[28789,13571],"yst_prominent_words":[20383,30782,30775,30771,30772,27142,30773,30451,9808,10716,30450,30774,7650,30779,30776,30780,30777,20483,30778,10717],"acf":[],"jetpack_featured_media_url":"https:\/\/www.ludwig-van.com\/montreal\/wp-content\/uploads\/sites\/3\/2019\/03\/OSL-liberte.jpg","jetpack_sharing_enabled":true,"jetpack_shortlink":"https:\/\/wp.me\/p9bdYt-fqR","amp_enabled":true,"_links":{"self":[{"href":"https:\/\/www.ludwig-van.com\/montreal\/wp-json\/wp\/v2\/posts\/59325"}],"collection":[{"href":"https:\/\/www.ludwig-van.com\/montreal\/wp-json\/wp\/v2\/posts"}],"about":[{"href":"https:\/\/www.ludwig-van.com\/montreal\/wp-json\/wp\/v2\/types\/post"}],"author":[{"embeddable":true,"href":"https:\/\/www.ludwig-van.com\/montreal\/wp-json\/wp\/v2\/users\/7"}],"replies":[{"embeddable":true,"href":"https:\/\/www.ludwig-van.com\/montreal\/wp-json\/wp\/v2\/comments?post=59325"}],"version-history":[{"count":1,"href":"https:\/\/www.ludwig-van.com\/montreal\/wp-json\/wp\/v2\/posts\/59325\/revisions"}],"predecessor-version":[{"id":59326,"href":"https:\/\/www.ludwig-van.com\/montreal\/wp-json\/wp\/v2\/posts\/59325\/revisions\/59326"}],"wp:featuredmedia":[{"embeddable":true,"href":"https:\/\/www.ludwig-van.com\/montreal\/wp-json\/wp\/v2\/media\/59146"}],"wp:attachment":[{"href":"https:\/\/www.ludwig-van.com\/montreal\/wp-json\/wp\/v2\/media?parent=59325"}],"wp:term":[{"taxonomy":"category","embeddable":true,"href":"https:\/\/www.ludwig-van.com\/montreal\/wp-json\/wp\/v2\/categories?post=59325"},{"taxonomy":"post_tag","embeddable":true,"href":"https:\/\/www.ludwig-van.com\/montreal\/wp-json\/wp\/v2\/tags?post=59325"},{"taxonomy":"yst_prominent_words","embeddable":true,"href":"https:\/\/www.ludwig-van.com\/montreal\/wp-json\/wp\/v2\/yst_prominent_words?post=59325"}],"curies":[{"name":"wp","href":"https:\/\/api.w.org\/{rel}","templated":true}]}}