{"id":59286,"date":"2019-04-01T17:49:24","date_gmt":"2019-04-01T21:49:24","guid":{"rendered":"https:\/\/www.ludwig-van.com\/montreal\/?p=59286"},"modified":"2019-04-01T17:49:24","modified_gmt":"2019-04-01T21:49:24","slug":"choix-de-redaction-remedes-musicaux-printemps-tarde","status":"publish","type":"post","link":"https:\/\/www.ludwig-van.com\/montreal\/2019\/04\/01\/choix-de-redaction-remedes-musicaux-printemps-tarde\/","title":{"rendered":"CHOIX DE LA R\u00c9DACTION  | Rem\u00e8des musicaux au printemps qui tarde"},"content":{"rendered":"<p style=\"text-align: center;\"><img decoding=\"async\" loading=\"lazy\" class=\"aligncenter size-full wp-image-59288\" src=\"https:\/\/www.ludwig-van.com\/montreal\/wp-content\/uploads\/sites\/3\/2019\/04\/Choix-r\u00e9daction-1-avril.jpg\" alt=\"\" width=\"712\" height=\"400\" srcset=\"https:\/\/www.ludwig-van.com\/montreal\/wp-content\/uploads\/sites\/3\/2019\/04\/Choix-r\u00e9daction-1-avril.jpg 712w, https:\/\/www.ludwig-van.com\/montreal\/wp-content\/uploads\/sites\/3\/2019\/04\/Choix-r\u00e9daction-1-avril-300x169.jpg 300w\" sizes=\"(max-width: 712px) 100vw, 712px\" \/><\/p>\n<p>On aime r\u00e2ler contre la temp\u00e9rature, mais une chose dont on ne peut se plaindre, c\u2019est de manquer d\u2019occasions int\u00e9ressantes d\u2019entendre les plus grands musiciens, locaux et internationaux! Voici nos suggestions de concerts du <strong>1 au 7 avril<\/strong>. \u00c0 vos agendas!<\/p>\n<h2>CHOIX DE LA R\u00c9DACTRICE EN CHEF : Musique des Am\u00e9riques avec I Musici<\/h2>\n<p>L\u2019orchestre <strong>I Musici<\/strong> et son chef <strong>Jean-Marie Zeitouni<\/strong> accueillent le clarinettiste solo de l\u2019Orchestre philharmonique de Los Angeles, <strong>Boris Allakhverdyan<\/strong>, dans le Concerto d\u2019Aaron Copland. L\u2019orchestre fera briller le soleil pour son public en interpr\u00e9tant les musiques entra\u00eenantes de Villa-Lobos, Ginastera et Piazzolla. <strong>Le jeudi 4 avril, 11h et 18h, Salle Bourgie.<\/strong> <a href=\"https:\/\/www.ludwig-van.com\/montreal\/event\/i-musici-musique-ameriques\/2019-04-04\/\" target=\"_blank\" rel=\"noopener\">D\u00c9TAILS.<\/a><\/p>\n<p>&nbsp;<\/p>\n<figure id=\"attachment_52147\" aria-describedby=\"caption-attachment-52147\" style=\"width: 700px\" class=\"wp-caption aligncenter\"><img decoding=\"async\" loading=\"lazy\" class=\"size-full wp-image-52147\" src=\"https:\/\/www.ludwig-van.com\/montreal\/wp-content\/uploads\/sites\/3\/2018\/03\/Ve\u0301ronique-Lacroix-cr-Pierre-E\u0301tienneBergeron-calendrier.jpg\" alt=\"Ve\u0301ronique Lacroix\" width=\"700\" height=\"550\" srcset=\"https:\/\/www.ludwig-van.com\/montreal\/wp-content\/uploads\/sites\/3\/2018\/03\/Ve\u0301ronique-Lacroix-cr-Pierre-E\u0301tienneBergeron-calendrier.jpg 700w, https:\/\/www.ludwig-van.com\/montreal\/wp-content\/uploads\/sites\/3\/2018\/03\/Ve\u0301ronique-Lacroix-cr-Pierre-E\u0301tienneBergeron-calendrier-300x236.jpg 300w\" sizes=\"(max-width: 700px) 100vw, 700px\" \/><figcaption id=\"caption-attachment-52147\" class=\"wp-caption-text\">V\u00e9ronique Lacroix. (Photo: Pierre-\u00c9tienne Bergeron)<\/figcaption><\/figure>\n<h2>Stylus Phantasticus<\/h2>\n<p>Douze musiciens de l\u2019ECM+ sous la direction de <strong>V\u00e9ronique Lacroix<\/strong> offrent un panorama de la production musicale du compositeur <strong>Jean Lesage<\/strong>, tandis que des \u0153uvres visuelles des mouvements moderne, surr\u00e9aliste et cubiste sont pr\u00e9sent\u00e9es sur grand \u00e9cran. Le violoniste <strong>Victor Fournelle-Blain<\/strong> est le soliste invit\u00e9. <strong>Le mardi 2 avril, 19h30, Ges\u00f9. Rencontre pr\u00e9-concert 18h30.<\/strong> <a href=\"https:\/\/www.ludwig-van.com\/montreal\/2019\/03\/20\/concert-stylus-phantasticus-musique-a-voir-a-entendre-projections-de-tableaux-de-grands-maitres\/\" target=\"_blank\" rel=\"noopener\">D\u00c9TAILS.<\/a><\/p>\n<p>&nbsp;<\/p>\n<h2><\/h2>\n<figure id=\"attachment_59199\" aria-describedby=\"caption-attachment-59199\" style=\"width: 1024px\" class=\"wp-caption aligncenter\"><img decoding=\"async\" loading=\"lazy\" class=\"size-full wp-image-59199\" src=\"https:\/\/www.ludwig-van.com\/montreal\/wp-content\/uploads\/sites\/3\/2019\/03\/Duo-Kalysta-Photo-Hannah-Belvedere.jpg\" alt=\"Duo Kalysta : Lara Deutsch et Emily Belvedere\" width=\"1024\" height=\"683\" srcset=\"https:\/\/www.ludwig-van.com\/montreal\/wp-content\/uploads\/sites\/3\/2019\/03\/Duo-Kalysta-Photo-Hannah-Belvedere.jpg 1024w, https:\/\/www.ludwig-van.com\/montreal\/wp-content\/uploads\/sites\/3\/2019\/03\/Duo-Kalysta-Photo-Hannah-Belvedere-300x200.jpg 300w, https:\/\/www.ludwig-van.com\/montreal\/wp-content\/uploads\/sites\/3\/2019\/03\/Duo-Kalysta-Photo-Hannah-Belvedere-768x512.jpg 768w\" sizes=\"(max-width: 1024px) 100vw, 1024px\" \/><figcaption id=\"caption-attachment-59199\" class=\"wp-caption-text\">Le duo Kalysta. (Photo: Hannah Belveder)<\/figcaption><\/figure>\n<h2>Jeunesses musicales : Po\u00e9sie et paysage avec le duo Kalysta<\/h2>\n<p>Le duo <strong>Kalysta<\/strong> r\u00e9unit la fl\u00fbtiste <strong>Lara Deutsch<\/strong> et la harpiste <strong>Emily Belvedere<\/strong>, qui nous proposeront des \u0153uvres musicales inspir\u00e9es de la nature. Un ap\u00e9ritif sera servi \u00e0 partir de 18h15. <strong>Le mercredi 3 avril, 19h, Salle Joseph-Rouleau.<\/strong> <a href=\"https:\/\/www.ludwig-van.com\/montreal\/event\/jeunesses-musicales-poesie-paysages\/\" target=\"_blank\" rel=\"noopener\">D\u00c9TAILS.<\/a><\/p>\n<p>&nbsp;<\/p>\n<figure id=\"attachment_48774\" aria-describedby=\"caption-attachment-48774\" style=\"width: 1024px\" class=\"wp-caption aligncenter\"><img decoding=\"async\" loading=\"lazy\" class=\"size-full wp-image-48774\" src=\"https:\/\/www.ludwig-van.com\/montreal\/wp-content\/uploads\/sites\/3\/2017\/10\/Jean-SebastienVall\u00e9e_web.jpg\" alt=\"Jean-S\u00e9bastien Vall\u00e9e dirige l'ensemble vocal Cappella Antica. (Photo: courtoisie).\" width=\"1024\" height=\"684\" srcset=\"https:\/\/www.ludwig-van.com\/montreal\/wp-content\/uploads\/sites\/3\/2017\/10\/Jean-SebastienVall\u00e9e_web.jpg 1024w, https:\/\/www.ludwig-van.com\/montreal\/wp-content\/uploads\/sites\/3\/2017\/10\/Jean-SebastienVall\u00e9e_web-300x200.jpg 300w, https:\/\/www.ludwig-van.com\/montreal\/wp-content\/uploads\/sites\/3\/2017\/10\/Jean-SebastienVall\u00e9e_web-768x513.jpg 768w\" sizes=\"(max-width: 1024px) 100vw, 1024px\" \/><figcaption id=\"caption-attachment-48774\" class=\"wp-caption-text\">Jean-S\u00e9bastien Vall\u00e9e (Photo: courtoisie)<\/figcaption><\/figure>\n<h2>Le Roi David, d\u2019Arthur Honegger<\/h2>\n<p>Arthur Honegger a puis\u00e9 dans des styles aussi vari\u00e9s que le chant gr\u00e9gorien, la musique baroque et le jazz pour cet oratorio.<strong> Jean-S\u00e9bastien Vall\u00e9e<\/strong> dirige le McGill Concert Choir et les Schulich Singers ainsi qu\u2019un petit ensemble instrumental. La narration est fournie par Hubert Lemire, tandis que les parties solistes chant\u00e9es sont tenues par Vanessa Croome, Allyson Goff, Yanik Gosselin, William Duffy et Cynthia Dubois. <strong>Le mercredi 3 avril, 19h30, Salle Pollack.<\/strong> Le concert sera aussi diffus\u00e9 sur le web. <a href=\"https:\/\/schulich.ticketmob.com\/event.cfm?id=175580&amp;cart&amp;ref=0ee2bac576535d17988bebd05c8797e5879caae43c6f664f42d51c7de648fcfd\" target=\"_blank\" rel=\"noopener\">D\u00c9TAILS.<\/a><\/p>\n<p>&nbsp;<\/p>\n<p style=\"text-align: center;\"><img decoding=\"async\" loading=\"lazy\" class=\"aligncenter size-full wp-image-57432\" src=\"https:\/\/www.ludwig-van.com\/montreal\/wp-content\/uploads\/sites\/3\/2018\/11\/Anthony-Marwood-et-Aleksandar-Mad-ar.jpg\" alt=\"Anthony-Marwood-et-Aleksandar-Madzar\" width=\"1024\" height=\"731\" srcset=\"https:\/\/www.ludwig-van.com\/montreal\/wp-content\/uploads\/sites\/3\/2018\/11\/Anthony-Marwood-et-Aleksandar-Mad-ar.jpg 1024w, https:\/\/www.ludwig-van.com\/montreal\/wp-content\/uploads\/sites\/3\/2018\/11\/Anthony-Marwood-et-Aleksandar-Mad-ar-300x214.jpg 300w, https:\/\/www.ludwig-van.com\/montreal\/wp-content\/uploads\/sites\/3\/2018\/11\/Anthony-Marwood-et-Aleksandar-Mad-ar-768x548.jpg 768w\" sizes=\"(max-width: 1024px) 100vw, 1024px\" \/><\/p>\n<h2>Marwood, Mad\u017ear et Mendelssohn aux Violons du Roy<\/h2>\n<p>L\u2019excellent <strong>Anthony Marwood<\/strong> dirige ce programme des <strong>Violons du Roy<\/strong> en plus de s\u2019y faire entendre aux c\u00f4t\u00e9s du pianiste <strong>Aleksandar Mad\u017ear<\/strong> dans le Concerto pour violon et piano en r\u00e9 mineur de Mendelssohn. Des oeuvres de Chostakovitch et Britten compl\u00e8tent le programme. <strong>Le jeudi 4 avril, 14h et 20h, Palais Montcalm de Qu\u00e9bec, et le vendredi 5 avril, 19h30, Salle Bourgie.<\/strong> <a href=\"https:\/\/www.ludwig-van.com\/montreal\/event\/violons-roy-marwood-madzar-mendelssohn\/\" target=\"_blank\" rel=\"noopener\">D\u00c9TAILS.<\/a><\/p>\n<p>&nbsp;<\/p>\n<figure id=\"attachment_59287\" aria-describedby=\"caption-attachment-59287\" style=\"width: 1024px\" class=\"wp-caption aligncenter\"><a href=\":\"><img decoding=\"async\" loading=\"lazy\" class=\"size-full wp-image-59287\" src=\"https:\/\/www.ludwig-van.com\/montreal\/wp-content\/uploads\/sites\/3\/2019\/04\/Architek-Percussion-WEB.jpg\" alt=\"Architek Percussion. (PHOTO: courtoisie)\" width=\"1024\" height=\"682\" srcset=\"https:\/\/www.ludwig-van.com\/montreal\/wp-content\/uploads\/sites\/3\/2019\/04\/Architek-Percussion-WEB.jpg 1024w, https:\/\/www.ludwig-van.com\/montreal\/wp-content\/uploads\/sites\/3\/2019\/04\/Architek-Percussion-WEB-300x200.jpg 300w, https:\/\/www.ludwig-van.com\/montreal\/wp-content\/uploads\/sites\/3\/2019\/04\/Architek-Percussion-WEB-768x512.jpg 768w\" sizes=\"(max-width: 1024px) 100vw, 1024px\" \/><\/a><figcaption id=\"caption-attachment-59287\" class=\"wp-caption-text\">Architek Percussion. (PHOTO: courtoisie)<\/figcaption><\/figure>\n<h2>Projet : Objets avec Architek Percussion<\/h2>\n<p>Appareils m\u00e9nagers, objets du quotidiens ou invent\u00e9s, rien n\u2019est \u00e0 l\u2019abri des percussionnistes de l\u2019ensemble <strong>Architek Percussion<\/strong>, qui interpr\u00e9teront des \u0153uvres de James O\u2019Callaghan, Fredrik Gran et Gyrid Nordal Kaldestad. <strong>Le vendredi 5 avril, 20h, Ges\u00f9.<\/strong> <a href=\"http:\/\/www.architekpercussion.com\/\" target=\"_blank\" rel=\"noopener\">D\u00c9TAILS.<\/a><\/p>\n<p>&nbsp;<\/p>\n<figure id=\"attachment_57015\" aria-describedby=\"caption-attachment-57015\" style=\"width: 1024px\" class=\"wp-caption aligncenter\"><img decoding=\"async\" loading=\"lazy\" class=\"size-full wp-image-57015\" src=\"https:\/\/www.ludwig-van.com\/montreal\/wp-content\/uploads\/sites\/3\/2018\/04\/NicolasEllis@StC\u0327phaneBourgeois_2018-12-20_21.jpg\" alt=\"Nicolas Ellis\" width=\"1024\" height=\"682\" srcset=\"https:\/\/www.ludwig-van.com\/montreal\/wp-content\/uploads\/sites\/3\/2018\/04\/NicolasEllis@StC\u0327phaneBourgeois_2018-12-20_21.jpg 1024w, https:\/\/www.ludwig-van.com\/montreal\/wp-content\/uploads\/sites\/3\/2018\/04\/NicolasEllis@StC\u0327phaneBourgeois_2018-12-20_21-300x200.jpg 300w, https:\/\/www.ludwig-van.com\/montreal\/wp-content\/uploads\/sites\/3\/2018\/04\/NicolasEllis@StC\u0327phaneBourgeois_2018-12-20_21-768x512.jpg 768w\" sizes=\"(max-width: 1024px) 100vw, 1024px\" \/><figcaption id=\"caption-attachment-57015\" class=\"wp-caption-text\">Nicolas Ellis. (Photo: St\u00e9phane Bourgeois)<\/figcaption><\/figure>\n<h2>Airs de jeunesse : la musique au cin\u00e9ma avec l\u2019Orchestre M\u00e9tropolitain<\/h2>\n<p>Ce concert de l\u2019<strong>Orchestre M\u00e9tropolitain<\/strong>, pr\u00e9sent\u00e9 dans diff\u00e9rents arrondissements cette semaine, a vraiment tout pour plaire : des pi\u00e8ces classiques et de musique de film parmi les plus populaires, un jeune chef qu\u00e9b\u00e9cois qui vole de succ\u00e8s en succ\u00e8s depuis quelques ann\u00e9es, de jeunes solistes \u00e0 d\u00e9couvrir et le sympathique vulgarisateur scientifique Martin Carlin, connu pour sa participation \u00e0 l\u2019\u00e9mission G\u00e9nial! Sous la direction de <strong>Nicolas Ellis<\/strong>. <strong>Le samedi 6 avril, 15h, Maison symphonique.<\/strong> <a href=\"https:\/\/orchestremetropolitain.com\/fr\/concert\/airs-de-jeunesse-la-musique-au-cinema\/\" target=\"_blank\" rel=\"noopener\">D\u00c9TAILS<\/a><\/p>\n<p>&nbsp;<\/p>\n<figure id=\"attachment_54721\" aria-describedby=\"caption-attachment-54721\" style=\"width: 1024px\" class=\"wp-caption aligncenter\"><img decoding=\"async\" loading=\"lazy\" class=\"size-full wp-image-54721\" src=\"https:\/\/www.ludwig-van.com\/montreal\/wp-content\/uploads\/sites\/3\/2017\/09\/chapellehistorique-22-sept-et-17-nov-Camerata.jpg\" alt=\"Musica Camerata - TRIOS ROMANTIQUES\" width=\"1024\" height=\"683\" srcset=\"https:\/\/www.ludwig-van.com\/montreal\/wp-content\/uploads\/sites\/3\/2017\/09\/chapellehistorique-22-sept-et-17-nov-Camerata.jpg 1024w, https:\/\/www.ludwig-van.com\/montreal\/wp-content\/uploads\/sites\/3\/2017\/09\/chapellehistorique-22-sept-et-17-nov-Camerata-300x200.jpg 300w, https:\/\/www.ludwig-van.com\/montreal\/wp-content\/uploads\/sites\/3\/2017\/09\/chapellehistorique-22-sept-et-17-nov-Camerata-768x512.jpg 768w\" sizes=\"(max-width: 1024px) 100vw, 1024px\" \/><figcaption id=\"caption-attachment-54721\" class=\"wp-caption-text\">Musica Camerata. (Photo: Tony Terenzi)<\/figcaption><\/figure>\n<h2>Musica Camerata<\/h2>\n<p>La formation de quintette pour violon, alto, violoncelle, contrebasse et piano est \u00e0 l\u2019honneur dans ce concert avec des \u0153uvres de Dussek et Onslow, ainsi qu\u2019un arrangement d\u2019un Pr\u00e9lude et Fugue pour trio \u00e0 cordes. <strong>Le samedi 6 avril, 18h, Chapelle historique du Bon-Pasteur.<\/strong> <a href=\"https:\/\/www.ludwig-van.com\/montreal\/event\/chapelle-historique-pasteur-decouvertes\/\" target=\"_blank\" rel=\"noopener\">D\u00c9TAILS.<\/a><\/p>\n<p>&nbsp;<\/p>\n<figure id=\"attachment_52499\" aria-describedby=\"caption-attachment-52499\" style=\"width: 1024px\" class=\"wp-caption aligncenter\"><img decoding=\"async\" loading=\"lazy\" class=\"size-full wp-image-52499\" src=\"https:\/\/www.ludwig-van.com\/montreal\/wp-content\/uploads\/sites\/3\/2018\/03\/ArtemisQ_cNikolaj-Lund_2.jpg\" alt=\"Artemis Quartet\" width=\"1024\" height=\"847\" srcset=\"https:\/\/www.ludwig-van.com\/montreal\/wp-content\/uploads\/sites\/3\/2018\/03\/ArtemisQ_cNikolaj-Lund_2.jpg 1024w, https:\/\/www.ludwig-van.com\/montreal\/wp-content\/uploads\/sites\/3\/2018\/03\/ArtemisQ_cNikolaj-Lund_2-300x248.jpg 300w, https:\/\/www.ludwig-van.com\/montreal\/wp-content\/uploads\/sites\/3\/2018\/03\/ArtemisQ_cNikolaj-Lund_2-768x635.jpg 768w\" sizes=\"(max-width: 1024px) 100vw, 1024px\" \/><figcaption id=\"caption-attachment-52499\" class=\"wp-caption-text\">Le Quatuor Artemis. (Photo: Nikolaj Lund)<\/figcaption><\/figure>\n<h2>Le Quatuor Artemis au Ladies\u2019 Morning Musical Club<\/h2>\n<p>Le <strong>Quatuor Artemis<\/strong> montrera toute l\u2019\u00e9tendue de son talent dans un programme couvrant les XVIIIe, XIXe et XXe si\u00e8cles avec des \u0153uvres de Haydn, Brahms et Britten. Il s\u2019agit de la troisi\u00e8me visite du r\u00e9put\u00e9 quatuor au LMMC. <strong>Le dimanche 7 avril, 15h30, Salle Pollack<\/strong>. <a href=\"https:\/\/www.ludwig-van.com\/montreal\/event\/concerts-lmmc-artemis-quartett\/\" target=\"_blank\" rel=\"noopener\">D\u00c9TAILS.<\/a><\/p>\n<p style=\"text-align: center;\"><img decoding=\"async\" loading=\"lazy\" class=\"aligncenter size-full wp-image-58328\" src=\"https:\/\/www.ludwig-van.com\/montreal\/wp-content\/uploads\/sites\/3\/2019\/01\/Yuja-Wang-Gautier-Capuc\u0327on_CMQ_Diapos_2018-19_3.jpg\" alt=\"Club musical de Qu\u00e9bec Yuja Wang Gautier Capu\u00e7on\" width=\"1024\" height=\"455\" srcset=\"https:\/\/www.ludwig-van.com\/montreal\/wp-content\/uploads\/sites\/3\/2019\/01\/Yuja-Wang-Gautier-Capuc\u0327on_CMQ_Diapos_2018-19_3.jpg 1024w, https:\/\/www.ludwig-van.com\/montreal\/wp-content\/uploads\/sites\/3\/2019\/01\/Yuja-Wang-Gautier-Capuc\u0327on_CMQ_Diapos_2018-19_3-300x133.jpg 300w, https:\/\/www.ludwig-van.com\/montreal\/wp-content\/uploads\/sites\/3\/2019\/01\/Yuja-Wang-Gautier-Capuc\u0327on_CMQ_Diapos_2018-19_3-768x341.jpg 768w\" sizes=\"(max-width: 1024px) 100vw, 1024px\" \/><\/p>\n<h2>Le Club musical de Qu\u00e9bec : Yuja Wang et Gautier Capu\u00e7on<\/h2>\n<p>Deux superstars internationales de la musique classique fouleront les planches du Palais Montcalm \u00e0 Qu\u00e9bec pour interpr\u00e9ter Chopin et Franck. Un concert qui promet d\u2019\u00eatre m\u00e9morable. <strong>Le dimanche 7 avril, 20h, Palais Montcalm de Qu\u00e9bec. Pr\u00e9lude au concert \u00e0 19h.<\/strong> <a href=\"https:\/\/www.ludwig-van.com\/montreal\/event\/club-musical-de-quebec-gautier-capucon-yuja-wang\/\" target=\"_blank\" rel=\"noopener\">D\u00c9TAILS.<\/a><\/p>\n<h2>LIRE AUSSI:<\/h2>\n<blockquote class=\"wp-embedded-content\" data-secret=\"i1LQECT4Kc\"><p><a href=\"https:\/\/www.ludwig-van.com\/montreal\/2019\/03\/29\/nouvelle-saison-2019-2020-darte-musica-beethoven-a-lhonneur-105-concerts-et-beaucoup-de-piano\/\">NOUVELLE | Saison 2019-2020 d&rsquo;Arte Musica: Beethoven \u00e0 l&rsquo;honneur, 105 concerts et beaucoup de piano<\/a><\/p><\/blockquote>\n<p><iframe class=\"wp-embedded-content\" sandbox=\"allow-scripts\" security=\"restricted\" style=\"position: absolute; clip: rect(1px, 1px, 1px, 1px);\" src=\"https:\/\/www.ludwig-van.com\/montreal\/2019\/03\/29\/nouvelle-saison-2019-2020-darte-musica-beethoven-a-lhonneur-105-concerts-et-beaucoup-de-piano\/embed\/#?secret=i1LQECT4Kc\" data-secret=\"i1LQECT4Kc\" width=\"600\" height=\"338\" title=\"\u00ab\u00a0NOUVELLE | Saison 2019-2020 d&rsquo;Arte Musica: Beethoven \u00e0 l&rsquo;honneur, 105 concerts et beaucoup de piano\u00a0\u00bb &#8212; Ludwig Van Montreal\" frameborder=\"0\" marginwidth=\"0\" marginheight=\"0\" scrolling=\"no\"><\/iframe><\/p>\n<p>&nbsp;<\/p>\n<p>&nbsp;<\/p>\n<p>&nbsp;<\/p>\n","protected":false},"excerpt":{"rendered":"<p>On aime r\u00e2ler contre la temp\u00e9rature, mais une chose dont on ne peut se plaindre, c\u2019est de manquer d\u2019occasions int\u00e9ressantes d\u2019entendre les plus grands musiciens, locaux et internationaux! Voici nos choix de la r\u00e9daction du 1 au 7 avril. \u00c0 vos agendas!<\/p>\n","protected":false},"author":55,"featured_media":59288,"comment_status":"open","ping_status":"open","sticky":false,"template":"","format":"standard","meta":{"om_disable_all_campaigns":false,"jetpack_post_was_ever_published":false},"categories":[28802,10994],"tags":[28789,11882],"yst_prominent_words":[30732,30723,20798,20932,20664,17251,30726,14167,30735,30736,10150,30728,30731,30737,18766,30727,28511,30734,30733,9974],"acf":[],"jetpack_featured_media_url":"https:\/\/www.ludwig-van.com\/montreal\/wp-content\/uploads\/sites\/3\/2019\/04\/Choix-r\u00e9daction-1-avril.jpg","jetpack_sharing_enabled":true,"jetpack_shortlink":"https:\/\/wp.me\/p9bdYt-fqe","amp_enabled":true,"_links":{"self":[{"href":"https:\/\/www.ludwig-van.com\/montreal\/wp-json\/wp\/v2\/posts\/59286"}],"collection":[{"href":"https:\/\/www.ludwig-van.com\/montreal\/wp-json\/wp\/v2\/posts"}],"about":[{"href":"https:\/\/www.ludwig-van.com\/montreal\/wp-json\/wp\/v2\/types\/post"}],"author":[{"embeddable":true,"href":"https:\/\/www.ludwig-van.com\/montreal\/wp-json\/wp\/v2\/users\/55"}],"replies":[{"embeddable":true,"href":"https:\/\/www.ludwig-van.com\/montreal\/wp-json\/wp\/v2\/comments?post=59286"}],"version-history":[{"count":1,"href":"https:\/\/www.ludwig-van.com\/montreal\/wp-json\/wp\/v2\/posts\/59286\/revisions"}],"predecessor-version":[{"id":59289,"href":"https:\/\/www.ludwig-van.com\/montreal\/wp-json\/wp\/v2\/posts\/59286\/revisions\/59289"}],"wp:featuredmedia":[{"embeddable":true,"href":"https:\/\/www.ludwig-van.com\/montreal\/wp-json\/wp\/v2\/media\/59288"}],"wp:attachment":[{"href":"https:\/\/www.ludwig-van.com\/montreal\/wp-json\/wp\/v2\/media?parent=59286"}],"wp:term":[{"taxonomy":"category","embeddable":true,"href":"https:\/\/www.ludwig-van.com\/montreal\/wp-json\/wp\/v2\/categories?post=59286"},{"taxonomy":"post_tag","embeddable":true,"href":"https:\/\/www.ludwig-van.com\/montreal\/wp-json\/wp\/v2\/tags?post=59286"},{"taxonomy":"yst_prominent_words","embeddable":true,"href":"https:\/\/www.ludwig-van.com\/montreal\/wp-json\/wp\/v2\/yst_prominent_words?post=59286"}],"curies":[{"name":"wp","href":"https:\/\/api.w.org\/{rel}","templated":true}]}}