{"id":59244,"date":"2019-03-26T12:48:44","date_gmt":"2019-03-26T16:48:44","guid":{"rendered":"https:\/\/www.ludwig-van.com\/montreal\/?p=59244"},"modified":"2019-08-21T13:54:24","modified_gmt":"2019-08-21T17:54:24","slug":"invitee-speciale-la-folie-contagieuse-de-patricia-kopatchinskaja","status":"publish","type":"post","link":"https:\/\/www.ludwig-van.com\/montreal\/2019\/03\/26\/invitee-speciale-la-folie-contagieuse-de-patricia-kopatchinskaja\/","title":{"rendered":"INVIT\u00c9E SP\u00c9CIALE | La folie contagieuse de Patricia Kopatchinskaja"},"content":{"rendered":"<figure id=\"attachment_53491\" aria-describedby=\"caption-attachment-53491\" style=\"width: 1024px\" class=\"wp-caption aligncenter\"><img decoding=\"async\" loading=\"lazy\" class=\"size-full wp-image-53491\" src=\"https:\/\/www.ludwig-van.com\/montreal\/wp-content\/uploads\/sites\/3\/2018\/04\/Patricia-Kopatchinskaja-High-Res-2-credit-Marco-Borggreve.jpg\" alt=\"\" width=\"1024\" height=\"1407\" srcset=\"https:\/\/www.ludwig-van.com\/montreal\/wp-content\/uploads\/sites\/3\/2018\/04\/Patricia-Kopatchinskaja-High-Res-2-credit-Marco-Borggreve.jpg 1024w, https:\/\/www.ludwig-van.com\/montreal\/wp-content\/uploads\/sites\/3\/2018\/04\/Patricia-Kopatchinskaja-High-Res-2-credit-Marco-Borggreve-218x300.jpg 218w, https:\/\/www.ludwig-van.com\/montreal\/wp-content\/uploads\/sites\/3\/2018\/04\/Patricia-Kopatchinskaja-High-Res-2-credit-Marco-Borggreve-768x1055.jpg 768w, https:\/\/www.ludwig-van.com\/montreal\/wp-content\/uploads\/sites\/3\/2018\/04\/Patricia-Kopatchinskaja-High-Res-2-credit-Marco-Borggreve-745x1024.jpg 745w\" sizes=\"(max-width: 1024px) 100vw, 1024px\" \/><figcaption id=\"caption-attachment-53491\" class=\"wp-caption-text\">Patricia Kopatchinskaja sera en r\u00e9cital ce dimanche, 31 mars, 14 h 30 \u00e0 la salle Pierre-Mercure.<br \/>Photo : Marco Borggreve<\/figcaption><\/figure>\n<p>Pour son deuxi\u00e8me passage \u00e0 Montr\u00e9al en moins d&rsquo;un an, la p\u00e9tillante violoniste moldave <strong>Patricia Kopatchinskaja<\/strong> pr\u00e9sente un r\u00e9cital violon et piano avec sa partenaire musicale <strong>Polina Leschenko,\u00a0<\/strong>\u00e0 l&rsquo;invitation de la Soci\u00e9t\u00e9 Pro Musica. Nous avons pu lui poser quelques questions par courriel, auxquelles elle a r\u00e9pondu avec verve et g\u00e9n\u00e9rosit\u00e9.<\/p>\n<p><strong>LvM : Chaque moiti\u00e9 du programme que vous jouerez le 31 mars combine une \u0153uvre d\u2019un compositeur hongrois ou roumain avec une \u0153uvre fran\u00e7aise, reprenant en partie le r\u00e9pertoire de votre r\u00e9cent enregistrement DEUX. Comment en \u00eates-vous venue \u00e0 choisir cette combinaison?<\/strong><\/p>\n<p>PK : \u00ab\u00a0Il s\u2019agit d\u2019une collaboration entre Polina et moi-m\u00eame. Le choix des pi\u00e8ces a \u00e9t\u00e9 d\u00e9termin\u00e9 par nos pr\u00e9f\u00e9rences personnelles. Mais ce programme trouve aussi son origine dans un concert qui a \u00e9t\u00e9 donn\u00e9 \u00e0 Paris par la c\u00e9l\u00e8bre violoniste Jelly d\u2019Aranyi (NDLR : violoniste hongroise de la premi\u00e8re moiti\u00e9 du XXe si\u00e8cle, petite-ni\u00e8ce de Joseph Joachim), avec B\u00e9la Bart\u00f3k au piano. Ils ont jou\u00e9 une sonate de Bart\u00f3k tandis que Ravel tournait les pages pour celui-ci. Peu de temps auparavant, Bart\u00f3k avait \u00e9crit un article dans un journal musical fran\u00e7ais d\u00e9clarant \u00e0 quel point il d\u00e9testait les rhapsodies pseudo-hongroises de Liszt et les danses pseudo-hongroises de Brahms. Apr\u00e8s le concert, Ravel a dit \u00e0 Bart\u00f3k qu\u2019il allait composer pour son ami violoniste une telle rhapsodie, la \u00ab Tzigane \u00bb. C\u2019\u00e9tait de toute \u00e9vidence une impertinence et une provocation. Mais c\u2019est pourquoi nous jouons aussi la <em>Tzigane.<\/em><\/p>\n<p>Qui tournait les pages pour d\u2019Aranyi? Francis Poulenc, et d\u2019Aranyi l\u2019a invit\u00e9 \u00e0 composer une \u0153uvre pour elle. Poulenc n\u2019a pas compos\u00e9 pour d\u2019Aranyi, mais plus tard il a \u00e9crit une sonate pour la c\u00e9l\u00e8bre Ginette Neveu, que nous incluons aussi dans notre programme. Finalement, nous incluons une \u0153uvre d\u2019un bon ami de Ravel, Enescu, qui a compos\u00e9 \u00e0 la m\u00eame p\u00e9riode sa fameuse troisi\u00e8me sonate \u00ab dans le caract\u00e8re populaire roumain \u00bb, sur une sorte de folklore invent\u00e9 qui \u00e9voque mon pays d\u2019origine, la Moldavie, un endroit qui m\u2019est cher.\u00a0\u00bb<\/p>\n<p>&nbsp;<\/p>\n<div class=\"jetpack-video-wrapper\"><span class=\"embed-youtube\" style=\"text-align:center; display: block;\"><iframe loading=\"lazy\" class=\"youtube-player\" width=\"640\" height=\"360\" src=\"https:\/\/www.youtube.com\/embed\/w0ObgSKBqTQ?version=3&#038;rel=1&#038;showsearch=0&#038;showinfo=1&#038;iv_load_policy=1&#038;fs=1&#038;hl=fr-FR&#038;autohide=2&#038;wmode=transparent\" allowfullscreen=\"true\" style=\"border:0;\" sandbox=\"allow-scripts allow-same-origin allow-popups allow-presentation\"><\/iframe><\/span><\/div>\n<p>&nbsp;<\/p>\n<p><strong>LvM : Vos interpr\u00e9tations sont hautement personnelles, dynamiques et sans peur. Arrivez-vous \u00e0 faire l\u2019exp\u00e9rience du m\u00eame degr\u00e9 de libert\u00e9 en musique de chambre que dans des \u0153uvres solo ou des concertos? Comment r\u00e9ussissez-vous \u00e0 combiner le caract\u00e8re spontan\u00e9 de vos interpr\u00e9tations avec les exigences de jouer en duo avec une pianiste?<\/strong><\/p>\n<p>&nbsp;<\/p>\n<blockquote><p>Depuis Beethoven, la libert\u00e9 est au c\u0153ur de la musique, et cela s\u2019applique \u00e0 moi aussi. Il faut chercher des partenaires musicaux avec qui on ressent cette libert\u00e9. Ils doivent \u00eatre en mesure de vous lire et vous devez \u00eatre capable de comprendre leurs actions et leurs r\u00e9actions. C\u2019est une question de millisecondes. Avec Polina, on peut passer d\u2019un extr\u00eame \u00e0 l\u2019autre, c\u2019est comme une forme extr\u00eame d\u2019escalade o\u00f9 on r\u00e9ussit de justesse \u00e0 \u00e9viter de tomber dans l\u2019abysse.\u00a0 &#8211; Patricia Kopatchinskaja<\/p><\/blockquote>\n<p>&nbsp;<\/p>\n<p><strong>LvM : Vous jouez une grande vari\u00e9t\u00e9 de r\u00e9pertoire de tous les styles et de toutes les \u00e9poques. Y a-t-il un style avec lequel vous \u00eates plus \u00e0 l\u2019aise et abordez-vous les choses diff\u00e9remment selon les styles?<\/strong><\/p>\n<p>PK : \u00ab\u00a0N\u2019importe quel bruit peut devenir de la musique : des gouttes de pluie sur un toit ou le bourdonnement des abeilles. Je suis plus \u00e0 l\u2019aise \u00e0 donner des cr\u00e9ations, de la musique qui n\u2019a jamais \u00e9t\u00e9 entendue auparavant et qui cons\u00e9quemment est surprenante et divertissante pour tout le monde, m\u00eame moi. J\u2019aime aussi tout le r\u00e9pertoire contemporain parce que vous pouvez interroger les compositeurs au sujet de leurs id\u00e9es et qu\u2019il n\u2019y a pas \u00abd\u2019experts\u00bb pour vous dire comment faire. Mais j\u2019aime aussi plusieurs chefs-d\u2019oeuvre classiques, si je peux les approcher \u00e0 ma fa\u00e7on.\u00a0\u00bb<\/p>\n<p><strong>LvM : J\u2019ai \u00e9cout\u00e9 la pi\u00e8ce \u00ab Die Wut \u00bb (La Col\u00e8re), que vous avez compos\u00e9e, sur votre cha\u00eene Youtube. Peut-on s\u2019attendre \u00e0 d\u00e9couvrir bient\u00f4t d\u2019autres pi\u00e8ces compos\u00e9es par Patricia Kopatchinskaja?<\/strong><\/p>\n<p>PK : \u00ab\u00a0J\u2019aimerais vraiment composer plus, mais cela requiert du temps et me demanderait de r\u00e9organiser mon horaire. Je n\u2019ai pas atteint cette \u00e9tape encore.\u00a0\u00bb<\/p>\n<div class=\"jetpack-video-wrapper\"><span class=\"embed-youtube\" style=\"text-align:center; display: block;\"><iframe loading=\"lazy\" class=\"youtube-player\" width=\"640\" height=\"360\" src=\"https:\/\/www.youtube.com\/embed\/BK0gp9BVkBg?version=3&#038;rel=1&#038;showsearch=0&#038;showinfo=1&#038;iv_load_policy=1&#038;fs=1&#038;hl=fr-FR&#038;autohide=2&#038;wmode=transparent\" allowfullscreen=\"true\" style=\"border:0;\" sandbox=\"allow-scripts allow-same-origin allow-popups allow-presentation\"><\/iframe><\/span><\/div>\n<p><strong>LvM : Selon vous, qu\u2019est-ce que \u00e7a prend pour r\u00e9ussir en tant que musicien classique professionnel de nos jours? Avez-vous des conseils \u00e0 offrir aux aspirants solistes tentant de se faire un nom?<\/strong><\/p>\n<p>PK: \u00ab\u00a0La musique est une ma\u00eetresse exigeante, et comme l\u2019a dit Monet : \u00ab Il faut d\u00e9courager les arts. \u00bb Cela dit, un musicien authentique avec du talent et la volont\u00e9 de travailler peut apporter des contributions de valeur en musique de chambre, \u00e0 l\u2019orchestre et dans l\u2019enseignement. R\u00e9ussir en tant que soliste est beaucoup plus difficile : en plus d\u2019un excellent outillage technique et musical, cela prend une personnalit\u00e9 de sc\u00e8ne qui soit capable de projeter et d\u2019\u00e9lectrifier une salle. La derni\u00e8re chose, et non la moindre, est la n\u00e9cessit\u00e9 de poss\u00e9der une conviction et une d\u00e9termination in\u00e9branlables, parce que peu importe ce que vous ferez, vous serez sous attaque de diff\u00e9rents c\u00f4t\u00e9s, parfois pour de bonnes raisons, plus souvent pour de moins bonnes, et parfois m\u00eame de fa\u00e7on m\u00e9chante. Pour \u00eatre vraiment int\u00e9ressant et unique, un ou une soliste se doit d\u2019\u00eatre sans peur, de poss\u00e9der une vision personnelle absolue, d\u2019avoir la foi et de viser l\u2019accomplissement de ses r\u00eaves. Impossible d\u2019y arriver sans \u00eatre un peu fou.\u00a0\u00bb<\/p>\n<p>\u00ab Pat Kop \u00bb pr\u00eache par l\u2019exemple, puisqu\u2019elle est justement reconnue pour cette vision et cette audace. Les m\u00e9lomanes montr\u00e9alais auront la chance de communier avec cette folie ce <strong>dimanche 31 mars, 14 h 30, \u00e0 la salle Pierre-Mercure.<\/strong><\/p>\n<p><strong>PROGRAMME<\/strong><br \/>\nB\u00e9la Bart\u00f3k : Sonate pour violon et piano no 2<br \/>\nFrancis Poulenc : Sonate pour violon et piano<\/p>\n<p>Entracte<\/p>\n<p>Georges Enescu : Sonate pour violon et piano no 3<br \/>\nMaurice Ravel : Tzigane pour violon et piano<\/p>\n<h2>LIRE AUSSI:<\/h2>\n<blockquote class=\"wp-embedded-content\" data-secret=\"iaQiPrC7sF\"><p><a href=\"https:\/\/www.ludwig-van.com\/montreal\/2019\/03\/08\/8-mars-8-musiciennes-exceptionnelles\/\">8 MARS  | 8 musiciennes exceptionnelles et leurs projets et r\u00e9ussites \u00e0 d\u00e9couvrir<\/a><\/p><\/blockquote>\n<p><iframe class=\"wp-embedded-content\" sandbox=\"allow-scripts\" security=\"restricted\" style=\"position: absolute; clip: rect(1px, 1px, 1px, 1px);\" src=\"https:\/\/www.ludwig-van.com\/montreal\/2019\/03\/08\/8-mars-8-musiciennes-exceptionnelles\/embed\/#?secret=iaQiPrC7sF\" data-secret=\"iaQiPrC7sF\" width=\"600\" height=\"338\" title=\"\u00ab\u00a08 MARS  | 8 musiciennes exceptionnelles et leurs projets et r\u00e9ussites \u00e0 d\u00e9couvrir\u00a0\u00bb &#8212; Ludwig Van Montreal\" frameborder=\"0\" marginwidth=\"0\" marginheight=\"0\" scrolling=\"no\"><\/iframe><\/p>\n<p>&nbsp;<\/p>\n<p>&nbsp;<\/p>\n<p>&nbsp;<\/p>\n","protected":false},"excerpt":{"rendered":"<p>Pour son deuxi\u00e8me passage \u00e0 Montr\u00e9al en moins d&rsquo;un an, la p\u00e9tillante violoniste moldave Patricia Kopatchinskaja pr\u00e9sente un r\u00e9cital violon et piano avec sa partenaire musicale Polina Leschenko. Nous avons pu lui poser quelques questions par courriel, auxquelles elle a r\u00e9pondu avec verve et g\u00e9n\u00e9rosit\u00e9.<\/p>\n","protected":false},"author":55,"featured_media":53490,"comment_status":"open","ping_status":"open","sticky":false,"template":"","format":"standard","meta":{"om_disable_all_campaigns":false,"jetpack_post_was_ever_published":false},"categories":[28802,10998,1],"tags":[28789,18328],"yst_prominent_words":[16509,28893,30721,19168,30715,30719,30718,30605,30714,30717,28891,30722,30720,12698,22036,10054,10052,30641,9951,10053],"acf":[],"jetpack_featured_media_url":"https:\/\/www.ludwig-van.com\/montreal\/wp-content\/uploads\/sites\/3\/2018\/04\/Patricia-Kopatchinskaja-credit-Marco-Borggreve-calendar.jpg","jetpack_sharing_enabled":true,"jetpack_shortlink":"https:\/\/wp.me\/p9bdYt-fpy","amp_enabled":true,"_links":{"self":[{"href":"https:\/\/www.ludwig-van.com\/montreal\/wp-json\/wp\/v2\/posts\/59244"}],"collection":[{"href":"https:\/\/www.ludwig-van.com\/montreal\/wp-json\/wp\/v2\/posts"}],"about":[{"href":"https:\/\/www.ludwig-van.com\/montreal\/wp-json\/wp\/v2\/types\/post"}],"author":[{"embeddable":true,"href":"https:\/\/www.ludwig-van.com\/montreal\/wp-json\/wp\/v2\/users\/55"}],"replies":[{"embeddable":true,"href":"https:\/\/www.ludwig-van.com\/montreal\/wp-json\/wp\/v2\/comments?post=59244"}],"version-history":[{"count":7,"href":"https:\/\/www.ludwig-van.com\/montreal\/wp-json\/wp\/v2\/posts\/59244\/revisions"}],"predecessor-version":[{"id":60722,"href":"https:\/\/www.ludwig-van.com\/montreal\/wp-json\/wp\/v2\/posts\/59244\/revisions\/60722"}],"wp:featuredmedia":[{"embeddable":true,"href":"https:\/\/www.ludwig-van.com\/montreal\/wp-json\/wp\/v2\/media\/53490"}],"wp:attachment":[{"href":"https:\/\/www.ludwig-van.com\/montreal\/wp-json\/wp\/v2\/media?parent=59244"}],"wp:term":[{"taxonomy":"category","embeddable":true,"href":"https:\/\/www.ludwig-van.com\/montreal\/wp-json\/wp\/v2\/categories?post=59244"},{"taxonomy":"post_tag","embeddable":true,"href":"https:\/\/www.ludwig-van.com\/montreal\/wp-json\/wp\/v2\/tags?post=59244"},{"taxonomy":"yst_prominent_words","embeddable":true,"href":"https:\/\/www.ludwig-van.com\/montreal\/wp-json\/wp\/v2\/yst_prominent_words?post=59244"}],"curies":[{"name":"wp","href":"https:\/\/api.w.org\/{rel}","templated":true}]}}