{"id":59171,"date":"2019-03-19T13:40:22","date_gmt":"2019-03-19T17:40:22","guid":{"rendered":"https:\/\/www.ludwig-van.com\/montreal\/?p=59171"},"modified":"2019-03-19T13:40:22","modified_gmt":"2019-03-19T17:40:22","slug":"choix-de-la-redaction-10-concerts-classiques-que-vous-devriez-entendre-cette-semaine-18-au-24-mars","status":"publish","type":"post","link":"https:\/\/www.ludwig-van.com\/montreal\/2019\/03\/19\/choix-de-la-redaction-10-concerts-classiques-que-vous-devriez-entendre-cette-semaine-18-au-24-mars\/","title":{"rendered":"CHOIX DE LA R\u00c9DACTION  | 10 concerts classiques que vous devriez entendre cette semaine &#8211; 18 au 24 mars"},"content":{"rendered":"<p>&nbsp;<\/p>\n<p style=\"text-align: center;\">L<img decoding=\"async\" loading=\"lazy\" class=\"aligncenter size-full wp-image-59169\" src=\"https:\/\/www.ludwig-van.com\/montreal\/wp-content\/uploads\/sites\/3\/2019\/03\/Mahler-5-WEB.jpg\" alt=\"\" width=\"1024\" height=\"576\" srcset=\"https:\/\/www.ludwig-van.com\/montreal\/wp-content\/uploads\/sites\/3\/2019\/03\/Mahler-5-WEB.jpg 1024w, https:\/\/www.ludwig-van.com\/montreal\/wp-content\/uploads\/sites\/3\/2019\/03\/Mahler-5-WEB-300x169.jpg 300w, https:\/\/www.ludwig-van.com\/montreal\/wp-content\/uploads\/sites\/3\/2019\/03\/Mahler-5-WEB-768x432.jpg 768w\" sizes=\"(max-width: 1024px) 100vw, 1024px\" \/><\/p>\n<p>Avec des adjectifs comme passionn\u00e9, imaginatif, consolant, extatique, intempestif, int\u00e9gral, profane, sacr\u00e9, historique, r\u00e9jouissant, l\u2019arriv\u00e9e du printemps sera grandiloquant, avec des \u0153uvres phares et\/ou embl\u00e9matiques du r\u00e9pertoire autant classique que contemporain. Quelques rayons de soleil et beaucoup d\u2019artistes brilleront sur les sc\u00e8nes et \u00e0 nos oreilles, <strong>du 18 au 24 mars.<\/strong><\/p>\n<h2>Le Choix de la r\u00e9dactrice en chef: La 5e de Mahler avec l&rsquo;Orchestre symphonique de McGill.<\/h2>\n<p>La c\u00e9l\u00e9brissime Cinqui\u00e8me symphonie de Gustav Mahler en do di\u00e8se mineur par l&rsquo;Orchestre symphonique de McGill qui parach\u00e8vera merveilleusement cette fort belle saison 2018-2019.\u00a0 Rendu c\u00e9l\u00e8bre au cin\u00e9ma (Mort \u00e0 Venise, 1971), l\u2019adagietto qui ouvre la derni\u00e8re partie \u00e9voque l\u2019amour alors que la finale semble \u00eatre celle \u00ab de toutes les finales \u00bb (The Guardian) \u00bb\u2026 et une magnifique \u0153uvre p\u00e9dagogique.<br \/>\n<strong>Samedi 23 mars, 19h30, \u00c9glise Saint-Jean-Baptiste\u00a0<\/strong><a href=\"https:\/\/www.ludwig-van.com\/montreal\/2019\/03\/18\/concert-5e-symphonie-de-mahler-oeuvre-phare-presentee-lorchestre-symphonique-de-mcgill\/\" target=\"_blank\" rel=\"noopener\">D\u00c9TAILS<\/a><\/p>\n<p>&nbsp;<\/p>\n<p style=\"text-align: center;\"><img decoding=\"async\" loading=\"lazy\" class=\"aligncenter size-full wp-image-55728\" src=\"https:\/\/www.ludwig-van.com\/montreal\/wp-content\/uploads\/sites\/3\/2018\/07\/Christoph-Koncz-calendrier.jpg\" alt=\"Christoph Koncz\" width=\"700\" height=\"466\" srcset=\"https:\/\/www.ludwig-van.com\/montreal\/wp-content\/uploads\/sites\/3\/2018\/07\/Christoph-Koncz-calendrier.jpg 700w, https:\/\/www.ludwig-van.com\/montreal\/wp-content\/uploads\/sites\/3\/2018\/07\/Christoph-Koncz-calendrier-300x200.jpg 300w\" sizes=\"(max-width: 700px) 100vw, 700px\" \/><\/p>\n<h2>Orchestre M\u00e9tropolitain: temp\u00eate et passion<\/h2>\n<p>Membre du Philharmonique de Vienne, le violoniste et chef <strong>Christoph Koncz<\/strong> prend la barre de l\u2019OM le temps d\u2019une soir\u00e9e. Pour d\u00e9couvrir et appr\u00e9cier les Concerto pour violon no 4 de Mozart, Ouverture, Scherzo et Finale de Schumann, et la Symphonie no 2 de Brahms\u2026 suivez le soliste !<\/p>\n<p><strong>Mardi 19 mars, 19h30, Rivi\u00e8re-des-Prairies<\/strong><br \/>\n<strong>Mercredi 20 mars, 19h30, Maison symphonique de Montr\u00e9al<\/strong><br \/>\n<strong>Vendredi 22 mars, 20h, Pointe-Claire\u00a0<\/strong><a href=\"https:\/\/orchestremetropolitain.com\/fr\/concert\/tempete-et-passion\/\" target=\"_blank\" rel=\"noopener\">D\u00c9TAILS<\/a><\/p>\n<p>&nbsp;<\/p>\n<figure id=\"attachment_53517\" aria-describedby=\"caption-attachment-53517\" style=\"width: 1024px\" class=\"wp-caption aligncenter\"><img decoding=\"async\" loading=\"lazy\" class=\"size-full wp-image-53517\" src=\"https:\/\/www.ludwig-van.com\/montreal\/wp-content\/uploads\/sites\/3\/2018\/04\/Christian-Blackshaw_Photographer-nb.jpg\" alt=\"Le pianiste Christian Blackshaw. (Photo: courtoisie d'Orford Musique\" width=\"1024\" height=\"672\" srcset=\"https:\/\/www.ludwig-van.com\/montreal\/wp-content\/uploads\/sites\/3\/2018\/04\/Christian-Blackshaw_Photographer-nb.jpg 1024w, https:\/\/www.ludwig-van.com\/montreal\/wp-content\/uploads\/sites\/3\/2018\/04\/Christian-Blackshaw_Photographer-nb-300x197.jpg 300w, https:\/\/www.ludwig-van.com\/montreal\/wp-content\/uploads\/sites\/3\/2018\/04\/Christian-Blackshaw_Photographer-nb-768x504.jpg 768w\" sizes=\"(max-width: 1024px) 100vw, 1024px\" \/><figcaption id=\"caption-attachment-53517\" class=\"wp-caption-text\">Le pianiste Christian Blackshaw. (Photo: courtoisie d&rsquo;Orford Musique)<\/figcaption><\/figure>\n<h2>Christian Blackshaw en r\u00e9cital deux fois<\/h2>\n<p>L\u2019int\u00e9grale des 18 Sonates pour piano de Mozart: c\u2019est le d\u00e9fi que rel\u00e8ve le pianiste anglais <strong>Christian Blackshaw<\/strong> en quatre r\u00e9citals sur deux saisons : (deux en 2019, deux en 2020), un r\u00e9pertoire qu\u2019il affectionne particuli\u00e8rement.<\/p>\n<p><strong>Mardi 19 mars (Concert I), mercredi 20 mars (Concert II), 19h30, Salle Bourgie. <\/strong><a href=\"https:\/\/www.mbam.qc.ca\/concerts-arte-musica\/christian-blackshaw\/\" target=\"_blank\" rel=\"noopener\">D\u00c9TAILS<\/a><\/p>\n<p>&nbsp;<\/p>\n<p style=\"text-align: center;\"><img decoding=\"async\" loading=\"lazy\" class=\"aligncenter size-full wp-image-55558\" src=\"https:\/\/www.ludwig-van.com\/montreal\/wp-content\/uploads\/sites\/3\/2018\/07\/SMAM_18-19_pageweb_concertintime_4consolation_FR-cal.jpg\" alt=\"Consolation et r\u00e9jouissance\" width=\"700\" height=\"499\" srcset=\"https:\/\/www.ludwig-van.com\/montreal\/wp-content\/uploads\/sites\/3\/2018\/07\/SMAM_18-19_pageweb_concertintime_4consolation_FR-cal.jpg 700w, https:\/\/www.ludwig-van.com\/montreal\/wp-content\/uploads\/sites\/3\/2018\/07\/SMAM_18-19_pageweb_concertintime_4consolation_FR-cal-300x214.jpg 300w\" sizes=\"(max-width: 700px) 100vw, 700px\" \/><\/p>\n<h2>Promenade dans la cantate allemande<\/h2>\n<p>\u00ab Consolation et r\u00e9jouissance \u00bb : sous ce th\u00e8me, le <strong>Studio de musique ancienne de Montr\u00e9al (SMAM)<\/strong> invite les m\u00e9lomanes au c\u0153ur des cantates allemandes du XVIIe si\u00e8cle pour partager quelques \u00e9motions fortes mais tr\u00e8s musicales comme le deuil, la consolation et l\u2019exaltation spirituelle, avec le <strong>Consort baroque d\u2019Ottawa<\/strong> et la soprano <strong>Bronwyn Thies-Thompson.<\/strong><\/p>\n<p><strong>Mercredi 20 mars, 19h30, Chapelle Historique du Bon-Pasteur<\/strong><\/p>\n<p><a href=\"http:\/\/smamontreal.ca\/consolation-et-rejouissance\/\" target=\"_blank\" rel=\"noopener\">D\u00c9TAILS<\/a><\/p>\n<p>&nbsp;<\/p>\n<figure id=\"attachment_56986\" aria-describedby=\"caption-attachment-56986\" style=\"width: 1024px\" class=\"wp-caption aligncenter\"><img decoding=\"async\" loading=\"lazy\" class=\"size-full wp-image-56986\" src=\"https:\/\/www.ludwig-van.com\/montreal\/wp-content\/uploads\/sites\/3\/2018\/04\/FabienGabel_@MaisonSimons_2019-03-20-1.jpg\" alt=\"Fabien Gabel\" width=\"1024\" height=\"640\" srcset=\"https:\/\/www.ludwig-van.com\/montreal\/wp-content\/uploads\/sites\/3\/2018\/04\/FabienGabel_@MaisonSimons_2019-03-20-1.jpg 1024w, https:\/\/www.ludwig-van.com\/montreal\/wp-content\/uploads\/sites\/3\/2018\/04\/FabienGabel_@MaisonSimons_2019-03-20-1-300x188.jpg 300w, https:\/\/www.ludwig-van.com\/montreal\/wp-content\/uploads\/sites\/3\/2018\/04\/FabienGabel_@MaisonSimons_2019-03-20-1-768x480.jpg 768w\" sizes=\"(max-width: 1024px) 100vw, 1024px\" \/><figcaption id=\"caption-attachment-56986\" class=\"wp-caption-text\">Le chef Fabien Gabel. (Photo: courtoisie Maison Simons)<\/figcaption><\/figure>\n<h2>Bruckner 4 \u00e0 l&rsquo;OSQ<\/h2>\n<p>Le Grand Th\u00e9\u00e2tre de Qu\u00e9bec r\u00e9sonnera comme une cath\u00e9drale sonore avec ses cuivres majestueux sous les port\u00e9es de la Symphonie no 4 dite \u00ab\u00a0Romantique\u00a0\u00bb d\u2019Anton Bruckner, interpr\u00e9t\u00e9e par l\u2019Orchestre symphonique de Qu\u00e9bec dirig\u00e9 par <strong>Fabien Gabel.<\/strong> Vaste palette d\u2019\u00e9motions garantie !<\/p>\n<p><strong>Mercredi 20 mars, 20h \/ Jeudi 21 mars, 10h30, salle Louis-Fr\u00e9chette (Qu\u00e9bec)\u00a0<\/strong><a href=\"https:\/\/www.ludwig-van.com\/montreal\/event\/osq-fabien-gabel-monumentale-4e-de-bruckner-2\/\" target=\"_blank\" rel=\"noopener\">D\u00c9TAILS<\/a><\/p>\n<p>&nbsp;<\/p>\n<div class=\"jetpack-video-wrapper\"><span class=\"embed-youtube\" style=\"text-align:center; display: block;\"><iframe loading=\"lazy\" class=\"youtube-player\" width=\"640\" height=\"360\" src=\"https:\/\/www.youtube.com\/embed\/kQQ2Kk0S6ig?version=3&#038;rel=1&#038;showsearch=0&#038;showinfo=1&#038;iv_load_policy=1&#038;fs=1&#038;hl=fr-FR&#038;autohide=2&#038;wmode=transparent\" allowfullscreen=\"true\" style=\"border:0;\" sandbox=\"allow-scripts allow-same-origin allow-popups allow-presentation\"><\/iframe><\/span><\/div>\n<h2>Op\u00e9ra: Twenty Seven au Centaur<\/h2>\n<p>Un op\u00e9ra de salon\u2026 litt\u00e9raire ! L\u2019Atelier lyrique de l\u2019ODM pr\u00e9sente <em>Twenty Seven<\/em> qui raconte le salon artistique tenu par Gertrude Stein &amp; Alice B. Tocklas o\u00f9 elles accueillaient les espoirs les plus prometteurs des arts au d\u00e9but du 20e si\u00e8cle : Hemingway, Picasso, Fitzgerald, Ray, etc.<\/p>\n<p><strong>Samedi 23 mars (jusqu\u2019au 31), 20h30 (14h les dimanches), Centaur Theatre <\/strong><a href=\"https:\/\/www.operademontreal.com\/programmation\/twenty-seven\" target=\"_blank\" rel=\"noopener\">D\u00c9TAILS<\/a><\/p>\n<p>&nbsp;<\/p>\n<figure id=\"attachment_52916\" aria-describedby=\"caption-attachment-52916\" style=\"width: 1024px\" class=\"wp-caption aligncenter\"><img decoding=\"async\" loading=\"lazy\" class=\"size-full wp-image-52916\" src=\"https:\/\/www.ludwig-van.com\/montreal\/wp-content\/uploads\/sites\/3\/2018\/03\/Joshua-Roman-by-Hayley-Young-2-web.jpg\" alt=\"Joshua Roman, violoncelliste. (Cr\u00e9dit: Hayler Young)\" width=\"1024\" height=\"1163\" srcset=\"https:\/\/www.ludwig-van.com\/montreal\/wp-content\/uploads\/sites\/3\/2018\/03\/Joshua-Roman-by-Hayley-Young-2-web.jpg 1024w, https:\/\/www.ludwig-van.com\/montreal\/wp-content\/uploads\/sites\/3\/2018\/03\/Joshua-Roman-by-Hayley-Young-2-web-264x300.jpg 264w, https:\/\/www.ludwig-van.com\/montreal\/wp-content\/uploads\/sites\/3\/2018\/03\/Joshua-Roman-by-Hayley-Young-2-web-768x872.jpg 768w, https:\/\/www.ludwig-van.com\/montreal\/wp-content\/uploads\/sites\/3\/2018\/03\/Joshua-Roman-by-Hayley-Young-2-web-902x1024.jpg 902w\" sizes=\"(max-width: 1024px) 100vw, 1024px\" \/><figcaption id=\"caption-attachment-52916\" class=\"wp-caption-text\">Joshua Roman, violoncelliste. (Cr\u00e9dit: Hayler Young)<\/figcaption><\/figure>\n<h2>Dieu grec, liturgie russe et orthodoxie contemporaine<\/h2>\n<p>Le violoncelliste am\u00e9ricain <strong>Joshua Roman<\/strong> rejoint I Musici lors d\u2019un concert autant profane que sacr\u00e9 m\u00ealant, avec imagination et extase dans un langage musical foisonnant, Igor Stravinski, Julien Bilodeau et John Tavener. Un festival de cr\u00e9ativit\u00e9 pour les instruments \u00e0 cordes.<\/p>\n<p><strong>Dimanche 24 mars, 14h, salle Bourgie <\/strong><a href=\"https:\/\/www.ludwig-van.com\/montreal\/event\/i-musici-joshua-roman-tavener-imagination-extase\/\" target=\"_blank\" rel=\"noopener\">D\u00c9TAILS<\/a><\/p>\n<p>&nbsp;<\/p>\n<figure id=\"attachment_48600\" aria-describedby=\"caption-attachment-48600\" style=\"width: 700px\" class=\"wp-caption aligncenter\"><img decoding=\"async\" loading=\"lazy\" class=\"size-full wp-image-48600\" src=\"https:\/\/www.ludwig-van.com\/montreal\/wp-content\/uploads\/sites\/3\/2017\/10\/Anne-MarieDubois.jpg\" alt=\"La pianiste Anne-Marie Dubois est l'une des participantes de l'\u00e9v\u00e9nement Beethoven 32, le 17 f\u00e9vrier \u00e0 Sorel-Tracy. (Photo: courtoisie)\" width=\"700\" height=\"466\" srcset=\"https:\/\/www.ludwig-van.com\/montreal\/wp-content\/uploads\/sites\/3\/2017\/10\/Anne-MarieDubois.jpg 700w, https:\/\/www.ludwig-van.com\/montreal\/wp-content\/uploads\/sites\/3\/2017\/10\/Anne-MarieDubois-300x200.jpg 300w\" sizes=\"(max-width: 700px) 100vw, 700px\" \/><figcaption id=\"caption-attachment-48600\" class=\"wp-caption-text\">La pianiste Anne-Marie Dubois. (Photo: courtoisie)<\/figcaption><\/figure>\n<h2>Anne-Marie Dubois en r\u00e9cital<\/h2>\n<p>La pianiste <strong>Anne-Marie Dubois<\/strong> pr\u00e9sente le r\u00e9cital Passion Chopin. Au programme, entre autres, des Valses, Nocturnes et Polonaises.<\/p>\n<p><strong>\u00c0 l\u2019Oasis Musicale, Christ Church Cathedral \u2013 Samedi 23 mars 2019, 16h30.<\/strong> <a href=\"https:\/\/www.facebook.com\/events\/283327702349540\/\" target=\"_blank\" rel=\"noopener\">PAGE FACEBOOK DE L&rsquo;\u00c9V\u00c9NEMENT.\u00a0<\/a><\/p>\n<p>&nbsp;<\/p>\n<figure id=\"attachment_56039\" aria-describedby=\"caption-attachment-56039\" style=\"width: 1024px\" class=\"wp-caption aligncenter\"><img decoding=\"async\" loading=\"lazy\" class=\"size-full wp-image-56039\" src=\"https:\/\/www.ludwig-van.com\/montreal\/wp-content\/uploads\/sites\/3\/2017\/09\/Pierre-Antoine-Tremblay-2019.jpg\" alt=\"Pierre-Antoine Tremblay\" width=\"1024\" height=\"704\" srcset=\"https:\/\/www.ludwig-van.com\/montreal\/wp-content\/uploads\/sites\/3\/2017\/09\/Pierre-Antoine-Tremblay-2019.jpg 1024w, https:\/\/www.ludwig-van.com\/montreal\/wp-content\/uploads\/sites\/3\/2017\/09\/Pierre-Antoine-Tremblay-2019-300x206.jpg 300w, https:\/\/www.ludwig-van.com\/montreal\/wp-content\/uploads\/sites\/3\/2017\/09\/Pierre-Antoine-Tremblay-2019-768x528.jpg 768w\" sizes=\"(max-width: 1024px) 100vw, 1024px\" \/><figcaption id=\"caption-attachment-56039\" class=\"wp-caption-text\">Le corniste qu\u00e9b\u00e9cois Pierre-Antoine Tremblay. (Photo: courtoisie)<\/figcaption><\/figure>\n<h2>Th\u00e9\u00e2tre, musique de chambre et cor de chasse en \u00e9glise !<\/h2>\n<p>Haydn, Mozart et le cor naturel feront de beaux <strong>Moments musicaux<\/strong> lors d\u2019un concert intitul\u00e9 Du th\u00e9\u00e2tre \u00e0 la musique de chambre : Haydn, Mozart et le cor naturel. Il sera question de th\u00e9\u00e2tralit\u00e9 avec Mozart, mais aussi\u2026 de chasse, avec son quatuor La chasse K458. D\u00e9couvrez le talent de <strong>Pierre-Antoine Tremblay,<\/strong> virtuose de cet instrument.\u00a0<strong>Dimanche 24 mars, 15h30, \u00c9glise de la Visitation<\/strong> <a href=\"https:\/\/www.ludwig-van.com\/montreal\/event\/moments-musicaux-theatre-a-musique-de-chambre-haydn-mozart-cor-naturel\/\" target=\"_blank\" rel=\"noopener\">D\u00c9TAILS<\/a><\/p>\n<p>&nbsp;<\/p>\n<figure id=\"attachment_59174\" aria-describedby=\"caption-attachment-59174\" style=\"width: 866px\" class=\"wp-caption aligncenter\"><img decoding=\"async\" loading=\"lazy\" class=\"size-full wp-image-59174\" src=\"https:\/\/www.ludwig-van.com\/montreal\/wp-content\/uploads\/sites\/3\/2019\/03\/Requiem-allemand.png\" alt=\"https:\/\/www.osm.ca\/fr\/concerts\/le-requiem-allemand-de-brahms\/\" width=\"866\" height=\"483\" srcset=\"https:\/\/www.ludwig-van.com\/montreal\/wp-content\/uploads\/sites\/3\/2019\/03\/Requiem-allemand.png 866w, https:\/\/www.ludwig-van.com\/montreal\/wp-content\/uploads\/sites\/3\/2019\/03\/Requiem-allemand-300x167.png 300w, https:\/\/www.ludwig-van.com\/montreal\/wp-content\/uploads\/sites\/3\/2019\/03\/Requiem-allemand-768x428.png 768w\" sizes=\"(max-width: 866px) 100vw, 866px\" \/><figcaption id=\"caption-attachment-59174\" class=\"wp-caption-text\">Le Choeur de l&rsquo;OSM. (Photo: courtoisie de l&rsquo;OSM)<\/figcaption><\/figure>\n<h2>Majestueux, solennel, poignant\u2026 et allemand !<\/h2>\n<p>Le <em>Requiem Allemand<\/em> (op. 45) de Brahms sera pr\u00e9sent\u00e9 avec quatre solistes et un ch\u0153ur dans sa version pour orgue, c\u2019est-\u00e0-dire sans orchestre ! Une \u0153uvre que le compositeur aura d\u00e9di\u00e9e \u00e0 Schumann, \u00e0 sa m\u00e8re\u2026 et \u00e0 tout ce qu\u2019il y a de sacr\u00e9 chez l\u2019humain.<\/p>\n<p><strong>Dimanche 24 mars, 14h30, Maison symphonique de Montr\u00e9al <\/strong><a href=\"https:\/\/www.osm.ca\/fr\/concerts\/le-requiem-allemand-de-brahms\/\" target=\"_blank\" rel=\"noopener\">D\u00c9TAILS<\/a><\/p>\n<h2>LIRE AUSSI:<\/h2>\n<blockquote class=\"wp-embedded-content\" data-secret=\"K05voWNLDh\"><p><a href=\"https:\/\/www.ludwig-van.com\/montreal\/2019\/02\/27\/reportage-concours-omni-de-lorchestre-metropolitain-lexperience-dun-premier-concours\/\">DOSSIER  | Le nouveau Concours OMNI de l&rsquo;Orchestre M\u00e9tropolitain: l&rsquo;exp\u00e9rience d&rsquo;un premier concours<\/a><\/p><\/blockquote>\n<p><iframe class=\"wp-embedded-content\" sandbox=\"allow-scripts\" security=\"restricted\" style=\"position: absolute; clip: rect(1px, 1px, 1px, 1px);\" src=\"https:\/\/www.ludwig-van.com\/montreal\/2019\/02\/27\/reportage-concours-omni-de-lorchestre-metropolitain-lexperience-dun-premier-concours\/embed\/#?secret=K05voWNLDh\" data-secret=\"K05voWNLDh\" width=\"600\" height=\"338\" title=\"\u00ab\u00a0DOSSIER  | Le nouveau Concours OMNI de l&rsquo;Orchestre M\u00e9tropolitain: l&rsquo;exp\u00e9rience d&rsquo;un premier concours\u00a0\u00bb &#8212; Ludwig Van Montreal\" frameborder=\"0\" marginwidth=\"0\" marginheight=\"0\" scrolling=\"no\"><\/iframe><\/p>\n<p>&nbsp;<\/p>\n<p>&nbsp;<\/p>\n<p>&nbsp;<\/p>\n","protected":false},"excerpt":{"rendered":"<p>Choix de la r\u00e9daction: quelques rayons de soleil et beaucoup d\u2019artistes brilleront sur les sc\u00e8nes et \u00e0 nos oreilles, du 18 au 24 mars.<\/p>\n","protected":false},"author":71,"featured_media":56039,"comment_status":"open","ping_status":"open","sticky":false,"template":"","format":"standard","meta":{"om_disable_all_campaigns":false,"jetpack_post_was_ever_published":false},"categories":[28802,10994,1],"tags":[28789,11882],"yst_prominent_words":[30471,30474,30018,30478,25514,9808,11813,9867,30467,16404,17024,29752,30468,30473,30479,25515,14774,30477,21568,30475],"acf":[],"jetpack_featured_media_url":"https:\/\/www.ludwig-van.com\/montreal\/wp-content\/uploads\/sites\/3\/2017\/09\/Pierre-Antoine-Tremblay-2019.jpg","jetpack_sharing_enabled":true,"jetpack_shortlink":"https:\/\/wp.me\/p9bdYt-fon","amp_enabled":true,"_links":{"self":[{"href":"https:\/\/www.ludwig-van.com\/montreal\/wp-json\/wp\/v2\/posts\/59171"}],"collection":[{"href":"https:\/\/www.ludwig-van.com\/montreal\/wp-json\/wp\/v2\/posts"}],"about":[{"href":"https:\/\/www.ludwig-van.com\/montreal\/wp-json\/wp\/v2\/types\/post"}],"author":[{"embeddable":true,"href":"https:\/\/www.ludwig-van.com\/montreal\/wp-json\/wp\/v2\/users\/71"}],"replies":[{"embeddable":true,"href":"https:\/\/www.ludwig-van.com\/montreal\/wp-json\/wp\/v2\/comments?post=59171"}],"version-history":[{"count":3,"href":"https:\/\/www.ludwig-van.com\/montreal\/wp-json\/wp\/v2\/posts\/59171\/revisions"}],"predecessor-version":[{"id":59175,"href":"https:\/\/www.ludwig-van.com\/montreal\/wp-json\/wp\/v2\/posts\/59171\/revisions\/59175"}],"wp:featuredmedia":[{"embeddable":true,"href":"https:\/\/www.ludwig-van.com\/montreal\/wp-json\/wp\/v2\/media\/56039"}],"wp:attachment":[{"href":"https:\/\/www.ludwig-van.com\/montreal\/wp-json\/wp\/v2\/media?parent=59171"}],"wp:term":[{"taxonomy":"category","embeddable":true,"href":"https:\/\/www.ludwig-van.com\/montreal\/wp-json\/wp\/v2\/categories?post=59171"},{"taxonomy":"post_tag","embeddable":true,"href":"https:\/\/www.ludwig-van.com\/montreal\/wp-json\/wp\/v2\/tags?post=59171"},{"taxonomy":"yst_prominent_words","embeddable":true,"href":"https:\/\/www.ludwig-van.com\/montreal\/wp-json\/wp\/v2\/yst_prominent_words?post=59171"}],"curies":[{"name":"wp","href":"https:\/\/api.w.org\/{rel}","templated":true}]}}