{"id":59021,"date":"2019-03-04T12:29:15","date_gmt":"2019-03-04T17:29:15","guid":{"rendered":"https:\/\/www.ludwig-van.com\/montreal\/?p=59021"},"modified":"2019-03-05T15:37:06","modified_gmt":"2019-03-05T20:37:06","slug":"choix-de-redaction-dix-concerts-classiques-fantastiques","status":"publish","type":"post","link":"https:\/\/www.ludwig-van.com\/montreal\/2019\/03\/04\/choix-de-redaction-dix-concerts-classiques-fantastiques\/","title":{"rendered":"CHOIX DE LA R\u00c9DACTION  | 10 concerts classiques fantastiques \u00e0 entendre cette semaine"},"content":{"rendered":"<figure id=\"attachment_59022\" aria-describedby=\"caption-attachment-59022\" style=\"width: 712px\" class=\"wp-caption aligncenter\"><img decoding=\"async\" loading=\"lazy\" class=\"size-full wp-image-59022\" src=\"https:\/\/www.ludwig-van.com\/montreal\/wp-content\/uploads\/sites\/3\/2019\/03\/Choix-cover.jpg\" alt=\"Jean-Yves Thibaudet, pianiste. (Photo: courtoisie de l'OSM)\" width=\"712\" height=\"400\" srcset=\"https:\/\/www.ludwig-van.com\/montreal\/wp-content\/uploads\/sites\/3\/2019\/03\/Choix-cover.jpg 712w, https:\/\/www.ludwig-van.com\/montreal\/wp-content\/uploads\/sites\/3\/2019\/03\/Choix-cover-300x169.jpg 300w\" sizes=\"(max-width: 712px) 100vw, 712px\" \/><figcaption id=\"caption-attachment-59022\" class=\"wp-caption-text\">Jean-Yves Thibaudet, pianiste. (Photo: courtoisie de l&rsquo;OSM)<\/figcaption><\/figure>\n<p>Tandis que les membres de l\u2019OSM d\u00e9barqueront bient\u00f4t en Europe pour leur tourn\u00e9e, Arte Musica accueille cette semaine les artistes du<a href=\"https:\/\/www.mbam.qc.ca\/concerts-arte-musica\/festival-palazzetto\/\" target=\"_blank\" rel=\"noopener\"> Festival Palazetto Bru Zane Montr\u00e9al<\/a>. Cinq concerts sont pr\u00e9sent\u00e9s en succession rapide du 8 au 10 mars, et un sixi\u00e8me est annonc\u00e9 au mois d\u2019avril. Vous en retrouverez quelques uns parmi nos recommandations de cette semaine.<\/p>\n<h2>Le Choix de la r\u00e9dactrice en chef: OSM- Ravel et Prokofiev<\/h2>\n<p>\u00c0 d\u00e9faut de vous d\u00e9placer pour d\u00e9couvrir la nouvelle salle de Hambourg, la stup\u00e9fiante Elbphilharmonie, vous avez deux occasions d\u2019entendre le programme que l\u2019OSM et <strong>Kent Nagano<\/strong> y donneront lorsqu\u2019ils s\u2019y arr\u00eateront le 13 mars. Ravel et Stravinsky c\u00f4toient le Concerto \u00e9gyptien de Saint-Saens, interpr\u00e9t\u00e9 par le pianiste <strong>Jean-Yves Thibaudet<\/strong>. <strong>Mardi 5 et mercredi 6 mars, 20h, Maison symphonique. <\/strong><a href=\"https:\/\/www.osm.ca\/fr\/concerts\/ravel-et-stravinsky\/\" target=\"_blank\" rel=\"noopener\">D\u00c9TAILS<\/a><\/p>\n<p>&nbsp;<\/p>\n<figure id=\"attachment_55878\" aria-describedby=\"caption-attachment-55878\" style=\"width: 700px\" class=\"wp-caption aligncenter\"><img decoding=\"async\" loading=\"lazy\" class=\"size-full wp-image-55878\" src=\"https:\/\/www.ludwig-van.com\/montreal\/wp-content\/uploads\/sites\/3\/2018\/08\/Fjervari-Zoltan_OSM.jpg\" alt=\"Zolt\u00e1n Fej\u00e9rv\u00e1ri\" width=\"700\" height=\"400\" srcset=\"https:\/\/www.ludwig-van.com\/montreal\/wp-content\/uploads\/sites\/3\/2018\/08\/Fjervari-Zoltan_OSM.jpg 700w, https:\/\/www.ludwig-van.com\/montreal\/wp-content\/uploads\/sites\/3\/2018\/08\/Fjervari-Zoltan_OSM-300x171.jpg 300w\" sizes=\"(max-width: 700px) 100vw, 700px\" \/><figcaption id=\"caption-attachment-55878\" class=\"wp-caption-text\">Zoltan Fjevari, pianiste et laur\u00e9at du CMIM 2017. (Photo: courtoisie de l&rsquo;OSM)<\/figcaption><\/figure>\n<h2>Arte musica \/ Musiciens de Marlboro<\/h2>\n<p>Les musiciens du Festival de <strong>Marlboro<\/strong>, qui a lieu au Vermont, s\u2019arr\u00eatent \u00e0 Montr\u00e9al dans le cadre de leur tourn\u00e9e annuelle. Le pianiste <strong>Zolt\u00e1n Fej\u00e9rv\u00e1ri<\/strong>, laur\u00e9at en 2017 du premier grand prix du Concours musical international de Montr\u00e9al, se joint \u00e0 eux pour le trio de Ravel. \u00c9galement au programme, la cr\u00e9ation d\u2019une \u0153uvre du compositeur am\u00e9ricain Ken Ueno. <strong>Mardi 5 mars, 19h30, Salle Bourgie<\/strong>. <a href=\"https:\/\/www.mbam.qc.ca\/achats-en-ligne\/concerts\/musiciens-de-marlboro\/6230\/\" target=\"_blank\" rel=\"noopener\">D\u00c9TAILS<\/a><\/p>\n<p>&nbsp;<\/p>\n<figure id=\"attachment_54524\" aria-describedby=\"caption-attachment-54524\" style=\"width: 1024px\" class=\"wp-caption aligncenter\"><img decoding=\"async\" loading=\"lazy\" class=\"size-full wp-image-54524\" src=\"https:\/\/www.ludwig-van.com\/montreal\/wp-content\/uploads\/sites\/3\/2018\/05\/Quatuor-Bozzini-2-Cre\u0301dit-Michael-Slobodian-1.jpg\" alt=\"Quatuor Bozzini\" width=\"1024\" height=\"683\" srcset=\"https:\/\/www.ludwig-van.com\/montreal\/wp-content\/uploads\/sites\/3\/2018\/05\/Quatuor-Bozzini-2-Cre\u0301dit-Michael-Slobodian-1.jpg 1024w, https:\/\/www.ludwig-van.com\/montreal\/wp-content\/uploads\/sites\/3\/2018\/05\/Quatuor-Bozzini-2-Cre\u0301dit-Michael-Slobodian-1-300x200.jpg 300w, https:\/\/www.ludwig-van.com\/montreal\/wp-content\/uploads\/sites\/3\/2018\/05\/Quatuor-Bozzini-2-Cre\u0301dit-Michael-Slobodian-1-768x512.jpg 768w\" sizes=\"(max-width: 1024px) 100vw, 1024px\" \/><figcaption id=\"caption-attachment-54524\" class=\"wp-caption-text\">Le Quatuor Bozzini. (Photo: Michael Slobodian)<\/figcaption><\/figure>\n<h2>Quatuor Bozzini \/ Composer\u2019s Kitchen : 15 ans de d\u00e9couvertes<\/h2>\n<p>La persistance du <strong>Quatuor Bozzini<\/strong> \u00e0 offrir une vitrine aux compositeurs d\u2019aujourd\u2019hui m\u00e9rite d\u2019\u00eatre salu\u00e9e : \u00e0 l\u2019occasion des quinze ans de leur Composer\u2019s Kitchen, ils r\u00e9interpr\u00e8tent quelques unes des \u0153uvres marquantes de l\u2019histoire de l\u2019atelier en plus d\u2019avoir command\u00e9 trois nouvelles \u0153uvres pour l\u2019occasion. <strong>Mercredi 6 mars, 19h, Chapelle historique du Bon-Pasteur.<\/strong> <a href=\"https:\/\/www.ludwig-van.com\/montreal\/event\/quatuor-bozzini-composers-kitchen-15-ans-de-decouvertes\/\" target=\"_blank\" rel=\"noopener\">D\u00c9TAILS<\/a><\/p>\n<p>&nbsp;<\/p>\n<figure id=\"attachment_50245\" aria-describedby=\"caption-attachment-50245\" style=\"width: 1024px\" class=\"wp-caption aligncenter\"><img decoding=\"async\" loading=\"lazy\" class=\"size-full wp-image-50245\" src=\"https:\/\/www.ludwig-van.com\/montreal\/wp-content\/uploads\/sites\/3\/2017\/12\/Kristian-Bezuidenhout002-by-Marco-Borggreve.jpg\" alt=\"Kristian Bezuidenhout, soliste invit\u00e9 des Violons du Roy cette semaine. (Cr\u00e9dit: Marco Borggreve))\" width=\"1024\" height=\"659\" srcset=\"https:\/\/www.ludwig-van.com\/montreal\/wp-content\/uploads\/sites\/3\/2017\/12\/Kristian-Bezuidenhout002-by-Marco-Borggreve.jpg 1024w, https:\/\/www.ludwig-van.com\/montreal\/wp-content\/uploads\/sites\/3\/2017\/12\/Kristian-Bezuidenhout002-by-Marco-Borggreve-300x193.jpg 300w, https:\/\/www.ludwig-van.com\/montreal\/wp-content\/uploads\/sites\/3\/2017\/12\/Kristian-Bezuidenhout002-by-Marco-Borggreve-768x494.jpg 768w\" sizes=\"(max-width: 1024px) 100vw, 1024px\" \/><figcaption id=\"caption-attachment-50245\" class=\"wp-caption-text\">Kristian Bezuidenhout, (Cr\u00e9dit: Marco Borggreve)<\/figcaption><\/figure>\n<h2>Arte Musica \/ Quatuor Chiaroscuro et Kristian Bezuidenhout<\/h2>\n<p>Un grand programme romantique \u00e0 souhait \u2013 Beethoven, Mendelssohn et Schumann \u2013 d\u2019\u0153uvres pour piano et cordes permettra d\u2019entendre le piano \u00c9rard de la Salle Bourgie sous les doigts du pianiste <strong>Kristian Bezuidenhout.<\/strong> Avec le <strong>Quatuor Chiaroscuro<\/strong>.\u00a0 <strong>Jeudi 7 mars, 19h30, Salle Bourgie<\/strong>. <a href=\"https:\/\/www.ludwig-van.com\/montreal\/event\/arte-musica-quatuor-chiaroscuro-kristian-bezuidenhout-piano\/\" target=\"_blank\" rel=\"noopener\">D\u00c9TAILS<\/a><\/p>\n<p>&nbsp;<\/p>\n<figure id=\"attachment_56800\" aria-describedby=\"caption-attachment-56800\" style=\"width: 1024px\" class=\"wp-caption aligncenter\"><img decoding=\"async\" loading=\"lazy\" class=\"size-full wp-image-56800\" src=\"https:\/\/www.ludwig-van.com\/montreal\/wp-content\/uploads\/sites\/3\/2017\/09\/EnsembleCaprice-Vale\u0301rie-MilotLVM.jpg\" alt=\"\" width=\"1024\" height=\"797\" srcset=\"https:\/\/www.ludwig-van.com\/montreal\/wp-content\/uploads\/sites\/3\/2017\/09\/EnsembleCaprice-Vale\u0301rie-MilotLVM.jpg 1024w, https:\/\/www.ludwig-van.com\/montreal\/wp-content\/uploads\/sites\/3\/2017\/09\/EnsembleCaprice-Vale\u0301rie-MilotLVM-300x233.jpg 300w, https:\/\/www.ludwig-van.com\/montreal\/wp-content\/uploads\/sites\/3\/2017\/09\/EnsembleCaprice-Vale\u0301rie-MilotLVM-768x598.jpg 768w\" sizes=\"(max-width: 1024px) 100vw, 1024px\" \/><figcaption id=\"caption-attachment-56800\" class=\"wp-caption-text\">Val\u00e9rie Milot. (Photo: courtoisie)<\/figcaption><\/figure>\n<h2>Les Violons du Roy \/ Clair de lune<\/h2>\n<p>Les Violons du Roy, sous la direction de <strong>Mathieu Lussier<\/strong>, contribuent un tr\u00e8s beau floril\u00e8ge au festival de musique fran\u00e7aise de la fin de semaine, mettant en vedette la harpiste <strong>Val\u00e9rie Milot<\/strong> et le baryton <strong>Jean-Fran\u00e7ois Lapointe<\/strong>. On y entendra Faur\u00e9, Massenet, Hahn, Caplet, Debussy et Ravel. J<strong>eudi 7 mars, 20h, Palais Montcalm, Qu\u00e9bec et vendredi 8 mars, 19h30, Salle Bourgie. Montr\u00e9al.<\/strong> <a href=\"https:\/\/www.ludwig-van.com\/montreal\/event\/violons-roy-clair-de-lune-2\/\" target=\"_blank\" rel=\"noopener\">D\u00c9TAILS<\/a><\/p>\n<p>&nbsp;<\/p>\n<h2 style=\"text-align: center;\"><img decoding=\"async\" loading=\"lazy\" class=\"aligncenter size-full wp-image-55543\" src=\"https:\/\/www.ludwig-van.com\/montreal\/wp-content\/uploads\/sites\/3\/2018\/07\/SMAM_18-19_pageweb_5italiefeminin_FR-cal.jpg\" alt=\"L\u2019Italie Baroque au f\u00e9minin\" width=\"700\" height=\"499\" srcset=\"https:\/\/www.ludwig-van.com\/montreal\/wp-content\/uploads\/sites\/3\/2018\/07\/SMAM_18-19_pageweb_5italiefeminin_FR-cal.jpg 700w, https:\/\/www.ludwig-van.com\/montreal\/wp-content\/uploads\/sites\/3\/2018\/07\/SMAM_18-19_pageweb_5italiefeminin_FR-cal-300x214.jpg 300w\" sizes=\"(max-width: 700px) 100vw, 700px\" \/><\/h2>\n<h2>SMAM \/ L\u2019Italie baroque au f\u00e9minin<\/h2>\n<p>Le Studio de musique ancienne de Montr\u00e9al souligne la Journ\u00e9e internationale de la femme en r\u00e9v\u00e9lant au public des \u0153uvres sacr\u00e9es de grandes compositrices italiennes des XVIe et XVIIe si\u00e8cles. Neuf chanteuses et neuf instrumentistes, chiffre faisant r\u00e9f\u00e9rence aux neuf muses, sont r\u00e9unies sous la direction de Suzie LeBlanc. <strong>Vendredi 8 mars, 19h30, \u00c9glise Saint-L\u00e9on de Westmount.<\/strong> <a href=\"https:\/\/www.ludwig-van.com\/montreal\/event\/smam-litalie-baroque-feminin\/\" target=\"_blank\" rel=\"noopener\">D\u00c9TAILS<\/a><\/p>\n<h2><\/h2>\n<figure id=\"attachment_58316\" aria-describedby=\"caption-attachment-58316\" style=\"width: 1024px\" class=\"wp-caption aligncenter\"><img decoding=\"async\" loading=\"lazy\" class=\"size-full wp-image-58316\" src=\"https:\/\/www.ludwig-van.com\/montreal\/wp-content\/uploads\/sites\/3\/2019\/01\/Benjamin-Grosvenor@Patrick-Allen_Opera-Omnia.jpg\" alt=\"Benjamin Grosvenor\" width=\"1024\" height=\"683\" srcset=\"https:\/\/www.ludwig-van.com\/montreal\/wp-content\/uploads\/sites\/3\/2019\/01\/Benjamin-Grosvenor@Patrick-Allen_Opera-Omnia.jpg 1024w, https:\/\/www.ludwig-van.com\/montreal\/wp-content\/uploads\/sites\/3\/2019\/01\/Benjamin-Grosvenor@Patrick-Allen_Opera-Omnia-300x200.jpg 300w, https:\/\/www.ludwig-van.com\/montreal\/wp-content\/uploads\/sites\/3\/2019\/01\/Benjamin-Grosvenor@Patrick-Allen_Opera-Omnia-768x512.jpg 768w\" sizes=\"(max-width: 1024px) 100vw, 1024px\" \/><figcaption id=\"caption-attachment-58316\" class=\"wp-caption-text\">Benjamin Grosvenor. (Photo: Patrick Allen Opera Omnia)<\/figcaption><\/figure>\n<h2>Club musical \/ Benjamin Grosvenor<\/h2>\n<p>Le<strong> Club musical de Qu\u00e9bec<\/strong> fait revenir le pianiste <strong>Benjamin Grosvenor<\/strong> trois ans apr\u00e8s son premier passage, marquant, dans cette ville. La premi\u00e8re partie du concert est r\u00e9serv\u00e9e \u00e0 des \u0153uvres de Schumann, tandis que la seconde partie est partag\u00e9e entre Janacek, Prokofiev et Liszt. <strong>Dimanche 10 mars, 15h, Palais Montcalm<\/strong>. <a href=\"https:\/\/www.ludwig-van.com\/montreal\/event\/club-musical-de-quebec-benjamin-grosvenor\/\" target=\"_blank\" rel=\"noopener\">D\u00c9TAILS<\/a><\/p>\n<h2><\/h2>\n<figure id=\"attachment_51123\" aria-describedby=\"caption-attachment-51123\" style=\"width: 1024px\" class=\"wp-caption aligncenter\"><img decoding=\"async\" loading=\"lazy\" class=\"size-full wp-image-51123\" src=\"https:\/\/www.ludwig-van.com\/montreal\/wp-content\/uploads\/sites\/3\/2018\/01\/Aline-Kutan-photo-gracieusite.jpg\" alt=\"Aline Kutan\" width=\"1024\" height=\"1024\" srcset=\"https:\/\/www.ludwig-van.com\/montreal\/wp-content\/uploads\/sites\/3\/2018\/01\/Aline-Kutan-photo-gracieusite.jpg 1024w, https:\/\/www.ludwig-van.com\/montreal\/wp-content\/uploads\/sites\/3\/2018\/01\/Aline-Kutan-photo-gracieusite-150x150.jpg 150w, https:\/\/www.ludwig-van.com\/montreal\/wp-content\/uploads\/sites\/3\/2018\/01\/Aline-Kutan-photo-gracieusite-300x300.jpg 300w, https:\/\/www.ludwig-van.com\/montreal\/wp-content\/uploads\/sites\/3\/2018\/01\/Aline-Kutan-photo-gracieusite-768x768.jpg 768w\" sizes=\"(max-width: 1024px) 100vw, 1024px\" \/><figcaption id=\"caption-attachment-51123\" class=\"wp-caption-text\">Aline Kutan. (Photo: courtoisie)<\/figcaption><\/figure>\n<h2>Ch\u0153ur Saint-Laurent \/ Poulenc!<\/h2>\n<p>Le Ch\u0153ur Saint-Laurent offre un programme tout Poulenc en compagnie de la soprano Aline Kutan et du Duo Fortin-Poirier. La pr\u00e9sentation du Gloria et du Stabat Mater permettra de plonger dans les harmonies et les sonorit\u00e9s distinctives du compositeur fran\u00e7ais. <strong>Samedi 9 mars, 19h30 et dimanche 10 mars, 15h, Conservatoire de musique de Montr\u00e9al. <\/strong><a href=\"https:\/\/www.choeur.qc.ca\/concerts-en\" target=\"_blank\" rel=\"noopener\">D\u00c9TAILS<\/a><\/p>\n<h2><\/h2>\n<p>&nbsp;<\/p>\n<figure id=\"attachment_58690\" aria-describedby=\"caption-attachment-58690\" style=\"width: 700px\" class=\"wp-caption aligncenter\"><img decoding=\"async\" loading=\"lazy\" class=\"size-full wp-image-58690\" src=\"https:\/\/www.ludwig-van.com\/montreal\/wp-content\/uploads\/sites\/3\/2019\/02\/Emmanuelle-Bertrand-\u2013-Pascal-Amoyel.jpg\" alt=\"Emmanuelle Bertrand \u2013 Pascal Amoyel\" width=\"700\" height=\"500\" srcset=\"https:\/\/www.ludwig-van.com\/montreal\/wp-content\/uploads\/sites\/3\/2019\/02\/Emmanuelle-Bertrand-\u2013-Pascal-Amoyel.jpg 700w, https:\/\/www.ludwig-van.com\/montreal\/wp-content\/uploads\/sites\/3\/2019\/02\/Emmanuelle-Bertrand-\u2013-Pascal-Amoyel-300x214.jpg 300w\" sizes=\"(max-width: 700px) 100vw, 700px\" \/><figcaption id=\"caption-attachment-58690\" class=\"wp-caption-text\">Pascal Amoyel et Emmanuelle Bertrand. (Photo: courtoisie)<\/figcaption><\/figure>\n<h2>Arte musica \/ Apr\u00e8s un r\u00eave<\/h2>\n<p>Ce r\u00e9cital violoncelle et piano par deux grands interpr\u00e8tes, <strong>Emmanuelle Bertrand<\/strong> et <strong>Pascal Amoyel<\/strong>, porte le titre d\u2019une c\u00e9l\u00e8bre page de musique par Gabriel Faur\u00e9. Des sonates de Onslow, Duparc et Saint-Saens constituent l\u2019essentiel du programme. <strong>Dimanche 10 mars, 14h, Salle Bourgie. <\/strong><a href=\"https:\/\/www.ludwig-van.com\/montreal\/event\/arte-musica-emmanuelle-bertrand-pascal-amoyel\/\" target=\"_blank\" rel=\"noopener\">D\u00c9TAILS<\/a><\/p>\n<h2><\/h2>\n<p>&nbsp;<\/p>\n<figure id=\"attachment_58653\" aria-describedby=\"caption-attachment-58653\" style=\"width: 900px\" class=\"wp-caption aligncenter\"><img decoding=\"async\" loading=\"lazy\" class=\"size-full wp-image-58653\" src=\"https:\/\/www.ludwig-van.com\/montreal\/wp-content\/uploads\/sites\/3\/2019\/02\/ChdBP-10-mars-E\u0301lie-Boissinot.jpg\" alt=\"Elie Boissinot, violoncelle, Gagnant du Concours Violon d\u2019or de McGill 2018\" width=\"900\" height=\"900\" srcset=\"https:\/\/www.ludwig-van.com\/montreal\/wp-content\/uploads\/sites\/3\/2019\/02\/ChdBP-10-mars-E\u0301lie-Boissinot.jpg 900w, https:\/\/www.ludwig-van.com\/montreal\/wp-content\/uploads\/sites\/3\/2019\/02\/ChdBP-10-mars-E\u0301lie-Boissinot-150x150.jpg 150w, https:\/\/www.ludwig-van.com\/montreal\/wp-content\/uploads\/sites\/3\/2019\/02\/ChdBP-10-mars-E\u0301lie-Boissinot-300x300.jpg 300w, https:\/\/www.ludwig-van.com\/montreal\/wp-content\/uploads\/sites\/3\/2019\/02\/ChdBP-10-mars-E\u0301lie-Boissinot-768x768.jpg 768w\" sizes=\"(max-width: 900px) 100vw, 900px\" \/><figcaption id=\"caption-attachment-58653\" class=\"wp-caption-text\">\u00c9lie Boissinot, violoncelliste. (Photo: courtoisie)<\/figcaption><\/figure>\n<h2>Schulich @ Bon-Pasteur<\/h2>\n<p>Le talentueux violoncelliste<strong> \u00c9lie Boissinot<\/strong> pr\u00e9sente la fin de semaine prochaine le r\u00e9cital rattach\u00e9 au Concours du Violon d\u2019or de l\u2019Universit\u00e9 McGill qu\u2019il a remport\u00e9 en octobre dernier. Boissinot et Wei-Tang Huang (piano) interpr\u00e9teront des sonates de Brahms, Debussy et Chostakovitch. <strong>Dimanche 10 mars, 15h, Chapelle historique du Bon-Pasteur.<\/strong> <a href=\"https:\/\/www.ludwig-van.com\/montreal\/event\/chapelle-historique-pasteur-lecole-de-musique-schulich-schulich-pasteur\/\" target=\"_blank\" rel=\"noopener\">D\u00c9TAILS<\/a><\/p>\n<h2>LIRE AUSSI:<\/h2>\n<blockquote class=\"wp-embedded-content\" data-secret=\"NUJGxl1ocS\"><p><a href=\"https:\/\/www.ludwig-van.com\/montreal\/2019\/03\/01\/kronos-quartet-lart-de-concevoir-programme-ancre-modernite\/\">KRONOS QUARTET  | L\u2019art de concevoir un programme ancr\u00e9 dans la modernit\u00e9<\/a><\/p><\/blockquote>\n<p><iframe class=\"wp-embedded-content\" sandbox=\"allow-scripts\" security=\"restricted\" style=\"position: absolute; clip: rect(1px, 1px, 1px, 1px);\" src=\"https:\/\/www.ludwig-van.com\/montreal\/2019\/03\/01\/kronos-quartet-lart-de-concevoir-programme-ancre-modernite\/embed\/#?secret=NUJGxl1ocS\" data-secret=\"NUJGxl1ocS\" width=\"600\" height=\"338\" title=\"\u00ab\u00a0KRONOS QUARTET  | L\u2019art de concevoir un programme ancr\u00e9 dans la modernit\u00e9\u00a0\u00bb &#8212; Ludwig Van Montreal\" frameborder=\"0\" marginwidth=\"0\" marginheight=\"0\" scrolling=\"no\"><\/iframe><\/p>\n<p>&nbsp;<\/p>\n","protected":false},"excerpt":{"rendered":"<p>Tandis que les membres de l\u2019OSM d\u00e9barqueront bient\u00f4t en Europe pour leur tourn\u00e9e, Arte Musica accueille cette semaine les artistes du Festival Palazetto Bru Zane Montr\u00e9al. Cinq concerts sont pr\u00e9sent\u00e9s en succession rapide du 8 au 10 mars, et un sixi\u00e8me est annonc\u00e9 au mois d\u2019avril. Vous en retrouverez quelques uns parmi nos recommandations de cette semaine. <\/p>\n","protected":false},"author":55,"featured_media":59022,"comment_status":"open","ping_status":"open","sticky":false,"template":"","format":"standard","meta":{"om_disable_all_campaigns":false,"jetpack_post_was_ever_published":false},"categories":[28802,10994],"tags":[28789,11882,4623,2542],"yst_prominent_words":[30213,30211,28124,30216,30210,9939,9792,30206,30203,17024,30205,30200,30215,30217,14774,22072,9956,21568,30209,30202],"acf":[],"jetpack_featured_media_url":"https:\/\/www.ludwig-van.com\/montreal\/wp-content\/uploads\/sites\/3\/2019\/03\/Choix-cover.jpg","jetpack_sharing_enabled":true,"jetpack_shortlink":"https:\/\/wp.me\/p9bdYt-flX","amp_enabled":true,"_links":{"self":[{"href":"https:\/\/www.ludwig-van.com\/montreal\/wp-json\/wp\/v2\/posts\/59021"}],"collection":[{"href":"https:\/\/www.ludwig-van.com\/montreal\/wp-json\/wp\/v2\/posts"}],"about":[{"href":"https:\/\/www.ludwig-van.com\/montreal\/wp-json\/wp\/v2\/types\/post"}],"author":[{"embeddable":true,"href":"https:\/\/www.ludwig-van.com\/montreal\/wp-json\/wp\/v2\/users\/55"}],"replies":[{"embeddable":true,"href":"https:\/\/www.ludwig-van.com\/montreal\/wp-json\/wp\/v2\/comments?post=59021"}],"version-history":[{"count":5,"href":"https:\/\/www.ludwig-van.com\/montreal\/wp-json\/wp\/v2\/posts\/59021\/revisions"}],"predecessor-version":[{"id":59063,"href":"https:\/\/www.ludwig-van.com\/montreal\/wp-json\/wp\/v2\/posts\/59021\/revisions\/59063"}],"wp:featuredmedia":[{"embeddable":true,"href":"https:\/\/www.ludwig-van.com\/montreal\/wp-json\/wp\/v2\/media\/59022"}],"wp:attachment":[{"href":"https:\/\/www.ludwig-van.com\/montreal\/wp-json\/wp\/v2\/media?parent=59021"}],"wp:term":[{"taxonomy":"category","embeddable":true,"href":"https:\/\/www.ludwig-van.com\/montreal\/wp-json\/wp\/v2\/categories?post=59021"},{"taxonomy":"post_tag","embeddable":true,"href":"https:\/\/www.ludwig-van.com\/montreal\/wp-json\/wp\/v2\/tags?post=59021"},{"taxonomy":"yst_prominent_words","embeddable":true,"href":"https:\/\/www.ludwig-van.com\/montreal\/wp-json\/wp\/v2\/yst_prominent_words?post=59021"}],"curies":[{"name":"wp","href":"https:\/\/api.w.org\/{rel}","templated":true}]}}