{"id":58900,"date":"2019-02-28T15:37:11","date_gmt":"2019-02-28T20:37:11","guid":{"rendered":"https:\/\/www.ludwig-van.com\/montreal\/?p=58900"},"modified":"2019-03-01T12:10:05","modified_gmt":"2019-03-01T17:10:05","slug":"nouvelle-osm-2019-2020-festival-schubert-festival-espagnol-tournee-amerique-latine","status":"publish","type":"post","link":"https:\/\/www.ludwig-van.com\/montreal\/2019\/02\/28\/nouvelle-osm-2019-2020-festival-schubert-festival-espagnol-tournee-amerique-latine\/","title":{"rendered":"NOUVELLE  | OSM 2019-2020: un festival Schubert, un festival espagnol et une tourn\u00e9e en Am\u00e9rique latine"},"content":{"rendered":"<figure id=\"attachment_47118\" aria-describedby=\"caption-attachment-47118\" style=\"width: 1024px\" class=\"wp-caption aligncenter\"><img decoding=\"async\" loading=\"lazy\" class=\"size-full wp-image-47118\" src=\"https:\/\/www.ludwig-van.com\/montreal\/wp-content\/uploads\/sites\/3\/2017\/09\/Kent-Nagano1.jpg\" alt=\"Kent Nagano (Photo: courtoisie de l'OSM)\" width=\"1024\" height=\"576\" srcset=\"https:\/\/www.ludwig-van.com\/montreal\/wp-content\/uploads\/sites\/3\/2017\/09\/Kent-Nagano1.jpg 1024w, https:\/\/www.ludwig-van.com\/montreal\/wp-content\/uploads\/sites\/3\/2017\/09\/Kent-Nagano1-300x169.jpg 300w, https:\/\/www.ludwig-van.com\/montreal\/wp-content\/uploads\/sites\/3\/2017\/09\/Kent-Nagano1-768x432.jpg 768w\" sizes=\"(max-width: 1024px) 100vw, 1024px\" \/><figcaption id=\"caption-attachment-47118\" class=\"wp-caption-text\">Kent Nagano (Photo: courtoisie de l&rsquo;OSM)<\/figcaption><\/figure>\n<p><strong>L&rsquo;Orchestre symphonique de Montr\u00e9al<\/strong> vient d&rsquo;annoncer la vaste programmation de la derni\u00e8re saison de Kent Nagano comme directeur artistique, 2019-2020 au cours d&rsquo;un \u00e9v\u00e9nement o\u00f9 l&rsquo;on l&rsquo;\u00e9motion de cette \u00ab\u00a0derni\u00e8re fois\u00a0\u00bb \u00e9tait palpable.<\/p>\n<p>Plus de 100 concerts sont au programme de cette ann\u00e9e charni\u00e8re tandis que le suspense se poursuit quant \u00e0 l&rsquo;identit\u00e9 du successeur de Nagano \u00e0 la t\u00eate de l&rsquo;orchestre, qui annonce \u00e9galement une tourn\u00e9e en Am\u00e9rique latine avec un arr\u00eat aux \u00c9tats-Unis au mois d&rsquo;octobre.<\/p>\n<p>Cette tourn\u00e9e am\u00e8nera l&rsquo;OSM \u00e0 S\u00e3o Paulo et Rio de Janeiro au Br\u00e9sil, Santiago au Chili, Buenos Aires en<br \/>\nArgentine et Guanajuato, Quer\u00e9taro au Mexique. La principale soliste invit\u00e9e sera la violoniste <strong>Veronika Eberle<\/strong>. Au programme : Brahms et Bart\u00f3k, ainsi que Mozart et Mahler. Sur le chemin du retour, l&rsquo;OSM s&rsquo;arr\u00eatera \u00e0 Chicago avec le pianiste <strong>Denis Matsuev<\/strong>, artiste en r\u00e9sidence de la saison.<\/p>\n<h2>Chostakovitch en concert inaugural<\/h2>\n<p>L&rsquo;ultime saison de Kent Nagano sera inaugur\u00e9e les 17 et 18 septembre avec la Symphonie no 13 \u00ab\u00a0Babi Yar\u00a0\u00bb de Chostakovitch. Au m\u00eame programme, on entendra les Six pi\u00e8ces pour ch\u0153ur d\u2019hommes de Schoenberg et le Concerto no 3 de Beethoven avec le pianiste russe Denis Matsuev, qui sera \u00e9galement de la tourn\u00e9e des Am\u00e9riques pour un concert, soit celui de Chicago.<\/p>\n<p>&nbsp;<\/p>\n<figure id=\"attachment_48470\" aria-describedby=\"caption-attachment-48470\" style=\"width: 1024px\" class=\"wp-caption aligncenter\"><img decoding=\"async\" loading=\"lazy\" class=\"size-full wp-image-48470\" src=\"https:\/\/www.ludwig-van.com\/montreal\/wp-content\/uploads\/sites\/3\/2017\/10\/Juanjo-Mena.jpg\" alt=\"Le chef Juanjo Mena. (Photo: courtoisie de l'OSM)\" width=\"1024\" height=\"576\" srcset=\"https:\/\/www.ludwig-van.com\/montreal\/wp-content\/uploads\/sites\/3\/2017\/10\/Juanjo-Mena.jpg 1024w, https:\/\/www.ludwig-van.com\/montreal\/wp-content\/uploads\/sites\/3\/2017\/10\/Juanjo-Mena-300x169.jpg 300w, https:\/\/www.ludwig-van.com\/montreal\/wp-content\/uploads\/sites\/3\/2017\/10\/Juanjo-Mena-768x432.jpg 768w\" sizes=\"(max-width: 1024px) 100vw, 1024px\" \/><figcaption id=\"caption-attachment-48470\" class=\"wp-caption-text\">Le chef Juanjo Mena. (Photo: courtoisie de l&rsquo;OSM)<\/figcaption><\/figure>\n<h2>Festival espagnol<\/h2>\n<p>Des chefs invit\u00e9s au cours des saisons pass\u00e9es sont toutefois de retour, ce qui peut donner des indices de la direction que semble prendre cette \u00ab\u00a0course\u00a0\u00bb \u00e0 la succession: ainsi, le chef <strong>Juanjo Mena<\/strong> dirigera un mini-festival espagnol de trois concerts m\u00ealant la musique de compositeur de ce pays \u00e0 celle de compositeurs fran\u00e7ais inspir\u00e9s par l&rsquo;Espagne: Manuel de Falla, Fernando Sor, Rodrigo, Ravel, Debussy et Bizet. Les artistes invit\u00e9s de ce festival seront le pianiste Javier Perianes,\u00a0le guitariste Pablo Sainz Villegas et la mezzo-soprano Clara Mouriz. On pourra aussi voir des danseurs de flamenco se joindre \u00e0 l&rsquo;OSM pour El sombrero de tres picos (Le Tricorne) de Manuel de Falla. Prometteur! <strong>Du 28 au 30 avril.\u00a0<\/strong><\/p>\n<h2>Festival Schubert<\/h2>\n<p><strong>Kent Nagano<\/strong> dirigera un festival Schubert, compositeur peu entendu \u00e0 l&rsquo;OSM au cours des derni\u00e8res ann\u00e9es. Cinq programmes et six concerts nous permettront d&rsquo;entendre l&rsquo;int\u00e9grale des symphonies ainsi que des r\u00e9citals de musique de chambre et de lieder avec\u00a0Angela Hewitt, Paul Lewis, Dietrich Henschel et Ian Bostridge. Du 12 au 17 janvier 2020.<\/p>\n<p>&nbsp;<\/p>\n<figure id=\"attachment_57087\" aria-describedby=\"caption-attachment-57087\" style=\"width: 1024px\" class=\"wp-caption aligncenter\"><img decoding=\"async\" loading=\"lazy\" class=\"size-full wp-image-57087\" src=\"https:\/\/www.ludwig-van.com\/montreal\/wp-content\/uploads\/sites\/3\/2017\/09\/Anne-Sophie-Mutter-c-bastian-achard.jpg\" alt=\"Anne-Sophie Mutter\" width=\"1024\" height=\"682\" srcset=\"https:\/\/www.ludwig-van.com\/montreal\/wp-content\/uploads\/sites\/3\/2017\/09\/Anne-Sophie-Mutter-c-bastian-achard.jpg 1024w, https:\/\/www.ludwig-van.com\/montreal\/wp-content\/uploads\/sites\/3\/2017\/09\/Anne-Sophie-Mutter-c-bastian-achard-300x200.jpg 300w, https:\/\/www.ludwig-van.com\/montreal\/wp-content\/uploads\/sites\/3\/2017\/09\/Anne-Sophie-Mutter-c-bastian-achard-768x512.jpg 768w\" sizes=\"(max-width: 1024px) 100vw, 1024px\" \/><figcaption id=\"caption-attachment-57087\" class=\"wp-caption-text\">Anne-Sophie Mutter (Photo: Bastian Achard)<\/figcaption><\/figure>\n<h2>Solistes et chefs invit\u00e9s<\/h2>\n<p>Parmi les solistes invit\u00e9s de la saison, mentionnons: Anne-Sophie Mutter, Gil Shaham, Patricia Petibon, Emanuel Ax, Daniil Trifonov, Gerald Finley, Marc-Andr\u00e9 Hamelin, Leonidas Kavakos, Olivier Latry, Andras Schiff,\u00a0Pierre-Laurent Aimard et Yefim Bronfman.<\/p>\n<p>Les principaux chefs invit\u00e9s seront: Valery Gergiev, Fran\u00e7ois-Xavier Roth, Lionel Bringuier, J\u00e9r\u00e9mie Rhorer,\u00a0Matthias Pintscher et Lorenzo Viotti.<\/p>\n<h2>Premi\u00e8re nord-am\u00e9ricaine d&rsquo;une symphonie de Dusapin<\/h2>\n<p>Les 18 et 20 f\u00e9vrier, on pourra entendre en premi\u00e8re nord-am\u00e9ricaine la Symphonie ou orgue et orchestre de Pascal Dusapin, avec l&rsquo;organiste \u00e9m\u00e9rite Olivier Latry au Grand Orgue Pierre-B\u00e9ique. Il s&rsquo;agit d&rsquo;une cocommande de l&rsquo;OSM avec des orchestres europ\u00e9ens.<\/p>\n<p>&nbsp;<\/p>\n<figure id=\"attachment_47119\" aria-describedby=\"caption-attachment-47119\" style=\"width: 1024px\" class=\"wp-caption aligncenter\"><img decoding=\"async\" loading=\"lazy\" class=\"size-full wp-image-47119\" src=\"https:\/\/www.ludwig-van.com\/montreal\/wp-content\/uploads\/sites\/3\/2017\/09\/Kent-Nagano3.jpg\" alt=\"Kent Nagano. (Photo: courtoisie de l'OSM)\" width=\"1024\" height=\"576\" srcset=\"https:\/\/www.ludwig-van.com\/montreal\/wp-content\/uploads\/sites\/3\/2017\/09\/Kent-Nagano3.jpg 1024w, https:\/\/www.ludwig-van.com\/montreal\/wp-content\/uploads\/sites\/3\/2017\/09\/Kent-Nagano3-300x169.jpg 300w, https:\/\/www.ludwig-van.com\/montreal\/wp-content\/uploads\/sites\/3\/2017\/09\/Kent-Nagano3-768x432.jpg 768w\" sizes=\"(max-width: 1024px) 100vw, 1024px\" \/><figcaption id=\"caption-attachment-47119\" class=\"wp-caption-text\">Kent Nagano. (Photo: courtoisie de l&rsquo;OSM)<\/figcaption><\/figure>\n<h2>Un testament spirituel en fin de saison<\/h2>\n<p>Comme on peut le lire dans son livre Sonnez merveilles! Kent Nagano a \u00e9t\u00e9 fortement influenc\u00e9 par Olivier Messiaen. On ne sera donc pas \u00e9tonn\u00e9e d&rsquo;apprendre que le compositeur fait partie des concerts finaux du mandat du chef \u00e0 l&rsquo;OSM. On entendra donc les Trois petites liturgies de la pr\u00e9sence divine, suivie de Et exspecto resurrectionem mortuorum (Et j\u2019attends la r\u00e9surrection des morts) dans un programme avec le <em><strong>Requiem<\/strong><\/em> de Faur\u00e9 les 26, 27 et 28 mai.<\/p>\n<p>Finalement, les trois derniers concerts de la saison seront pour Mahler, avec la Symphonie no 2 \u00ab R\u00e9surrection \u00bb, les 3, 5 et 6 juin.<\/p>\n<h2>Cin\u00e9-concerts<\/h2>\n<p>En 2019-2020, trois films seront pr\u00e9sent\u00e9s en cin\u00e9-concert. D&rsquo;abord, Le fant\u00f4me de l\u2019Op\u00e9ra dans sa version cin\u00e9matographique de 1925, avec l\u2019organiste James Kennerley qui improvisera en direct, le 1er novembre. les deux autres sont La ru\u00e9e vers l&rsquo;or, de Charlie Chaplin, avec l&rsquo;OSM sous la direction de Timothy Brock (10 mars 2020) et le documentaire Visitors, avec la musique originale de Philip Glass, sous la direction du chef Michael Riesman, le 7 mai.<\/p>\n<p>&nbsp;<\/p>\n<figure id=\"attachment_52126\" aria-describedby=\"caption-attachment-52126\" style=\"width: 1024px\" class=\"wp-caption aligncenter\"><img decoding=\"async\" loading=\"lazy\" class=\"size-full wp-image-52126\" src=\"https:\/\/www.ludwig-van.com\/montreal\/wp-content\/uploads\/sites\/3\/2018\/03\/Thomas-Le-Duc-Moreau-cr\u00e9dit-Francis-Leduc.jpg\" alt=\"Thomas Le Duc-Moreau. (Cr\u00e9dit: Francis Leduc)\" width=\"1024\" height=\"1534\" srcset=\"https:\/\/www.ludwig-van.com\/montreal\/wp-content\/uploads\/sites\/3\/2018\/03\/Thomas-Le-Duc-Moreau-cr\u00e9dit-Francis-Leduc.jpg 1024w, https:\/\/www.ludwig-van.com\/montreal\/wp-content\/uploads\/sites\/3\/2018\/03\/Thomas-Le-Duc-Moreau-cr\u00e9dit-Francis-Leduc-200x300.jpg 200w, https:\/\/www.ludwig-van.com\/montreal\/wp-content\/uploads\/sites\/3\/2018\/03\/Thomas-Le-Duc-Moreau-cr\u00e9dit-Francis-Leduc-768x1151.jpg 768w, https:\/\/www.ludwig-van.com\/montreal\/wp-content\/uploads\/sites\/3\/2018\/03\/Thomas-Le-Duc-Moreau-cr\u00e9dit-Francis-Leduc-684x1024.jpg 684w\" sizes=\"(max-width: 1024px) 100vw, 1024px\" \/><figcaption id=\"caption-attachment-52126\" class=\"wp-caption-text\">Thomas Le Duc-Moreau. (Cr\u00e9dit: Francis Leduc)<\/figcaption><\/figure>\n<h2>Thomas Leduc-Moreau chef assistant<\/h2>\n<p>Le successeur d&rsquo;Adam Johnson au poste de chef assistant sera Thomas Leduc-Moreau. Le jeune violoncelliste, dipl\u00f4m\u00e9 du Conservatoire de musique de Montr\u00e9al, est d\u00e9j\u00e0 chef assistant de l&rsquo;OSQ et membre fondateur de l&rsquo;ensemble Volte. \u00c2g\u00e9 seulement de 24 ans, il deviendra le plus jeune chef \u00e0 avoir jamais occup\u00e9 ce poste. Pour sa premi\u00e8re saison, il dirigera les concerts dans les parcs et les concerts de la s\u00e9rie Jeux d&rsquo;enfants.<\/p>\n<p><a href=\"https:\/\/www.osm.ca\/fr\/saison-19-20\/\" target=\"_blank\" rel=\"noopener\">Pour plus de d\u00e9tails sur la saison 2019-2020 de l&rsquo;OSM.\u00a0<\/a><\/p>\n<h2>LIRE AUSSI:<\/h2>\n<blockquote class=\"wp-embedded-content\" data-secret=\"vgBTG0DdXT\"><p><a href=\"https:\/\/www.ludwig-van.com\/montreal\/2019\/02\/25\/nouvelle-opera-de-montreal-19-20-etienne-dupuis-oneguine-written-on-skin-flute-completement-flyee\/\">NOUVELLE  | Op\u00e9ra de Montr\u00e9al 19-20: \u00c9tienne Dupuis en On\u00e9guine, Written on skin et une Fl\u00fbte compl\u00e8tement \u00ab\u00a0fly\u00e9e\u00a0\u00bb<\/a><\/p><\/blockquote>\n<p><iframe class=\"wp-embedded-content\" sandbox=\"allow-scripts\" security=\"restricted\" style=\"position: absolute; clip: rect(1px, 1px, 1px, 1px);\" src=\"https:\/\/www.ludwig-van.com\/montreal\/2019\/02\/25\/nouvelle-opera-de-montreal-19-20-etienne-dupuis-oneguine-written-on-skin-flute-completement-flyee\/embed\/#?secret=vgBTG0DdXT\" data-secret=\"vgBTG0DdXT\" width=\"600\" height=\"338\" title=\"\u00ab\u00a0NOUVELLE  | Op\u00e9ra de Montr\u00e9al 19-20: \u00c9tienne Dupuis en On\u00e9guine, Written on skin et une Fl\u00fbte compl\u00e8tement \u00ab\u00a0fly\u00e9e\u00a0\u00bb\u00a0\u00bb &#8212; Ludwig Van Montreal\" frameborder=\"0\" marginwidth=\"0\" marginheight=\"0\" scrolling=\"no\"><\/iframe><\/p>\n<p>&nbsp;<\/p>\n<p>&nbsp;<\/p>\n<p>&nbsp;<\/p>\n<p>&nbsp;<\/p>\n<p>&nbsp;<\/p>\n","protected":false},"excerpt":{"rendered":"<p>L&rsquo;Orchestre symphonique de Montr\u00e9al vient d&rsquo;annoncer la vaste programmation de la derni\u00e8re saison de Kent Nagano comme directeur artistique, 2019-2020 au cours d&rsquo;un \u00e9v\u00e9nement o\u00f9 l&rsquo;on l&rsquo;\u00e9motion de cette \u00ab\u00a0derni\u00e8re fois\u00a0\u00bb \u00e9tait palpable. <\/p>\n","protected":false},"author":51,"featured_media":54913,"comment_status":"open","ping_status":"open","sticky":false,"template":"","format":"standard","meta":{"om_disable_all_campaigns":false,"jetpack_post_was_ever_published":false},"categories":[28802],"tags":[],"yst_prominent_words":[7704,10438,30050,30049,19154,22073,13144,30026,16098,10436,10443,13262,30047,14774,22072,11486,30028,30027,11819,30057],"acf":[],"jetpack_featured_media_url":"https:\/\/www.ludwig-van.com\/montreal\/wp-content\/uploads\/sites\/3\/2018\/06\/Kent-Nagano1-refaite.jpg","jetpack_sharing_enabled":true,"jetpack_shortlink":"https:\/\/wp.me\/p9bdYt-fk0","amp_enabled":true,"_links":{"self":[{"href":"https:\/\/www.ludwig-van.com\/montreal\/wp-json\/wp\/v2\/posts\/58900"}],"collection":[{"href":"https:\/\/www.ludwig-van.com\/montreal\/wp-json\/wp\/v2\/posts"}],"about":[{"href":"https:\/\/www.ludwig-van.com\/montreal\/wp-json\/wp\/v2\/types\/post"}],"author":[{"embeddable":true,"href":"https:\/\/www.ludwig-van.com\/montreal\/wp-json\/wp\/v2\/users\/51"}],"replies":[{"embeddable":true,"href":"https:\/\/www.ludwig-van.com\/montreal\/wp-json\/wp\/v2\/comments?post=58900"}],"version-history":[{"count":4,"href":"https:\/\/www.ludwig-van.com\/montreal\/wp-json\/wp\/v2\/posts\/58900\/revisions"}],"predecessor-version":[{"id":58909,"href":"https:\/\/www.ludwig-van.com\/montreal\/wp-json\/wp\/v2\/posts\/58900\/revisions\/58909"}],"wp:featuredmedia":[{"embeddable":true,"href":"https:\/\/www.ludwig-van.com\/montreal\/wp-json\/wp\/v2\/media\/54913"}],"wp:attachment":[{"href":"https:\/\/www.ludwig-van.com\/montreal\/wp-json\/wp\/v2\/media?parent=58900"}],"wp:term":[{"taxonomy":"category","embeddable":true,"href":"https:\/\/www.ludwig-van.com\/montreal\/wp-json\/wp\/v2\/categories?post=58900"},{"taxonomy":"post_tag","embeddable":true,"href":"https:\/\/www.ludwig-van.com\/montreal\/wp-json\/wp\/v2\/tags?post=58900"},{"taxonomy":"yst_prominent_words","embeddable":true,"href":"https:\/\/www.ludwig-van.com\/montreal\/wp-json\/wp\/v2\/yst_prominent_words?post=58900"}],"curies":[{"name":"wp","href":"https:\/\/api.w.org\/{rel}","templated":true}]}}