{"id":58896,"date":"2019-02-27T17:51:09","date_gmt":"2019-02-27T22:51:09","guid":{"rendered":"https:\/\/www.ludwig-van.com\/montreal\/?p=58896"},"modified":"2019-02-28T10:31:29","modified_gmt":"2019-02-28T15:31:29","slug":"reportage-concours-omni-de-lorchestre-metropolitain-lexperience-dun-premier-concours","status":"publish","type":"post","link":"https:\/\/www.ludwig-van.com\/montreal\/2019\/02\/27\/reportage-concours-omni-de-lorchestre-metropolitain-lexperience-dun-premier-concours\/","title":{"rendered":"DOSSIER  | Le nouveau Concours OMNI de l&rsquo;Orchestre M\u00e9tropolitain: l&rsquo;exp\u00e9rience d&rsquo;un premier concours"},"content":{"rendered":"<p>&nbsp;<\/p>\n<figure id=\"attachment_58897\" aria-describedby=\"caption-attachment-58897\" style=\"width: 1024px\" class=\"wp-caption aligncenter\"><img decoding=\"async\" loading=\"lazy\" class=\"size-full wp-image-58897\" src=\"https:\/\/www.ludwig-van.com\/montreal\/wp-content\/uploads\/sites\/3\/2019\/02\/OMNI-cover-web-Francois-Goupil.jpg\" alt=\"Le Concours OMNI se d\u00e9finit comme une action concr\u00e8te envers la rel\u00e8ve. (Photo: Fran\u00e7ois Goupil)\" width=\"1024\" height=\"535\" srcset=\"https:\/\/www.ludwig-van.com\/montreal\/wp-content\/uploads\/sites\/3\/2019\/02\/OMNI-cover-web-Francois-Goupil.jpg 1024w, https:\/\/www.ludwig-van.com\/montreal\/wp-content\/uploads\/sites\/3\/2019\/02\/OMNI-cover-web-Francois-Goupil-300x157.jpg 300w, https:\/\/www.ludwig-van.com\/montreal\/wp-content\/uploads\/sites\/3\/2019\/02\/OMNI-cover-web-Francois-Goupil-768x401.jpg 768w\" sizes=\"(max-width: 1024px) 100vw, 1024px\" \/><figcaption id=\"caption-attachment-58897\" class=\"wp-caption-text\">Le Concours OMNI se d\u00e9finit comme une action concr\u00e8te envers la rel\u00e8ve. (Photo: Fran\u00e7ois Goupil)<\/figcaption><\/figure>\n<p>L&rsquo;exp\u00e9rience d&rsquo;un premier concours. Voil\u00e0 ce que propose aux jeunes musiciens le premier concours OMNI les 23 et 24 mars \u00e0 la Coop\u00e9rative des professeurs de musique. Le Concours OMNI se d\u00e9finit comme une action concr\u00e8te envers la rel\u00e8ve. L\u2019accent est mis sur la participation et l\u2019exp\u00e9rience, la fiert\u00e9 d\u2019atteindre un objectif et la satisfaction de participer \u00e0 un premier concours.<\/p>\n<p>\u00ab Omni ? Dans le sens d\u2019un tout, c\u2019est un mot volontairement rassembleur \u00bb, avance <strong>Laura Eaton<\/strong>, responsable \u00c9ducation \u00e0 l\u2019Orchestre M\u00e9tropolitain.<\/p>\n<p>\u00ab Organis\u00e9 conjointement avec la Coop\u00e9rative des professeurs de musique, cet \u00e9v\u00e8nement permettra aux instrumentistes de 7 \u00e0 17 ans de mieux appr\u00e9hender l\u2019ambiance d\u2019un concours, de b\u00e9n\u00e9ficier des conseils et de l\u2019expertise de musiciens professionnels, et de rencontrer leurs pairs. \u00bb<\/p>\n<p>\u00ab Les participants seront r\u00e9partis en trois groupes d\u2019instruments : Piano, Vents (fl\u00fbte, hautbois, clarinette, basson, cor, trompette, trombone, saxophone, tuba) et Cordes (violon, alto, violoncelle, contrebasse, harpe et guitare); puis par groupes d\u2019\u00e2ge : 7 \u00e0 11 ans, 12 \u00e0 14 ans et 15 \u00e0 17 ans. Chaque participant pr\u00e9sentera deux pi\u00e8ces musicales contrast\u00e9es dont un jury appr\u00e9ciera les qualit\u00e9s de prestation, comme par exemple, la maturit\u00e9 sur sc\u00e8ne, la qualit\u00e9 de l\u2019interpr\u00e9tation, le niveau de difficult\u00e9, la m\u00e9morisation, le tempo, les nuances, etc. \u00bb<\/p>\n<h2>Privil\u00e9gier l\u2019\u00e9panouissement musical<\/h2>\n<p>Selon ses propos, ce concours est ouvert aux enfants et aux jeunes qui suivent une formation et une pratique musicale cons\u00e9quente et continue, que ce soit en conservatoire ou en cours priv\u00e9s. \u00ab La musique est une activit\u00e9 exigeante et demande beaucoup de discipline, \u00e0 l\u2019instar des jeunes qui s\u2019investissent dans un sport de comp\u00e9tition \u00bb, explique <strong>Laura Eaton.<\/strong><\/p>\n<p>\u00ab La premi\u00e8re \u00e9dition de ce concours OMNI pour la jeune rel\u00e8ve veut recr\u00e9er une exp\u00e9rience de concours agr\u00e9able et positive. On veut favoriser l\u2019\u00e9panouissement et le d\u00e9veloppement musical de chaque jeune pour les pr\u00e9parer \u00e0 ce qu\u2019ils feront plus tard. Les \u00e9preuves et les concours leur permettent d\u2019am\u00e9liorer et faire avancer leur pratique et leurs projets de carri\u00e8re qu\u2019elle soit artistique et\/ou professionnelle\u2026 \u00bb<\/p>\n<h2>Inscriptions avant le 3 mars !<\/h2>\n<p>Le concours se d\u00e9roulera sur deux jours, les samedi 23 et dimanche 24 mars \u00e0 la Coop\u00e9rative des professeurs de musique (4220, rue Drolet). \u00ab Les jeunes musiciens de la rel\u00e8ve joueront ainsi devant les juges, des professeurs et des musiciens de l\u2019OM, poursuit <strong>Laura Eaton<\/strong>, et, bien s\u00fbr, devant un public compos\u00e9, certes, de la famille et des amis, mais aussi de m\u00e9lomanes qui s\u2019int\u00e9ressent et surveillent la jeune rel\u00e8ve musicale. \u00bb<\/p>\n<p>Le d\u00e9voilement des r\u00e9sultats sera communiqu\u00e9 aupr\u00e8s des participants qui auront su se d\u00e9marquer. Deux bourses offertes par l\u2019OM et un ch\u00e8que de la CPMM seront remis aux laur\u00e9ats. D\u2019autres prix de participation devraient \u00e9toffer bient\u00f4t ce palmar\u00e8s. Enfin, certains laur\u00e9ats se produiront sur la grande sc\u00e8ne de la Maison symphonique le 6 avril prochain, lors du gala en pr\u00e9lude du concert Airs de Jeunesse de l\u2019Orchestre M\u00e9tropolitain.<\/p>\n<p><a href=\"https:\/\/orchestremetropolitain.com\/fr\/jeunesse\/concours-musical-omni\/\" target=\"_blank\" rel=\"noopener\">Plus d\u2019infos et inscriptions<\/a> <strong>\u2013 avant le 3 mars \u2013&nbsp;<\/strong><\/p>\n<h2>LIRE AUSSI:<\/h2>\n<blockquote class=\"wp-embedded-content\" data-secret=\"pC3DnpkU2R\"><p><a href=\"https:\/\/www.ludwig-van.com\/montreal\/2019\/01\/30\/nouvelle-lorchestre-metropolitain-fera-tournee-etats-unis-joyce-didonato\/\">NOUVELLE | L&rsquo;Orchestre M\u00e9tropolitain fera une tourn\u00e9e aux \u00c9tats-Unis avec Joyce DiDonato<\/a><\/p><\/blockquote>\n<p><iframe class=\"wp-embedded-content\" sandbox=\"allow-scripts\" security=\"restricted\" style=\"position: absolute; clip: rect(1px, 1px, 1px, 1px);\" src=\"https:\/\/www.ludwig-van.com\/montreal\/2019\/01\/30\/nouvelle-lorchestre-metropolitain-fera-tournee-etats-unis-joyce-didonato\/embed\/#?secret=pC3DnpkU2R\" data-secret=\"pC3DnpkU2R\" width=\"600\" height=\"338\" title=\"\u00ab\u00a0NOUVELLE | L&rsquo;Orchestre M\u00e9tropolitain fera une tourn\u00e9e aux \u00c9tats-Unis avec Joyce DiDonato\u00a0\u00bb &#8212; Ludwig Van Montreal\" frameborder=\"0\" marginwidth=\"0\" marginheight=\"0\" scrolling=\"no\"><\/iframe><\/p>\n<p>&nbsp;<\/p>\n<p>&nbsp;<\/p>\n<p>&nbsp;<\/p>\n<p>&nbsp;<\/p>\n<p>&nbsp;<\/p>\n","protected":false},"excerpt":{"rendered":"<p>L&rsquo;exp\u00e9rience d&rsquo;un premier concours. Voil\u00e0 ce que propose aux jeunes musiciens le premier concours OMNI les 23 et 24 mars \u00e0 la Coop\u00e9rative des professeurs de musique. <\/p>\n","protected":false},"author":71,"featured_media":58897,"comment_status":"open","ping_status":"open","sticky":false,"template":"","format":"standard","meta":{"om_disable_all_campaigns":false,"jetpack_post_was_ever_published":false},"categories":[28802,11009],"tags":[28789,2521],"yst_prominent_words":[30019,30018,30011,19484,30023,30021,10473,30013,30022,28529,28528,30015,30012,30020,10699,9836,30017,30014,30016,28530],"acf":[],"jetpack_featured_media_url":"https:\/\/www.ludwig-van.com\/montreal\/wp-content\/uploads\/sites\/3\/2019\/02\/OMNI-cover-web-Francois-Goupil.jpg","jetpack_sharing_enabled":true,"jetpack_shortlink":"https:\/\/wp.me\/p9bdYt-fjW","amp_enabled":true,"_links":{"self":[{"href":"https:\/\/www.ludwig-van.com\/montreal\/wp-json\/wp\/v2\/posts\/58896"}],"collection":[{"href":"https:\/\/www.ludwig-van.com\/montreal\/wp-json\/wp\/v2\/posts"}],"about":[{"href":"https:\/\/www.ludwig-van.com\/montreal\/wp-json\/wp\/v2\/types\/post"}],"author":[{"embeddable":true,"href":"https:\/\/www.ludwig-van.com\/montreal\/wp-json\/wp\/v2\/users\/71"}],"replies":[{"embeddable":true,"href":"https:\/\/www.ludwig-van.com\/montreal\/wp-json\/wp\/v2\/comments?post=58896"}],"version-history":[{"count":2,"href":"https:\/\/www.ludwig-van.com\/montreal\/wp-json\/wp\/v2\/posts\/58896\/revisions"}],"predecessor-version":[{"id":58899,"href":"https:\/\/www.ludwig-van.com\/montreal\/wp-json\/wp\/v2\/posts\/58896\/revisions\/58899"}],"wp:featuredmedia":[{"embeddable":true,"href":"https:\/\/www.ludwig-van.com\/montreal\/wp-json\/wp\/v2\/media\/58897"}],"wp:attachment":[{"href":"https:\/\/www.ludwig-van.com\/montreal\/wp-json\/wp\/v2\/media?parent=58896"}],"wp:term":[{"taxonomy":"category","embeddable":true,"href":"https:\/\/www.ludwig-van.com\/montreal\/wp-json\/wp\/v2\/categories?post=58896"},{"taxonomy":"post_tag","embeddable":true,"href":"https:\/\/www.ludwig-van.com\/montreal\/wp-json\/wp\/v2\/tags?post=58896"},{"taxonomy":"yst_prominent_words","embeddable":true,"href":"https:\/\/www.ludwig-van.com\/montreal\/wp-json\/wp\/v2\/yst_prominent_words?post=58896"}],"curies":[{"name":"wp","href":"https:\/\/api.w.org\/{rel}","templated":true}]}}