{"id":58893,"date":"2019-02-26T16:54:38","date_gmt":"2019-02-26T21:54:38","guid":{"rendered":"https:\/\/www.ludwig-van.com\/montreal\/?p=58893"},"modified":"2019-02-26T16:54:38","modified_gmt":"2019-02-26T21:54:38","slug":"choix-de-redaction-10-concerts-classiques-a-decouvrir-cette-semaine-2","status":"publish","type":"post","link":"https:\/\/www.ludwig-van.com\/montreal\/2019\/02\/26\/choix-de-redaction-10-concerts-classiques-a-decouvrir-cette-semaine-2\/","title":{"rendered":"CHOIX DE LA R\u00c9DACTION  | Sept concerts classiques \u00e0 d\u00e9couvrir pour une semaine de musique intense"},"content":{"rendered":"<figure id=\"attachment_55725\" aria-describedby=\"caption-attachment-55725\" style=\"width: 700px\" class=\"wp-caption aligncenter\"><img decoding=\"async\" loading=\"lazy\" class=\"size-full wp-image-55725\" src=\"https:\/\/www.ludwig-van.com\/montreal\/wp-content\/uploads\/sites\/3\/2018\/07\/Michele-Losier-Charlotte-OdM-Yves-Renaud-calendrier.jpg\" alt=\"Michele Losier\" width=\"700\" height=\"465\" srcset=\"https:\/\/www.ludwig-van.com\/montreal\/wp-content\/uploads\/sites\/3\/2018\/07\/Michele-Losier-Charlotte-OdM-Yves-Renaud-calendrier.jpg 700w, https:\/\/www.ludwig-van.com\/montreal\/wp-content\/uploads\/sites\/3\/2018\/07\/Michele-Losier-Charlotte-OdM-Yves-Renaud-calendrier-300x199.jpg 300w\" sizes=\"(max-width: 700px) 100vw, 700px\" \/><figcaption id=\"caption-attachment-55725\" class=\"wp-caption-text\">Mich\u00e8le Losier. (Photo: Yves Renaud)<\/figcaption><\/figure>\n<p>Les concerts classiques de grande qualit\u00e9 prolif\u00e8rent encore cette semaine, alors que le Festival Montr\u00e9al\/Nouvelles Musiques se poursuit et que nos plus illustres chefs d&rsquo;orchestre sont en ville pour pr\u00e9senter des concerts tous plus passionnants les uns que les autres. Conflits d&rsquo;horaires au menu! Voici nos choix pour la semaine du 25 f\u00e9vrier au 3 mars.<\/p>\n<h2>Le Choix de la r\u00e9dactrice en chef: Le Ch\u00e2teau de Barbe-Bleue<\/h2>\n<p>Il est rarissime que l&rsquo;on puisse entendre l&rsquo;op\u00e9ra de Bartok, et cette version concert dirig\u00e9e par Yannick N\u00e9zet-S\u00e9guin promet. Avec Mich\u00e8le Losier, mezzo-soprano, et John Relyea, basse. On entendra aussi le talentueux Kerson Leong dans le Concerto pour violon no 1 de Bartok, et l&rsquo;Adagio pour cordes, de Samuel Barber. Vendredi, 1er mars, 19 h 30. <a href=\"https:\/\/www.ludwig-van.com\/montreal\/event\/orchestre-metropolitain-chateau-de-barbe-bleu\/\" target=\"_blank\" rel=\"noopener\">D\u00c9TAILS<\/a><\/p>\n<p>&nbsp;<\/p>\n<figure id=\"attachment_54913\" aria-describedby=\"caption-attachment-54913\" style=\"width: 1024px\" class=\"wp-caption aligncenter\"><img decoding=\"async\" loading=\"lazy\" class=\"size-full wp-image-54913\" src=\"https:\/\/www.ludwig-van.com\/montreal\/wp-content\/uploads\/sites\/3\/2018\/06\/Kent-Nagano1-refaite.jpg\" alt=\"Kent Nagano\" width=\"1024\" height=\"576\" srcset=\"https:\/\/www.ludwig-van.com\/montreal\/wp-content\/uploads\/sites\/3\/2018\/06\/Kent-Nagano1-refaite.jpg 1024w, https:\/\/www.ludwig-van.com\/montreal\/wp-content\/uploads\/sites\/3\/2018\/06\/Kent-Nagano1-refaite-300x169.jpg 300w, https:\/\/www.ludwig-van.com\/montreal\/wp-content\/uploads\/sites\/3\/2018\/06\/Kent-Nagano1-refaite-768x432.jpg 768w\" sizes=\"(max-width: 1024px) 100vw, 1024px\" \/><figcaption id=\"caption-attachment-54913\" class=\"wp-caption-text\">Kent Nagano. (Photo: courtoisie)<\/figcaption><\/figure>\n<h2>Rafa\u0142 Blechacz \u00e0 l&rsquo;OSM<\/h2>\n<p>Le pianiste polonais laur\u00e9at du Concours Chopin 2005 est toujours agr\u00e9able \u00e0 entendre. Il jouera la pi\u00e8ce au programme de la tourn\u00e9e europ\u00e9enne de l&rsquo;OSM: le Concerto pour piano no 23 en la majeur K. 488 de Mozart. Aussi au programme, l&rsquo;envo\u00fbtant Siddh\u00e2rta, de Claude Vivier et l&rsquo;Ouverture de la Fl\u00fbte enchant\u00e9e. Sous la direction de Kent Nagano, alors que l&rsquo;OSM s&rsquo;appr\u00eate aussi \u00e0 annoncer sa programmation, ce jeudi. Nous y serons! <strong>Les 27 et 28 f\u00e9vrier, 20 h, Maison symphonique.<\/strong> <a href=\"https:\/\/www.osm.ca\/fr\/concerts\/mozart-selon-kent-nagano\/\" target=\"_blank\" rel=\"noopener\">D\u00c9TAILS.<\/a><\/p>\n<p>&nbsp;<\/p>\n<figure id=\"attachment_58888\" aria-describedby=\"caption-attachment-58888\" style=\"width: 1000px\" class=\"wp-caption aligncenter\"><img decoding=\"async\" loading=\"lazy\" class=\"size-full wp-image-58888\" src=\"https:\/\/www.ludwig-van.com\/montreal\/wp-content\/uploads\/sites\/3\/2019\/02\/Cosi-fan-tutte-2.jpg\" alt=\"\" width=\"1000\" height=\"547\" srcset=\"https:\/\/www.ludwig-van.com\/montreal\/wp-content\/uploads\/sites\/3\/2019\/02\/Cosi-fan-tutte-2.jpg 1000w, https:\/\/www.ludwig-van.com\/montreal\/wp-content\/uploads\/sites\/3\/2019\/02\/Cosi-fan-tutte-2-300x164.jpg 300w, https:\/\/www.ludwig-van.com\/montreal\/wp-content\/uploads\/sites\/3\/2019\/02\/Cosi-fan-tutte-2-768x420.jpg 768w\" sizes=\"(max-width: 1000px) 100vw, 1000px\" \/><figcaption id=\"caption-attachment-58888\" class=\"wp-caption-text\">L&rsquo;OUM en r\u00e9p\u00e9tition pour Cosi fan Tutte, pr\u00e9sent\u00e9 \u00e0 la salle Claude-Champagne du 28 f\u00e9vrier au 3 mars. (Courtoisie UdeM\/Am\u00e9lie Philibert)<\/figcaption><\/figure>\n<h2>Cosi fan Tutte \u00e0 l&rsquo;UdeM<\/h2>\n<p>Une si merveilleuse musique! L&rsquo;un des plus beaux op\u00e9ras de Mozart pr\u00e9sent\u00e9 \u00e0 la salle Claude-Champagne par les \u00e9tudiants de la Facult\u00e9 de musique de l&rsquo;UdeM (Atelier d&rsquo;op\u00e9ra et OUM). Direction: Jean-Fran\u00e7ois Rivest. Mise en sc\u00e8ne: Claude Poissant. <a href=\"https:\/\/www.ludwig-van.com\/montreal\/2019\/02\/25\/opera-cosi-fan-tutte\/\" target=\"_blank\" rel=\"noopener\">LIRE NOTRE ARTICLE SUR CETTE PRODUCTION<\/a>. <strong>Du 28 f\u00e9vrier au 3 mars, salle Claude-Champagne.<\/strong> <a href=\"http:\/\/www.calendrier.umontreal.ca\/musique\/?com=detail&amp;eID=830718\" target=\"_blank\" rel=\"noopener\">D\u00c9TAILS.\u00a0<\/a><\/p>\n<p>&nbsp;<\/p>\n<figure id=\"attachment_53376\" aria-describedby=\"caption-attachment-53376\" style=\"width: 1024px\" class=\"wp-caption aligncenter\"><img decoding=\"async\" loading=\"lazy\" class=\"size-full wp-image-53376\" src=\"https:\/\/www.ludwig-van.com\/montreal\/wp-content\/uploads\/sites\/3\/2018\/04\/ViolonsDuRoy_JonathanCohen_cAtwoodPhotographie-2a.jpg\" alt=\"Jonathan Cohen\" width=\"1024\" height=\"576\" srcset=\"https:\/\/www.ludwig-van.com\/montreal\/wp-content\/uploads\/sites\/3\/2018\/04\/ViolonsDuRoy_JonathanCohen_cAtwoodPhotographie-2a.jpg 1024w, https:\/\/www.ludwig-van.com\/montreal\/wp-content\/uploads\/sites\/3\/2018\/04\/ViolonsDuRoy_JonathanCohen_cAtwoodPhotographie-2a-300x169.jpg 300w, https:\/\/www.ludwig-van.com\/montreal\/wp-content\/uploads\/sites\/3\/2018\/04\/ViolonsDuRoy_JonathanCohen_cAtwoodPhotographie-2a-768x432.jpg 768w\" sizes=\"(max-width: 1024px) 100vw, 1024px\" \/><figcaption id=\"caption-attachment-53376\" class=\"wp-caption-text\">Jonathan Cohen. (Photo: C. Atwood photographie)<\/figcaption><\/figure>\n<h2>La Cr\u00e9ation de Haydn aux Violons du Roy<\/h2>\n<p>Jonathan Cohen dirige <em>La Cr\u00e9ation<\/em> de Haydn \u00e0 Qu\u00e9bec et \u00e0 Montr\u00e9al. Les 27 et 28 f\u00e9vrier, 20 h, Palais-Montcalm, et le 3 mars, 19 h 30, Maison symphonique. <a href=\"http:\/\/www.violonsduroy.com\/fr\/evenements\/jonathan-cohen-et-la-creation-de-haydn\/2019-03-03-19-30\" target=\"_blank\" rel=\"noopener\">D\u00c9TAILS<\/a><\/p>\n<p>&nbsp;<\/p>\n<p style=\"text-align: center;\"><img decoding=\"async\" loading=\"lazy\" class=\"aligncenter size-full wp-image-58581\" src=\"https:\/\/www.ludwig-van.com\/montreal\/wp-content\/uploads\/sites\/3\/2019\/02\/Arte-Musica-grande-fete-du-clavecin.jpg\" alt=\"Arte Musica - La grande f\u00eate du clavecin !\" width=\"700\" height=\"700\" srcset=\"https:\/\/www.ludwig-van.com\/montreal\/wp-content\/uploads\/sites\/3\/2019\/02\/Arte-Musica-grande-fete-du-clavecin.jpg 700w, https:\/\/www.ludwig-van.com\/montreal\/wp-content\/uploads\/sites\/3\/2019\/02\/Arte-Musica-grande-fete-du-clavecin-150x150.jpg 150w, https:\/\/www.ludwig-van.com\/montreal\/wp-content\/uploads\/sites\/3\/2019\/02\/Arte-Musica-grande-fete-du-clavecin-300x300.jpg 300w\" sizes=\"(max-width: 700px) 100vw, 700px\" \/><\/p>\n<h2>La grande f\u00eate du clavecin<\/h2>\n<p>Huit clavecinistes qu\u00e9b\u00e9cois pr\u00e9sentent l&rsquo;Int\u00e9grale des huit Partitas de Graupner. Avec Luc Beaus\u00e9jour, Myl\u00e8ne B\u00e9langer, Johanne Couture, Hank Knox, Jean-Willy Kunz, Dom Andr\u00e9 Laberge et Genevi\u00e8ve Soly. <strong>Le 28 f\u00e9vrier, 19 h, salle Bourgie. <\/strong>D\u00c9TAILS<\/p>\n<p>&nbsp;<\/p>\n<figure id=\"attachment_58894\" aria-describedby=\"caption-attachment-58894\" style=\"width: 1024px\" class=\"wp-caption aligncenter\"><img decoding=\"async\" loading=\"lazy\" class=\"size-full wp-image-58894\" src=\"https:\/\/www.ludwig-van.com\/montreal\/wp-content\/uploads\/sites\/3\/2019\/02\/Trio_Fibonacci_montreal_Bourgie_Haladrian_morillo_WEB.jpg\" alt=\"\" width=\"1024\" height=\"682\" srcset=\"https:\/\/www.ludwig-van.com\/montreal\/wp-content\/uploads\/sites\/3\/2019\/02\/Trio_Fibonacci_montreal_Bourgie_Haladrian_morillo_WEB.jpg 1024w, https:\/\/www.ludwig-van.com\/montreal\/wp-content\/uploads\/sites\/3\/2019\/02\/Trio_Fibonacci_montreal_Bourgie_Haladrian_morillo_WEB-300x200.jpg 300w, https:\/\/www.ludwig-van.com\/montreal\/wp-content\/uploads\/sites\/3\/2019\/02\/Trio_Fibonacci_montreal_Bourgie_Haladrian_morillo_WEB-768x512.jpg 768w\" sizes=\"(max-width: 1024px) 100vw, 1024px\" \/><figcaption id=\"caption-attachment-58894\" class=\"wp-caption-text\">Le Trio Fibonacci. (Photo: Haladrian Morillo)<\/figcaption><\/figure>\n<h2>Le Trio Fibonacci et les minimalistes<\/h2>\n<p>L&rsquo;excellent Trio Fibonacci pr\u00e9sente le concert \u00ab\u00a0Les g\u00e9ants du minimalisme\u00a0\u00bb. Programme:<\/p>\n<p>Arvo P\u00e4rt: Fratres (nouvelle version pour trio)<\/p>\n<p>Philip Glass: Head On pour trio<\/p>\n<p>Ludovico Einaudi : \u0153uvres diverses<\/p>\n<p>Hildegarde de Bingen : O Virtus Sapientiae pour violon et violoncelle<\/p>\n<p>Max Richter: Mercy pour violon et piano<\/p>\n<p>John Adams: 40% Swing (de Road Movies) pour violon et piano<\/p>\n<p>Michael Nyman: Yellow Beach pour trio<\/p>\n<p>Maxime McKinley: Cr\u00e9ation pour trio<\/p>\n<p><strong>Vendredi 1er mars, 19 h 30, salle Bourgie.\u00a0<\/strong><\/p>\n<p>&nbsp;<\/p>\n<figure id=\"attachment_54389\" aria-describedby=\"caption-attachment-54389\" style=\"width: 1024px\" class=\"wp-caption aligncenter\"><img decoding=\"async\" loading=\"lazy\" class=\"size-full wp-image-54389\" src=\"https:\/\/www.ludwig-van.com\/montreal\/wp-content\/uploads\/sites\/3\/2018\/05\/Antoine-Malette-Che\u0301nier-photo-Kristan-Toczko.jpg\" alt=\"Antoine Malette-Ch\u00e9nier\" width=\"1024\" height=\"521\" srcset=\"https:\/\/www.ludwig-van.com\/montreal\/wp-content\/uploads\/sites\/3\/2018\/05\/Antoine-Malette-Che\u0301nier-photo-Kristan-Toczko.jpg 1024w, https:\/\/www.ludwig-van.com\/montreal\/wp-content\/uploads\/sites\/3\/2018\/05\/Antoine-Malette-Che\u0301nier-photo-Kristan-Toczko-300x153.jpg 300w, https:\/\/www.ludwig-van.com\/montreal\/wp-content\/uploads\/sites\/3\/2018\/05\/Antoine-Malette-Che\u0301nier-photo-Kristan-Toczko-768x391.jpg 768w\" sizes=\"(max-width: 1024px) 100vw, 1024px\" \/><figcaption id=\"caption-attachment-54389\" class=\"wp-caption-text\">Antoine Malette-Ch\u00e9nier. (Cr\u00e9dit: Kristan Toczko)<\/figcaption><\/figure>\n<h2>Harpe romantique \u00e0 la Chapelle<\/h2>\n<p>Le harpiste Antoine Malette-Ch\u00e9nier, laur\u00e9at du Concours de concertos de McGill, pr\u00e9sente un r\u00e9cital de pi\u00e8ces romantiques. Dimanche 3 mars, 15 h, Chapelle historique du Bon-Pasteur. <a href=\"https:\/\/www.ludwig-van.com\/montreal\/event\/chapelle-historique-pasteur-harpe-romantique\/\" target=\"_blank\" rel=\"noopener\">D\u00c9TAILS<\/a><\/p>\n<h2>LIRE AUSSI:<\/h2>\n<blockquote class=\"wp-embedded-content\" data-secret=\"qpBwlJ4udq\"><p><a href=\"https:\/\/www.ludwig-van.com\/montreal\/2019\/02\/25\/opera-cosi-fan-tutte\/\">OP\u00c9RA | Cosi fan Tutte: une oeuvre au tournant des si\u00e8cles<\/a><\/p><\/blockquote>\n<p><iframe class=\"wp-embedded-content\" sandbox=\"allow-scripts\" security=\"restricted\" style=\"position: absolute; clip: rect(1px, 1px, 1px, 1px);\" src=\"https:\/\/www.ludwig-van.com\/montreal\/2019\/02\/25\/opera-cosi-fan-tutte\/embed\/#?secret=qpBwlJ4udq\" data-secret=\"qpBwlJ4udq\" width=\"600\" height=\"338\" title=\"\u00ab\u00a0OP\u00c9RA | Cosi fan Tutte: une oeuvre au tournant des si\u00e8cles\u00a0\u00bb &#8212; Ludwig Van Montreal\" frameborder=\"0\" marginwidth=\"0\" marginheight=\"0\" scrolling=\"no\"><\/iframe><\/p>\n<p>&nbsp;<\/p>\n","protected":false},"excerpt":{"rendered":"<p>Les concerts classiques de grande qualit\u00e9 prolif\u00e8rent encore cette semaine, alors que le Festival Montr\u00e9al\/Nouvelles Musiques se poursuit et que nos plus illustres chefs d&rsquo;orchestre sont en ville pour pr\u00e9senter des concerts tous plus passionnants les uns que les autres. Conflits d&rsquo;horaires au menu! Voici nos choix pour la semaine du 25 f\u00e9vrier au 3 mars. <\/p>\n","protected":false},"author":51,"featured_media":55725,"comment_status":"open","ping_status":"open","sticky":false,"template":"","format":"standard","meta":{"om_disable_all_campaigns":false,"jetpack_post_was_ever_published":false},"categories":[28802],"tags":[28789,11882],"yst_prominent_words":[9863,30007,30010,30009,29998,30000,18674,30002,30001,29966,29965,19484,29968,29967,18274,18272,30003,30005,30006,30008],"acf":[],"jetpack_featured_media_url":"https:\/\/www.ludwig-van.com\/montreal\/wp-content\/uploads\/sites\/3\/2018\/07\/Michele-Losier-Charlotte-OdM-Yves-Renaud-calendrier.jpg","jetpack_sharing_enabled":true,"jetpack_shortlink":"https:\/\/wp.me\/p9bdYt-fjT","amp_enabled":true,"_links":{"self":[{"href":"https:\/\/www.ludwig-van.com\/montreal\/wp-json\/wp\/v2\/posts\/58893"}],"collection":[{"href":"https:\/\/www.ludwig-van.com\/montreal\/wp-json\/wp\/v2\/posts"}],"about":[{"href":"https:\/\/www.ludwig-van.com\/montreal\/wp-json\/wp\/v2\/types\/post"}],"author":[{"embeddable":true,"href":"https:\/\/www.ludwig-van.com\/montreal\/wp-json\/wp\/v2\/users\/51"}],"replies":[{"embeddable":true,"href":"https:\/\/www.ludwig-van.com\/montreal\/wp-json\/wp\/v2\/comments?post=58893"}],"version-history":[{"count":1,"href":"https:\/\/www.ludwig-van.com\/montreal\/wp-json\/wp\/v2\/posts\/58893\/revisions"}],"predecessor-version":[{"id":58895,"href":"https:\/\/www.ludwig-van.com\/montreal\/wp-json\/wp\/v2\/posts\/58893\/revisions\/58895"}],"wp:featuredmedia":[{"embeddable":true,"href":"https:\/\/www.ludwig-van.com\/montreal\/wp-json\/wp\/v2\/media\/55725"}],"wp:attachment":[{"href":"https:\/\/www.ludwig-van.com\/montreal\/wp-json\/wp\/v2\/media?parent=58893"}],"wp:term":[{"taxonomy":"category","embeddable":true,"href":"https:\/\/www.ludwig-van.com\/montreal\/wp-json\/wp\/v2\/categories?post=58893"},{"taxonomy":"post_tag","embeddable":true,"href":"https:\/\/www.ludwig-van.com\/montreal\/wp-json\/wp\/v2\/tags?post=58893"},{"taxonomy":"yst_prominent_words","embeddable":true,"href":"https:\/\/www.ludwig-van.com\/montreal\/wp-json\/wp\/v2\/yst_prominent_words?post=58893"}],"curies":[{"name":"wp","href":"https:\/\/api.w.org\/{rel}","templated":true}]}}