{"id":58834,"date":"2019-02-22T11:04:43","date_gmt":"2019-02-22T16:04:43","guid":{"rendered":"https:\/\/www.ludwig-van.com\/montreal\/?p=58834"},"modified":"2019-02-22T11:09:51","modified_gmt":"2019-02-22T16:09:51","slug":"compositeurs-celebres-mis-lumiere-concert-lili-boulanger-proches","status":"publish","type":"post","link":"https:\/\/www.ludwig-van.com\/montreal\/2019\/02\/22\/compositeurs-celebres-mis-lumiere-concert-lili-boulanger-proches\/","title":{"rendered":"Des compositeurs c\u00e9l\u00e9br\u00e9s mis en lumi\u00e8re dans le concert \u00ab Lili Boulanger et ses proches \u00bb"},"content":{"rendered":"<figure id=\"attachment_58835\" aria-describedby=\"caption-attachment-58835\" style=\"width: 962px\" class=\"wp-caption aligncenter\"><img decoding=\"async\" loading=\"lazy\" class=\"size-full wp-image-58835\" src=\"https:\/\/www.ludwig-van.com\/montreal\/wp-content\/uploads\/sites\/3\/2019\/02\/Lili-Boulanger-1.jpg\" alt=\"L'oeuvre de la compositrice Lili Boulanger sera au centre d'un concert \u00e0 McGill, le 1er mars prochain. \" width=\"962\" height=\"541\" srcset=\"https:\/\/www.ludwig-van.com\/montreal\/wp-content\/uploads\/sites\/3\/2019\/02\/Lili-Boulanger-1.jpg 962w, https:\/\/www.ludwig-van.com\/montreal\/wp-content\/uploads\/sites\/3\/2019\/02\/Lili-Boulanger-1-300x169.jpg 300w, https:\/\/www.ludwig-van.com\/montreal\/wp-content\/uploads\/sites\/3\/2019\/02\/Lili-Boulanger-1-768x432.jpg 768w\" sizes=\"(max-width: 962px) 100vw, 962px\" \/><figcaption id=\"caption-attachment-58835\" class=\"wp-caption-text\">L&rsquo;oeuvre de la compositrice Lili Boulanger sera au centre d&rsquo;un concert \u00e0 McGill, le 1er mars prochain.<\/figcaption><\/figure>\n<p>John Mac Master, coordonnateur<br \/>\n1 mars 2019, \u00e0 19 h 30<br \/>\nSalle Redpath (3461 McTavish Street)<br \/>\nBillets : 18$ \/ 12$ \u00e9tudiants<\/p>\n<p><strong>Montr\u00e9al, 22 f\u00e9vrier 2019<\/strong> \u2013 L\u2019\u00c9cole de musique Schulich de l\u2019Universit\u00e9 McGill est heureuse de vous accueillir \u00e0 Lili Boulanger et ses proches le 1er mars pour une soir\u00e9e c\u00e9l\u00e9brant la vie et l\u2019\u0153uvre de la c\u00e9l\u00e8bre compositrice fran\u00e7aise Lili Boulanger, presque 101 ans apr\u00e8s son d\u00e9c\u00e8s \u00e0 l\u2019\u00e2ge de 24 ans, en 1918.<\/p>\n<p>Coordonn\u00e9 par le professeur de voix de Schulich John McMaster, le concert pr\u00e9sentera la musique de Lili Boulanger elle-m\u00eame, ainsi que des compositions de sa s\u0153ur a\u00een\u00e9e Nadia Boulanger et de son ancien professeur Gabriel Faur\u00e9. Mettant en vedette une vari\u00e9t\u00e9 de duos avec piano, les \u0153uvres seront interpr\u00e9t\u00e9es par Edward Klorman (alto), Dominique Labelle (soprano) et St\u00e9phane Lemelin (piano), tous des professeurs Schulich, ainsi que la soprano Gina Hanzlik, qui a r\u00e9cemment compl\u00e9t\u00e9 sa ma\u00eetrise en musique \u00e0 l\u2019\u00c9cole. En outre, le professeur de th\u00e9orie musicale Peter Schubert partagera quelques souvenirs des ann\u00e9es qu\u2019il a pass\u00e9es a \u00e9tudier la th\u00e9orie et la direction d\u2019orchestre avec Nadia Boulanger \u00e0 Paris.<\/p>\n<p><strong>\u00c0 propos des Boulanger<\/strong><\/p>\n<p>Toutes deux respect\u00e9es en tant que compositrices et interpr\u00e8tes, Lili et Nadia Boulanger ont eu un impact durable \u00e0 travers leurs contributions individuelles \u00e0 la musique tout au long de leur vie.<\/p>\n<p>Malgr\u00e9 son d\u00e9c\u00e8s pr\u00e9matur\u00e9 \u00e0 un si jeune \u00e2ge d\u00fb \u00e0 une maladie chronique, Lili Boulanger a fait des vagues sur la sc\u00e8ne musicale internationale au tournant du si\u00e8cle en devenant la premi\u00e8re femme \u00e0 remporter le Prix de Rome \u2013 et \u00e0 19 ans, pas moins. Ce prix tant convoit\u00e9 a \u00e9t\u00e9 cr\u00e9\u00e9 au 17e si\u00e8cle et permettait aux laur\u00e9ats de vivre \u00e0 Rome aux d\u00e9pens de l\u2019\u00c9tat fran\u00e7ais pour une p\u00e9riode allant jusqu\u2019\u00e0 cinq ans. La r\u00e9ception de ce prix a permis \u00e0 Boulanger de rejoindre un public international plus vaste, et un nombre important de ses \u0153uvres \u00e0 succ\u00e8s continuent d\u2019\u00eatre jou\u00e9es aujourd\u2019hui.<\/p>\n<p>Nadia Boulanger \u00e9tait chef d\u2019orchestre et enseignante. Elle a enseign\u00e9 \u00e0 de nombreux compositeurs et arrangeurs remarquables du dernier si\u00e8cle, notamment Leonard Bernstein, Philip Glass et Quincy Jones. En fait, Schulich a un lien particulier avec Nadia, puisque les professeurs de th\u00e9orie musicale Peter Schubert et William Caplin ont tous deux pass\u00e9 du temps \u00e0 \u00e9tudier avec celle-ci. Bien qu\u2019elle f\u00fbt une compositrice accomplie lors de ses d\u00e9buts, elle a abandonn\u00e9 la composition apr\u00e8s la mort de sa s\u0153ur pour poursuivre d\u2019autres voies musicales.<\/p>\n<p><strong>\u00c0 propos du programme de concert et des interpr\u00e8tes<\/strong><\/p>\n<p>Programme<\/p>\n<p>\u2022 Trois morceaux, (de Lili Boulanger) avec St\u00e9phane Lemelin (piano)<br \/>\n\u2022 Trois pi\u00e8ces (de Nadia Boulanger), avec Edward Klorman (viola) et St\u00e9phane Lemelin<br \/>\n\u2022 <em>La Bonne Chanson<\/em> (de Gabriel Faur\u00e9), avec Dominique Labelle (soprano) et St\u00e9phane Lemelin<br \/>\n\u2022 <em>Clairi\u00e8res dans le ciel<\/em> (de Lili Boulanger), avec Gina Hanzlik (soprano) et St\u00e9phane Lemelin<\/p>\n<p>Le pianiste St\u00e9phane Lemelin s\u2019est produit sur la sc\u00e8ne internationale en tant que soliste et chambriste r\u00e9put\u00e9. En plus de ses fonctions actuelles \u00e0 Schulich en tant que professeur de piano et de directeur du d\u00e9partement d\u2019interpr\u00e9tation, il dirige la s\u00e9rie musicale francophone \u00ab D\u00e9couvertes 1890-1939 \u00bb sur l\u2019\u00e9tiquette ATMA Classique, consacr\u00e9e \u00e0 l\u2019interpr\u00e9tation d\u2019\u0153uvres moins connues du r\u00e9pertoire fran\u00e7ais du 20e si\u00e8cle.<\/p>\n<p>Edward Klorman est \u00e0 la fois un altiste et un th\u00e9oricien de la musique sp\u00e9cialis\u00e9 dans la musique tonale et la relation en l\u2019analyse et la performance. Klorman s\u2019est produit avec le Orion Quartet, le Borromeo Quartet, le Ying Quartet et le Lysander Trio, et a enseign\u00e9 la th\u00e9orie musicale, l\u2019alto et la musique de chambre \u00e0 la Julliard School, la Manhattan School of Music et au Queens College (CUNY) avant d\u2019accepter sa position de professeur adjoint de th\u00e9orie musicale \u00e0 Schulich.<\/p>\n<p>La soprano Dominique Labelle est r\u00e9put\u00e9e pour ses performances en tant que soliste et collaboratrice. Ayant perform\u00e9 avec le Colombus Symphony Orchestra, le Philarmonia Baroque Orchestra, le Royal Concertgebouw Orchestra et plus encore, elle a aussi paru sur plus de vingt enregistrements. Avec divers ensembles sur des \u00e9tiquettes telles que Naxos, RCA Victor et Deutsche Harmonia Mundi. Labelle est professeure de voix \u00e0 Schulich, o\u00f9 elle a r\u00e9cemment re\u00e7u le prix de Professeur Exceptionnel 2018.<\/p>\n<p>R\u00e9cemment dipl\u00f4m\u00e9e de l\u2019\u00c9cole de musique Schulich (MMus 2018), la soprano Gina Hanzlik s\u2019est produite avec Opera McGill, le Tapestry Orchestra, le Centre des arts Banff, le Michigan Opera Theatre, le McGill Symphony Orchestra et la Soci\u00e9t\u00e9 d\u2019art vocal de Montr\u00e9al. En 2017, elle \u00e9tait finaliste du Prix d\u2019art vocal Wirth et a re\u00e7u la bourse Dixie Ross-Neill.<\/p>\n<p>Peter Schubert est actuellement professeur associ\u00e9 de th\u00e9orie musicale \u00e0 Schulich et a fond\u00e9 et dirig\u00e9 les groupes acclam\u00e9s par la critique Opera Uptown, The New Calliope Singers et VivaVoce. De plus, il dirige l\u2019ensemble montr\u00e9alais The Orpheus Singers depuis 1991 et est l\u2019auteur de l\u2019important manuel Modal Counterpoint, Renaissance Style (Oxford University Press, 1999). Peter a \u00e9tudi\u00e9 pendant deux ans avec Nadia Boulanger \u00e0 Paris, notamment lors des gr\u00e8ves \u00e9tudiantes de 1968.<\/p>\n<p>Joignez-vous \u00e0 nous le 1er mars \u00e0 la salle Redpath pour c\u00e9l\u00e9brer Lili Boulanger! Les billets sont disponibles pour achat en ligne ici ou en personne \u00e0 la billetterie de l\u2019\u00c9cole de musique Schulich.<\/p>\n<p><em><strong>La publication de ce communiqu\u00e9 est un privil\u00e8ge r\u00e9serv\u00e9 aux membres de Ludwig van Montr\u00e9al. Pour savoir comment devenir membre, \u00e9crivez-nous \u00e0 caroline@ludwig-van.com\u00a0<\/strong><\/em><\/p>\n<p>&nbsp;<\/p>\n<p>&nbsp;<\/p>\n","protected":false},"excerpt":{"rendered":"<p>L\u2019\u00c9cole de musique Schulich de l\u2019Universit\u00e9 McGill est heureuse de vous accueillir \u00e0 Lili Boulanger et ses proches le 1er mars pour une soir\u00e9e c\u00e9l\u00e9brant la vie et l\u2019\u0153uvre de la c\u00e9l\u00e8bre compositrice fran\u00e7aise Lili Boulanger, presque 101 ans apr\u00e8s son d\u00e9c\u00e8s \u00e0 l\u2019\u00e2ge de 24 ans, en 1918.<\/p>\n","protected":false},"author":7,"featured_media":58835,"comment_status":"open","ping_status":"open","sticky":false,"template":"","format":"standard","meta":{"om_disable_all_campaigns":false,"jetpack_post_was_ever_published":false},"categories":[28802],"tags":[17218],"yst_prominent_words":[28350,13269,29846,10386,10376,29851,29847,28348,29859,29850,29852,29854,29848,29857,28479,29856,12577,29853,29858,29849],"acf":[],"jetpack_featured_media_url":"https:\/\/www.ludwig-van.com\/montreal\/wp-content\/uploads\/sites\/3\/2019\/02\/Lili-Boulanger-1.jpg","jetpack_sharing_enabled":true,"jetpack_shortlink":"https:\/\/wp.me\/p9bdYt-fiW","amp_enabled":true,"_links":{"self":[{"href":"https:\/\/www.ludwig-van.com\/montreal\/wp-json\/wp\/v2\/posts\/58834"}],"collection":[{"href":"https:\/\/www.ludwig-van.com\/montreal\/wp-json\/wp\/v2\/posts"}],"about":[{"href":"https:\/\/www.ludwig-van.com\/montreal\/wp-json\/wp\/v2\/types\/post"}],"author":[{"embeddable":true,"href":"https:\/\/www.ludwig-van.com\/montreal\/wp-json\/wp\/v2\/users\/7"}],"replies":[{"embeddable":true,"href":"https:\/\/www.ludwig-van.com\/montreal\/wp-json\/wp\/v2\/comments?post=58834"}],"version-history":[{"count":2,"href":"https:\/\/www.ludwig-van.com\/montreal\/wp-json\/wp\/v2\/posts\/58834\/revisions"}],"predecessor-version":[{"id":58837,"href":"https:\/\/www.ludwig-van.com\/montreal\/wp-json\/wp\/v2\/posts\/58834\/revisions\/58837"}],"wp:featuredmedia":[{"embeddable":true,"href":"https:\/\/www.ludwig-van.com\/montreal\/wp-json\/wp\/v2\/media\/58835"}],"wp:attachment":[{"href":"https:\/\/www.ludwig-van.com\/montreal\/wp-json\/wp\/v2\/media?parent=58834"}],"wp:term":[{"taxonomy":"category","embeddable":true,"href":"https:\/\/www.ludwig-van.com\/montreal\/wp-json\/wp\/v2\/categories?post=58834"},{"taxonomy":"post_tag","embeddable":true,"href":"https:\/\/www.ludwig-van.com\/montreal\/wp-json\/wp\/v2\/tags?post=58834"},{"taxonomy":"yst_prominent_words","embeddable":true,"href":"https:\/\/www.ludwig-van.com\/montreal\/wp-json\/wp\/v2\/yst_prominent_words?post=58834"}],"curies":[{"name":"wp","href":"https:\/\/api.w.org\/{rel}","templated":true}]}}