{"id":58823,"date":"2019-02-20T16:08:13","date_gmt":"2019-02-20T21:08:13","guid":{"rendered":"https:\/\/www.ludwig-van.com\/montreal\/?p=58823"},"modified":"2019-02-22T00:01:01","modified_gmt":"2019-02-22T05:01:01","slug":"conservatoire-de-musique-dart-dramatique-quebec-passe-maitre-lart-de-faire-briller-talents-dici","status":"publish","type":"post","link":"https:\/\/www.ludwig-van.com\/montreal\/2019\/02\/20\/conservatoire-de-musique-dart-dramatique-quebec-passe-maitre-lart-de-faire-briller-talents-dici\/","title":{"rendered":"Le Conservatoire de musique et d\u2019art dramatique du Qu\u00e9bec, pass\u00e9 ma\u00eetre dans l\u2019art de faire briller les talents d\u2019ici"},"content":{"rendered":"<figure id=\"attachment_48666\" aria-describedby=\"caption-attachment-48666\" style=\"width: 1024px\" class=\"wp-caption aligncenter\"><img decoding=\"async\" loading=\"lazy\" class=\"size-full wp-image-48666\" src=\"https:\/\/www.ludwig-van.com\/montreal\/wp-content\/uploads\/sites\/3\/2017\/10\/Musiciens_Conservatoire_JimmiFrancoeur.jpg\" alt=\"Musiciens du conservatoire (Cr\u00e9dit: Jimmi Francoeur)\" width=\"1024\" height=\"683\" srcset=\"https:\/\/www.ludwig-van.com\/montreal\/wp-content\/uploads\/sites\/3\/2017\/10\/Musiciens_Conservatoire_JimmiFrancoeur.jpg 1024w, https:\/\/www.ludwig-van.com\/montreal\/wp-content\/uploads\/sites\/3\/2017\/10\/Musiciens_Conservatoire_JimmiFrancoeur-300x200.jpg 300w, https:\/\/www.ludwig-van.com\/montreal\/wp-content\/uploads\/sites\/3\/2017\/10\/Musiciens_Conservatoire_JimmiFrancoeur-768x512.jpg 768w\" sizes=\"(max-width: 1024px) 100vw, 1024px\" \/><figcaption id=\"caption-attachment-48666\" class=\"wp-caption-text\">Musiciens du conservatoire (Cr\u00e9dit: Jimmi Francoeur)<\/figcaption><\/figure>\n<p><strong>Qu\u00e9bec, 20\u00a0 janvier 2019<\/strong> &#8211; Le Conservatoire de musique et d\u2019art dramatique du Qu\u00e9bec invite les jeunes talents de partout au Qu\u00e9bec \u00e0 remplir une demande d\u2019admission pour venir \u00e9tudier dans l\u2019une ou l\u2019autre de ses 9 \u00e9coles d\u00e9ploy\u00e9es \u00e0 travers la province.<\/p>\n<p>Le microsite <a href=\"http:\/\/entrezenscene.com\/\" target=\"_blank\" rel=\"noopener\">entrezensc\u00e8ne.com<\/a> permet d\u2019aiguiller les futurs \u00e9l\u00e8ves souhaitant s\u2019inscrire pour l\u2019ann\u00e9e scolaire 2019-2020. La date limite pour remplir le formulaire d\u2019admission \u00e9tant fix\u00e9e au <strong>1er mars 2019<\/strong>, certains \u00e9tablissements acceptent des demandes tardives, en fonction des r\u00e9alit\u00e9s de chaque r\u00e9gion.<\/p>\n<h3>Une formation pr\u00e9paratoire gratuite d\u00e8s l\u2019\u00e2ge de 8 ans dans 7 villes du Qu\u00e9bec<\/h3>\n<p>Gr\u00e2ce \u00e0 son continuum de formation musicale unique en Am\u00e9rique du Nord, le Conservatoire peut faire cheminer l\u2019\u00e9l\u00e8ve en<a href=\"http:\/\/www.conservatoire.gouv.qc.ca\/la-formation\/musique\/interpretation\/\" target=\"_blank\" rel=\"noopener\"> interpr\u00e9tation<\/a> dans <a href=\"http:\/\/www.conservatoire.gouv.qc.ca\/la-formation\/musique\/professeurs-et-disciplines\/\" target=\"_blank\" rel=\"noopener\">21 disciplines instrumentales diff\u00e9rentes<\/a>, et ce, du niveau primaire \u00e0 la ma\u00eetrise universitaire. Au niveau sup\u00e9rieur, le chant, la direction et la <a href=\"http:\/\/www.conservatoire.gouv.qc.ca\/la-formation\/musique\/composition\/article\/ecriture-composition\" target=\"_blank\" rel=\"noopener\">composition<\/a> sont \u00e9galement offerts. En art dramatique, les formations en <a href=\"http:\/\/www.conservatoire.gouv.qc.ca\/la-formation\/art-dramatique\/jeu\/jeu\/\" target=\"_blank\" rel=\"noopener\">Jeu<\/a> et en <a href=\"http:\/\/www.conservatoire.gouv.qc.ca\/la-formation\/art-dramatique\/scenographie\/\" target=\"_blank\" rel=\"noopener\">Sc\u00e9nographie<\/a> sont de niveau du 1er cycle universitaire, tandis que le programme de <a href=\"http:\/\/www.conservatoire.gouv.qc.ca\/la-formation\/art-dramatique\/mise-en-scene-et-creation\/\" target=\"_blank\" rel=\"noopener\">Mise en sc\u00e8ne et cr\u00e9ation<\/a> est de niveau du 2e cycle universitaire.<\/p>\n<p>Certains ne connaissent pas encore ce secret trop bien gard\u00e9 : les jeunes musiciens peuvent s\u2019inscrire au Conservatoire \u00e0 temps partiel <strong>d\u00e8s l\u2019\u00e2ge de 8 ans<\/strong> (sous certaines conditions) pour b\u00e9n\u00e9ficier d\u2019une <a href=\"http:\/\/www.conservatoire.gouv.qc.ca\/la-formation\/musique\/interpretation\/article\/interpretation-niveau-preparatoire\" target=\"_blank\" rel=\"noopener\">formation musicale pr\u00e9paratoire<\/a> <strong>globale et gratuite<\/strong>, \u00e0 Gatineau, \u00e0 Montr\u00e9al, \u00e0 Qu\u00e9bec, \u00e0 Rimouski, \u00e0 Saguenay, \u00e0 Trois-Rivi\u00e8res et \u00e0 Val-d\u2019Or. Plusieurs ententes existent d\u2019ailleurs entre le Conservatoire et divers \u00e9tablissements scolaires du Qu\u00e9bec pour am\u00e9nager l\u2019horaire des jeunes musiciens et faciliter leurs d\u00e9placements.<\/p>\n<p>Le <a href=\"http:\/\/www.conservatoire.gouv.qc.ca\/\" target=\"_blank\" rel=\"noopener\">site Web du Conservatoire<\/a> permet d\u2019en savoir davantage sur le processus d\u2019admission, la pr\u00e9paration des auditions, les professeurs, le r\u00e9gime p\u00e9dagogique et les droits de scolarit\u00e9.<\/p>\n<h3>Un corps professoral d\u2019exception au rayonnement international<\/h3>\n<p>Les \u00e9tudes sup\u00e9rieures en arts de la sc\u00e8ne comportent ceci de particulier : souvent, l\u2019\u00e9l\u00e8ve choisit son ma\u00eetre avant m\u00eame de s\u00e9lectionner son institution. Ainsi, le corps professoral du Conservatoire, tri\u00e9 sur le volet, est avantageusement form\u00e9 de professeurs chevronn\u00e9s et r\u00e9put\u00e9s, actifs sur la sc\u00e8ne artistique nationale et internationale. Faire son Conservatoire, c\u2019est donc \u00eatre entour\u00e9 quotidiennement d\u2019une \u00e9quipe d\u00e9vou\u00e9e, de haut calibre. Le site Web de l\u2019institution permet aussi de d\u00e9couvrir l\u2019impressionnant parcours des professeurs de cette grande \u00e9cole :<\/p>\n<p>\u2014 <a href=\"http:\/\/www.conservatoire.gouv.qc.ca\/la-formation\/musique\/professeurs-et-disciplines\/\" target=\"_blank\" rel=\"noopener\">Musique<\/a><br \/>\n\u2014 <a href=\"http:\/\/www.conservatoire.gouv.qc.ca\/reseau\/conservatoire-d-art-dramatique\/montreal\/etudier-au-conservatoire\/professeurs-438\" target=\"_blank\" rel=\"noopener\">Art dramatique Montr\u00e9al <\/a><br \/>\n\u2014 <a href=\"http:\/\/www.conservatoire.gouv.qc.ca\/reseau\/conservatoire-d-art-dramatique\/quebec\/etudier-au-conservatoire\/professeurs-450\" target=\"_blank\" rel=\"noopener\">Art dramatique Qu\u00e9bec<\/a><\/p>\n<p>&nbsp;<\/p>\n<p>Faire son Conservatoire, c\u2019est aussi suivre la trace de chanteurs, interpr\u00e8tes, compositeurs, chefs d\u2019orchestre, acteurs, sc\u00e9nographes, dramaturges, metteurs en sc\u00e8ne et cr\u00e9ateurs c\u00e9l\u00e8bres qui ont \u00e9tudi\u00e9 dans cette institution au cours des 75 derni\u00e8res ann\u00e9es. (Voir en annexe une liste d\u2019artistes de renom issus du Conservatoire.)<\/p>\n<h3>L\u2019essor de la rel\u00e8ve artistique d\u2019ici : le fruit de nos efforts r\u00e9unis<\/h3>\n<p>Le Conservatoire d\u00e9piste et propulse les artistes de la sc\u00e8ne culturelle d\u2019ici et d\u2019ailleurs depuis plus de 75 ans. \u00c0 l\u2019occasion de sa campagne d\u2019admission 2019-2020, l\u2019institution invite tout un chacun \u00e0 convier les talents de son entourage aux auditions d\u2019entr\u00e9e du Conservatoire. Encouragez les artistes professionnels de demain \u00e0 aller au bout de leurs r\u00eaves ; invitez-les \u00e0 remplir une demande d\u2019admission sur le site <a href=\"http:\/\/entrezenscene.com\/\" target=\"_blank\" rel=\"noopener\">entrezensc\u00e8ne.com.<\/a><\/p>\n<p>Partagez aussi les 3 capsules vid\u00e9o de la campagne d\u2019admission :<\/p>\n<p><a href=\"https:\/\/www.facebook.com\/watch\/?v=351677158755276\" target=\"_blank\" rel=\"noopener\">\u00c9tudes sup\u00e9rieures en musique<\/a><br \/>\n<a href=\"https:\/\/www.facebook.com\/watch\/?v=767351986975796\" target=\"_blank\" rel=\"noopener\">\u00c9tudes sup\u00e9rieures en art dramatique<\/a><br \/>\n<a href=\"https:\/\/www.facebook.com\/watch\/?v=221480482091649\">Programme pr\u00e9paratoire en musique <\/a><\/p>\n<p>&nbsp;<\/p>\n<p><em><strong>La publication de ce communiqu\u00e9 est un privil\u00e8ge r\u00e9serv\u00e9 aux membres de Ludwig van Montr\u00e9al. Pour savoir comment devenir membre, \u00e9crivez-nous \u00e0 caroline@ludwig-van.com\u00a0<\/strong><\/em><\/p>\n","protected":false},"excerpt":{"rendered":"<p>Qu\u00e9bec, 20  janvier 2019 &#8211; Le Conservatoire de musique et d\u2019art dramatique du Qu\u00e9bec invite les jeunes talents de partout au Qu\u00e9bec \u00e0 remplir une demande d\u2019admission pour venir \u00e9tudier dans l\u2019une ou l\u2019autre de ses 9 \u00e9coles d\u00e9ploy\u00e9es \u00e0 travers la province. <\/p>\n","protected":false},"author":7,"featured_media":48666,"comment_status":"open","ping_status":"open","sticky":false,"template":"","format":"standard","meta":{"om_disable_all_campaigns":false,"jetpack_post_was_ever_published":false},"categories":[28802,11944],"tags":[28789,21652],"yst_prominent_words":[29821,17597,17596,13223,29827,29826,29822,29818,17602,29829,29828,17598,10531,10699,29820,29819,9811,9838,10541,9859],"acf":[],"jetpack_featured_media_url":"https:\/\/www.ludwig-van.com\/montreal\/wp-content\/uploads\/sites\/3\/2017\/10\/Musiciens_Conservatoire_JimmiFrancoeur.jpg","jetpack_sharing_enabled":true,"jetpack_shortlink":"https:\/\/wp.me\/p9bdYt-fiL","amp_enabled":true,"_links":{"self":[{"href":"https:\/\/www.ludwig-van.com\/montreal\/wp-json\/wp\/v2\/posts\/58823"}],"collection":[{"href":"https:\/\/www.ludwig-van.com\/montreal\/wp-json\/wp\/v2\/posts"}],"about":[{"href":"https:\/\/www.ludwig-van.com\/montreal\/wp-json\/wp\/v2\/types\/post"}],"author":[{"embeddable":true,"href":"https:\/\/www.ludwig-van.com\/montreal\/wp-json\/wp\/v2\/users\/7"}],"replies":[{"embeddable":true,"href":"https:\/\/www.ludwig-van.com\/montreal\/wp-json\/wp\/v2\/comments?post=58823"}],"version-history":[{"count":2,"href":"https:\/\/www.ludwig-van.com\/montreal\/wp-json\/wp\/v2\/posts\/58823\/revisions"}],"predecessor-version":[{"id":58831,"href":"https:\/\/www.ludwig-van.com\/montreal\/wp-json\/wp\/v2\/posts\/58823\/revisions\/58831"}],"wp:featuredmedia":[{"embeddable":true,"href":"https:\/\/www.ludwig-van.com\/montreal\/wp-json\/wp\/v2\/media\/48666"}],"wp:attachment":[{"href":"https:\/\/www.ludwig-van.com\/montreal\/wp-json\/wp\/v2\/media?parent=58823"}],"wp:term":[{"taxonomy":"category","embeddable":true,"href":"https:\/\/www.ludwig-van.com\/montreal\/wp-json\/wp\/v2\/categories?post=58823"},{"taxonomy":"post_tag","embeddable":true,"href":"https:\/\/www.ludwig-van.com\/montreal\/wp-json\/wp\/v2\/tags?post=58823"},{"taxonomy":"yst_prominent_words","embeddable":true,"href":"https:\/\/www.ludwig-van.com\/montreal\/wp-json\/wp\/v2\/yst_prominent_words?post=58823"}],"curies":[{"name":"wp","href":"https:\/\/api.w.org\/{rel}","templated":true}]}}