{"id":58775,"date":"2019-02-17T17:31:50","date_gmt":"2019-02-17T22:31:50","guid":{"rendered":"https:\/\/www.ludwig-van.com\/montreal\/?p=58775"},"modified":"2019-02-17T17:40:31","modified_gmt":"2019-02-17T22:40:31","slug":"choix-de-redaction-dix-concerts-classiques-devriez-courir-entendre-cette-semaine","status":"publish","type":"post","link":"https:\/\/www.ludwig-van.com\/montreal\/2019\/02\/17\/choix-de-redaction-dix-concerts-classiques-devriez-courir-entendre-cette-semaine\/","title":{"rendered":"CHOIX DE LA R\u00c9DACTION  | 10 concerts classiques que vous devriez courir entendre cette semaine"},"content":{"rendered":"<figure id=\"attachment_53915\" aria-describedby=\"caption-attachment-53915\" style=\"width: 1024px\" class=\"wp-caption aligncenter\"><img decoding=\"async\" loading=\"lazy\" class=\"size-full wp-image-53915\" src=\"https:\/\/www.ludwig-van.com\/montreal\/wp-content\/uploads\/sites\/3\/2018\/05\/Nevermind_Rita-Cuggia.jpg\" alt=\"\" width=\"1024\" height=\"680\" srcset=\"https:\/\/www.ludwig-van.com\/montreal\/wp-content\/uploads\/sites\/3\/2018\/05\/Nevermind_Rita-Cuggia.jpg 1024w, https:\/\/www.ludwig-van.com\/montreal\/wp-content\/uploads\/sites\/3\/2018\/05\/Nevermind_Rita-Cuggia-300x199.jpg 300w, https:\/\/www.ludwig-van.com\/montreal\/wp-content\/uploads\/sites\/3\/2018\/05\/Nevermind_Rita-Cuggia-768x510.jpg 768w\" sizes=\"(max-width: 1024px) 100vw, 1024px\" \/><figcaption id=\"caption-attachment-53915\" class=\"wp-caption-text\">L&rsquo;ensemble Nevermind sera \u00e0 Pro Musica cette semaine. (Photo: Rita Cuggia)<\/figcaption><\/figure>\n<p>L&rsquo;hiver est dur mais la musique est douce. Pour nous r\u00e9chauffer avec toutes ces temp\u00eates successives, courons entendre un concert et oublions quelques instants ce qui se passe dehors. On a l&#8217;embarras du choix encore cette semaine avec plusieurs concerts de qualit\u00e9, sans oublier que le <a href=\"https:\/\/www.ludwig-van.com\/montreal\/2019\/02\/13\/festivals-montreal-nouvelle-musique-incontournables\/\" target=\"_blank\" rel=\"noopener\">Festival Montr\u00e9al\/Nouvelles Musiques<\/a> commence le 21. Dimanche, pas moins de quatre concerts sont pr\u00e9sent\u00e9s pratiquement en m\u00eame temps. <strong>Voici nos suggestions du 18 au 24 f\u00e9vrier.<\/strong><\/p>\n<h2>Le Choix de la r\u00e9dactrice en chef: Nevermind<\/h2>\n<p>Pour la premi\u00e8re fois \u00e0 Montr\u00e9al, l&rsquo;ensemble Nevermind, r\u00e9unissant la fl\u00fbtiste Anna Besson, le violoniste Louis Creac\u2019h, le gambiste Robin Pharo et le claveciniste Jean Rondeau, pr\u00e9sente aux m\u00e9lomanes montr\u00e9alais des \u0153uvres des r\u00e9pertoires fran\u00e7ais et allemand du dix-septi\u00e8me si\u00e8cle.<\/p>\n<p><strong>Jeudi 21 f\u00e9vrier, 20 h, salle Pierre-Mercure.<\/strong> <a href=\"https:\/\/www.ludwig-van.com\/montreal\/event\/pro-musica-nevermind\/\" target=\"_blank\" rel=\"noopener\">D\u00c9TAILS<\/a><\/p>\n<p>&nbsp;<\/p>\n<p>&nbsp;<\/p>\n<p>&nbsp;<\/p>\n<figure id=\"attachment_48759\" aria-describedby=\"caption-attachment-48759\" style=\"width: 1024px\" class=\"wp-caption aligncenter\"><img decoding=\"async\" loading=\"lazy\" class=\"size-full wp-image-48759\" src=\"https:\/\/www.ludwig-van.com\/montreal\/wp-content\/uploads\/sites\/3\/2017\/10\/Stephane_Tetreault_credit_Luc_Robitaille_web.jpg\" alt=\"St\u00e9phane T\u00e9treault, violoncelliste. (Cr\u00e9dit: Luc Robitaille)\" width=\"1024\" height=\"769\" srcset=\"https:\/\/www.ludwig-van.com\/montreal\/wp-content\/uploads\/sites\/3\/2017\/10\/Stephane_Tetreault_credit_Luc_Robitaille_web.jpg 1024w, https:\/\/www.ludwig-van.com\/montreal\/wp-content\/uploads\/sites\/3\/2017\/10\/Stephane_Tetreault_credit_Luc_Robitaille_web-300x225.jpg 300w, https:\/\/www.ludwig-van.com\/montreal\/wp-content\/uploads\/sites\/3\/2017\/10\/Stephane_Tetreault_credit_Luc_Robitaille_web-768x577.jpg 768w\" sizes=\"(max-width: 1024px) 100vw, 1024px\" \/><figcaption id=\"caption-attachment-48759\" class=\"wp-caption-text\">St\u00e9phane T\u00e9treault, violoncelliste. (Cr\u00e9dit: Luc Robitaille)<\/figcaption><\/figure>\n<h2>St\u00e9phane T\u00e9treault \u00e0 l&rsquo;Orchestre de chambre McGill<\/h2>\n<p><strong>St\u00e9phane T\u00e9treault<\/strong> retrouve l&rsquo;<strong>Orchestre de chambre McGill<\/strong>, avec qui il a jou\u00e9 pour la premi\u00e8re fois quand il avait douze ans. Bien remis de sa <a href=\"https:\/\/www.ludwig-van.com\/montreal\/2019\/01\/16\/nouvelle-stephane-tetreault-reporte-son-concert-du-19-janvier-avec-lorchestre-de-chambre-mcgill\/\" target=\"_blank\" rel=\"noopener\">blessure \u00e0 un doigt<\/a>, le violoncelliste jouera les <em>Variations sur un th\u00e8me Rococo<\/em> de Tcha\u00efkovski. Aussi au programme:<em>\u00a0Brott\u2019s Arabesque<\/em>, d&rsquo;Alexander Brott, la S\u00e9r\u00e9nade pour cordes Op.48, de Tcha\u00efkovski, et <em>Variations sur un th\u00e8me de Tchaikovsky<\/em>, A. Arensky. Sous la direction de <strong>Boris Brott<\/strong>. <strong>Lundi 18 f\u00e9vrier, 20 h, salle Bourgie.<\/strong> <a href=\"https:\/\/www.ludwig-van.com\/montreal\/event\/orchestre-de-chambre-mcgill-tchaikovsky-tetreault\/\" target=\"_blank\" rel=\"noopener\">D\u00c9TAILS<\/a><\/p>\n<p>&nbsp;<\/p>\n<figure id=\"attachment_58575\" aria-describedby=\"caption-attachment-58575\" style=\"width: 1024px\" class=\"wp-caption aligncenter\"><img decoding=\"async\" loading=\"lazy\" class=\"size-full wp-image-58575\" src=\"https:\/\/www.ludwig-van.com\/montreal\/wp-content\/uploads\/sites\/3\/2019\/02\/Llyr-Williams-photo-BG-Ealovega.jpg\" alt=\"Llyr Williams\" width=\"1024\" height=\"576\" srcset=\"https:\/\/www.ludwig-van.com\/montreal\/wp-content\/uploads\/sites\/3\/2019\/02\/Llyr-Williams-photo-BG-Ealovega.jpg 1024w, https:\/\/www.ludwig-van.com\/montreal\/wp-content\/uploads\/sites\/3\/2019\/02\/Llyr-Williams-photo-BG-Ealovega-300x169.jpg 300w, https:\/\/www.ludwig-van.com\/montreal\/wp-content\/uploads\/sites\/3\/2019\/02\/Llyr-Williams-photo-BG-Ealovega-768x432.jpg 768w\" sizes=\"(max-width: 1024px) 100vw, 1024px\" \/><figcaption id=\"caption-attachment-58575\" class=\"wp-caption-text\">Le pianiste Llyr Williams est en r\u00e9cital \u00e0 la salle Bourgie cette semaine. (Photo: BG Ealovega)<\/figcaption><\/figure>\n<h2>Llyr Williams, pianiste<\/h2>\n<p>Le pianiste gallois Llyr Williams fait ses d\u00e9buts \u00e0 Montr\u00e9al. Au programme:<\/p>\n<p>RAVEL<br \/>\nJeux d\u2019eau et Miroirs (extraits)<br \/>\nFAUR\u00c9<br \/>\nBarcarolle no 4<br \/>\nNocturne no 1<br \/>\nImpromptu no 3<br \/>\nLISZT<br \/>\nDeux \u00c9tudes d\u2019ex\u00e9cution transcendante (Appassionata et Harmonies du soir)<br \/>\nWAGNER<br \/>\nSonate pour l\u2019album de Madame M.W.<br \/>\nWAGNER\/LISZT<br \/>\nFantaisie sur trois th\u00e8mes de Rienzi<br \/>\nCh\u0153ur des fileuses du Vaisseau fant\u00f4me<br \/>\nRomance \u00e0 l\u2019\u00e9toile de Tannha\u00fcser<br \/>\nLiebestod de Tristan et Isolde<\/p>\n<p><strong>Mercredi 20 f\u00e9vrier, 19 h 30, salle Bourgie.<\/strong> <a href=\"https:\/\/www.ludwig-van.com\/montreal\/event\/arte-musica-llyr-williams\/\" target=\"_blank\" rel=\"noopener\">D\u00c9TAILS<\/a><\/p>\n<p>&nbsp;<\/p>\n<figure id=\"attachment_56977\" aria-describedby=\"caption-attachment-56977\" style=\"width: 1024px\" class=\"wp-caption aligncenter\"><img decoding=\"async\" loading=\"lazy\" class=\"size-full wp-image-56977\" src=\"https:\/\/www.ludwig-van.com\/montreal\/wp-content\/uploads\/sites\/3\/2018\/04\/BramwellTovey@DavidCooper2019-02-20-1.jpg\" alt=\"Bramwell Tovey\" width=\"1024\" height=\"685\" srcset=\"https:\/\/www.ludwig-van.com\/montreal\/wp-content\/uploads\/sites\/3\/2018\/04\/BramwellTovey@DavidCooper2019-02-20-1.jpg 1024w, https:\/\/www.ludwig-van.com\/montreal\/wp-content\/uploads\/sites\/3\/2018\/04\/BramwellTovey@DavidCooper2019-02-20-1-300x201.jpg 300w, https:\/\/www.ludwig-van.com\/montreal\/wp-content\/uploads\/sites\/3\/2018\/04\/BramwellTovey@DavidCooper2019-02-20-1-768x514.jpg 768w\" sizes=\"(max-width: 1024px) 100vw, 1024px\" \/><figcaption id=\"caption-attachment-56977\" class=\"wp-caption-text\">Le chef Bramwell Tovey dirige l&rsquo;OSQ mercredi soir. (Photo: David Cooper)<\/figcaption><\/figure>\n<h2>Qu\u00e9bec: les Variations Enigma \u00e0 l&rsquo;OSQ<\/h2>\n<p>Beau programme \u00e0 l&rsquo;OSQ cette semaine avec les Variations Enigma, d&rsquo;Elgar, le Concerto pour violon no 2 de Mendelssohn (soliste invit\u00e9: Roman Simovic) et l&rsquo;ouverture du Corsaire, de Berlioz. Sous la direction du chef\u00a0Bramwell Tovey.\u00a0<strong>Mercredi 20 f\u00e9vrier, 20 h, Grand Th\u00e9\u00e2tre de Qu\u00e9bec.<\/strong> <a href=\"https:\/\/www.ludwig-van.com\/montreal\/event\/osq-variations-enigma-concerto-violon-de-mendelssohn\/\" target=\"_blank\" rel=\"noopener\">D\u00c9TAILS<\/a><\/p>\n<p>&nbsp;<\/p>\n<figure id=\"attachment_58615\" aria-describedby=\"caption-attachment-58615\" style=\"width: 1024px\" class=\"wp-caption aligncenter\"><img decoding=\"async\" loading=\"lazy\" class=\"size-full wp-image-58615\" src=\"https:\/\/www.ludwig-van.com\/montreal\/wp-content\/uploads\/sites\/3\/2019\/02\/Jean-Claude-Picard_0143-credit-John-Cooper-WEB.jpg\" alt=\"Jean-Claude Picard, nouveau directeur artistique et chef attitr\u00e9 de l'OSTR. (Photo: John Cooper)\" width=\"1024\" height=\"682\" srcset=\"https:\/\/www.ludwig-van.com\/montreal\/wp-content\/uploads\/sites\/3\/2019\/02\/Jean-Claude-Picard_0143-credit-John-Cooper-WEB.jpg 1024w, https:\/\/www.ludwig-van.com\/montreal\/wp-content\/uploads\/sites\/3\/2019\/02\/Jean-Claude-Picard_0143-credit-John-Cooper-WEB-300x200.jpg 300w, https:\/\/www.ludwig-van.com\/montreal\/wp-content\/uploads\/sites\/3\/2019\/02\/Jean-Claude-Picard_0143-credit-John-Cooper-WEB-768x512.jpg 768w\" sizes=\"(max-width: 1024px) 100vw, 1024px\" \/><figcaption id=\"caption-attachment-58615\" class=\"wp-caption-text\">Jean-Claude Picard, nouveau directeur artistique et chef attitr\u00e9 de l&rsquo;OSTR, est le chef invit\u00e9 d&rsquo;I Musici cette semaine. (Photo: John Cooper)<\/figcaption><\/figure>\n<h2>Jean-Claude Picard dirige I Musici<\/h2>\n<p>Le chef qu\u00e9b\u00e9cois <strong>Jean-Claude Picard,<\/strong><a href=\"https:\/\/www.ludwig-van.com\/montreal\/2019\/02\/08\/nouvelle-jean-claude-picard-nomme-directeur-artistique-de-lorchestre-symphonique-de-trois-rivieres\/\" target=\"_blank\" rel=\"noopener\"> r\u00e9cemment nomm\u00e9 directeur artistique et chef attitr\u00e9 de l&rsquo;Orchestre symphonique de Trois-Rivi\u00e8res<\/a>, dirige deux fois <strong>I Musici de Montr\u00e9al<\/strong> cette semaine. Programme:<\/p>\n<p>W.A. Mozart, Divertimento en fa majeur, K. 138<br \/>\nB. Martin\u016f, Partita pour orchestre \u00e0 cordes<br \/>\nOlivier Larue, Le tombeau du temps<br \/>\nA. Dvo\u0159\u00e1k, S\u00e9r\u00e9nade pour cordes en mi majeur, op. 22<\/p>\n<p><strong>Jeudi 21 f\u00e9vrier, 11 h et 18 h, salle Bourgie.<\/strong> <a href=\"https:\/\/www.ludwig-van.com\/montreal\/event\/i-musici-picard-serenade-de-dvorak\/2019-02-21\/\" target=\"_blank\" rel=\"noopener\">D\u00c9TAILS<\/a><\/p>\n<p>&nbsp;<\/p>\n<figure id=\"attachment_47117\" aria-describedby=\"caption-attachment-47117\" style=\"width: 1024px\" class=\"wp-caption aligncenter\"><img decoding=\"async\" loading=\"lazy\" class=\"size-full wp-image-47117\" src=\"https:\/\/www.ludwig-van.com\/montreal\/wp-content\/uploads\/sites\/3\/2017\/09\/Orgue.jpg\" alt=\"Le Grand orgue Pierre-B\u00e9ique de la Maison symphonique. (Photo\" width=\"1024\" height=\"576\" srcset=\"https:\/\/www.ludwig-van.com\/montreal\/wp-content\/uploads\/sites\/3\/2017\/09\/Orgue.jpg 1024w, https:\/\/www.ludwig-van.com\/montreal\/wp-content\/uploads\/sites\/3\/2017\/09\/Orgue-300x169.jpg 300w, https:\/\/www.ludwig-van.com\/montreal\/wp-content\/uploads\/sites\/3\/2017\/09\/Orgue-768x432.jpg 768w\" sizes=\"(max-width: 1024px) 100vw, 1024px\" \/><figcaption id=\"caption-attachment-47117\" class=\"wp-caption-text\">Le Grand orgue Pierre-B\u00e9ique de la Maison symphonique. (Photo: courtoisie de l&rsquo;OSM)<\/figcaption><\/figure>\n<h2>Impro et orgue \u00e0 la Maison symphonique<\/h2>\n<p>Cette proposition intrigante m\u00eale com\u00e9diens et improvisateurs \u00e0 l&rsquo;orgue. Avec\u00a0Fran\u00e7ois-\u00c9tienne Par\u00e9, ma\u00eetre de c\u00e9r\u00e9monie, Sylvie Moreau, com\u00e9dienne, Sophie Caron, com\u00e9dienne, Salom\u00e9 Corbo, com\u00e9dienne, Vincent Bolduc, com\u00e9dien, Arnaud Soly, com\u00e9dien, Alcee Chriss III, organiste, Jean-Willy Kunz, orgue, organiste en r\u00e9sidence, Andr\u00e9 Moisan, clarinettes et saxophones, Fabrice Marandola , percussions.<strong> Vendredi 22 f\u00e9vrier, 20 h, Maison symphonique<\/strong>. <a href=\"https:\/\/www.osm.ca\/fr\/concerts\/impro-et-orgue\/\" target=\"_blank\" rel=\"noopener\">D\u00c9TAILS<\/a><\/p>\n<p>&nbsp;<\/p>\n<figure id=\"attachment_58539\" aria-describedby=\"caption-attachment-58539\" style=\"width: 600px\" class=\"wp-caption aligncenter\"><img decoding=\"async\" loading=\"lazy\" class=\"size-full wp-image-58539\" src=\"https:\/\/www.ludwig-van.com\/montreal\/wp-content\/uploads\/sites\/3\/2019\/02\/ChdBP-24-fev-600.jpg\" alt=\"Marie-\u00c8ve Scarfone et Esther Gonthier Chapelle historique du Bon-Pasteur Liebeslieder Waltzer\" width=\"600\" height=\"400\" srcset=\"https:\/\/www.ludwig-van.com\/montreal\/wp-content\/uploads\/sites\/3\/2019\/02\/ChdBP-24-fev-600.jpg 600w, https:\/\/www.ludwig-van.com\/montreal\/wp-content\/uploads\/sites\/3\/2019\/02\/ChdBP-24-fev-600-300x200.jpg 300w\" sizes=\"(max-width: 600px) 100vw, 600px\" \/><figcaption id=\"caption-attachment-58539\" class=\"wp-caption-text\">Marie-\u00c8ve Scarfone et Esther Gonthier. (Photos: courtoisie de la Chapelle historique du Bon-Pasteur).<\/figcaption><\/figure>\n<h2>Voix et piano \u00e0 la Chapelle<\/h2>\n<p>Marie-\u00c8ve Scarfone et Esther Gonthier, piano. Accompagn\u00e9es de 4 chanteurs issus de l\u2019Atelier lyrique les 2 pianistes interpr\u00e8tent \u00e0 4 mains les tr\u00e8s belles Liebeslieder Waltzer de Brahms. <strong>Dimanche 24 f\u00e9vrier, 15 h, Chapelle historique du Bon-Pasteur.<\/strong> <a href=\"https:\/\/www.ludwig-van.com\/montreal\/event\/chapelle-historique-pasteur-liebeslieder-waltzer\/\" target=\"_blank\" rel=\"noopener\">D\u00c9TAILS<\/a><\/p>\n<p>&nbsp;<\/p>\n<figure id=\"attachment_52501\" aria-describedby=\"caption-attachment-52501\" style=\"width: 1024px\" class=\"wp-caption aligncenter\"><img decoding=\"async\" loading=\"lazy\" class=\"size-full wp-image-52501\" src=\"https:\/\/www.ludwig-van.com\/montreal\/wp-content\/uploads\/sites\/3\/2018\/03\/Escher_cSarah-Skinner_1.jpg\" alt=\"Escher Quartet\" width=\"1024\" height=\"769\" srcset=\"https:\/\/www.ludwig-van.com\/montreal\/wp-content\/uploads\/sites\/3\/2018\/03\/Escher_cSarah-Skinner_1.jpg 1024w, https:\/\/www.ludwig-van.com\/montreal\/wp-content\/uploads\/sites\/3\/2018\/03\/Escher_cSarah-Skinner_1-300x225.jpg 300w, https:\/\/www.ludwig-van.com\/montreal\/wp-content\/uploads\/sites\/3\/2018\/03\/Escher_cSarah-Skinner_1-768x577.jpg 768w\" sizes=\"(max-width: 1024px) 100vw, 1024px\" \/><figcaption id=\"caption-attachment-52501\" class=\"wp-caption-text\">Le Escher String Quartet. (Photo: Sarah Skinner)<\/figcaption><\/figure>\n<h2>Le Escher String Quartet au LMMC<\/h2>\n<p>Le r\u00e9put\u00e9 quatuor \u00e0 cordes interpr\u00e8te des pi\u00e8ces de\u00a0Haydn, Smetana et Schumann. <strong>Dimanche 24 f\u00e9vrier, 15 h 30, salle Pollack.<\/strong> <a href=\"https:\/\/www.ludwig-van.com\/montreal\/event\/concerts-lmmc-escher-string-quartet\/\" target=\"_blank\" rel=\"noopener\">D\u00c9TAILS<\/a><\/p>\n<h2><\/h2>\n<p>&nbsp;<\/p>\n<figure id=\"attachment_56622\" aria-describedby=\"caption-attachment-56622\" style=\"width: 1024px\" class=\"wp-caption aligncenter\"><img decoding=\"async\" loading=\"lazy\" class=\"size-full wp-image-56622\" src=\"https:\/\/www.ludwig-van.com\/montreal\/wp-content\/uploads\/sites\/3\/2018\/10\/BWM_Tim_BradyGtr_CREDIT_Laurence_Labat.jpg\" alt=\"Tim Brady\" width=\"1024\" height=\"680\" srcset=\"https:\/\/www.ludwig-van.com\/montreal\/wp-content\/uploads\/sites\/3\/2018\/10\/BWM_Tim_BradyGtr_CREDIT_Laurence_Labat.jpg 1024w, https:\/\/www.ludwig-van.com\/montreal\/wp-content\/uploads\/sites\/3\/2018\/10\/BWM_Tim_BradyGtr_CREDIT_Laurence_Labat-300x199.jpg 300w, https:\/\/www.ludwig-van.com\/montreal\/wp-content\/uploads\/sites\/3\/2018\/10\/BWM_Tim_BradyGtr_CREDIT_Laurence_Labat-768x510.jpg 768w\" sizes=\"(max-width: 1024px) 100vw, 1024px\" \/><figcaption id=\"caption-attachment-56622\" class=\"wp-caption-text\">Tim Brady. (Photo: Laurence Labat)<\/figcaption><\/figure>\n<h2>150 guitares \u00e0 l&rsquo;Oratoire St-Joseph<\/h2>\n<p>Dans le cadre du <a href=\"https:\/\/www.ludwig-van.com\/montreal\/2019\/02\/13\/festivals-montreal-nouvelle-musique-incontournables\/\" target=\"_blank\" rel=\"noopener\">Festival Montr\u00e9al\/Nouvelles Musiques<\/a>, Tim Brady a r\u00e9uni 150 guitaristes \u00e9lectriques qui joueront au quatre coins de l&rsquo;Oratoire des pi\u00e8ces de Brady, Bach et des Beatles. <strong>Dimanche, 24 f\u00e9vrier, 15 h 30, Oratoire Saint-Joseph du Mont Royal.<\/strong> Un \u00e9v\u00e9nement gratuit pour toute la famille. <a href=\"https:\/\/www.ludwig-van.com\/montreal\/event\/instruments-of-happiness-bach-beatles-brady-150-guitares\/\" target=\"_blank\" rel=\"noopener\">D\u00c9TAILS<\/a><\/p>\n<p>&nbsp;<\/p>\n<h2 style=\"text-align: center;\"><img decoding=\"async\" loading=\"lazy\" class=\"aligncenter size-full wp-image-55539\" src=\"https:\/\/www.ludwig-van.com\/montreal\/wp-content\/uploads\/sites\/3\/2018\/07\/SMAM_18-19_pageweb_4troiscantates_FR-cal.jpg\" alt=\"Trois cantates festives\" width=\"700\" height=\"499\" srcset=\"https:\/\/www.ludwig-van.com\/montreal\/wp-content\/uploads\/sites\/3\/2018\/07\/SMAM_18-19_pageweb_4troiscantates_FR-cal.jpg 700w, https:\/\/www.ludwig-van.com\/montreal\/wp-content\/uploads\/sites\/3\/2018\/07\/SMAM_18-19_pageweb_4troiscantates_FR-cal-300x214.jpg 300w\" sizes=\"(max-width: 700px) 100vw, 700px\" \/><\/h2>\n<h2>Cantates festives avec le SMAM<\/h2>\n<p>Le Studio de musique ancienne de Montr\u00e9al pr\u00e9sente trois cantates de Bach dans le cadre de l&rsquo;int\u00e9grale d&rsquo;Arte Musica. \u00ab\u00a0<em>La cantate Dieu est notre assurance BWV 197, avec son puissant ch\u0153ur d\u2019ouverture, \u00e9tait destin\u00e9e \u00e0 l\u2019union de hauts personnages rest\u00e9s anonymes, la BWV 126, Maintiens-nous, Seigneur, en ta Parole, promet la paix et le bon gouvernement aux croyants fid\u00e8les, tandis que la BWV 59, Celui qui m\u2019aime gardera ma Parole, pr\u00e9vue pour la Pentec\u00f4te, montre sous forme de dialogue l\u2019amour de l\u2019\u00e2me pour J\u00e9sus.\u00a0\u00bb<\/em><\/p>\n<p><strong>Samedi 23 f\u00e9vrier, 15 h, et dimanche 24 f\u00e9vrier, 14 h, salle Bourgie.<\/strong> <a href=\"http:\/\/smamontreal.ca\/trois-cantates-festives\/\" target=\"_blank\" rel=\"noopener\">D\u00c9TAILS<\/a><\/p>\n<p>&nbsp;<\/p>\n<h2>LIRE AUSSI:<\/h2>\n<blockquote class=\"wp-embedded-content\" data-secret=\"1EXkWqfxTc\"><p><a href=\"https:\/\/www.ludwig-van.com\/montreal\/2019\/02\/13\/festivals-montreal-nouvelle-musique-incontournables\/\">FESTIVALS | Montr\u00e9al\/Nouvelles Musiques : six \u00e9v\u00e9nements incontournables de la 9e \u00e9dition<\/a><\/p><\/blockquote>\n<p><iframe class=\"wp-embedded-content\" sandbox=\"allow-scripts\" security=\"restricted\" style=\"position: absolute; clip: rect(1px, 1px, 1px, 1px);\" src=\"https:\/\/www.ludwig-van.com\/montreal\/2019\/02\/13\/festivals-montreal-nouvelle-musique-incontournables\/embed\/#?secret=1EXkWqfxTc\" data-secret=\"1EXkWqfxTc\" width=\"600\" height=\"338\" title=\"\u00ab\u00a0FESTIVALS | Montr\u00e9al\/Nouvelles Musiques : six \u00e9v\u00e9nements incontournables de la 9e \u00e9dition\u00a0\u00bb &#8212; Ludwig Van Montreal\" frameborder=\"0\" marginwidth=\"0\" marginheight=\"0\" scrolling=\"no\"><\/iframe><\/p>\n<p>&nbsp;<\/p>\n<p>&nbsp;<\/p>\n<p>&nbsp;<\/p>\n<p>&nbsp;<\/p>\n","protected":false},"excerpt":{"rendered":"<p>L&rsquo;hiver est dur mais la musique est douce. Pour nous r\u00e9chauffer avec toutes ces temp\u00eates successives, courons entendre un concert et oublions quelques instants ce qui se passe dehors. On a l&#8217;embarras du choix encore cette semaine avec plusieurs concerts de qualit\u00e9. Voici nos suggestions du 18 au 24 f\u00e9vrier. <\/p>\n","protected":false},"author":51,"featured_media":58785,"comment_status":"open","ping_status":"open","sticky":false,"template":"","format":"standard","meta":{"om_disable_all_campaigns":false,"jetpack_post_was_ever_published":false},"categories":[28802,10994],"tags":[28789,18328,11454],"yst_prominent_words":[27171,29770,29769,29771,29457,9792,29766,29768,29767,10285,29456,18278,18847,29754,29756,10259,29764,29763,9956,29765],"acf":[],"jetpack_featured_media_url":"https:\/\/www.ludwig-van.com\/montreal\/wp-content\/uploads\/sites\/3\/2019\/02\/Nevermind-cover-arrange.jpg","jetpack_sharing_enabled":true,"jetpack_shortlink":"https:\/\/wp.me\/p9bdYt-fhZ","amp_enabled":true,"_links":{"self":[{"href":"https:\/\/www.ludwig-van.com\/montreal\/wp-json\/wp\/v2\/posts\/58775"}],"collection":[{"href":"https:\/\/www.ludwig-van.com\/montreal\/wp-json\/wp\/v2\/posts"}],"about":[{"href":"https:\/\/www.ludwig-van.com\/montreal\/wp-json\/wp\/v2\/types\/post"}],"author":[{"embeddable":true,"href":"https:\/\/www.ludwig-van.com\/montreal\/wp-json\/wp\/v2\/users\/51"}],"replies":[{"embeddable":true,"href":"https:\/\/www.ludwig-van.com\/montreal\/wp-json\/wp\/v2\/comments?post=58775"}],"version-history":[{"count":8,"href":"https:\/\/www.ludwig-van.com\/montreal\/wp-json\/wp\/v2\/posts\/58775\/revisions"}],"predecessor-version":[{"id":58784,"href":"https:\/\/www.ludwig-van.com\/montreal\/wp-json\/wp\/v2\/posts\/58775\/revisions\/58784"}],"wp:featuredmedia":[{"embeddable":true,"href":"https:\/\/www.ludwig-van.com\/montreal\/wp-json\/wp\/v2\/media\/58785"}],"wp:attachment":[{"href":"https:\/\/www.ludwig-van.com\/montreal\/wp-json\/wp\/v2\/media?parent=58775"}],"wp:term":[{"taxonomy":"category","embeddable":true,"href":"https:\/\/www.ludwig-van.com\/montreal\/wp-json\/wp\/v2\/categories?post=58775"},{"taxonomy":"post_tag","embeddable":true,"href":"https:\/\/www.ludwig-van.com\/montreal\/wp-json\/wp\/v2\/tags?post=58775"},{"taxonomy":"yst_prominent_words","embeddable":true,"href":"https:\/\/www.ludwig-van.com\/montreal\/wp-json\/wp\/v2\/yst_prominent_words?post=58775"}],"curies":[{"name":"wp","href":"https:\/\/api.w.org\/{rel}","templated":true}]}}