{"id":58278,"date":"2019-01-15T13:11:45","date_gmt":"2019-01-15T18:11:45","guid":{"rendered":"https:\/\/www.ludwig-van.com\/montreal\/?p=58278"},"modified":"2019-01-15T13:11:45","modified_gmt":"2019-01-15T18:11:45","slug":"journee-portes-ouvertes-releve-porte-ouverte-monde-de-musique-nouvelle","status":"publish","type":"post","link":"https:\/\/www.ludwig-van.com\/montreal\/2019\/01\/15\/journee-portes-ouvertes-releve-porte-ouverte-monde-de-musique-nouvelle\/","title":{"rendered":"JOURN\u00c9E PORTES OUVERTES REL\u00c8VE | Une porte ouverte sur le monde de la musique nouvelle"},"content":{"rendered":"<p style=\"text-align: center;\"><img decoding=\"async\" loading=\"lazy\" class=\"aligncenter size-full wp-image-58283\" src=\"https:\/\/www.ludwig-van.com\/montreal\/wp-content\/uploads\/sites\/3\/2019\/01\/Vivier_Portes-web.gif\" alt=\"\" width=\"1024\" height=\"576\" \/><\/p>\n<p style=\"text-align: center;\"><img decoding=\"async\" loading=\"lazy\" class=\"aligncenter size-full wp-image-46997\" src=\"https:\/\/www.ludwig-van.com\/montreal\/wp-content\/uploads\/sites\/3\/2017\/09\/LE_VIVIER_LOGO_BLANC-bg.jpg\" alt=\"\" width=\"1024\" height=\"188\" srcset=\"https:\/\/www.ludwig-van.com\/montreal\/wp-content\/uploads\/sites\/3\/2017\/09\/LE_VIVIER_LOGO_BLANC-bg.jpg 1024w, https:\/\/www.ludwig-van.com\/montreal\/wp-content\/uploads\/sites\/3\/2017\/09\/LE_VIVIER_LOGO_BLANC-bg-300x55.jpg 300w, https:\/\/www.ludwig-van.com\/montreal\/wp-content\/uploads\/sites\/3\/2017\/09\/LE_VIVIER_LOGO_BLANC-bg-768x141.jpg 768w\" sizes=\"(max-width: 1024px) 100vw, 1024px\" \/><\/p>\n<h2 style=\"text-align: center;\">PORTES OUVERTES REL\u00c8VE<\/h2>\n<h3 style=\"text-align: center;\">Une porte ouverte sur le monde de la musique nouvelle<\/h3>\n<p><strong>Montr\u00e9al, le 15 janvier 2019 &#8211;<\/strong> Le Groupe Le Vivier est fier de pr\u00e9senter la 5e \u00e9dition de sa journ\u00e9e portes ouvertes mettant en lumi\u00e8re la rel\u00e8ve. Le grand public est invit\u00e9 \u00e0 d\u00e9couvrir les musiques nouvelles et \u00e0 plonger au coeur de l\u2019innovation musicale le 27 janvier prochain de 10h30 \u00e0 17h30.<\/p>\n<p>&nbsp;<\/p>\n<p style=\"text-align: center;\"><img decoding=\"async\" loading=\"lazy\" class=\"aligncenter size-full wp-image-58281\" src=\"https:\/\/www.ludwig-van.com\/montreal\/wp-content\/uploads\/sites\/3\/2019\/01\/Quasar-web.png\" alt=\"\" width=\"1024\" height=\"686\" srcset=\"https:\/\/www.ludwig-van.com\/montreal\/wp-content\/uploads\/sites\/3\/2019\/01\/Quasar-web.png 1024w, https:\/\/www.ludwig-van.com\/montreal\/wp-content\/uploads\/sites\/3\/2019\/01\/Quasar-web-300x201.png 300w, https:\/\/www.ludwig-van.com\/montreal\/wp-content\/uploads\/sites\/3\/2019\/01\/Quasar-web-768x515.png 768w\" sizes=\"(max-width: 1024px) 100vw, 1024px\" \/><\/p>\n<p>&nbsp;<\/p>\n<h2>Le talent de la rel\u00e8ve accessible \u00e0 tous<\/h2>\n<p>Afin de mettre l\u2019accent sur le talent des artistes \u00e9mergents, plusieurs des pi\u00e8ces musicales pr\u00e9sent\u00e9es sont compos\u00e9es ou interpr\u00e9t\u00e9es par un artiste de la rel\u00e8ve. Les autres pi\u00e8ces sont interpr\u00e9t\u00e9es par des ensembles qui travaillent ou encourager la rel\u00e8ve. \u00c0 travers les six espaces de diffusion du Ges\u00f9, curieux et amateurs de musique pourront participer et assister \u00e0 une vari\u00e9t\u00e9 de prestations, d\u2019ateliers et de rencontres musicales. C\u2019est une journ\u00e9e de d\u00e9couvertes interactive et multisensorielle qui attend les spectateurs. Sur place, tous pourront d\u00e9couvrir le talent de nombreux membres du Vivier, dont \u00c9mile Girard-Charest, <a href=\"https:\/\/www.levivier.ca\/fr\/membre\/architekpercussion\" target=\"_blank\" rel=\"noopener\">Architek Percussion<\/a>, Gabriel Trottier, Marina Thibeault, <a href=\"https:\/\/www.levivier.ca\/fr\/membre\/reseaux\" target=\"_blank\" rel=\"noopener\">AKOUSMA<\/a>, <a href=\"https:\/\/www.levivier.ca\/fr\/membre\/codes\" target=\"_blank\" rel=\"noopener\">Codes d&rsquo;acc\u00e8s<\/a>, <a href=\"https:\/\/www.levivier.ca\/fr\/bio\/beliveau_ma\" target=\"_blank\" rel=\"noopener\">Marie-Annick B\u00e9liveau<\/a>, et plus encore.<\/p>\n<p>&nbsp;<\/p>\n<figure id=\"attachment_58280\" aria-describedby=\"caption-attachment-58280\" style=\"width: 1024px\" class=\"wp-caption aligncenter\"><img decoding=\"async\" loading=\"lazy\" class=\"size-full wp-image-58280\" src=\"https:\/\/www.ludwig-van.com\/montreal\/wp-content\/uploads\/sites\/3\/2019\/01\/Vivier-communiqu\u00e9-web.png\" alt=\"\" width=\"1024\" height=\"627\" srcset=\"https:\/\/www.ludwig-van.com\/montreal\/wp-content\/uploads\/sites\/3\/2019\/01\/Vivier-communiqu\u00e9-web.png 1024w, https:\/\/www.ludwig-van.com\/montreal\/wp-content\/uploads\/sites\/3\/2019\/01\/Vivier-communiqu\u00e9-web-300x184.png 300w, https:\/\/www.ludwig-van.com\/montreal\/wp-content\/uploads\/sites\/3\/2019\/01\/Vivier-communiqu\u00e9-web-768x470.png 768w\" sizes=\"(max-width: 1024px) 100vw, 1024px\" \/><figcaption id=\"caption-attachment-58280\" class=\"wp-caption-text\">\u00c0 travers les six espaces de diffusion du Ges\u00f9, curieux et amateurs de musique pourront participer et assister \u00e0 une vari\u00e9t\u00e9 de prestations, d\u2019ateliers et de rencontres musicales.<\/figcaption><\/figure>\n<h2>Une sortie musicale pour toute la famille<\/h2>\n<p>La vari\u00e9t\u00e9 d\u2019activit\u00e9s sur place saura s\u00e9duire toute la famille. \u00c0 travers le volet jeunesse, les enfants, et ce \u00e0 partir de 2 ans, pourront d\u00e9couvrir le monde de la musique nouvelle et s\u2019initier au processus de la cr\u00e9ation musicale.<\/p>\n<p>En avant-midi, les enfants pourront assister \u00e0 deux prestations sp\u00e9cialement r\u00e9alis\u00e9es pour eux. Parmi les prestations, <a href=\"https:\/\/www.levivier.ca\/fr\/membre\/moulin\" target=\"_blank\" rel=\"noopener\">Le Moulin \u00e0 Musique<\/a> sera sur place pour pr\u00e9senter leur atelier th\u00e9\u00e2tral Tableau-Musique. En parall\u00e8le \u00e0 ces spectacles, les enfants pourront d\u00e9couvrir le monde de la musique dans un espace d\u2019exploration. Des instruments musicaux et d\u2019\u00e9veil seront mis \u00e0 disposition.<\/p>\n<p>&nbsp;<\/p>\n<figure id=\"attachment_58279\" aria-describedby=\"caption-attachment-58279\" style=\"width: 1024px\" class=\"wp-caption aligncenter\"><img decoding=\"async\" loading=\"lazy\" class=\"size-full wp-image-58279\" src=\"https:\/\/www.ludwig-van.com\/montreal\/wp-content\/uploads\/sites\/3\/2019\/01\/Vivier-interuniversitaire-web.png\" alt=\"\" width=\"1024\" height=\"678\" srcset=\"https:\/\/www.ludwig-van.com\/montreal\/wp-content\/uploads\/sites\/3\/2019\/01\/Vivier-interuniversitaire-web.png 1024w, https:\/\/www.ludwig-van.com\/montreal\/wp-content\/uploads\/sites\/3\/2019\/01\/Vivier-interuniversitaire-web-300x199.png 300w, https:\/\/www.ludwig-van.com\/montreal\/wp-content\/uploads\/sites\/3\/2019\/01\/Vivier-interuniversitaire-web-768x509.png 768w\" sizes=\"(max-width: 1024px) 100vw, 1024px\" \/><figcaption id=\"caption-attachment-58279\" class=\"wp-caption-text\">Des instruments musicaux et d\u2019\u00e9veil seront mis \u00e0 la disposition des participants.<\/figcaption><\/figure>\n<h2>Vivier InterUniversitaire: un laboratoire musical<\/h2>\n<p>La rel\u00e8ve \u00e9tudiante sera aussi impliqu\u00e9e gr\u00e2ce \u00e0 la participation du Vivier InterUniversitaire. Ils seront sur place afin de pr\u00e9senter des ateliers, dont un sur l&rsquo;interpr\u00e9tation de la musique \u00e9lectroacoustique. En effet, \u00e0 l\u2019aide d\u2019oscillateurs et de lumi\u00e8res, les participants pourront interpr\u00e9ter la pi\u00e8ce La couleur du son. Les enfants, tout comme les adultes, seront impressionn\u00e9s par cette activit\u00e9 multisensorielle. En alternance avec ce premier, l&rsquo;atelier Harmonie: entendre et voir permettra aux participants et aux spectateurs de plonger au coeur du processus de composition.<\/p>\n<h2>Informations<\/h2>\n<p><strong>Quoi: Journ\u00e9e Portes Ouvertes Rel\u00e8ve<\/strong><br \/>\n<strong>Quand: Le dimanche 27 janvier 2019 de 10h30 \u00e0 17h30 <\/strong><br \/>\n<strong>O\u00f9: Le Ges\u00f9 au 1200 de Bleury, Montr\u00e9al<\/strong><br \/>\n<strong>Entr\u00e9e libre<\/strong><\/p>\n<p><a href=\"https:\/\/gallery.mailchimp.com\/1db9dc6040b82c0a7d022c382\/files\/923b0da1-fa2e-4f82-ade3-fd1c11a1e3ca\/Horaire_Portes_ouvertes_4_.pdf\" target=\"_blank\" rel=\"noopener\">CONSULTER LA PROGRAMMATION<\/a><\/p>\n<p><strong>\u00c0 propos du Vivier<\/strong><br \/>\nGroupe Le Vivier est un diffuseur sp\u00e9cialis\u00e9 et un lieu de rencontre incontournable pour les passionn\u00e9s de cr\u00e9ation musicale. Form\u00e9 de 50 ensembles et solistes vou\u00e9s \u00e0 la cr\u00e9ation, \u00e0 l\u2019interpr\u00e9tation et \u00e0 la promotion des musiques nouvelles, Le Vivier a pour mission d\u2019offrir \u00e0 tous, par la diffusion d\u2019\u0153uvres de qualit\u00e9, une porte ouverte sur la culture. Une mission qu\u2019il poursuit depuis plus de 10 ans!<\/p>\n<p><em><strong>Cette publication commandit\u00e9e est un privil\u00e8ge r\u00e9serv\u00e9 aux membres de Ludwig van Montr\u00e9al. Pour savoir comment devenir membre, \u00e9crivez-nous \u00e0 caroline@ludwig-van.com\u00a0<\/strong><\/em><\/p>\n<p>&nbsp;<\/p>\n","protected":false},"excerpt":{"rendered":"<p>Le Groupe Le Vivier est fier de pr\u00e9senter la 5e \u00e9dition de sa journ\u00e9e portes ouvertes mettant en lumi\u00e8re la rel\u00e8ve. Le grand public est invit\u00e9 \u00e0 d\u00e9couvrir les musiques nouvelles et \u00e0 plonger au coeur de l\u2019innovation musicale le 27 janvier prochain de 10h30 \u00e0 17h30.<\/p>\n","protected":false},"author":7,"featured_media":58283,"comment_status":"open","ping_status":"open","sticky":false,"template":"","format":"standard","meta":{"om_disable_all_campaigns":false,"jetpack_post_was_ever_published":false},"categories":[28802,11944,10992],"tags":[],"yst_prominent_words":[28965,28961,28956,28960,28950,28957,28952,28959,28953,28958,28949,28954,10187,28946,28940,28943,16957,28964,28951,28955],"acf":[],"jetpack_featured_media_url":"https:\/\/www.ludwig-van.com\/montreal\/wp-content\/uploads\/sites\/3\/2019\/01\/Vivier_Portes-web.gif","jetpack_sharing_enabled":true,"jetpack_shortlink":"https:\/\/wp.me\/p9bdYt-f9Y","amp_enabled":true,"_links":{"self":[{"href":"https:\/\/www.ludwig-van.com\/montreal\/wp-json\/wp\/v2\/posts\/58278"}],"collection":[{"href":"https:\/\/www.ludwig-van.com\/montreal\/wp-json\/wp\/v2\/posts"}],"about":[{"href":"https:\/\/www.ludwig-van.com\/montreal\/wp-json\/wp\/v2\/types\/post"}],"author":[{"embeddable":true,"href":"https:\/\/www.ludwig-van.com\/montreal\/wp-json\/wp\/v2\/users\/7"}],"replies":[{"embeddable":true,"href":"https:\/\/www.ludwig-van.com\/montreal\/wp-json\/wp\/v2\/comments?post=58278"}],"version-history":[{"count":2,"href":"https:\/\/www.ludwig-van.com\/montreal\/wp-json\/wp\/v2\/posts\/58278\/revisions"}],"predecessor-version":[{"id":58284,"href":"https:\/\/www.ludwig-van.com\/montreal\/wp-json\/wp\/v2\/posts\/58278\/revisions\/58284"}],"wp:featuredmedia":[{"embeddable":true,"href":"https:\/\/www.ludwig-van.com\/montreal\/wp-json\/wp\/v2\/media\/58283"}],"wp:attachment":[{"href":"https:\/\/www.ludwig-van.com\/montreal\/wp-json\/wp\/v2\/media?parent=58278"}],"wp:term":[{"taxonomy":"category","embeddable":true,"href":"https:\/\/www.ludwig-van.com\/montreal\/wp-json\/wp\/v2\/categories?post=58278"},{"taxonomy":"post_tag","embeddable":true,"href":"https:\/\/www.ludwig-van.com\/montreal\/wp-json\/wp\/v2\/tags?post=58278"},{"taxonomy":"yst_prominent_words","embeddable":true,"href":"https:\/\/www.ludwig-van.com\/montreal\/wp-json\/wp\/v2\/yst_prominent_words?post=58278"}],"curies":[{"name":"wp","href":"https:\/\/api.w.org\/{rel}","templated":true}]}}