{"id":58235,"date":"2019-01-12T13:19:38","date_gmt":"2019-01-12T18:19:38","guid":{"rendered":"https:\/\/www.ludwig-van.com\/montreal\/?p=58235"},"modified":"2019-01-12T13:19:38","modified_gmt":"2019-01-12T18:19:38","slug":"entretien-clarinettiste-martin-carpentier","status":"publish","type":"post","link":"https:\/\/www.ludwig-van.com\/montreal\/2019\/01\/12\/entretien-clarinettiste-martin-carpentier\/","title":{"rendered":"ENTRETIEN  | Tout sur le clarinettiste Martin Carpentier"},"content":{"rendered":"<figure id=\"attachment_54329\" aria-describedby=\"caption-attachment-54329\" style=\"width: 700px\" class=\"wp-caption aligncenter\"><img decoding=\"async\" loading=\"lazy\" class=\"size-full wp-image-54329\" src=\"https:\/\/www.ludwig-van.com\/montreal\/wp-content\/uploads\/sites\/3\/2018\/05\/Martin-Carpentier-cre\u0301dit-photo@Annie-E\u0301thier-calendrier.jpg\" alt=\"Carte blanche \u00e0 Martin Carpentier\" width=\"700\" height=\"500\" srcset=\"https:\/\/www.ludwig-van.com\/montreal\/wp-content\/uploads\/sites\/3\/2018\/05\/Martin-Carpentier-cre\u0301dit-photo@Annie-E\u0301thier-calendrier.jpg 700w, https:\/\/www.ludwig-van.com\/montreal\/wp-content\/uploads\/sites\/3\/2018\/05\/Martin-Carpentier-cre\u0301dit-photo@Annie-E\u0301thier-calendrier-300x214.jpg 300w\" sizes=\"(max-width: 700px) 100vw, 700px\" \/><figcaption id=\"caption-attachment-54329\" class=\"wp-caption-text\">Martin Carpentier, clarinettiste. (Photo: Annie \u00c9thier)<\/figcaption><\/figure>\n<p>&nbsp;<\/p>\n<p>Musicien charismatique au jeu raffin\u00e9 et aux qualit\u00e9s musicales et humaines, <strong>Martin Carpentier<\/strong> \u00e9volue au sein du quintette \u00e0 vent <a href=\"https:\/\/www.ludwig-van.com\/montreal\/directory\/pentaedre\/\" target=\"_blank\" rel=\"noopener\">Penta\u00e8dre<\/a> depuis pr\u00e8s de 20 ans.<\/p>\n<p>Apr\u00e8s des \u00e9tudes aupr\u00e8s d\u2019Emilio Lacurto \u00e0 l\u2019Universit\u00e9 McGill, Martin est invit\u00e9 en 1992 \u00e0 participer \u00e0 un stage de Karl Leister, clarinettiste solo de l\u2019Orchestre philharmonique de Berlin. Il poursuivra ensuite ses \u00e9tudes \u00e0 la ma\u00eetrise sous la tutelle d\u2019Andr\u00e9 Moisan, \u00e0 l\u2019Universit\u00e9 de Montr\u00e9al. Depuis, Martin se produit r\u00e9guli\u00e8rement avec le Nouvel Ensemble Moderne, l\u2019Orchestre M\u00e9tropolitain, les Grands Ballets Canadiens de Montr\u00e9al, l\u2019Op\u00e9ra de Montr\u00e9al, Les Violons du Roy et I Musici de Montr\u00e9al.<\/p>\n<p>\u00c0 quelques jours de son concert<strong> Carte blanche<\/strong>, une formidable occasion de braquer les projecteurs et de permettre au public de savourer tout l\u2019art d\u2019un des musiciens de <strong>Penta\u00e8dre<\/strong>, Martin a bien voulu se pr\u00eater au jeu des questions, pour notre plus grand plaisir\u2009!<\/p>\n<p><strong>Ce concert sera pr\u00e9sent\u00e9 le vendredi 18 janvier prochain \u00e0 19 h 30 \u00e0 la Salle de concert du Conservatoire de musique de Montr\u00e9al. <\/strong><a href=\"https:\/\/www.ludwig-van.com\/montreal\/event\/pentaedre-carte-blanche-a-martin-carpentier\/\" target=\"_blank\" rel=\"noopener\">D\u00c9TAILS<\/a><\/p>\n<h2>LE CONCERT, D\u00c9CORTIQU\u00c9<\/h2>\n<p><strong>Avoir Carte blanche, c\u2019est pouvoir pr\u00e9senter ce qui nous pla\u00eet\u2009! Le programme est-il construit autour d\u2019une \u0153uvre coup de c\u0153ur\u2009?<\/strong><\/p>\n<p>\u00ab\u00a0Oui, absolument\u2009! J\u2019ai eu la chance de faire beaucoup de musique de chambre dans ma vie, mais le trio de Brahms a toujours \u00e9t\u00e9 un rendez-vous manqu\u00e9 et j\u2019ai tout de suite pens\u00e9 \u00e0 le choisir pour cette Carte blanche. Le reste du programme s\u2019est un peu fait naturellement. Le trio de Carl Fr\u00fcling est une d\u00e9couverte r\u00e9cente et comme je voulais aussi des pi\u00e8ces pour les instruments seuls avec piano, les pi\u00e8ces de Schumann me semblaient un compl\u00e9ment parfait quand on sait le lien \u00e9troit qui les unissent. Cela donne une soir\u00e9e de musique de chambre semblables \u00e0 celles donn\u00e9es dans des salons \u00e0 la fin du XIXe si\u00e8cle.\u00a0\u00bb<\/p>\n<p><strong>Est-ce que \u00e7a faisait longtemps que les artistes invit\u00e9s et toi aviez envie de faire de la musique ensemble\u2009?<\/strong><\/p>\n<p>\u00ab\u00a0Je c\u00f4toie Constance Joanis depuis de nombreuses ann\u00e9es, car elle a accompagn\u00e9 beaucoup de mes \u00e9tudiants pour des r\u00e9citals et des examens et j\u2019avoue que j\u2019ai toujours \u00e9t\u00e9 jaloux de la chance qu\u2019ils avaient de faire de la musique avec une si bonne pianiste\u2009! On a eu quelques projets de r\u00e9cital, mais nos vies occup\u00e9es nous ont jusqu\u2019ici emp\u00each\u00e9s de r\u00e9aliser ce r\u00eave. J\u2019ai donc tout de suite pens\u00e9 \u00e0 elle pour cette Carte blanche\u2009!<\/p>\n<p>Pour Marc-Andr\u00e9, c\u2019est diff\u00e9rent. C\u2019est notre premi\u00e8re collaboration de chambristes. C\u2019est un merveilleux jeune violoncelliste que j\u2019ai c\u00f4toy\u00e9 \u00e0 l\u2019Orchestre M\u00e9tropolitain et que j\u2019ai aussi entendu avec l\u2019Ensemble Jean Cousineau au sein des Petits Violons. Il a eu la gentillesse d\u2019accepter mon invitation et j\u2019ai tr\u00e8s h\u00e2te de collaborer avec lui\u2009!<\/p>\n<p>Si ce n\u2019est d\u00e9j\u00e0 fait, et si elle n\u2019est pas d\u00e9j\u00e0 au programme, quelle serait l\u2019\u0153uvre ultime que tu aimerais interpr\u00e9ter\u2009?<br \/>\nLe Brahms \u00e9tait effectivement un v\u0153u tr\u00e8s cher. Pour cette formation, j\u2019aurais aussi aim\u00e9 jouer le trio de Faur\u00e9 qui est habituellement interpr\u00e9t\u00e9 au violon, mais que Faur\u00e9 avait con\u00e7u aussi pour clarinette. Mais il faut se garder des projets pour plus tard\u2009!\u00a0\u00bb<\/p>\n<p><strong>Que d\u00e9sires-tu communiquer au public, \u00e0 l\u2019occasion de cette Carte blanche\u2009?<\/strong><\/p>\n<p>\u00ab\u00a0Le simple, mais \u00e9norme plaisir de faire de la musique fantastique avec des coll\u00e8gues qu\u2019on respecte et qu\u2019on admire. Cette phrase est un clich\u00e9, mais c\u2019est la v\u00e9rit\u00e9. Peu de choses se comparent \u00e0 \u00e7a\u2009! Et aussi proposer des \u0153uvres qu\u2019on a le go\u00fbt de jouer. C\u2019est comme inviter des amis \u00e0 souper et leur faire d\u00e9couvrir un plat.\u00a0\u00bb<\/p>\n<h2>PENTA\u00c8DRE, LA CARRI\u00c8RE, LA VIE<\/h2>\n<p><strong>Si tu avais \u00e0 d\u00e9crire Penta\u00e8dre en 3 mots, quels seraient-ils\u2009? Et pourquoi\u2009?<\/strong><\/p>\n<p>\u00ab\u00a0Famille musicale, plaisir, admiration.<\/p>\n<p>Mes coll\u00e8gues de Penta\u00e8dre sont les musiciens les plus proches de moi. On s\u2019est choisis pour notre jeu et pour nos atomes crochus. Comme nos instruments ne jouent qu\u2019une note \u00e0 la fois, chaque accord est constitu\u00e9 de toutes nos voix. Penta\u00e8dre est donc mon son \u00ab\u2009harmonique\u2009\u00bb\u2009!<br \/>\nFaire du quintette n\u2019a jamais \u00e9t\u00e9 un travail, loin de l\u00e0\u2009! Pr\u00e9parer des concerts ou partir en tourn\u00e9e, c\u2019est toujours une f\u00eate\u2009! On n\u2019oublie jamais la chance qu\u2019on a de faire de la musique ensemble\u2009!\u00a0\u00bb<\/p>\n<p><strong>Quel est l\u2019\u00e9l\u00e9ment le plus marquant de ta carri\u00e8re\u2009?<\/strong><\/p>\n<p>\u00ab\u00a0J\u2019ai la chance de faire plusieurs choses : de l\u2019orchestre, de la musique de chambre et de l\u2019enseignement et chacun de ces aspects me nourrit beaucoup. Mais faire partie d\u2019un quintette depuis de nombreuses ann\u00e9es et r\u00e9aliser des projets ambitieux est probablement la chose la plus sp\u00e9ciale de ma carri\u00e8re. Il y a tr\u00e8s peu d\u2019ensembles comme le n\u00f4tre qui ont une s\u00e9rie de concerts et qui peuvent ainsi diffuser la musique pour instruments \u00e0 vent.\u00a0\u00bb<\/p>\n<p><strong>Si tu n\u2019\u00e9tais pas musicien, qu\u2019aimerais-tu faire\u2009?<\/strong><\/p>\n<p>\u00ab\u00a0Il y a trop de choses int\u00e9ressantes\u2009! J\u2019ai failli \u00eatre ing\u00e9nieur civil, je trouve l\u2019astronomie fascinante et j\u2019adore le v\u00e9lo de route\u2009! Ce ne sont pas les champs d\u2019int\u00e9r\u00eat qui manquent, mais il n\u2019y a que 24 heures dans une journ\u00e9e\u2026 et la musique est une discipline exigeante\u2009!\u00a0\u00bb<\/p>\n<p><strong>Carte blanche \u00e0 Martin Carpentier, 18 janvier prochain \u00e0 19 h 30 \u00e0 la Salle de concert du Conservatoire de musique de Montr\u00e9al.<\/strong> <a href=\"https:\/\/www.ludwig-van.com\/montreal\/event\/pentaedre-carte-blanche-a-martin-carpentier\/\" target=\"_blank\" rel=\"noopener\">D\u00c9TAILS<\/a><\/p>\n<p><strong><em>Cette publication commandit\u00e9e est un privil\u00e8ge r\u00e9serv\u00e9 aux membres de Ludwig van Montr\u00e9al. Pour savoir comment devenir membres, \u00e9crivez-nous \u00e0 caroline@ludwig-van.com\u00a0<\/em><\/strong><\/p>\n<p>&nbsp;<\/p>\n<p>&nbsp;<\/p>\n","protected":false},"excerpt":{"rendered":"<p>Musicien charismatique au jeu raffin\u00e9 et aux qualit\u00e9s musicales et humaines, Martin Carpentier \u00e9volue au sein du quintette \u00e0 vent Penta\u00e8dre depuis pr\u00e8s de 20 ans. <\/p>\n","protected":false},"author":7,"featured_media":54329,"comment_status":"open","ping_status":"open","sticky":false,"template":"","format":"standard","meta":{"om_disable_all_campaigns":false,"jetpack_post_was_ever_published":false},"categories":[28802],"tags":[28789,28896,2596],"yst_prominent_words":[28894,28889,9863,28893,28884,16841,20395,10289,12243,13384,28885,28891,28892,28890,22624,9811,12698,12245,14363,15096],"acf":[],"jetpack_featured_media_url":"https:\/\/www.ludwig-van.com\/montreal\/wp-content\/uploads\/sites\/3\/2018\/05\/Martin-Carpentier-cre\u0301dit-photo@Annie-E\u0301thier-calendrier.jpg","jetpack_sharing_enabled":true,"jetpack_shortlink":"https:\/\/wp.me\/p9bdYt-f9h","amp_enabled":true,"_links":{"self":[{"href":"https:\/\/www.ludwig-van.com\/montreal\/wp-json\/wp\/v2\/posts\/58235"}],"collection":[{"href":"https:\/\/www.ludwig-van.com\/montreal\/wp-json\/wp\/v2\/posts"}],"about":[{"href":"https:\/\/www.ludwig-van.com\/montreal\/wp-json\/wp\/v2\/types\/post"}],"author":[{"embeddable":true,"href":"https:\/\/www.ludwig-van.com\/montreal\/wp-json\/wp\/v2\/users\/7"}],"replies":[{"embeddable":true,"href":"https:\/\/www.ludwig-van.com\/montreal\/wp-json\/wp\/v2\/comments?post=58235"}],"version-history":[{"count":1,"href":"https:\/\/www.ludwig-van.com\/montreal\/wp-json\/wp\/v2\/posts\/58235\/revisions"}],"predecessor-version":[{"id":58236,"href":"https:\/\/www.ludwig-van.com\/montreal\/wp-json\/wp\/v2\/posts\/58235\/revisions\/58236"}],"wp:featuredmedia":[{"embeddable":true,"href":"https:\/\/www.ludwig-van.com\/montreal\/wp-json\/wp\/v2\/media\/54329"}],"wp:attachment":[{"href":"https:\/\/www.ludwig-van.com\/montreal\/wp-json\/wp\/v2\/media?parent=58235"}],"wp:term":[{"taxonomy":"category","embeddable":true,"href":"https:\/\/www.ludwig-van.com\/montreal\/wp-json\/wp\/v2\/categories?post=58235"},{"taxonomy":"post_tag","embeddable":true,"href":"https:\/\/www.ludwig-van.com\/montreal\/wp-json\/wp\/v2\/tags?post=58235"},{"taxonomy":"yst_prominent_words","embeddable":true,"href":"https:\/\/www.ludwig-van.com\/montreal\/wp-json\/wp\/v2\/yst_prominent_words?post=58235"}],"curies":[{"name":"wp","href":"https:\/\/api.w.org\/{rel}","templated":true}]}}