{"id":57993,"date":"2018-12-10T13:42:17","date_gmt":"2018-12-10T18:42:17","guid":{"rendered":"https:\/\/www.ludwig-van.com\/montreal\/?p=57993"},"modified":"2018-12-17T17:53:37","modified_gmt":"2018-12-17T22:53:37","slug":"choix-de-redaction-10-concerts-musique-classique-voir-noel-rapport-noel","status":"publish","type":"post","link":"https:\/\/www.ludwig-van.com\/montreal\/2018\/12\/10\/choix-de-redaction-10-concerts-musique-classique-voir-noel-rapport-noel\/","title":{"rendered":"CHOIX DE LA R\u00c9DACTION  | Six concerts de musique classique avant No\u00ebl qui n&rsquo;ont aucun rapport avec No\u00ebl"},"content":{"rendered":"<p>&nbsp;<\/p>\n<p style=\"text-align: center;\"><img decoding=\"async\" loading=\"lazy\" class=\"aligncenter size-full wp-image-57994\" src=\"https:\/\/www.ludwig-van.com\/montreal\/wp-content\/uploads\/sites\/3\/2018\/12\/Choix-decembre-cover.jpg\" alt=\"\" width=\"712\" height=\"400\" srcset=\"https:\/\/www.ludwig-van.com\/montreal\/wp-content\/uploads\/sites\/3\/2018\/12\/Choix-decembre-cover.jpg 712w, https:\/\/www.ludwig-van.com\/montreal\/wp-content\/uploads\/sites\/3\/2018\/12\/Choix-decembre-cover-300x169.jpg 300w\" sizes=\"(max-width: 712px) 100vw, 712px\" \/><\/p>\n<p>&nbsp;<\/p>\n<p>La grande nuit de No\u00ebl approche et nous avons d\u00e9j\u00e0 publi\u00e9 <a href=\"https:\/\/www.ludwig-van.com\/montreal\/2018\/11\/25\/guide-ludwig-van-15-concerts-de-noel-illuminer-mois-de-decembre\/\" target=\"_blank\" rel=\"noopener\">nos suggestions de concerts de No\u00ebl<\/a> il y a quelques temps. Mais d&rsquo;ici l\u00e0, d&rsquo;autres concerts int\u00e9ressants approchent, cette semaine et la semaine prochaine. Pour cette derni\u00e8re chronique \u00ab\u00a0Choix de la r\u00e9daction\u00a0\u00bb de 2018, voici nos choix. La chronique fera rel\u00e2che pendant le temps des f\u00eates et reprendra le 8 janvier.<strong> MISE \u00c0 JOUR en date du 17 d\u00e9cembre : En raison d&rsquo;une blessure \u00e0 l&rsquo;\u00e9paule, H\u00e9l\u00e8ne Grimaud s&rsquo;est d\u00e9sist\u00e9e et sera remplac\u00e9e par \u00c9ric Le Sage.\u00a0<\/strong><\/p>\n<p><a href=\"https:\/\/www.ludwig-van.com\/montreal\/events\/\" target=\"_blank\" rel=\"noopener\">POUR VOIR PLUS DE CONCERTS, CONSULTEZ NOTRE CALENDRIER<\/a><\/p>\n<p><a href=\"https:\/\/www.ludwig-van.com\/montreal\/2018\/11\/25\/guide-ludwig-van-15-concerts-de-noel-illuminer-mois-de-decembre\/\" target=\"_blank\" rel=\"noopener\">POUR VOIR NOS SUGGESTIONS DE CONCERTS DE NO\u00cbL, C&rsquo;EST ICI<\/a><\/p>\n<p>&nbsp;<\/p>\n<h2>LE CHOIX DE LA R\u00c9DACTRICE EN CHEF: H\u00e9l\u00e8ne Grimaud et Mahler \u00e0 l&rsquo;Orchestre M\u00e9tropolitain<\/h2>\n<p>La pianiste fran\u00e7aise <strong>H\u00e9l\u00e8ne Grimaud<\/strong> et <strong>Yannick N\u00e9zet-S\u00e9guin<\/strong> sont bons amis, et cela se sent lorsqu&rsquo;ils font de la musique ensemble. Cette fois, c&rsquo;est le Concerto de Schumann qu&rsquo;ils pr\u00e9senteront. La Symphonie no 9 de Mahler sera toutefois la pi\u00e8ce de r\u00e9sistance du concert, qui n&rsquo;ira pas en tourn\u00e9e dans les arrondissements mais sera donn\u00e9 seulement \u00e0 la Maison symphonique. <strong>Le 21 d\u00e9cembre, 19 h 30. <\/strong><a href=\"https:\/\/orchestremetropolitain.com\/fr\/concert\/yannick-nezet-seguin-et-helene-grimaud-en-toute-complicite\/\" target=\"_blank\" rel=\"noopener\">D\u00c9TAILS<\/a><\/p>\n<p>&nbsp;<\/p>\n<p>&nbsp;<\/p>\n<p>&nbsp;<\/p>\n<figure id=\"attachment_54524\" aria-describedby=\"caption-attachment-54524\" style=\"width: 1024px\" class=\"wp-caption aligncenter\"><img decoding=\"async\" loading=\"lazy\" class=\"size-full wp-image-54524\" src=\"https:\/\/www.ludwig-van.com\/montreal\/wp-content\/uploads\/sites\/3\/2018\/05\/Quatuor-Bozzini-2-Cre\u0301dit-Michael-Slobodian-1.jpg\" alt=\"Quatuor Bozzini\" width=\"1024\" height=\"683\" srcset=\"https:\/\/www.ludwig-van.com\/montreal\/wp-content\/uploads\/sites\/3\/2018\/05\/Quatuor-Bozzini-2-Cre\u0301dit-Michael-Slobodian-1.jpg 1024w, https:\/\/www.ludwig-van.com\/montreal\/wp-content\/uploads\/sites\/3\/2018\/05\/Quatuor-Bozzini-2-Cre\u0301dit-Michael-Slobodian-1-300x200.jpg 300w, https:\/\/www.ludwig-van.com\/montreal\/wp-content\/uploads\/sites\/3\/2018\/05\/Quatuor-Bozzini-2-Cre\u0301dit-Michael-Slobodian-1-768x512.jpg 768w\" sizes=\"(max-width: 1024px) 100vw, 1024px\" \/><figcaption id=\"caption-attachment-54524\" class=\"wp-caption-text\">Le Quatuor Bozzini. (Photo: Michael Slobodian)<\/figcaption><\/figure>\n<h2>Le Quatuor Bozzini joue Cassandra Miller<\/h2>\n<p>Apr\u00e8s le succ\u00e8s des deux premi\u00e8res \u00e9ditions de la s\u00e9rie Focus, initi\u00e9e en 2017, le Quatuor Bozzini r\u00e9cidive cette ann\u00e9e en proposant un concert consacr\u00e9 \u00e0 Cassandra Miller et son \u0153uvre \u00e9crite pour le quatuor, <em>Warblework.<\/em> Les quatre mouvements de <em>Warblework<\/em> (warble=gazouillis) sont bas\u00e9s sur le chant des oiseaux \u2014 en particulier de quatre grives (grive \u00e0 dos olive, grive solitaire, grive des bois, grive fauve) \u2014 dont les chansons chantent la s\u00e9rie harmonique. <strong>Ce soir, 10 d\u00e9cembre, 20 h, Chapelle historique du Bon-Pasteur.<\/strong> <a href=\"https:\/\/www.ludwig-van.com\/montreal\/event\/quatuor-bozzini-serie-focus-cassandra-miller\/\" target=\"_blank\" rel=\"noopener\">D\u00c9TAILS<\/a><\/p>\n<p>&nbsp;<\/p>\n<figure id=\"attachment_56929\" aria-describedby=\"caption-attachment-56929\" style=\"width: 1024px\" class=\"wp-caption aligncenter\"><img decoding=\"async\" loading=\"lazy\" class=\"size-full wp-image-56929\" src=\"https:\/\/www.ludwig-van.com\/montreal\/wp-content\/uploads\/sites\/3\/2018\/10\/ASB-CharlesRichard-Hamelin-2016-photo-credit-E.Delage.jpg\" alt=\"Charles Richard-Hamelin\" width=\"1024\" height=\"683\" srcset=\"https:\/\/www.ludwig-van.com\/montreal\/wp-content\/uploads\/sites\/3\/2018\/10\/ASB-CharlesRichard-Hamelin-2016-photo-credit-E.Delage.jpg 1024w, https:\/\/www.ludwig-van.com\/montreal\/wp-content\/uploads\/sites\/3\/2018\/10\/ASB-CharlesRichard-Hamelin-2016-photo-credit-E.Delage-300x200.jpg 300w, https:\/\/www.ludwig-van.com\/montreal\/wp-content\/uploads\/sites\/3\/2018\/10\/ASB-CharlesRichard-Hamelin-2016-photo-credit-E.Delage-768x512.jpg 768w\" sizes=\"(max-width: 1024px) 100vw, 1024px\" \/><figcaption id=\"caption-attachment-56929\" class=\"wp-caption-text\">Charles Richard-Hamelin. (Photo: E. Delage)<\/figcaption><\/figure>\n<h2>CHARLES RICHARD-HAMELIN \u00c0 QU\u00c9BEC<\/h2>\n<p>Le pianiste sera dans la capitale pour deux concerts avec l&rsquo;Orchestre symphonique de Qu\u00e9bec, cette semaine, sous la direction de la chef invit\u00e9e Mei-Ann Chen. Au programme:<\/p>\n<p>Matton \u2013 Mouvement symphonique I<br \/>\nProkofiev \u2013 Concerto pour piano n\u00b0 3<br \/>\nTcha\u00efkovski \u2013 Symphonie n\u00b0 1 \u201cR\u00eaves d\u2019hiver\u201d<\/p>\n<p><strong>Les 12 d\u00e9cembre, 20 h, et 13 d\u00e9cembre, 10h30<\/strong>. <a href=\"https:\/\/www.ludwig-van.com\/montreal\/event\/orchestre-symphonique-de-quebec-lart-de-charles-richard-hamelin\/\" target=\"_blank\" rel=\"noopener\">D\u00c9TAILS<\/a><\/p>\n<p>&nbsp;<\/p>\n<h2 style=\"text-align: center;\"><img decoding=\"async\" loading=\"lazy\" class=\"aligncenter size-full wp-image-55031\" src=\"https:\/\/www.ludwig-van.com\/montreal\/wp-content\/uploads\/sites\/3\/2017\/10\/Soleil-tout-inclus-facebook-osd1.jpg\" alt=\"Soleil tout-inclus\" width=\"1024\" height=\"538\" srcset=\"https:\/\/www.ludwig-van.com\/montreal\/wp-content\/uploads\/sites\/3\/2017\/10\/Soleil-tout-inclus-facebook-osd1.jpg 1024w, https:\/\/www.ludwig-van.com\/montreal\/wp-content\/uploads\/sites\/3\/2017\/10\/Soleil-tout-inclus-facebook-osd1-300x158.jpg 300w, https:\/\/www.ludwig-van.com\/montreal\/wp-content\/uploads\/sites\/3\/2017\/10\/Soleil-tout-inclus-facebook-osd1-768x404.jpg 768w\" sizes=\"(max-width: 1024px) 100vw, 1024px\" \/><\/h2>\n<h2>DU SOLEIL \u00c0 DRUMMONDVILLE<\/h2>\n<p><strong>L&rsquo;Orchestre symphonique de Drummondville<\/strong> propose un concert\u00a0de danse espagnoles et afro-cubaines et se joindra \u00e0 l\u2019ensemble Quartango pour vous faire vivre toute la chaleur de l\u2019Am\u00e9rique du Sud. Le tout accompagn\u00e9 par un couple de danseurs de tango. <strong>Le 14 d\u00e9cembre, 19 h 30, Maison des arts Desjardins de Drummondville.<\/strong> <a href=\"https:\/\/www.ludwig-van.com\/montreal\/event\/orchestre-symphonique-de-drummondville-soleil-inclus\/\" target=\"_blank\" rel=\"noopener\">D\u00c9TAILS<\/a><\/p>\n<p>&nbsp;<\/p>\n<figure id=\"attachment_54024\" aria-describedby=\"caption-attachment-54024\" style=\"width: 1024px\" class=\"wp-caption aligncenter\"><img decoding=\"async\" loading=\"lazy\" class=\"size-full wp-image-54024\" src=\"https:\/\/www.ludwig-van.com\/montreal\/wp-content\/uploads\/sites\/3\/2018\/05\/2018_Molinari5474_web.jpg\" alt=\"Quatuor Molinari\" width=\"1024\" height=\"683\" srcset=\"https:\/\/www.ludwig-van.com\/montreal\/wp-content\/uploads\/sites\/3\/2018\/05\/2018_Molinari5474_web.jpg 1024w, https:\/\/www.ludwig-van.com\/montreal\/wp-content\/uploads\/sites\/3\/2018\/05\/2018_Molinari5474_web-300x200.jpg 300w, https:\/\/www.ludwig-van.com\/montreal\/wp-content\/uploads\/sites\/3\/2018\/05\/2018_Molinari5474_web-768x512.jpg 768w\" sizes=\"(max-width: 1024px) 100vw, 1024px\" \/><figcaption id=\"caption-attachment-54024\" class=\"wp-caption-text\">Le Quatuor Molinari. (Photo: courtoisie du Quatuor Molinari)<\/figcaption><\/figure>\n<h2>Musique \u00e0 voir: autour de Guido Molinari<\/h2>\n<p>Dans le cadre de sa s\u00e9rie Musique \u00e0 voir \u00e0 la Fondation Guido Molinari, le <strong>Quatuor Molinari<\/strong> commente et joue des oeuvres de son r\u00e9pertoire entour\u00e9 d&rsquo;oeuvres du peintre Guido Molinari. <strong>Le 15 d\u00e9cembre, 15 h, \u00e0 la Fondation Guido Molinari. <\/strong><a href=\"https:\/\/www.ludwig-van.com\/montreal\/event\/quatuor-molinari-musique-a-voir-autour-de-guido-molinari\/\" target=\"_blank\" rel=\"noopener\">D\u00c9TAILS<\/a><\/p>\n<p>&nbsp;<\/p>\n<figure id=\"attachment_54717\" aria-describedby=\"caption-attachment-54717\" style=\"width: 1024px\" class=\"wp-caption aligncenter\"><img decoding=\"async\" loading=\"lazy\" class=\"size-full wp-image-54717\" src=\"https:\/\/www.ludwig-van.com\/montreal\/wp-content\/uploads\/sites\/3\/2017\/09\/chapellehistorique-16-dec-M.-Bruns-et-S.-Lemellin.jpg\" alt=\"Martin Bruns, baryton St\u00e9phane Lemelin, piano\" width=\"1024\" height=\"620\" srcset=\"https:\/\/www.ludwig-van.com\/montreal\/wp-content\/uploads\/sites\/3\/2017\/09\/chapellehistorique-16-dec-M.-Bruns-et-S.-Lemellin.jpg 1024w, https:\/\/www.ludwig-van.com\/montreal\/wp-content\/uploads\/sites\/3\/2017\/09\/chapellehistorique-16-dec-M.-Bruns-et-S.-Lemellin-300x182.jpg 300w, https:\/\/www.ludwig-van.com\/montreal\/wp-content\/uploads\/sites\/3\/2017\/09\/chapellehistorique-16-dec-M.-Bruns-et-S.-Lemellin-768x465.jpg 768w\" sizes=\"(max-width: 1024px) 100vw, 1024px\" \/><figcaption id=\"caption-attachment-54717\" class=\"wp-caption-text\">Martin Bruns et St\u00e9phane Lemelin. (Photo: courtoisie)<\/figcaption><\/figure>\n<h2>Le Voyage d&rsquo;hiver \u00e0 la Chapelle historique<\/h2>\n<p>Le baryton Martin Bruns chante l&rsquo;extraordinaire Voyage d&rsquo;hiver (Winterreise) de Schubert avec St\u00e9phane Lemelin au piano. Le 16 d\u00e9cembre, 15 h, Chapelle historique du Bon-Pasteur. <a href=\"https:\/\/www.ludwig-van.com\/montreal\/event\/chapelle-historique-pasteur-winterreise\/\" target=\"_blank\" rel=\"noopener\">D\u00c9TAILS<\/a><\/p>\n<p><a href=\"https:\/\/www.ludwig-van.com\/montreal\/events\/\" target=\"_blank\" rel=\"noopener\">POUR VOIR PLUS DE CONCERTS, CONSULTEZ NOTRE CALENDRIER<\/a><\/p>\n<h2>LISEZ AUSSI:<\/h2>\n<blockquote class=\"wp-embedded-content\" data-secret=\"r8Fvvviq9r\"><p><a href=\"https:\/\/www.ludwig-van.com\/montreal\/2018\/11\/25\/guide-ludwig-van-15-concerts-de-noel-illuminer-mois-de-decembre\/\">GUIDE LUDWIG VAN  | 15 concerts de No\u00ebl \u00e9patants pour illuminer d\u00e9cembre dans le Grand Montr\u00e9al<\/a><\/p><\/blockquote>\n<p><iframe class=\"wp-embedded-content\" sandbox=\"allow-scripts\" security=\"restricted\" style=\"position: absolute; clip: rect(1px, 1px, 1px, 1px);\" src=\"https:\/\/www.ludwig-van.com\/montreal\/2018\/11\/25\/guide-ludwig-van-15-concerts-de-noel-illuminer-mois-de-decembre\/embed\/#?secret=r8Fvvviq9r\" data-secret=\"r8Fvvviq9r\" width=\"600\" height=\"338\" title=\"\u00ab\u00a0GUIDE LUDWIG VAN  | 15 concerts de No\u00ebl \u00e9patants pour illuminer d\u00e9cembre dans le Grand Montr\u00e9al\u00a0\u00bb &#8212; Ludwig Van Montreal\" frameborder=\"0\" marginwidth=\"0\" marginheight=\"0\" scrolling=\"no\"><\/iframe><\/p>\n<p>&nbsp;<\/p>\n<p>&nbsp;<\/p>\n<p>&nbsp;<\/p>\n<p>&nbsp;<\/p>\n<p>&nbsp;<\/p>\n<p>&nbsp;<\/p>\n<p>&nbsp;<\/p>\n","protected":false},"excerpt":{"rendered":"<p>La grande nuit de No\u00ebl approche et nous avons d\u00e9j\u00e0 publi\u00e9 nos suggestions de concerts de No\u00ebl il y a quelques temps. Mais d&rsquo;ici l\u00e0, d&rsquo;autres concerts int\u00e9ressants approchent, cette semaine et la semaine prochaine. Pour cette derni\u00e8re chronique \u00ab\u00a0Choix de la r\u00e9daction\u00a0\u00bb de 2018, voici nos choix. La chronique fera rel\u00e2che pendant le temps des f\u00eates et reprendra le 8 janvier. <\/p>\n","protected":false},"author":51,"featured_media":57994,"comment_status":"open","ping_status":"open","sticky":false,"template":"","format":"standard","meta":{"om_disable_all_campaigns":false,"jetpack_post_was_ever_published":false},"categories":[16745,10994],"tags":[16421,2521,11454],"yst_prominent_words":[9863,9806,9792,27587,15717,15740,9946,9945,15691,28477,13544,27602,19636,19580,11418,12445,14243,28484,27585,27584],"acf":[],"jetpack_featured_media_url":"https:\/\/www.ludwig-van.com\/montreal\/wp-content\/uploads\/sites\/3\/2018\/12\/Choix-decembre-cover.jpg","jetpack_sharing_enabled":true,"jetpack_shortlink":"https:\/\/wp.me\/p9bdYt-f5n","amp_enabled":true,"_links":{"self":[{"href":"https:\/\/www.ludwig-van.com\/montreal\/wp-json\/wp\/v2\/posts\/57993"}],"collection":[{"href":"https:\/\/www.ludwig-van.com\/montreal\/wp-json\/wp\/v2\/posts"}],"about":[{"href":"https:\/\/www.ludwig-van.com\/montreal\/wp-json\/wp\/v2\/types\/post"}],"author":[{"embeddable":true,"href":"https:\/\/www.ludwig-van.com\/montreal\/wp-json\/wp\/v2\/users\/51"}],"replies":[{"embeddable":true,"href":"https:\/\/www.ludwig-van.com\/montreal\/wp-json\/wp\/v2\/comments?post=57993"}],"version-history":[{"count":5,"href":"https:\/\/www.ludwig-van.com\/montreal\/wp-json\/wp\/v2\/posts\/57993\/revisions"}],"predecessor-version":[{"id":58082,"href":"https:\/\/www.ludwig-van.com\/montreal\/wp-json\/wp\/v2\/posts\/57993\/revisions\/58082"}],"wp:featuredmedia":[{"embeddable":true,"href":"https:\/\/www.ludwig-van.com\/montreal\/wp-json\/wp\/v2\/media\/57994"}],"wp:attachment":[{"href":"https:\/\/www.ludwig-van.com\/montreal\/wp-json\/wp\/v2\/media?parent=57993"}],"wp:term":[{"taxonomy":"category","embeddable":true,"href":"https:\/\/www.ludwig-van.com\/montreal\/wp-json\/wp\/v2\/categories?post=57993"},{"taxonomy":"post_tag","embeddable":true,"href":"https:\/\/www.ludwig-van.com\/montreal\/wp-json\/wp\/v2\/tags?post=57993"},{"taxonomy":"yst_prominent_words","embeddable":true,"href":"https:\/\/www.ludwig-van.com\/montreal\/wp-json\/wp\/v2\/yst_prominent_words?post=57993"}],"curies":[{"name":"wp","href":"https:\/\/api.w.org\/{rel}","templated":true}]}}