{"id":57909,"date":"2018-12-02T18:08:04","date_gmt":"2018-12-02T23:08:04","guid":{"rendered":"https:\/\/www.ludwig-van.com\/montreal\/?p=57909"},"modified":"2019-08-21T14:39:33","modified_gmt":"2019-08-21T18:39:33","slug":"choix-de-la-redaction-ce-ne-sont-pas-des-histoires-12-concerts-enchanteurs-a-decouvrir-cette-semaine","status":"publish","type":"post","link":"https:\/\/www.ludwig-van.com\/montreal\/2018\/12\/02\/choix-de-la-redaction-ce-ne-sont-pas-des-histoires-12-concerts-enchanteurs-a-decouvrir-cette-semaine\/","title":{"rendered":"CHOIX DE LA R\u00c9DACTION  |  Ce ne sont pas des histoires! 12 concerts enchanteurs \u00e0 d\u00e9couvrir cette semaine"},"content":{"rendered":"<figure id=\"attachment_57830\" aria-describedby=\"caption-attachment-57830\" style=\"width: 712px\" class=\"wp-caption aligncenter\"><img decoding=\"async\" loading=\"lazy\" class=\"size-full wp-image-57830\" src=\"https:\/\/www.ludwig-van.com\/montreal\/wp-content\/uploads\/sites\/3\/2018\/11\/CHOIX-R\u00c9DACTION-Cendrillon-Berlin.jpg\" alt=\"\" width=\"712\" height=\"400\" srcset=\"https:\/\/www.ludwig-van.com\/montreal\/wp-content\/uploads\/sites\/3\/2018\/11\/CHOIX-R\u00c9DACTION-Cendrillon-Berlin.jpg 712w, https:\/\/www.ludwig-van.com\/montreal\/wp-content\/uploads\/sites\/3\/2018\/11\/CHOIX-R\u00c9DACTION-Cendrillon-Berlin-300x169.jpg 300w\" sizes=\"(max-width: 712px) 100vw, 712px\" \/><figcaption id=\"caption-attachment-57830\" class=\"wp-caption-text\">Illustration originale de Genevi\u00e8ve Bigu\u00e9.<\/figcaption><\/figure>\n<p>Ne perdez pas votre pantoufle de vair en courant d\u2019un concert \u00e0 l\u2019autre cette semaine, la r\u00e9daction n\u2019offre aucune garantie de la pr\u00e9sence ou non d\u2019un prince charmant \u2013 ou d\u2019une princesse charmante, parce qu\u2019on est en 2018 &#8211; pour vous la rapporter\u2026Heureusement, tous les concerts finiront bien avant minuit!<\/p>\n<p><a href=\"https:\/\/www.ludwig-van.com\/montreal\/events\/\" target=\"_blank\" rel=\"noopener\">POUR PLUS DE CONCERTS, VOYEZ NOTRE CALENDRIER\u00a0<\/a><\/p>\n<h2>LE CHOIX DE LA R\u00c9DACTRICE EN CHEF : Cendrillon \u00e0 Berlin<\/h2>\n<p>Voil\u00e0 un programme \u00e9clectique, mais bien ficel\u00e9 et stimulant, que nous offrent en collaboration <a href=\"https:\/\/www.ludwig-van.com\/montreal\/directory\/faculte-musique-universite-de-montreal\/\" target=\"_blank\" rel=\"noopener\">l\u2019Orchestre de l\u2019Universit\u00e9 de Montr\u00e9al<\/a> et la <a href=\"https:\/\/www.ludwig-van.com\/montreal\/directory\/smcq\/\" target=\"_blank\" rel=\"noopener\">Soci\u00e9t\u00e9 de musique contemporaine du Qu\u00e9bec<\/a>, avec la participation de l\u2019\u00c9cole sup\u00e9rieure de ballet du Qu\u00e9bec. La premi\u00e8re partie du concert, sous la direction de <strong>Walter Boudreau<\/strong> (arborant s\u00fbrement ses fameux sneaks rouges mis en valeur sur la rigolote affiche du concert), ouvre avec la cr\u00e9ation d\u2019<em>\u00c0 perte de vue<\/em>\u2026 de la compositrice <strong>Keiko Devaux<\/strong>, gagnante du Concours de composition de l\u2019OUM. Cette \u0153uvre \u00e0 caract\u00e8re personnel \u00e9voque la perte de son p\u00e8re, pilote, lorsque la compositrice \u00e9tait encore enfant. Suivra <em>Berliner Momente IV<\/em> de Boudreau, tir\u00e9 d\u2019un ensemble en cinq parties entam\u00e9 en 1988 lors du 750e anniversaire de la ville allemande. Finalement, <strong>Jean-Fran\u00e7ois Rivest<\/strong> reprend les r\u00eanes de son orchestre pour le ballet <em>Cendrillon<\/em> de Prokofiev, avec une vingtaine de jeunes danseurs dirig\u00e9s par le chor\u00e9graphe en r\u00e9sidence de l\u2019\u00c9cole sup\u00e9rieure de ballet du Qu\u00e9bec, <strong>Gaby Bars<\/strong>. <a href=\"https:\/\/www.ludwig-van.com\/montreal\/2018\/11\/29\/lavant-concert-cendrillon-berlin\/\" target=\"_blank\" rel=\"noopener\">LIRE NOTRE ENTRETIEN AVEC LES ARTISTES<\/a> <strong>Le samedi 8 d\u00e9cembre, 19h30, Maison symphonique.<\/strong> <a href=\"http:\/\/www.smcq.qc.ca\/smcq\/fr\/montreal\/53\/concerts\/40680\/\" target=\"_blank\" rel=\"noopener\">D\u00c9TAILS.<\/a><\/p>\n<p>&nbsp;<\/p>\n<figure id=\"attachment_48439\" aria-describedby=\"caption-attachment-48439\" style=\"width: 1024px\" class=\"wp-caption aligncenter\"><img decoding=\"async\" loading=\"lazy\" class=\"size-full wp-image-48439\" src=\"https:\/\/www.ludwig-van.com\/montreal\/wp-content\/uploads\/sites\/3\/2017\/10\/Alexander-Shelley.jpg\" alt=\"Alexandre Shelley, chef d'orchestre. (Photo: Thomas Dagg)\" width=\"1024\" height=\"576\" srcset=\"https:\/\/www.ludwig-van.com\/montreal\/wp-content\/uploads\/sites\/3\/2017\/10\/Alexander-Shelley.jpg 1024w, https:\/\/www.ludwig-van.com\/montreal\/wp-content\/uploads\/sites\/3\/2017\/10\/Alexander-Shelley-300x169.jpg 300w, https:\/\/www.ludwig-van.com\/montreal\/wp-content\/uploads\/sites\/3\/2017\/10\/Alexander-Shelley-768x432.jpg 768w\" sizes=\"(max-width: 1024px) 100vw, 1024px\" \/><figcaption id=\"caption-attachment-48439\" class=\"wp-caption-text\">Alexandre Shelley dirigera l&rsquo;OM cette semaine dans le programme \u00ab\u00a0Songes de Shakespeare\u00a0\u00bb. (Photo : Thomas Dagg)<\/figcaption><\/figure>\n<h2>Orchestre M\u00e9tropolitain : Songes de Shakespeare<\/h2>\n<p>Si on dit de Shakespeare qu\u2019il a saisi dans ses pi\u00e8ces de th\u00e9\u00e2tre toute la complexit\u00e9 des \u00e9motions humaines, cela est tout aussi vrai des compositeurs qui l\u2019ont mis en musique. Dans ce programme, l\u2019<a href=\"https:\/\/www.ludwig-van.com\/montreal\/directory\/orchestre-metropolitain\/\" target=\"_blank\" rel=\"noopener\">Orchestre M\u00e9tropolitain<\/a> r\u00e9unit des \u0153uvres de Mendelssohn, Strauss et Tcha\u00efkovski. Le clarinettiste luso-canadien <strong>David Dias da Silva<\/strong> interpr\u00e9tera par ailleurs l\u2019intrigant concerto <em>Peacock Tales<\/em> du compositeur su\u00e9dois Anders Hillborg, le tout sous la baguette du charismatique chef de l\u2019Orchestre du Centre national des arts, <strong>Alexander Shelley<\/strong>. <strong>Le mardi 4 d\u00e9cembre, \u00e0 Saint-Laurent, le mercredi 5 d\u00e9cembre, 19h30, \u00e0 Rivi\u00e8re-des-Prairies; le jeudi 6 d\u00e9cembre, 19h30, \u00e0 la Maison symphonique; le vendredi 7 d\u00e9cembre, 19h30, Pierrefonds-Roxboro; le samedi 8 d\u00e9cembre, 19h30, \u00e0 Saint-L\u00e9onard.<\/strong> <a href=\"https:\/\/orchestremetropolitain.com\/fr\/\" target=\"_blank\" rel=\"noopener\">D\u00c9TAILS.<\/a><\/p>\n<p>&nbsp;<\/p>\n<figure id=\"attachment_54917\" aria-describedby=\"caption-attachment-54917\" style=\"width: 1024px\" class=\"wp-caption aligncenter\"><img decoding=\"async\" loading=\"lazy\" class=\"size-full wp-image-54917\" src=\"https:\/\/www.ludwig-van.com\/montreal\/wp-content\/uploads\/sites\/3\/2018\/06\/LesViolonsDuRoyPhotoMichelRobitaille-refaite.jpg\" alt=\"Les Violons du Roy (Cr\u00e9dit: Michel Robitaille)\" width=\"1024\" height=\"684\" srcset=\"https:\/\/www.ludwig-van.com\/montreal\/wp-content\/uploads\/sites\/3\/2018\/06\/LesViolonsDuRoyPhotoMichelRobitaille-refaite.jpg 1024w, https:\/\/www.ludwig-van.com\/montreal\/wp-content\/uploads\/sites\/3\/2018\/06\/LesViolonsDuRoyPhotoMichelRobitaille-refaite-300x200.jpg 300w, https:\/\/www.ludwig-van.com\/montreal\/wp-content\/uploads\/sites\/3\/2018\/06\/LesViolonsDuRoyPhotoMichelRobitaille-refaite-768x513.jpg 768w\" sizes=\"(max-width: 1024px) 100vw, 1024px\" \/><figcaption id=\"caption-attachment-54917\" class=\"wp-caption-text\">Les Violons du Roy (Cr\u00e9dit : Michel Robitaille)<\/figcaption><\/figure>\n<h2>Violons du Roy : Octuors romantiques<\/h2>\n<p>On connait l\u2019enlevant Octuor \u00e0 cordes compos\u00e9 par un tout jeune Mendelssohn, mais celui de Bruch, compos\u00e9 presque cent ans plus tard par un compositeur en fin de vie, m\u00e9rite sa place \u00e0 c\u00f4t\u00e9 du premier. Huit membres des <strong>Violons du Roy<\/strong> seront sur sc\u00e8ne pour pr\u00eater leur fougue et enthousiasme habituels \u00e0 ces \u0153uvres dans deux repr\u00e9sentations de la s\u00e9rie Ap\u00e9ro. <strong>Les mercredi 5 et jeudi 6 d\u00e9cembre, 17h30, Salle d\u2019Youville du Palais Montcalm de Qu\u00e9bec.<\/strong> <a href=\"https:\/\/www.ludwig-van.com\/montreal\/event\/violons-roy-octuors-romantiques\/\" target=\"_blank\" rel=\"noopener\">D\u00c9TAILS.<\/a><\/p>\n<p>&nbsp;<\/p>\n<figure id=\"attachment_56092\" aria-describedby=\"caption-attachment-56092\" style=\"width: 1022px\" class=\"wp-caption aligncenter\"><img decoding=\"async\" loading=\"lazy\" class=\"size-full wp-image-56092\" src=\"https:\/\/www.ludwig-van.com\/montreal\/wp-content\/uploads\/sites\/3\/2017\/09\/JMC_instinct-de-vie_credit-donald-robitaille-osa.jpg\" alt=\"Philippe Prud'homme\" width=\"1022\" height=\"709\" srcset=\"https:\/\/www.ludwig-van.com\/montreal\/wp-content\/uploads\/sites\/3\/2017\/09\/JMC_instinct-de-vie_credit-donald-robitaille-osa.jpg 1022w, https:\/\/www.ludwig-van.com\/montreal\/wp-content\/uploads\/sites\/3\/2017\/09\/JMC_instinct-de-vie_credit-donald-robitaille-osa-300x208.jpg 300w, https:\/\/www.ludwig-van.com\/montreal\/wp-content\/uploads\/sites\/3\/2017\/09\/JMC_instinct-de-vie_credit-donald-robitaille-osa-768x533.jpg 768w\" sizes=\"(max-width: 1022px) 100vw, 1022px\" \/><figcaption id=\"caption-attachment-56092\" class=\"wp-caption-text\">Philippe Prud&rsquo;homme, pianiste. (Photo : Donald Robitaille)<\/figcaption><\/figure>\n<h2>Instinct de vie<\/h2>\n<p>Ce r\u00e9cital du pianiste Philippe Prud\u2019homme c\u00e9l\u00e8bre la r\u00e9silience et la capacit\u00e9 humaine \u00e0 extraire des moments de grande beaut\u00e9 \u00e0 partir des sentiments les plus sombres. <strong>Le mercredi 5 d\u00e9cembre, 19h, Salle Joseph-Rouleau des Jeunesses musicales du Canada.<\/strong> <a href=\"https:\/\/www.ludwig-van.com\/montreal\/event\/jeunesses-musicales-instinct-de-vie\/\" target=\"_blank\" rel=\"noopener\">D\u00c9TAILS.<\/a><\/p>\n<p>&nbsp;<\/p>\n<p>&nbsp;<\/p>\n<figure id=\"attachment_57514\" aria-describedby=\"caption-attachment-57514\" style=\"width: 1024px\" class=\"wp-caption aligncenter\"><img decoding=\"async\" loading=\"lazy\" class=\"size-full wp-image-57514\" src=\"https:\/\/www.ludwig-van.com\/montreal\/wp-content\/uploads\/sites\/3\/2017\/09\/PARAMIRABO_2018_w_Logo_photo-Lou-Scamble.jpg\" alt=\"Ensemble Paramirabo\" width=\"1024\" height=\"416\" srcset=\"https:\/\/www.ludwig-van.com\/montreal\/wp-content\/uploads\/sites\/3\/2017\/09\/PARAMIRABO_2018_w_Logo_photo-Lou-Scamble.jpg 1024w, https:\/\/www.ludwig-van.com\/montreal\/wp-content\/uploads\/sites\/3\/2017\/09\/PARAMIRABO_2018_w_Logo_photo-Lou-Scamble-300x122.jpg 300w, https:\/\/www.ludwig-van.com\/montreal\/wp-content\/uploads\/sites\/3\/2017\/09\/PARAMIRABO_2018_w_Logo_photo-Lou-Scamble-768x312.jpg 768w\" sizes=\"(max-width: 1024px) 100vw, 1024px\" \/><figcaption id=\"caption-attachment-57514\" class=\"wp-caption-text\">L&rsquo;Ensemble Paramirabo. (Photo : Lou Scamble)<\/figcaption><\/figure>\n<h2>EP 1 : Something old, something new<\/h2>\n<p>\u2026something borrowed, something blue. Joli clin d\u2019oeil de l\u2019<a href=\"https:\/\/www.ludwig-van.com\/montreal\/directory\/ensemble-paramirabo\/\" target=\"_blank\" rel=\"noopener\">Ensemble Paramirabo<\/a>, sp\u00e9cialis\u00e9 en musiques actuelles, que l\u2019emprunt de cette premi\u00e8re ligne d\u2019une ancienne rime anglaise rappelant aux mari\u00e9es les quatre \u00e9l\u00e9ments porte-bonheur \u00e0 porter le jour de la c\u00e9l\u00e9bration. Le programme du concert combine effectivement du neuf (cr\u00e9ation de Bekah Simms, <em>With Dawn in Our Lungs<\/em>) et du (comparativement) vieux. Y aura-t-il du bleu?<strong> Le mercredi 5 d\u00e9cembre, 20h, Chapelle historique du Bon-Pasteur.<\/strong> <a href=\"https:\/\/www.ludwig-van.com\/montreal\/event\/ensemble-paramirabo-something-old-something-new\/\" target=\"_blank\" rel=\"noopener\">D\u00c9TAILS.<\/a><\/p>\n<p>&nbsp;<\/p>\n<p>&nbsp;<\/p>\n<figure id=\"attachment_49303\" aria-describedby=\"caption-attachment-49303\" style=\"width: 1024px\" class=\"wp-caption aligncenter\"><img decoding=\"async\" loading=\"lazy\" class=\"size-full wp-image-49303\" src=\"https:\/\/www.ludwig-van.com\/montreal\/wp-content\/uploads\/sites\/3\/2017\/10\/JFB-nyckelharpa_Yanick-Lesperance_w.jpg\" alt=\"Le compositeur et multi-instrumentiste Jean-Fran\u00e7ois B\u00e9langer pr\u00e9sente son spectacle Les Entrailles de la montagne. (Cr\u00e9dit: Yanick Lesperance).\" width=\"1024\" height=\"682\" srcset=\"https:\/\/www.ludwig-van.com\/montreal\/wp-content\/uploads\/sites\/3\/2017\/10\/JFB-nyckelharpa_Yanick-Lesperance_w.jpg 1024w, https:\/\/www.ludwig-van.com\/montreal\/wp-content\/uploads\/sites\/3\/2017\/10\/JFB-nyckelharpa_Yanick-Lesperance_w-300x200.jpg 300w, https:\/\/www.ludwig-van.com\/montreal\/wp-content\/uploads\/sites\/3\/2017\/10\/JFB-nyckelharpa_Yanick-Lesperance_w-768x512.jpg 768w\" sizes=\"(max-width: 1024px) 100vw, 1024px\" \/><figcaption id=\"caption-attachment-49303\" class=\"wp-caption-text\">Le compositeur et multi-instrumentiste Jean-Fran\u00e7ois B\u00e9langer. (Cr\u00e9dit : Yanick Lesperance).<\/figcaption><\/figure>\n<h2>F\u00eate nordique<\/h2>\n<p>Nyckelharpa, violon d\u2019Hardanger : pour qui aime la musique folklorique scandinave, ces mots \u00e9voquent d\u00e9j\u00e0 des sonorit\u00e9s envo\u00fbtantes. Pour ceux qui ont encore \u00e0 les d\u00e9couvrir, l\u2019occasion se pr\u00e9sente avec les compositions originales du multi-instrumentiste <strong>Jean-Fran\u00e7ois B\u00e9langer<\/strong> et ses acolytes Yann Falquet, Elisabeth Giroux et Bernard Ouellette. <a href=\"https:\/\/www.ludwig-van.com\/montreal\/2018\/02\/24\/discussion-jean-francois-belanger-le-plus-classique-des-trads-sur-la-musique-en-2018\/\" target=\"_blank\" rel=\"noopener\">LIRE NOTRE ENTREVUE AVEC CET ARTISTE<\/a>. <strong>Le jeudi 6 d\u00e9cembre, 19h30, Salle Bourgie<a href=\"https:\/\/www.ludwig-van.com\/montreal\/event\/arte-musica-fete-nordique\/\" target=\"_blank\" rel=\"noopener\">.<\/a><\/strong> <a href=\"https:\/\/www.ludwig-van.com\/montreal\/event\/arte-musica-fete-nordique\/\" target=\"_blank\" rel=\"noopener\">D\u00c9TAILS.<\/a><\/p>\n<p>&nbsp;<\/p>\n<p>&nbsp;<\/p>\n<figure id=\"attachment_54921\" aria-describedby=\"caption-attachment-54921\" style=\"width: 1024px\" class=\"wp-caption aligncenter\"><img decoding=\"async\" loading=\"lazy\" class=\"size-full wp-image-54921\" src=\"https:\/\/www.ludwig-van.com\/montreal\/wp-content\/uploads\/sites\/3\/2018\/06\/Luc-Beause\u0301jour-refaite.jpg\" alt=\"\" width=\"1024\" height=\"943\" srcset=\"https:\/\/www.ludwig-van.com\/montreal\/wp-content\/uploads\/sites\/3\/2018\/06\/Luc-Beause\u0301jour-refaite.jpg 1024w, https:\/\/www.ludwig-van.com\/montreal\/wp-content\/uploads\/sites\/3\/2018\/06\/Luc-Beause\u0301jour-refaite-300x276.jpg 300w, https:\/\/www.ludwig-van.com\/montreal\/wp-content\/uploads\/sites\/3\/2018\/06\/Luc-Beause\u0301jour-refaite-768x707.jpg 768w\" sizes=\"(max-width: 1024px) 100vw, 1024px\" \/><figcaption id=\"caption-attachment-54921\" class=\"wp-caption-text\">Luc Beaus\u00e9jour. (Photo : courtoisie)<\/figcaption><\/figure>\n<h2>Compl\u00e8tement baroque!<\/h2>\n<p>La mise en musique par Purcell de la tragique histoire de <em>Didon et \u00c9n\u00e9e<\/em>, qui se conclut par le d\u00e9chirant <em>When I Am Laid<\/em>, est au c\u0153ur de cette pr\u00e9sentation de l\u2019ensemble de musique baroque du Conservatoire de musique de Montr\u00e9al, guid\u00e9 par <strong>Luc Beaus\u00e9jour<\/strong>. <strong>Le jeudi 6 d\u00e9cembre, 19h30, Salle de concert du Conservatoire.<\/strong> <a href=\"https:\/\/www.ludwig-van.com\/montreal\/event\/conservatoire-de-musique-de-montreal-ensemble-de-musique-baroque-completement-baroque\/\" target=\"_blank\" rel=\"noopener\">D\u00c9TAILS.<\/a><\/p>\n<p>&nbsp;<\/p>\n<p>&nbsp;<\/p>\n<figure id=\"attachment_54026\" aria-describedby=\"caption-attachment-54026\" style=\"width: 1024px\" class=\"wp-caption aligncenter\"><img decoding=\"async\" loading=\"lazy\" class=\"size-full wp-image-54026\" src=\"https:\/\/www.ludwig-van.com\/montreal\/wp-content\/uploads\/sites\/3\/2018\/05\/2018_Molinari5586_web.jpg\" alt=\"Quatuor Molinari\" width=\"1024\" height=\"683\" srcset=\"https:\/\/www.ludwig-van.com\/montreal\/wp-content\/uploads\/sites\/3\/2018\/05\/2018_Molinari5586_web.jpg 1024w, https:\/\/www.ludwig-van.com\/montreal\/wp-content\/uploads\/sites\/3\/2018\/05\/2018_Molinari5586_web-300x200.jpg 300w, https:\/\/www.ludwig-van.com\/montreal\/wp-content\/uploads\/sites\/3\/2018\/05\/2018_Molinari5586_web-768x512.jpg 768w\" sizes=\"(max-width: 1024px) 100vw, 1024px\" \/><figcaption id=\"caption-attachment-54026\" class=\"wp-caption-text\">Le Quatuor Molinari. (Photo : courtoisie)<\/figcaption><\/figure>\n<h2>Quatuor Molinari : Musique tch\u00e8que<\/h2>\n<p>Les \u0153uvres pour quatuor \u00e0 cordes et percussionniste sont denr\u00e9es rares, et d\u2019ailleurs, devant l\u2019accueil froid r\u00e9serv\u00e9 \u00e0 son instrumentation audacieuse, le compositeur tch\u00e8que Pavel Haas avait retir\u00e9 la partie de percussion de son deuxi\u00e8me quatuor. C\u2019est bel et bien la version originale qui sera pr\u00e9sent\u00e9e par le <strong>Quatuor Molinari<\/strong> et le percussionniste <strong>Matthias Soly-Letarte<\/strong>. Le Quatuor no 1 de Janacek (\u00ab La Sonate \u00e0 Kreutzer \u00bb) et le deuxi\u00e8me quatuor de Martinu compl\u00e9teront le programme. <strong>Le vendredi 7 d\u00e9cembre, 19h30, Salle de concert du Conservatoire de musique de Montr\u00e9al.<\/strong> <a href=\"https:\/\/www.ludwig-van.com\/montreal\/event\/quatuor-molinari-musique-tcheque\/\" target=\"_blank\" rel=\"noopener\">D\u00c9TAILS.<\/a><\/p>\n<p>&nbsp;<\/p>\n<p>&nbsp;<\/p>\n<figure id=\"attachment_57749\" aria-describedby=\"caption-attachment-57749\" style=\"width: 700px\" class=\"wp-caption aligncenter\"><img decoding=\"async\" loading=\"lazy\" class=\"size-full wp-image-57749\" src=\"https:\/\/www.ludwig-van.com\/montreal\/wp-content\/uploads\/sites\/3\/2018\/11\/Jean-Luc-Therrien-et-Jean-Samuel-Bez-cal.jpg\" alt=\"Jean-Luc Therrien et Jean-Samuel Bez\" width=\"700\" height=\"350\" srcset=\"https:\/\/www.ludwig-van.com\/montreal\/wp-content\/uploads\/sites\/3\/2018\/11\/Jean-Luc-Therrien-et-Jean-Samuel-Bez-cal.jpg 700w, https:\/\/www.ludwig-van.com\/montreal\/wp-content\/uploads\/sites\/3\/2018\/11\/Jean-Luc-Therrien-et-Jean-Samuel-Bez-cal-300x150.jpg 300w\" sizes=\"(max-width: 700px) 100vw, 700px\" \/><figcaption id=\"caption-attachment-57749\" class=\"wp-caption-text\">Jean-Luc Therrien et Jean-Samuel Bez. (Photo : courtoisie)<\/figcaption><\/figure>\n<h2>Maison de la musique de Sorel-Tracy : Duo Therrien-Bez<\/h2>\n<p>Le pianiste qu\u00e9b\u00e9cois <strong>Jean-Luc Therrien<\/strong> et le violoniste fran\u00e7ais <strong>Jean-Samuel Bez<\/strong> ont tous deux des feuilles de route impressionnantes, parsem\u00e9es de nombreux prix et de collaborations avec d\u2019\u00e9minents musiciens. Ils interpr\u00e9teront ensemble les sonates de Debussy et Schumann, ainsi que des \u0153uvres de Schubert, de Lili Boulanger et de Fritz Kreisler, ajoutant au passage quelques m\u00e9lodies de No\u00ebl. <strong>Le samedi 8 d\u00e9cembre, 20h, Maison de la musique de Sorel-Tracy.<\/strong> <a href=\"https:\/\/www.ludwig-van.com\/montreal\/event\/maison-de-musique-de-sorel-tracy-duo-jean-luc-therrien-jean-samuel-bez\/\" target=\"_blank\" rel=\"noopener\">D\u00c9TAILS.<\/a><\/p>\n<p>&nbsp;<\/p>\n<p style=\"text-align: center;\"><img decoding=\"async\" loading=\"lazy\" class=\"aligncenter size-full wp-image-57912\" src=\"https:\/\/www.ludwig-van.com\/montreal\/wp-content\/uploads\/sites\/3\/2018\/12\/Grand-choeur-de-Montr\u00e9al-Gloria-WEB.jpg\" alt=\"\" width=\"1024\" height=\"512\" srcset=\"https:\/\/www.ludwig-van.com\/montreal\/wp-content\/uploads\/sites\/3\/2018\/12\/Grand-choeur-de-Montr\u00e9al-Gloria-WEB.jpg 1024w, https:\/\/www.ludwig-van.com\/montreal\/wp-content\/uploads\/sites\/3\/2018\/12\/Grand-choeur-de-Montr\u00e9al-Gloria-WEB-300x150.jpg 300w, https:\/\/www.ludwig-van.com\/montreal\/wp-content\/uploads\/sites\/3\/2018\/12\/Grand-choeur-de-Montr\u00e9al-Gloria-WEB-768x384.jpg 768w\" sizes=\"(max-width: 1024px) 100vw, 1024px\" \/><\/p>\n<h2>Le Grand Ch\u0153ur de Montr\u00e9al<\/h2>\n<p>Le Grand Ch\u0153ur de Montr\u00e9al chantera gloires et louanges sous la direction de Martin Dagenais, r\u00e9unissant dans son programme le c\u00e9l\u00e8bre Gloria et le Dixit Dominus de Vivaldi, ainsi que le Laudate Pueri Dominum de Haendel. <strong>Le dimanche 9 d\u00e9cembre, 15h, \u00c9glise Saint-L\u00e9on-de-Westmount.<\/strong> <a href=\"https:\/\/www.eventbrite.ca\/e\/gloria-concert-vivaldi-haendel-eglise-saint-leon-de-westmount-tickets-49979164025?aff=ebdssbdestsearch\" target=\"_blank\" rel=\"noopener\">D\u00c9TAILS.<\/a><\/p>\n<p>&nbsp;<\/p>\n<p>&nbsp;<\/p>\n<figure id=\"attachment_54655\" aria-describedby=\"caption-attachment-54655\" style=\"width: 1024px\" class=\"wp-caption aligncenter\"><img decoding=\"async\" loading=\"lazy\" class=\"size-full wp-image-54655\" src=\"https:\/\/www.ludwig-van.com\/montreal\/wp-content\/uploads\/sites\/3\/2018\/06\/P2070049.jpg\" alt=\"Hugo Laporte (Photo : Catherine Charron-Drolet)\" width=\"1024\" height=\"768\" srcset=\"https:\/\/www.ludwig-van.com\/montreal\/wp-content\/uploads\/sites\/3\/2018\/06\/P2070049.jpg 1024w, https:\/\/www.ludwig-van.com\/montreal\/wp-content\/uploads\/sites\/3\/2018\/06\/P2070049-300x225.jpg 300w, https:\/\/www.ludwig-van.com\/montreal\/wp-content\/uploads\/sites\/3\/2018\/06\/P2070049-768x576.jpg 768w\" sizes=\"(max-width: 1024px) 100vw, 1024px\" \/><figcaption id=\"caption-attachment-54655\" class=\"wp-caption-text\">Hugo Laporte (Photo : Catherine Charron-Drolet)<\/figcaption><\/figure>\n<h2>Clavecin en concert<\/h2>\n<p>Le raffinement des no\u00ebls instrumentaux de Charpentier, Delalande et Corrette sera compl\u00e9ment\u00e9 par la voix chaleureuse de <strong>Hugo Laporte<\/strong> dans des airs de no\u00ebl fran\u00e7ais. <strong>Le dimanche 9 d\u00e9cembre, 15h, \u00c9glise de la Visitation.<\/strong> <a href=\"https:\/\/www.ludwig-van.com\/montreal\/event\/clavecin-concert-noels-baroques-francais\/\" target=\"_blank\" rel=\"noopener\">D\u00c9TAILS.<\/a><\/p>\n<p>&nbsp;<\/p>\n<p>&nbsp;<\/p>\n<figure id=\"attachment_56522\" aria-describedby=\"caption-attachment-56522\" style=\"width: 1024px\" class=\"wp-caption aligncenter\"><img decoding=\"async\" loading=\"lazy\" class=\"size-full wp-image-56522\" src=\"https:\/\/www.ludwig-van.com\/montreal\/wp-content\/uploads\/sites\/3\/2017\/12\/OPCM-2018.jpg\" alt=\"L'Orchestre Philharmonique et Ch\u0153ur des Me\u0301lomane\" width=\"1024\" height=\"682\" srcset=\"https:\/\/www.ludwig-van.com\/montreal\/wp-content\/uploads\/sites\/3\/2017\/12\/OPCM-2018.jpg 1024w, https:\/\/www.ludwig-van.com\/montreal\/wp-content\/uploads\/sites\/3\/2017\/12\/OPCM-2018-300x200.jpg 300w, https:\/\/www.ludwig-van.com\/montreal\/wp-content\/uploads\/sites\/3\/2017\/12\/OPCM-2018-768x512.jpg 768w\" sizes=\"(max-width: 1024px) 100vw, 1024px\" \/><figcaption id=\"caption-attachment-56522\" class=\"wp-caption-text\">L&rsquo;Orchestre Philharmonique et Ch\u0153ur des m\u00e9lomanes (OPCM) pr\u00e9sente le Requiem de Mozart le dimanche 9 d\u00e9cembre. (Photo : courtoisie)<\/figcaption><\/figure>\n<h2>OPCM : Requiem de Mozart<\/h2>\n<p><a href=\"https:\/\/www.ludwig-van.com\/montreal\/2018\/10\/23\/nouvelle-trois-jeunes-audacieux-obtiennent-les-droits-pour-le-seigneur-des-anneaux-en-cine-concert\/\" target=\"_blank\" rel=\"noopener\">Francis Choini\u00e8re<\/a> et <a href=\"https:\/\/www.ludwig-van.com\/montreal\/2018\/10\/29\/nouvelle-violoncelliste-elie-boissinot-grand-gagnant-violon-dor\/\" target=\"_blank\" rel=\"noopener\">\u00c9lie Boissinot<\/a>, les deux fondateurs de l\u2019<a href=\"https:\/\/www.ludwig-van.com\/montreal\/directory\/orchestre-philharmonique-choeur-melomanes\/\" target=\"_blank\" rel=\"noopener\">Orchestre Philharmonique et Ch\u0153ur des M\u00e9lomanes <\/a>(OPCM), faisaient chacun l\u2019objet r\u00e9cemment d\u2019articles sur ce site. Leur <a href=\"https:\/\/www.ludwig-van.com\/montreal\/2018\/10\/29\/nouvelle-violoncelliste-elie-boissinot-grand-gagnant-violon-dor\/\" target=\"_blank\" rel=\"noopener\">talent<\/a> et leur <a href=\"https:\/\/www.ludwig-van.com\/montreal\/2018\/10\/23\/nouvelle-trois-jeunes-audacieux-obtiennent-les-droits-pour-le-seigneur-des-anneaux-en-cine-concert\/\" target=\"_blank\" rel=\"noopener\">ambition <\/a>s\u2019expriment cette fois dans la pr\u00e9sentation d\u2019un programme centr\u00e9 autour du deuil en musique : le m\u00e9ditatif <em>Cantus firmus in memory of Benjamin Britten<\/em> d\u2019Arvo P\u00e4rt et l\u2019aust\u00e8re <em>Lachrymae<\/em> pour alto et orchestre \u00e0 cordes de Benjamin Britten pr\u00e9c\u00e8dent le grandiose <em>Requiem<\/em> de Mozart. <strong>Marina Thibeault<\/strong> tient la partie d\u2019alto dans le Britten, tandis qu\u2019<strong>Anja Strauss<\/strong>, <strong>Rose Naggar-Tremblay<\/strong>, <strong>Marcel d\u2019Entremont<\/strong> et <strong>Clayton Kennedy<\/strong> forment le quatuor de voix solistes pour le Mozart. <strong>Le dimanche 9 d\u00e9cembre, 19h, \u00c9glise de l\u2019Immacul\u00e9e-Conception.<\/strong> <a href=\"https:\/\/www.ludwig-van.com\/montreal\/event\/opcm-requiem-de-mozart\/\" target=\"_blank\" rel=\"noopener\">D\u00c9TAILS.<\/a><\/p>\n<p><a href=\"https:\/\/www.ludwig-van.com\/montreal\/events\/\" target=\"_blank\" rel=\"noopener\">POUR PLUS DE CONCERTS, VOYEZ NOTRE CALENDRIER<\/a><\/p>\n<h2>LIRE AUSSI :<\/h2>\n<blockquote class=\"wp-embedded-content\" data-secret=\"wEJZrn6Yd8\"><p><a href=\"https:\/\/www.ludwig-van.com\/montreal\/2018\/11\/25\/guide-ludwig-van-15-concerts-de-noel-illuminer-mois-de-decembre\/\">GUIDE LUDWIG VAN  | 15 concerts de No\u00ebl \u00e9patants pour illuminer d\u00e9cembre dans le Grand Montr\u00e9al<\/a><\/p><\/blockquote>\n<p><iframe class=\"wp-embedded-content\" sandbox=\"allow-scripts\" security=\"restricted\" style=\"position: absolute; clip: rect(1px, 1px, 1px, 1px);\" src=\"https:\/\/www.ludwig-van.com\/montreal\/2018\/11\/25\/guide-ludwig-van-15-concerts-de-noel-illuminer-mois-de-decembre\/embed\/#?secret=wEJZrn6Yd8\" data-secret=\"wEJZrn6Yd8\" width=\"600\" height=\"338\" title=\"\u00ab\u00a0GUIDE LUDWIG VAN  | 15 concerts de No\u00ebl \u00e9patants pour illuminer d\u00e9cembre dans le Grand Montr\u00e9al\u00a0\u00bb &#8212; Ludwig Van Montreal\" frameborder=\"0\" marginwidth=\"0\" marginheight=\"0\" scrolling=\"no\"><\/iframe><\/p>\n<p>&nbsp;<\/p>\n<p>&nbsp;<\/p>\n<p>&nbsp;<\/p>\n<p>&nbsp;<\/p>\n","protected":false},"excerpt":{"rendered":"<p>Ne perdez pas votre pantoufle de vair en courant d\u2019un concert \u00e0 l\u2019autre cette semaine, la r\u00e9daction n\u2019offre aucune garantie de la pr\u00e9sence ou non d\u2019un prince charmant \u2013 ou d\u2019une princesse charmante, parce qu\u2019on est en 2018 &#8211; pour vous la rapporter\u2026Heureusement, tous les concerts finiront bien avant minuit!<\/p>\n","protected":false},"author":55,"featured_media":57914,"comment_status":"open","ping_status":"open","sticky":false,"template":"","format":"standard","meta":{"om_disable_all_campaigns":false,"jetpack_post_was_ever_published":false},"categories":[16745,10994],"tags":[16421,11968,19246],"yst_prominent_words":[28309,28305,28307,12243,23652,28123,28302,28301,28306,28299,28300,28297,28298,28308,28310,15096,28214,28303,25146,28304],"acf":[],"jetpack_featured_media_url":"https:\/\/www.ludwig-van.com\/montreal\/wp-content\/uploads\/sites\/3\/2018\/12\/Choix-redaction-decembre.jpg","jetpack_sharing_enabled":true,"jetpack_shortlink":"https:\/\/wp.me\/p9bdYt-f41","amp_enabled":true,"_links":{"self":[{"href":"https:\/\/www.ludwig-van.com\/montreal\/wp-json\/wp\/v2\/posts\/57909"}],"collection":[{"href":"https:\/\/www.ludwig-van.com\/montreal\/wp-json\/wp\/v2\/posts"}],"about":[{"href":"https:\/\/www.ludwig-van.com\/montreal\/wp-json\/wp\/v2\/types\/post"}],"author":[{"embeddable":true,"href":"https:\/\/www.ludwig-van.com\/montreal\/wp-json\/wp\/v2\/users\/55"}],"replies":[{"embeddable":true,"href":"https:\/\/www.ludwig-van.com\/montreal\/wp-json\/wp\/v2\/comments?post=57909"}],"version-history":[{"count":8,"href":"https:\/\/www.ludwig-van.com\/montreal\/wp-json\/wp\/v2\/posts\/57909\/revisions"}],"predecessor-version":[{"id":60727,"href":"https:\/\/www.ludwig-van.com\/montreal\/wp-json\/wp\/v2\/posts\/57909\/revisions\/60727"}],"wp:featuredmedia":[{"embeddable":true,"href":"https:\/\/www.ludwig-van.com\/montreal\/wp-json\/wp\/v2\/media\/57914"}],"wp:attachment":[{"href":"https:\/\/www.ludwig-van.com\/montreal\/wp-json\/wp\/v2\/media?parent=57909"}],"wp:term":[{"taxonomy":"category","embeddable":true,"href":"https:\/\/www.ludwig-van.com\/montreal\/wp-json\/wp\/v2\/categories?post=57909"},{"taxonomy":"post_tag","embeddable":true,"href":"https:\/\/www.ludwig-van.com\/montreal\/wp-json\/wp\/v2\/tags?post=57909"},{"taxonomy":"yst_prominent_words","embeddable":true,"href":"https:\/\/www.ludwig-van.com\/montreal\/wp-json\/wp\/v2\/yst_prominent_words?post=57909"}],"curies":[{"name":"wp","href":"https:\/\/api.w.org\/{rel}","templated":true}]}}