{"id":57725,"date":"2018-11-23T13:52:49","date_gmt":"2018-11-23T18:52:49","guid":{"rendered":"https:\/\/www.ludwig-van.com\/montreal\/?p=57725"},"modified":"2018-11-25T12:52:28","modified_gmt":"2018-11-25T17:52:28","slug":"critique-les-violons-du-roy-le-charme-discret-de-la-mandoline","status":"publish","type":"post","link":"https:\/\/www.ludwig-van.com\/montreal\/2018\/11\/23\/critique-les-violons-du-roy-le-charme-discret-de-la-mandoline\/","title":{"rendered":"CRITIQUE  | Les Violons du Roy et Avi Avital: le charme discret de la mandoline"},"content":{"rendered":"<figure id=\"attachment_57336\" aria-describedby=\"caption-attachment-57336\" style=\"width: 700px\" class=\"wp-caption aligncenter\"><img decoding=\"async\" loading=\"lazy\" class=\"size-full wp-image-57336\" src=\"https:\/\/www.ludwig-van.com\/montreal\/wp-content\/uploads\/sites\/3\/2018\/11\/Avi-Avital-calendrier.jpg\" alt=\"Avi Avital\" width=\"700\" height=\"500\" srcset=\"https:\/\/www.ludwig-van.com\/montreal\/wp-content\/uploads\/sites\/3\/2018\/11\/Avi-Avital-calendrier.jpg 700w, https:\/\/www.ludwig-van.com\/montreal\/wp-content\/uploads\/sites\/3\/2018\/11\/Avi-Avital-calendrier-300x214.jpg 300w\" sizes=\"(max-width: 700px) 100vw, 700px\" \/><figcaption id=\"caption-attachment-57336\" class=\"wp-caption-text\">Avi Avital, mandoliniste, est l&rsquo;invit\u00e9 des Violons du Roy cette semaine. (Photo: courtoisie)<\/figcaption><\/figure>\n<p>Pour la premi\u00e8re fois de leur histoire, les <a href=\"https:\/\/www.ludwig-van.com\/montreal\/directory\/violons-du-roy-la-chapelle-de-quebec\/\" target=\"_blank\" rel=\"noopener\">Violons du Roy <\/a>pr\u00e9sentaient hier soir \u00e0 Qu\u00e9bec un programme mettant en vedette la mandoline, un instrument peu sollicit\u00e9 sur la sc\u00e8ne classique. L\u2019ensemble n\u2019a pas l\u00e9sin\u00e9 sur les moyens en invitant le plus grand mandoliniste de notre \u00e9poque, l\u2019Isra\u00e9lien <strong>Avi Avital<\/strong>, qui a d\u00e9j\u00e0 quatre disques \u00e0 son actif chez Deutsche Grammophon.<\/p>\n<p>Deux semaines apr\u00e8s s\u2019\u00eatre produit sur la sc\u00e8ne du Stern Auditorium au Carnegie Hall avec l\u2019excellent orchestre de chambre Orpheus, le musicien est arriv\u00e9 \u00e0 Qu\u00e9bec avec trois des jalons du r\u00e9pertoire \u2013 somme toute limit\u00e9 <span style=\"display: inline !important; float: none; background-color: transparent; color: #333333; cursor: text; font-family: -apple-system,BlinkMacSystemFont,'Segoe UI',Roboto,Oxygen-Sans,Ubuntu,Cantarell,'Helvetica Neue',sans-serif; font-size: 16px; font-style: normal; font-variant: normal; font-weight: 400; letter-spacing: normal; line-height: 22.4px; orphans: 2; text-align: left; text-decoration: none; text-indent: 0px; text-transform: none; -webkit-text-stroke-width: 0px; white-space: normal; word-spacing: 0px;\">\u2013<\/span> pour mandoline et orchestre.<\/p>\n<p>D\u00e8s son entr\u00e9e sur la sc\u00e8ne de la salle Raoul-Jobin, Avital charme par sa pr\u00e9sence magn\u00e9tique. Chemise \u00e9chancr\u00e9e, chevelure rebelle, l\u2019artiste a la d\u00e9gaine d\u2019un Don Juan qui remplirait assur\u00e9ment son \u00ab\u00a0catalogue\u00a0\u00bb de conqu\u00eates d\u2019un pincement de corde.<\/p>\n<p>Camp\u00e9 sur un podium entre la violon solo <strong>Pascale Gigu\u00e8re<\/strong> et le chef <strong>Jonathan Cohen<\/strong>, qui dirige l\u2019orchestre \u00e0 partir du clavecin, il entretient une complicit\u00e9 de tous les instants avec ces deux partenaires. Le lien entre le mandoliniste et son instrument, serr\u00e9, pour ne pas dire berc\u00e9 contre son ventre, est quasi charnel. Jouant de m\u00e9moire, il montre un sens aigu des nuances, particuli\u00e8rement dans les mouvements lents des deux concertos de Vivaldi, o\u00f9 l\u2019orchestre, d\u2019une discr\u00e9tion exemplaire, laisse le soliste distiller son art avec un supr\u00eame raffinement.<\/p>\n<p>&nbsp;<\/p>\n<blockquote><p>\u00c0 d\u2019autres moments, c\u2019est le virtuose qui se r\u00e9v\u00e8le, comme dans le dernier mouvement du Concerto en do majeur de Vivaldi, o\u00f9 on peine \u00e0 suivre le ballet digital balayant le manche de l\u2019instrument. Dans l\u2019<em>Allegretto<\/em> du Concerto en mi b\u00e9mol attribu\u00e9 \u00e0 Paisiello, on croirait presque avoir affaire \u00e0 une rockstar : Avital transcende la relative pauvret\u00e9 de l\u2019\u0153uvre par un engagement continu.<\/p><\/blockquote>\n<p>&nbsp;<\/p>\n<p>En formation l\u00e9g\u00e8re \u2013 seulement 14 musiciens sur sc\u00e8ne \u2013, l\u2019orchestre est loin d\u2019\u00eatre cantonn\u00e9 \u00e0 un r\u00f4le d\u2019accompagnateur, puisque lui et son chef ont propos\u00e9 pas moins de quatre concertos grossos : deux de Haendel, un de Durante et un de Avison.<\/p>\n<p>Contrairement aux musiciens, qui semblaient moins en forme qu\u2019\u00e0 leur habitude \u2013 plusieurs scories sont survenues aux violons et aux altos, notamment dans le Concerto no 4 de Haendel et dans le premier mouvement du Concerto no 8 de Durante \u2013, le chef <strong>Jonathan Cohen<\/strong> est apparu sous son meilleur jour, insufflant une irr\u00e9sistible vitalit\u00e9 dans les morceaux rapides comme le dernier mouvement du Concerto no 12 de Haendel, ou p\u00e9trissant avec tendresse les mouvements lents, entre autres dans le Largo du Concerto no 7 d\u2019Avison ou la splendide Aria du no 12 de Haendel. Les plans dynamiques, excellement d\u00e9finis \u2013 des piani murmur\u00e9s et des forte plein mais jamais forc\u00e9s \u2013 m\u00e9ritent \u00e9galement tous les \u00e9loges.<\/p>\n<p><em><strong>Ce concert sera \u00e9galement pr\u00e9sent\u00e9 le 23 novembre, 19:30 \u00e0 la salle Bourgie. <\/strong><\/em><a href=\"https:\/\/www.mbam.qc.ca\/achats-en-ligne\/concerts\/avi-avital-la-mandoline-virtuose\/6217\/\" target=\"_blank\" rel=\"noopener\">D\u00c9TAILS<\/a><\/p>\n<h2>LIRE AUSSI:<\/h2>\n<blockquote class=\"wp-embedded-content\" data-secret=\"ojcIpv2QE7\"><p><a href=\"https:\/\/www.ludwig-van.com\/montreal\/2018\/11\/24\/playlist-prix-opus-ecoutez-creme-albums-finalistes\/\">PLAYLIST  |  Prix Opus: \u00e9coutez la cr\u00e8me de la cr\u00e8me des albums finalistes en 30 pi\u00e8ces et deux heures de musique<\/a><\/p><\/blockquote>\n<p><iframe class=\"wp-embedded-content\" sandbox=\"allow-scripts\" security=\"restricted\" style=\"position: absolute; clip: rect(1px, 1px, 1px, 1px);\" src=\"https:\/\/www.ludwig-van.com\/montreal\/2018\/11\/24\/playlist-prix-opus-ecoutez-creme-albums-finalistes\/embed\/#?secret=ojcIpv2QE7\" data-secret=\"ojcIpv2QE7\" width=\"600\" height=\"338\" title=\"\u00ab\u00a0PLAYLIST  |  Prix Opus: \u00e9coutez la cr\u00e8me de la cr\u00e8me des albums finalistes en 30 pi\u00e8ces et deux heures de musique\u00a0\u00bb &#8212; Ludwig Van Montreal\" frameborder=\"0\" marginwidth=\"0\" marginheight=\"0\" scrolling=\"no\"><\/iframe><\/p>\n<p>&nbsp;<\/p>\n<p>&nbsp;<\/p>\n<p>&nbsp;<\/p>\n","protected":false},"excerpt":{"rendered":"<p>Pour la premi\u00e8re fois de leur histoire, les Violons du Roy pr\u00e9sentaient hier soir \u00e0 Qu\u00e9bec un programme mettant en vedette la mandoline, un instrument peu sollicit\u00e9 sur la sc\u00e8ne classique. L\u2019ensemble n\u2019a pas l\u00e9sin\u00e9 sur les moyens en invitant le plus grand mandoliniste de notre \u00e9poque, l\u2019Isra\u00e9lien Avi Avital, qui a d\u00e9j\u00e0 quatre disques \u00e0 son actif chez Deutsche Grammophon. <\/p>\n","protected":false},"author":75,"featured_media":57336,"comment_status":"open","ping_status":"open","sticky":false,"template":"","format":"standard","meta":{"om_disable_all_campaigns":false,"jetpack_post_was_ever_published":false},"categories":[16745,52],"tags":[16421,6581,1949],"yst_prominent_words":[28074,20324,20325,10006,28075,28073,7261,12355,9935,13199,28077,24274,24278,28076,10058,25384,28072,10541,9975,9974],"acf":[],"jetpack_featured_media_url":"https:\/\/www.ludwig-van.com\/montreal\/wp-content\/uploads\/sites\/3\/2018\/11\/Avi-Avital-calendrier.jpg","jetpack_sharing_enabled":true,"jetpack_shortlink":"https:\/\/wp.me\/p9bdYt-f13","amp_enabled":true,"_links":{"self":[{"href":"https:\/\/www.ludwig-van.com\/montreal\/wp-json\/wp\/v2\/posts\/57725"}],"collection":[{"href":"https:\/\/www.ludwig-van.com\/montreal\/wp-json\/wp\/v2\/posts"}],"about":[{"href":"https:\/\/www.ludwig-van.com\/montreal\/wp-json\/wp\/v2\/types\/post"}],"author":[{"embeddable":true,"href":"https:\/\/www.ludwig-van.com\/montreal\/wp-json\/wp\/v2\/users\/75"}],"replies":[{"embeddable":true,"href":"https:\/\/www.ludwig-van.com\/montreal\/wp-json\/wp\/v2\/comments?post=57725"}],"version-history":[{"count":5,"href":"https:\/\/www.ludwig-van.com\/montreal\/wp-json\/wp\/v2\/posts\/57725\/revisions"}],"predecessor-version":[{"id":57803,"href":"https:\/\/www.ludwig-van.com\/montreal\/wp-json\/wp\/v2\/posts\/57725\/revisions\/57803"}],"wp:featuredmedia":[{"embeddable":true,"href":"https:\/\/www.ludwig-van.com\/montreal\/wp-json\/wp\/v2\/media\/57336"}],"wp:attachment":[{"href":"https:\/\/www.ludwig-van.com\/montreal\/wp-json\/wp\/v2\/media?parent=57725"}],"wp:term":[{"taxonomy":"category","embeddable":true,"href":"https:\/\/www.ludwig-van.com\/montreal\/wp-json\/wp\/v2\/categories?post=57725"},{"taxonomy":"post_tag","embeddable":true,"href":"https:\/\/www.ludwig-van.com\/montreal\/wp-json\/wp\/v2\/tags?post=57725"},{"taxonomy":"yst_prominent_words","embeddable":true,"href":"https:\/\/www.ludwig-van.com\/montreal\/wp-json\/wp\/v2\/yst_prominent_words?post=57725"}],"curies":[{"name":"wp","href":"https:\/\/api.w.org\/{rel}","templated":true}]}}