{"id":57534,"date":"2018-11-18T17:03:45","date_gmt":"2018-11-18T22:03:45","guid":{"rendered":"https:\/\/www.ludwig-van.com\/montreal\/?p=57534"},"modified":"2018-11-24T10:48:08","modified_gmt":"2018-11-24T15:48:08","slug":"choix-de-la-redaction-concerts-montreal-quebec-semaine","status":"publish","type":"post","link":"https:\/\/www.ludwig-van.com\/montreal\/2018\/11\/18\/choix-de-la-redaction-concerts-montreal-quebec-semaine\/","title":{"rendered":"CHOIX DE LA R\u00c9DACTION  | 12 concerts \u00e0 Montr\u00e9al et \u00e0 Qu\u00e9bec cette semaine : frais, pas frais, j&rsquo;y vais!"},"content":{"rendered":"<figure id=\"attachment_57540\" aria-describedby=\"caption-attachment-57540\" style=\"width: 1024px\" class=\"wp-caption aligncenter\"><img decoding=\"async\" loading=\"lazy\" class=\"size-full wp-image-57540\" src=\"https:\/\/www.ludwig-van.com\/montreal\/wp-content\/uploads\/sites\/3\/2018\/11\/Choix-redaction-Kerson-Leong-WEBFINAL.jpg\" alt=\"Kerson Leong\" width=\"1024\" height=\"535\" srcset=\"https:\/\/www.ludwig-van.com\/montreal\/wp-content\/uploads\/sites\/3\/2018\/11\/Choix-redaction-Kerson-Leong-WEBFINAL.jpg 1024w, https:\/\/www.ludwig-van.com\/montreal\/wp-content\/uploads\/sites\/3\/2018\/11\/Choix-redaction-Kerson-Leong-WEBFINAL-300x157.jpg 300w, https:\/\/www.ludwig-van.com\/montreal\/wp-content\/uploads\/sites\/3\/2018\/11\/Choix-redaction-Kerson-Leong-WEBFINAL-768x401.jpg 768w\" sizes=\"(max-width: 1024px) 100vw, 1024px\" \/><figcaption id=\"caption-attachment-57540\" class=\"wp-caption-text\">Kerson Leong, soliste invit\u00e9 de l&rsquo;Orchestre M\u00e9tropolitain dans le Concerto pour violon de Korngold, cette semaine. (Photo: page Facebook de l&rsquo;artiste)<\/figcaption><\/figure>\n<p>La premi\u00e8re neige nous jette sous le charme anticip\u00e9 de No\u00ebl et au loin les hautbois et les musettes commencent \u00e0 r\u00e9sonner! Mais plut\u00f4t que de se plonger dans des \u00e9coutes r\u00e9p\u00e9t\u00e9es de \u00ab No\u00ebl blanc \u00bb, tirons profit des substantielles programmations \u00e9labor\u00e9es par nos valeureux ensembles musicaux, dont les charmes, eux, ne sont pas saisonniers.<\/p>\n<h2>LE CHOIX DE LA R\u00c9DACTRICE EN CHEF : Kerson Leong : R\u00eaveries<\/h2>\n<p>Les amateurs de musique de film sauront retrouver dans le Concerto pour violon d\u2019Erich Korngold les racines du langage musical de plusieurs des grands noms d\u2019aujourd\u2019hui. Fort actif \u00e0 Hollywood de 1934 \u00e0 1947, ce compositeur a en effet laiss\u00e9 une marque ind\u00e9l\u00e9bile sur la fa\u00e7on de composer pour le septi\u00e8me art. On pourra y appr\u00e9cier l\u2019\u00e9poustouflant violoniste <strong>Kerson Leong<\/strong>, soliste en r\u00e9sidence de l\u2019<strong>Orchestre M\u00e9tropolitain<\/strong> pour la saison. Sous la direction de <strong>Kensho Watanabe<\/strong>, l\u2019<strong>Orchestre M\u00e9tropolitain<\/strong> jouera un programme finement cisel\u00e9 comportant le <em>Pr\u00e9lude \u00e0 l\u2019apr\u00e8s-midi d\u2019un faune<\/em> de Debussy, le <em>Tombeau de Couperin<\/em> de Ravel, ainsi que la Symphonie no 1 de Chostakovitch.<\/p>\n<p><strong>Cinq occasions s\u2019offrent aux int\u00e9ress\u00e9s d\u2019entendre ce concert.<\/strong> Le mercredi 21 novembre, 19h30, \u00e0 l\u2019\u00c9glise Notre-Dame-des-Sept-Douleurs de Verdun, le jeudi 22 novembre, 19h30, \u00e0 la Maison symphonique, le vendredi 23 novembre, 20h, \u00e0 Pointe-Claire, le samedi 24 novembre, 19h30, \u00e0 la Premi\u00e8re \u00c9glise \u00c9vang\u00e9lique Arm\u00e9nienne dans Ahuntsic-Cartierville, et le dimanche 25 novembre, 14h, dans Mercier-Hochelaga-Maisonneuve. <a href=\"https:\/\/orchestremetropolitain.com\/fr\/concert\/kerson-leong-reveries\/\" target=\"_blank\" rel=\"noopener\">D\u00c9TAILS.<\/a><\/p>\n<p><a href=\"https:\/\/www.ludwig-van.com\/montreal\/events\/\" target=\"_blank\" rel=\"noopener\">POUR D\u00c9COUVRIR PLUS DE CONCERTS, CONSULTEZ NOTRE CALENDRIER 2018-2019<\/a><\/p>\n<p>&nbsp;<\/p>\n<p style=\"text-align: center;\"><img decoding=\"async\" loading=\"lazy\" class=\"aligncenter size-full wp-image-56312\" src=\"https:\/\/www.ludwig-van.com\/montreal\/wp-content\/uploads\/sites\/3\/2017\/10\/la-sprezzatura-saison23-boreades.jpg\" alt=\"\" width=\"1024\" height=\"559\" srcset=\"https:\/\/www.ludwig-van.com\/montreal\/wp-content\/uploads\/sites\/3\/2017\/10\/la-sprezzatura-saison23-boreades.jpg 1024w, https:\/\/www.ludwig-van.com\/montreal\/wp-content\/uploads\/sites\/3\/2017\/10\/la-sprezzatura-saison23-boreades-300x164.jpg 300w, https:\/\/www.ludwig-van.com\/montreal\/wp-content\/uploads\/sites\/3\/2017\/10\/la-sprezzatura-saison23-boreades-768x419.jpg 768w\" sizes=\"(max-width: 1024px) 100vw, 1024px\" \/><\/p>\n<h2>Les Bor\u00e9ades de Montr\u00e9al : La sprezzatura<\/h2>\n<p><strong>Les Bor\u00e9ades<\/strong> et les danseurs <strong>Marie-Nathalie Lacoursi\u00e8re<\/strong> et <strong>Tom Robin<\/strong> tenteront de saisir, \u00e0 travers des musiques de Rore, Pandolfi Mealli, Uccellini et Gesualdo, l\u2019essence de la <em>sprezzatura.<\/em> Cette disposition faite d\u2019esprit, de gr\u00e2ce et de d\u00e9sinvolture a \u00e9t\u00e9 d\u00e9crite par Balthasar de Castiglione dans son Livre du Courtisan, publi\u00e9 en 1528, dont l\u2019influence a d\u00e9fini la vie dans les cours d\u2019Europe pendant deux cents ans par la suite. <strong>Le jeudi 22 novembre, 19h30, Salle de concert du Conservatoire de musique de Montr\u00e9al.<\/strong> <a href=\"https:\/\/www.ludwig-van.com\/montreal\/event\/boreades-de-montreal-sprezzatura\/\" target=\"_blank\" rel=\"noopener\">D\u00c9TAILS.<\/a><\/p>\n<p>&nbsp;<\/p>\n<figure id=\"attachment_53120\" aria-describedby=\"caption-attachment-53120\" style=\"width: 1024px\" class=\"wp-caption aligncenter\"><img decoding=\"async\" loading=\"lazy\" class=\"size-full wp-image-53120\" src=\"https:\/\/www.ludwig-van.com\/montreal\/wp-content\/uploads\/sites\/3\/2018\/04\/DinaGilbertETMaximeGoulet@Nadia-ZhengSymphoniedujeuvideo2018-11-22.jpg\" alt=\"Maxime Goulet et Dina Gilbert. (Cr\u00e9dit: Nadia Zheng)\" width=\"1024\" height=\"683\" srcset=\"https:\/\/www.ludwig-van.com\/montreal\/wp-content\/uploads\/sites\/3\/2018\/04\/DinaGilbertETMaximeGoulet@Nadia-ZhengSymphoniedujeuvideo2018-11-22.jpg 1024w, https:\/\/www.ludwig-van.com\/montreal\/wp-content\/uploads\/sites\/3\/2018\/04\/DinaGilbertETMaximeGoulet@Nadia-ZhengSymphoniedujeuvideo2018-11-22-300x200.jpg 300w, https:\/\/www.ludwig-van.com\/montreal\/wp-content\/uploads\/sites\/3\/2018\/04\/DinaGilbertETMaximeGoulet@Nadia-ZhengSymphoniedujeuvideo2018-11-22-768x512.jpg 768w\" sizes=\"(max-width: 1024px) 100vw, 1024px\" \/><figcaption id=\"caption-attachment-53120\" class=\"wp-caption-text\">Maxime Goulet, compositeur, et Dina Gilbert, chef d&rsquo;orchestre. (Cr\u00e9dit: Nadia Zheng)<\/figcaption><\/figure>\n<h2>Qu\u00e9bec: la Symphonie du jeu vid\u00e9o<\/h2>\n<p>On sait que le Qu\u00e9bec occupe une place de choix dans le d\u00e9veloppement du jeu vid\u00e9o. La <strong>Symphonie du jeu vid\u00e9o,<\/strong> cr\u00e9\u00e9e l\u2019an dernier dans le cadre des c\u00e9l\u00e9brations du 375e anniversaire de Montr\u00e9al, met de l\u2019avant les musiques de jeux d\u00e9velopp\u00e9s ici dans un grand concert r\u00e9unissant cette fois l\u2019Orchestre symphonique de Qu\u00e9bec et le Ch\u0153ur rattach\u00e9 \u00e0 celui-ci, dirig\u00e9s par <strong>Dina Gilbert<\/strong>. Quelques joueurs professionnels auront la chance de jouer en temps r\u00e9el sur sc\u00e8ne! <strong>Les 22 et 23 novembre, 20h, Grand Th\u00e9\u00e2tre de Qu\u00e9bec.<\/strong> <a href=\"https:\/\/www.ludwig-van.com\/montreal\/event\/orchestre-symphonique-de-quebec-symphonie-jeu-video\/\" target=\"_blank\" rel=\"noopener\">D\u00c9TAILS.<\/a><\/p>\n<p>&nbsp;<\/p>\n<figure id=\"attachment_57336\" aria-describedby=\"caption-attachment-57336\" style=\"width: 700px\" class=\"wp-caption aligncenter\"><img decoding=\"async\" loading=\"lazy\" class=\"size-full wp-image-57336\" src=\"https:\/\/www.ludwig-van.com\/montreal\/wp-content\/uploads\/sites\/3\/2018\/11\/Avi-Avital-calendrier.jpg\" alt=\"Avi Avital\" width=\"700\" height=\"500\" srcset=\"https:\/\/www.ludwig-van.com\/montreal\/wp-content\/uploads\/sites\/3\/2018\/11\/Avi-Avital-calendrier.jpg 700w, https:\/\/www.ludwig-van.com\/montreal\/wp-content\/uploads\/sites\/3\/2018\/11\/Avi-Avital-calendrier-300x214.jpg 300w\" sizes=\"(max-width: 700px) 100vw, 700px\" \/><figcaption id=\"caption-attachment-57336\" class=\"wp-caption-text\">Avi Avital, mandoliniste, est l&rsquo;invit\u00e9 des Violons du Roy cette semaine. (Photo: courtoisie)<\/figcaption><\/figure>\n<h2>Violons du Roy \/ Avi Avital, La mandoline virtuose<\/h2>\n<p>Les Violons du Roy, sous la direction de leur nouveau directeur artistique Jonathan Cohen, offrent une rare occasion d\u2019entendre la mandoline jou\u00e9e en solo avec orchestre. Le mandoliniste de r\u00e9putation internationale Avi Avital jouera deux \u0153uvres de Vivaldi ainsi qu\u2019un concerto attribu\u00e9 \u00e0 Paisiello, tandis que l\u2019orchestre compl\u00e8tera le programme par des concertos grossos de H\u00e4ndel, d\u2019Avison et de Durante.<strong> Le jeudi 22 novembre, 14h et 20h, Palais Montcalm de Qu\u00e9bec, et le vendredi 23 novembre, 19h30, Salle Bourgie.<\/strong> <a href=\"https:\/\/www.ludwig-van.com\/montreal\/event\/violons-roy-avi-avital-mandoline-virtuose\/2018-11-22\/\" target=\"_blank\" rel=\"noopener\">D\u00c9TAILS.<\/a><\/p>\n<h2><\/h2>\n<p>&nbsp;<\/p>\n<figure id=\"attachment_47903\" aria-describedby=\"caption-attachment-47903\" style=\"width: 1024px\" class=\"wp-caption aligncenter\"><img decoding=\"async\" loading=\"lazy\" class=\"size-full wp-image-47903\" src=\"https:\/\/www.ludwig-van.com\/montreal\/wp-content\/uploads\/sites\/3\/2017\/09\/MGSO-wide-shot-cred-Tam-Lan-Truong-2.jpg\" alt=\"L\u2019Orchestre symphonique de McGill est \u00e0 surveiller cette saison, tout comme sa programmation \u00e9clectique qui promet de belles d\u00e9couvertes musicales. (Cr\u00e9dit photo: Tam-Lan Truong)\" width=\"1024\" height=\"683\" srcset=\"https:\/\/www.ludwig-van.com\/montreal\/wp-content\/uploads\/sites\/3\/2017\/09\/MGSO-wide-shot-cred-Tam-Lan-Truong-2.jpg 1024w, https:\/\/www.ludwig-van.com\/montreal\/wp-content\/uploads\/sites\/3\/2017\/09\/MGSO-wide-shot-cred-Tam-Lan-Truong-2-300x200.jpg 300w, https:\/\/www.ludwig-van.com\/montreal\/wp-content\/uploads\/sites\/3\/2017\/09\/MGSO-wide-shot-cred-Tam-Lan-Truong-2-768x512.jpg 768w\" sizes=\"(max-width: 1024px) 100vw, 1024px\" \/><figcaption id=\"caption-attachment-47903\" class=\"wp-caption-text\">L\u2019Orchestre symphonique de McGill (Photo: Tam-Lan Truong)<\/figcaption><\/figure>\n<h2>Orchestre symphonique de McGill<\/h2>\n<p><strong>L\u2019Orchestre symphonique de McGill<\/strong> pr\u00e9sentera deux cr\u00e9ations lors de son concert de cette semaine. Dans un cas, il s\u2019agit d\u2019une \u0153uvre toute neuve, fruit du travail de <strong>Takuto Fukuda<\/strong>, gagnant du prestigieux prix de composition Andrew Svoboda 2016-2017 et \u00e9tudiant au doctorat \u00e0 l\u2019Universit\u00e9 McGill. Dans l\u2019autre, il s\u2019agit d\u2019une \u0153uvre datant de 1988, compos\u00e9e par Luciano Berio \u00e0 l\u2019occasion du 70e anniversaire du polyvalent Leonard Bernstein. Cette cr\u00e9ation tardive et les <em>Chichester Psalms<\/em>, avec la participation du <strong>Grand Ch\u0153ur de McGill<\/strong>, forment de toute \u00e9vidence un coup de chapeau au centi\u00e8me anniversaire de Bernstein cette ann\u00e9e. Les \u00ab Trois images \u00bb de Debussy compl\u00e8tent le programme. La repr\u00e9sentation du 24 novembre sera webdiffus\u00e9e. <strong>Les vendredi et samedi 23 et 24 novembre, 19h30, Salle Pollack.<\/strong> <a href=\"http:\/\/schulich.ticketmob.com\/event.cfm?id=175212&amp;cart&amp;ref=651891FC9D9889F96810E4F15666DE30AACE802F45160434293CBF3B52679421\" target=\"_blank\" rel=\"noopener\">D\u00c9TAILS.<\/a><\/p>\n<p>&nbsp;<\/p>\n<p>&nbsp;<\/p>\n<figure id=\"attachment_49591\" aria-describedby=\"caption-attachment-49591\" style=\"width: 1024px\" class=\"wp-caption aligncenter\"><img decoding=\"async\" loading=\"lazy\" class=\"size-full wp-image-49591\" src=\"https:\/\/www.ludwig-van.com\/montreal\/wp-content\/uploads\/sites\/3\/2017\/11\/Luc-Beause\u0301jour_photo-Annie-Ethier-full-portrait.jpg\" alt=\"Luc Beaus\u00e9jour, fondateur de Clavecin en concert. (Cr\u00e9dit: Annie Ethier).\" width=\"1024\" height=\"1536\" srcset=\"https:\/\/www.ludwig-van.com\/montreal\/wp-content\/uploads\/sites\/3\/2017\/11\/Luc-Beause\u0301jour_photo-Annie-Ethier-full-portrait.jpg 1024w, https:\/\/www.ludwig-van.com\/montreal\/wp-content\/uploads\/sites\/3\/2017\/11\/Luc-Beause\u0301jour_photo-Annie-Ethier-full-portrait-200x300.jpg 200w, https:\/\/www.ludwig-van.com\/montreal\/wp-content\/uploads\/sites\/3\/2017\/11\/Luc-Beause\u0301jour_photo-Annie-Ethier-full-portrait-768x1152.jpg 768w, https:\/\/www.ludwig-van.com\/montreal\/wp-content\/uploads\/sites\/3\/2017\/11\/Luc-Beause\u0301jour_photo-Annie-Ethier-full-portrait-683x1024.jpg 683w\" sizes=\"(max-width: 1024px) 100vw, 1024px\" \/><figcaption id=\"caption-attachment-49591\" class=\"wp-caption-text\">Luc Beaus\u00e9jour, fondateur de Clavecin en concert. (Cr\u00e9dit: Annie Ethier).<\/figcaption><\/figure>\n<h2>Luc Beaus\u00e9jour joue les instruments de sa collection.<\/h2>\n<p>Six instruments diff\u00e9rents s\u2019animeront sous les doigts habiles du claveciniste <strong>Luc Beaus\u00e9jour<\/strong>, laissant entendre des \u0153uvres de Sweelinck, Louis et Fran\u00e7ois Couperin, Rameau et J.S. Bach. <strong>Le 24 novembre, 19h30, Chapelle Notre-Dame-du-Bon-Secours.<\/strong> <a href=\"https:\/\/www.ludwig-van.com\/montreal\/event\/clavecin-concert-luc-beausejour-joue-instruments-de-collection\/\" target=\"_blank\" rel=\"noopener\">D\u00c9TAILS.<\/a><\/p>\n<p>&nbsp;<\/p>\n<div class=\"jetpack-video-wrapper\"><span class=\"embed-youtube\" style=\"text-align:center; display: block;\"><iframe loading=\"lazy\" class=\"youtube-player\" width=\"640\" height=\"360\" src=\"https:\/\/www.youtube.com\/embed\/WSIEfUVBu7E?version=3&#038;rel=1&#038;showsearch=0&#038;showinfo=1&#038;iv_load_policy=1&#038;fs=1&#038;hl=fr-FR&#038;autohide=2&#038;wmode=transparent\" allowfullscreen=\"true\" style=\"border:0;\" sandbox=\"allow-scripts allow-same-origin allow-popups allow-presentation\"><\/iframe><\/span><\/div>\n<h2>Morphology : un voyage multim\u00e9dia pour orgue et \u00e9lectronique<\/h2>\n<p>Le collectif <strong>Earth World<\/strong>, fond\u00e9 par les organistes et compositeurs <strong>Adrian Foster<\/strong> et <strong>Joel Peters<\/strong>, pr\u00e9sente un concert multim\u00e9dia et multisensoriel original, promettant de transformer compl\u00e8tement l\u2019\u00e9glise Saint-Mathias \u00e0 travers leur exploration du concept de salle de concert m\u00e9tamorphe. L\u2019\u0153uvre Morphology qui donne son titre au concert a \u00e9t\u00e9 compos\u00e9e pour orgue et \u00e9lectroniques par l\u2019\u00c9cossais Michael Bonaventure. <strong>Le 24 novembre, 19h30, \u00c9glise Saint-Mathias de Westmount.<\/strong> <a href=\"https:\/\/www.earthworldcollaborative.com\/en\/projects\/\" target=\"_blank\" rel=\"noopener\">D\u00c9TAILS.<\/a><\/p>\n<p>&nbsp;<\/p>\n<figure id=\"attachment_57360\" aria-describedby=\"caption-attachment-57360\" style=\"width: 800px\" class=\"wp-caption aligncenter\"><img decoding=\"async\" loading=\"lazy\" class=\"size-full wp-image-57360\" src=\"https:\/\/www.ludwig-van.com\/montreal\/wp-content\/uploads\/sites\/3\/2018\/11\/Tessala-baroque-trio.jpg\" alt=\"Tessala baroque trio\" width=\"800\" height=\"400\" srcset=\"https:\/\/www.ludwig-van.com\/montreal\/wp-content\/uploads\/sites\/3\/2018\/11\/Tessala-baroque-trio.jpg 800w, https:\/\/www.ludwig-van.com\/montreal\/wp-content\/uploads\/sites\/3\/2018\/11\/Tessala-baroque-trio-300x150.jpg 300w, https:\/\/www.ludwig-van.com\/montreal\/wp-content\/uploads\/sites\/3\/2018\/11\/Tessala-baroque-trio-768x384.jpg 768w\" sizes=\"(max-width: 800px) 100vw, 800px\" \/><figcaption id=\"caption-attachment-57360\" class=\"wp-caption-text\">L&rsquo;Ensemble Tessala. (Photo: courtoisie)<\/figcaption><\/figure>\n<h2>Maison de la musique de Sorel-Tracy : Ensemble Tessala<\/h2>\n<p>Form\u00e9 de <strong>Samuel Bonnet<\/strong> \u00e0 la guitare classique, de <strong>Nathaniel Huard<\/strong> aux percussions orientales et de <strong>Khalil Moqadem<\/strong> \u00e0 l\u2019oud, l\u2019<strong>Ensemble Tessala<\/strong> pr\u00e9sente des arrangements originaux de m\u00e9lodies arabo-andalouses, juives et baroques, en y glissant occasionnellement des airs de folklore qu\u00e9b\u00e9cois.<strong> Le samedi 24 novembre, 20h, Maison de la musique de Sorel-Tracy.<\/strong> <a href=\"https:\/\/www.ludwig-van.com\/montreal\/event\/maison-de-musique-de-sorel-tracy-tessala-baroque-trio\/\" target=\"_blank\" rel=\"noopener\">D\u00c9TAILS.<\/a><\/p>\n<p>&nbsp;<\/p>\n<figure id=\"attachment_57088\" aria-describedby=\"caption-attachment-57088\" style=\"width: 1024px\" class=\"wp-caption aligncenter\"><img decoding=\"async\" loading=\"lazy\" class=\"size-full wp-image-57088\" src=\"https:\/\/www.ludwig-van.com\/montreal\/wp-content\/uploads\/sites\/3\/2017\/09\/JayCampbell_cProMusica.jpg\" alt=\"Jay Campbell\" width=\"1024\" height=\"682\" srcset=\"https:\/\/www.ludwig-van.com\/montreal\/wp-content\/uploads\/sites\/3\/2017\/09\/JayCampbell_cProMusica.jpg 1024w, https:\/\/www.ludwig-van.com\/montreal\/wp-content\/uploads\/sites\/3\/2017\/09\/JayCampbell_cProMusica-300x200.jpg 300w, https:\/\/www.ludwig-van.com\/montreal\/wp-content\/uploads\/sites\/3\/2017\/09\/JayCampbell_cProMusica-768x512.jpg 768w\" sizes=\"(max-width: 1024px) 100vw, 1024px\" \/><figcaption id=\"caption-attachment-57088\" class=\"wp-caption-text\">Jay Campbell, violoncelliste. (Photo: Beowulf Sheehan)<\/figcaption><\/figure>\n<h2>Pro Musica \/ Jay Campbell<\/h2>\n<p>Les amoureux du violoncelle font face cette semaine encore \u00e0 un choix d\u00e9chirant, puisqu\u2019on compte de nouveau deux concerts d\u2019envergure mettant cet instrument de l\u2019avant. Du c\u00f4t\u00e9 de la <strong>Soci\u00e9t\u00e9 Pro Musica<\/strong>, c\u2019est une \u00e9toile montante, le violoncelliste <strong>Jay Campbell<\/strong>, que nous sommes invit\u00e9s \u00e0 d\u00e9couvrir. Laur\u00e9at de la prestigieuse bourse Avery Fisher Career Grant en 2016, il a \u00e9t\u00e9, l\u2019ann\u00e9e suivante, artiste en r\u00e9sidence du Festival de Lucerne en compagnie de nulle autre que l\u2019\u00e9clatante Patricia Kopatchinskaja. Accompagn\u00e9 du pianiste <strong>Conor Hanick<\/strong>, il interpr\u00e9tera la Sonate de Debussy et la Sonate en do majeur de Beethoven, ainsi que deux \u0153uvres r\u00e9centes, Gretchen am Spinnrad d\u2019Erich Wubbels et Stop\/Yield d\u2019Amy Williams. <strong>Le dimanche 25 novembre, 14h30, Salle Pierre-P\u00e9ladeau.<\/strong> <a href=\"https:\/\/www.ludwig-van.com\/montreal\/event\/pro-musica-jay-campbell\/\" target=\"_blank\" rel=\"noopener\">D\u00c9TAILS.<\/a><\/p>\n<p>&nbsp;<\/p>\n<figure id=\"attachment_48759\" aria-describedby=\"caption-attachment-48759\" style=\"width: 1024px\" class=\"wp-caption aligncenter\"><img decoding=\"async\" loading=\"lazy\" class=\"size-full wp-image-48759\" src=\"https:\/\/www.ludwig-van.com\/montreal\/wp-content\/uploads\/sites\/3\/2017\/10\/Stephane_Tetreault_credit_Luc_Robitaille_web.jpg\" alt=\"St\u00e9phane T\u00e9treault, violoncelliste. (Cr\u00e9dit: Luc Robitaille)\" width=\"1024\" height=\"769\" srcset=\"https:\/\/www.ludwig-van.com\/montreal\/wp-content\/uploads\/sites\/3\/2017\/10\/Stephane_Tetreault_credit_Luc_Robitaille_web.jpg 1024w, https:\/\/www.ludwig-van.com\/montreal\/wp-content\/uploads\/sites\/3\/2017\/10\/Stephane_Tetreault_credit_Luc_Robitaille_web-300x225.jpg 300w, https:\/\/www.ludwig-van.com\/montreal\/wp-content\/uploads\/sites\/3\/2017\/10\/Stephane_Tetreault_credit_Luc_Robitaille_web-768x577.jpg 768w\" sizes=\"(max-width: 1024px) 100vw, 1024px\" \/><figcaption id=\"caption-attachment-48759\" class=\"wp-caption-text\">St\u00e9phane T\u00e9treault, violoncelliste. (Cr\u00e9dit: Luc Robitaille)<\/figcaption><\/figure>\n<h2>St\u00e9phane T\u00e9treault : Stradivarius rencontre Beckerath<\/h2>\n<p>Apr\u00e8s diverses occasions r\u00e9centes d\u2019entendre les Suites pour violoncelle seul de Bach, c\u2019est au tour des Sonates pour viole de gambe, adapt\u00e9es pour violoncelle, d\u2019\u00eatre \u00e0 l\u2019honneur lors d\u2019un concert \u00e0 l\u2019Oratoire Saint-Joseph. Elles seront interpr\u00e9t\u00e9es par <strong>St\u00e9phane T\u00e9treault<\/strong> au violoncelle et <strong>Mireille Lagac\u00e9<\/strong> \u00e0 l\u2019orgue. <strong>Le dimanche 25 novembre, 15h30, Oratoire Saint-Joseph.<\/strong> <a href=\"https:\/\/www.ludwig-van.com\/montreal\/event\/oratoire-saint-joseph-festival-bach-montreal-stephane-tetreault-stradivarius-rencontre-beckerath\/\" target=\"_blank\" rel=\"noopener\">D\u00c9TAILS.<\/a><\/p>\n<p>&nbsp;<\/p>\n<figure id=\"attachment_48666\" aria-describedby=\"caption-attachment-48666\" style=\"width: 1024px\" class=\"wp-caption aligncenter\"><img decoding=\"async\" loading=\"lazy\" class=\"size-full wp-image-48666\" src=\"https:\/\/www.ludwig-van.com\/montreal\/wp-content\/uploads\/sites\/3\/2017\/10\/Musiciens_Conservatoire_JimmiFrancoeur.jpg\" alt=\"Musiciens du conservatoire (Cr\u00e9dit: Jimmi Francoeur)\" width=\"1024\" height=\"683\" srcset=\"https:\/\/www.ludwig-van.com\/montreal\/wp-content\/uploads\/sites\/3\/2017\/10\/Musiciens_Conservatoire_JimmiFrancoeur.jpg 1024w, https:\/\/www.ludwig-van.com\/montreal\/wp-content\/uploads\/sites\/3\/2017\/10\/Musiciens_Conservatoire_JimmiFrancoeur-300x200.jpg 300w, https:\/\/www.ludwig-van.com\/montreal\/wp-content\/uploads\/sites\/3\/2017\/10\/Musiciens_Conservatoire_JimmiFrancoeur-768x512.jpg 768w\" sizes=\"(max-width: 1024px) 100vw, 1024px\" \/><figcaption id=\"caption-attachment-48666\" class=\"wp-caption-text\">Musiciens du conservatoire (Cr\u00e9dit: Jimmi Francoeur)<\/figcaption><\/figure>\n<h2>Le Grand Orchestre \u00e0 cordes du Conservatoire<\/h2>\n<p>Le Grand Orchestre \u00e0 cordes du Conservatoire sous la direction de <strong>Denis Brott<\/strong> pr\u00e9sente le c\u00e9l\u00e8bre <em>Concerto pour la nuit de No\u00ebl<\/em> de Corelli&#8230;qu\u2019il est tout \u00e0 fait possible d\u2019\u00e9couter sans penser \u00e0 No\u00ebl! Ne boudez donc pas votre plaisir, surtout qu\u2019elle est combin\u00e9e avec l\u2019encore plus c\u00e9l\u00e8bre Concerto pour deux violons en r\u00e9 mineur de J. S. Bach. <strong>Le dimanche 25 novembre, 15h, Salle de concert du Conservatoire de musique de Montr\u00e9al.<\/strong> <a href=\"https:\/\/www.ludwig-van.com\/montreal\/event\/conservatoire-de-musique-de-montreal-grand-orchestre-a-cordes-2\/2018-11-24\/\" target=\"_blank\" rel=\"noopener\">D\u00c9TAILS.<\/a><\/p>\n<p>&nbsp;<\/p>\n<figure id=\"attachment_50517\" aria-describedby=\"caption-attachment-50517\" style=\"width: 1024px\" class=\"wp-caption aligncenter\"><img decoding=\"async\" loading=\"lazy\" class=\"size-full wp-image-50517\" src=\"https:\/\/www.ludwig-van.com\/montreal\/wp-content\/uploads\/sites\/3\/2017\/12\/Lyne_Fortin-web.jpg\" alt=\"La soprano Lyne Fortin\" width=\"1024\" height=\"1536\" srcset=\"https:\/\/www.ludwig-van.com\/montreal\/wp-content\/uploads\/sites\/3\/2017\/12\/Lyne_Fortin-web.jpg 1024w, https:\/\/www.ludwig-van.com\/montreal\/wp-content\/uploads\/sites\/3\/2017\/12\/Lyne_Fortin-web-200x300.jpg 200w, https:\/\/www.ludwig-van.com\/montreal\/wp-content\/uploads\/sites\/3\/2017\/12\/Lyne_Fortin-web-768x1152.jpg 768w, https:\/\/www.ludwig-van.com\/montreal\/wp-content\/uploads\/sites\/3\/2017\/12\/Lyne_Fortin-web-683x1024.jpg 683w\" sizes=\"(max-width: 1024px) 100vw, 1024px\" \/><figcaption id=\"caption-attachment-50517\" class=\"wp-caption-text\">La soprano Lyne Fortin; (Photo: courtoisie)<\/figcaption><\/figure>\n<h2>Qu\u00e9bec: Lyne Fortin en r\u00e9cital<\/h2>\n<p>La soprano Lyne Fortin donnera un rare r\u00e9cital \u00e0 Qu\u00e9bec, dans le cadre de la s\u00e9rie pancanadienne de concerts pour souligner les 60 ans du Concours de musique du Canada. Elle sera accompagn\u00e9e de la pianiste Esther Gonthier. En premi\u00e8re partie, le talentueux pianiste Jean-Michel Dub\u00e9, laur\u00e9at du Tremplin du CMC en 2017, donnera lui aussi un r\u00e9cital.\u00a0Le dimanche 25 novembre 2018, 14 h, Cath\u00e9drale Holy Trinity, 31 rue des Jardins, Qu\u00e9bec. <a href=\"https:\/\/lepointdevente.com\/billets\/cht181125001\" target=\"_blank\" rel=\"noopener\">BILLETS<\/a><\/p>\n<p><a href=\"https:\/\/www.ludwig-van.com\/montreal\/events\/\" target=\"_blank\" rel=\"noopener\">POUR VOIR PLUS DE CONCERTS \u00c0 VENIR CETTE SEMAINE, CONSULTEZ NOTRE CALENDRIER 18-19<\/a><\/p>\n<h2>LIRE AUSSI:<\/h2>\n<blockquote class=\"wp-embedded-content\" data-secret=\"aa6AUkUl1T\"><p><a href=\"https:\/\/www.ludwig-van.com\/montreal\/2018\/11\/24\/playlist-prix-opus-ecoutez-creme-albums-finalistes\/\">PLAYLIST  |  Prix Opus: \u00e9coutez la cr\u00e8me de la cr\u00e8me des albums finalistes en 30 pi\u00e8ces et deux heures de musique<\/a><\/p><\/blockquote>\n<p><iframe class=\"wp-embedded-content\" sandbox=\"allow-scripts\" security=\"restricted\" style=\"position: absolute; clip: rect(1px, 1px, 1px, 1px);\" src=\"https:\/\/www.ludwig-van.com\/montreal\/2018\/11\/24\/playlist-prix-opus-ecoutez-creme-albums-finalistes\/embed\/#?secret=aa6AUkUl1T\" data-secret=\"aa6AUkUl1T\" width=\"600\" height=\"338\" title=\"\u00ab\u00a0PLAYLIST  |  Prix Opus: \u00e9coutez la cr\u00e8me de la cr\u00e8me des albums finalistes en 30 pi\u00e8ces et deux heures de musique\u00a0\u00bb &#8212; Ludwig Van Montreal\" frameborder=\"0\" marginwidth=\"0\" marginheight=\"0\" scrolling=\"no\"><\/iframe><\/p>\n<p>&nbsp;<\/p>\n<p>&nbsp;<\/p>\n<p>&nbsp;<\/p>\n<p>&nbsp;<\/p>\n","protected":false},"excerpt":{"rendered":"<p>La premi\u00e8re neige nous jette sous le charme anticip\u00e9 de No\u00ebl et au loin les hautbois et les musettes commencent \u00e0 r\u00e9sonner! Mais plut\u00f4t que de se plonger dans des \u00e9coutes r\u00e9p\u00e9t\u00e9es de \u00ab No\u00ebl blanc \u00bb, tirons profit des substantielles programmations \u00e9labor\u00e9es par nos valeureux ensembles musicaux, dont les charmes, eux, ne sont pas saisonniers.<\/p>\n","protected":false},"author":55,"featured_media":57540,"comment_status":"open","ping_status":"open","sticky":false,"template":"","format":"standard","meta":{"om_disable_all_campaigns":false,"jetpack_post_was_ever_published":false},"categories":[16745,10994,19],"tags":[16421,2521,20921,11454],"yst_prominent_words":[27438,27792,12766,20395,12243,27799,27790,27789,27791,19588,11813,11443,16999,27359,27793,14363,15096,20918,11814,9974],"acf":[],"jetpack_featured_media_url":"https:\/\/www.ludwig-van.com\/montreal\/wp-content\/uploads\/sites\/3\/2018\/11\/Choix-redaction-Kerson-Leong-WEBFINAL.jpg","jetpack_sharing_enabled":true,"jetpack_shortlink":"https:\/\/wp.me\/p9bdYt-eXY","amp_enabled":true,"_links":{"self":[{"href":"https:\/\/www.ludwig-van.com\/montreal\/wp-json\/wp\/v2\/posts\/57534"}],"collection":[{"href":"https:\/\/www.ludwig-van.com\/montreal\/wp-json\/wp\/v2\/posts"}],"about":[{"href":"https:\/\/www.ludwig-van.com\/montreal\/wp-json\/wp\/v2\/types\/post"}],"author":[{"embeddable":true,"href":"https:\/\/www.ludwig-van.com\/montreal\/wp-json\/wp\/v2\/users\/55"}],"replies":[{"embeddable":true,"href":"https:\/\/www.ludwig-van.com\/montreal\/wp-json\/wp\/v2\/comments?post=57534"}],"version-history":[{"count":8,"href":"https:\/\/www.ludwig-van.com\/montreal\/wp-json\/wp\/v2\/posts\/57534\/revisions"}],"predecessor-version":[{"id":57783,"href":"https:\/\/www.ludwig-van.com\/montreal\/wp-json\/wp\/v2\/posts\/57534\/revisions\/57783"}],"wp:featuredmedia":[{"embeddable":true,"href":"https:\/\/www.ludwig-van.com\/montreal\/wp-json\/wp\/v2\/media\/57540"}],"wp:attachment":[{"href":"https:\/\/www.ludwig-van.com\/montreal\/wp-json\/wp\/v2\/media?parent=57534"}],"wp:term":[{"taxonomy":"category","embeddable":true,"href":"https:\/\/www.ludwig-van.com\/montreal\/wp-json\/wp\/v2\/categories?post=57534"},{"taxonomy":"post_tag","embeddable":true,"href":"https:\/\/www.ludwig-van.com\/montreal\/wp-json\/wp\/v2\/tags?post=57534"},{"taxonomy":"yst_prominent_words","embeddable":true,"href":"https:\/\/www.ludwig-van.com\/montreal\/wp-json\/wp\/v2\/yst_prominent_words?post=57534"}],"curies":[{"name":"wp","href":"https:\/\/api.w.org\/{rel}","templated":true}]}}