{"id":57516,"date":"2018-11-15T15:44:31","date_gmt":"2018-11-15T20:44:31","guid":{"rendered":"https:\/\/www.ludwig-van.com\/montreal\/?p=57516"},"modified":"2018-11-15T15:44:31","modified_gmt":"2018-11-15T20:44:31","slug":"guide-ludwig-van-10-recitals-de-musique-de-chambre-a-decouvrir-avant-noel","status":"publish","type":"post","link":"https:\/\/www.ludwig-van.com\/montreal\/2018\/11\/15\/guide-ludwig-van-10-recitals-de-musique-de-chambre-a-decouvrir-avant-noel\/","title":{"rendered":"GUIDE LUDWIG VAN   |  10 r\u00e9citals et concerts intimistes \u00e0 d\u00e9couvrir avant No\u00ebl"},"content":{"rendered":"<p>&nbsp;<\/p>\n<figure id=\"attachment_57517\" aria-describedby=\"caption-attachment-57517\" style=\"width: 1024px\" class=\"wp-caption aligncenter\"><img decoding=\"async\" loading=\"lazy\" class=\"size-full wp-image-57517\" src=\"https:\/\/www.ludwig-van.com\/montreal\/wp-content\/uploads\/sites\/3\/2018\/11\/Carpe-Diem_cr\u00e9dit-S\u00e9bastien-Ventura-WEB.jpg\" alt=\"La compagnie musicale La Nef pr\u00e9sentera Carpe Diem, le 20 novembre prochain \u00e0 20 h \u00e0 la salle Bourgie du Mus\u00e9e des beaux-arts de Montr\u00e9al. (Photo: S\u00e9bastien Ventura)\" width=\"1024\" height=\"682\" srcset=\"https:\/\/www.ludwig-van.com\/montreal\/wp-content\/uploads\/sites\/3\/2018\/11\/Carpe-Diem_cr\u00e9dit-S\u00e9bastien-Ventura-WEB.jpg 1024w, https:\/\/www.ludwig-van.com\/montreal\/wp-content\/uploads\/sites\/3\/2018\/11\/Carpe-Diem_cr\u00e9dit-S\u00e9bastien-Ventura-WEB-300x200.jpg 300w, https:\/\/www.ludwig-van.com\/montreal\/wp-content\/uploads\/sites\/3\/2018\/11\/Carpe-Diem_cr\u00e9dit-S\u00e9bastien-Ventura-WEB-768x512.jpg 768w\" sizes=\"(max-width: 1024px) 100vw, 1024px\" \/><figcaption id=\"caption-attachment-57517\" class=\"wp-caption-text\">La compagnie musicale La Nef pr\u00e9sentera Carpe Diem, le 20 novembre prochain \u00e0 20 h \u00e0 la salle Bourgie du Mus\u00e9e des beaux-arts de Montr\u00e9al. (Photo: S\u00e9bastien Ventura)<\/figcaption><\/figure>\n<p>\u00c0 trois ou quatre, c&rsquo;est mieux! Les petits ensembles ont ceci de merveilleux : ils nous permettent de d\u00e9couvrir de mani\u00e8re intimiste des \u0153uvres insoup\u00e7onn\u00e9es. Trios, quatuors et quintets sont autant d\u2019occasions de rencontres avec des compositeurs parfois plus rares et des interpr\u00e8tes passionn\u00e9s. Ludwig van Montr\u00e9al vous propose ici quelques rendez-vous pour agr\u00e9menter de musique le d\u00e9but de saison hivernale.<\/p>\n<p>&nbsp;<\/p>\n<figure id=\"attachment_47161\" aria-describedby=\"caption-attachment-47161\" style=\"width: 1024px\" class=\"wp-caption aligncenter\"><img decoding=\"async\" loading=\"lazy\" class=\"size-full wp-image-47161\" src=\"https:\/\/www.ludwig-van.com\/montreal\/wp-content\/uploads\/sites\/3\/2017\/09\/ChapelleHistoriqueduBP.jpg\" alt=\"La Chapelle historique du Bon-Pasteur, salle incontournable pour la musique de chambre \u00e0 Montr\u00e9al. (Photo: courtoisie de la Chapelle)\" width=\"1024\" height=\"768\" srcset=\"https:\/\/www.ludwig-van.com\/montreal\/wp-content\/uploads\/sites\/3\/2017\/09\/ChapelleHistoriqueduBP.jpg 1024w, https:\/\/www.ludwig-van.com\/montreal\/wp-content\/uploads\/sites\/3\/2017\/09\/ChapelleHistoriqueduBP-300x225.jpg 300w, https:\/\/www.ludwig-van.com\/montreal\/wp-content\/uploads\/sites\/3\/2017\/09\/ChapelleHistoriqueduBP-768x576.jpg 768w\" sizes=\"(max-width: 1024px) 100vw, 1024px\" \/><figcaption id=\"caption-attachment-47161\" class=\"wp-caption-text\">La Chapelle historique du Bon-Pasteur, salle incontournable pour la musique de chambre \u00e0 Montr\u00e9al. (Photo: courtoisie de la Chapelle)<\/figcaption><\/figure>\n<h2>TRIO AVEC PIANO<\/h2>\n<p>Joseph Suk (\u00c9l\u00e9gie pour piano, violon, et violoncelle, opus 23), Leos Janacek (Pohadka, pour violoncelle et piano), Bedrich Smetana (Aus Der Heimat, pour violon et piano) et Piotr Ilitch Tchaikovski (Trio en la mineur, opus 50) seront bien servis par un trio de cordes toutes f\u00e9minines compos\u00e9 du violon de Laurence Kayaleh, du violoncelle d\u2019Elizabeth Dolin, et du piano de Bernadene Blaha.<strong> Jeudi 15 novembre, Chapelle historique du Bon-Pasteur, 19h30<\/strong> <a href=\"http:\/\/www.accesculture.com\/activite\/TRIO_AVEC_PIANO\" target=\"_blank\" rel=\"noopener\">D\u00c9TAILS<\/a><\/p>\n<p>&nbsp;<\/p>\n<figure id=\"attachment_51339\" aria-describedby=\"caption-attachment-51339\" style=\"width: 1024px\" class=\"wp-caption aligncenter\"><img decoding=\"async\" loading=\"lazy\" class=\"size-full wp-image-51339\" src=\"https:\/\/www.ludwig-van.com\/montreal\/wp-content\/uploads\/sites\/3\/2018\/01\/Musica-Camerata-players_on_wood02-photo-Sophie-Lamontagne.jpg\" alt=\"Musica Camerata (Cr\u00e9dit : Sophie-Lamontagne)\" width=\"1024\" height=\"1024\" srcset=\"https:\/\/www.ludwig-van.com\/montreal\/wp-content\/uploads\/sites\/3\/2018\/01\/Musica-Camerata-players_on_wood02-photo-Sophie-Lamontagne.jpg 1024w, https:\/\/www.ludwig-van.com\/montreal\/wp-content\/uploads\/sites\/3\/2018\/01\/Musica-Camerata-players_on_wood02-photo-Sophie-Lamontagne-150x150.jpg 150w, https:\/\/www.ludwig-van.com\/montreal\/wp-content\/uploads\/sites\/3\/2018\/01\/Musica-Camerata-players_on_wood02-photo-Sophie-Lamontagne-300x300.jpg 300w, https:\/\/www.ludwig-van.com\/montreal\/wp-content\/uploads\/sites\/3\/2018\/01\/Musica-Camerata-players_on_wood02-photo-Sophie-Lamontagne-768x768.jpg 768w\" sizes=\"(max-width: 1024px) 100vw, 1024px\" \/><figcaption id=\"caption-attachment-51339\" class=\"wp-caption-text\">Musica Camerata (Cr\u00e9dit : Sophie-Lamontagne)<\/figcaption><\/figure>\n<h2>MUSICA CAMERATA<\/h2>\n<p>L\u2019ensemble de musique de chambre proposera deux belles \u0153uvres pour piano et quatuor \u00e0 cordes bien choisies parmi le r\u00e9pertoire d\u2019Ern\u00f6 von Dohnanyi (Quintette no. 2 en mi b\u00e9mol mineur, op 26) et de Jean Sibelius (Quintette en sol mineur). <strong>Samedi 17 novembre, Chapelle historique du Bon Pasteur, 18h<\/strong> <a href=\"https:\/\/cameratamontreal.com\/\" target=\"_blank\" rel=\"noopener\">D\u00c9TAILS<\/a><\/p>\n<p>&nbsp;<\/p>\n<figure id=\"attachment_57137\" aria-describedby=\"caption-attachment-57137\" style=\"width: 700px\" class=\"wp-caption aligncenter\"><img decoding=\"async\" loading=\"lazy\" class=\"size-full wp-image-57137\" src=\"https:\/\/www.ludwig-van.com\/montreal\/wp-content\/uploads\/sites\/3\/2018\/10\/Instruments-of-Hapiness-Tim-Brady-cr-Laurence-Labat.png\" alt=\"\" width=\"700\" height=\"514\" srcset=\"https:\/\/www.ludwig-van.com\/montreal\/wp-content\/uploads\/sites\/3\/2018\/10\/Instruments-of-Hapiness-Tim-Brady-cr-Laurence-Labat.png 700w, https:\/\/www.ludwig-van.com\/montreal\/wp-content\/uploads\/sites\/3\/2018\/10\/Instruments-of-Hapiness-Tim-Brady-cr-Laurence-Labat-300x220.png 300w\" sizes=\"(max-width: 700px) 100vw, 700px\" \/><figcaption id=\"caption-attachment-57137\" class=\"wp-caption-text\">Instruments of Hapiness, avec Tim Brady. (Photo: Laurence Labat)<\/figcaption><\/figure>\n<h2>M\u00c9DITATION MOBILE<\/h2>\n<p>En collaboration avec le Centre d&rsquo;Exp\u00e9rimentation Musicale (CEM), le quatuor de guitares \u00e9lectriques \u00ab\u00a0Instruments of Happiness\u00a0\u00bb et les participants des ateliers d\u2019improvisation d\u2019Arte Musica interpr\u00e8teront une cr\u00e9ation de Tim Brady, M\u00e9ditation mobile, pour quatre guitares \u00e9lectriques et quatre groupes d\u2019instruments spatialis\u00e9s. Illustrant la notion du mouvement perp\u00e9tuel des mobiles d\u2019Alexander Calder, ce concert d\u2019une trentaine de minutes se d\u00e9finit comme une exp\u00e9rience musicale et sera pr\u00e9sent\u00e9 in situ dans la galerie des bronzes du pavillon Michal et Renata Hornstein au MBAM \u00e0 l\u2019occasion de l\u2019exposition Calder. <strong>Samedi 17 novembre, MBAM, 14h &amp; 15h30 <\/strong><a href=\"https:\/\/www.mbam.qc.ca\/achats-en-ligne\/concerts\/meditation-mobile\/6424\/\" target=\"_blank\" rel=\"noopener\">D\u00c9TAILS<\/a><\/p>\n<p>&nbsp;<\/p>\n<figure id=\"attachment_57517\" aria-describedby=\"caption-attachment-57517\" style=\"width: 1024px\" class=\"wp-caption aligncenter\"><img decoding=\"async\" loading=\"lazy\" class=\"size-full wp-image-57517\" src=\"https:\/\/www.ludwig-van.com\/montreal\/wp-content\/uploads\/sites\/3\/2018\/11\/Carpe-Diem_cr\u00e9dit-S\u00e9bastien-Ventura-WEB.jpg\" alt=\"La compagnie musicale La Nef pr\u00e9sentera Carpe Diem, le 20 novembre prochain \u00e0 20 h \u00e0 la salle Bourgie du Mus\u00e9e des beaux-arts de Montr\u00e9al. (Photo: S\u00e9bastien Ventura)\" width=\"1024\" height=\"682\" srcset=\"https:\/\/www.ludwig-van.com\/montreal\/wp-content\/uploads\/sites\/3\/2018\/11\/Carpe-Diem_cr\u00e9dit-S\u00e9bastien-Ventura-WEB.jpg 1024w, https:\/\/www.ludwig-van.com\/montreal\/wp-content\/uploads\/sites\/3\/2018\/11\/Carpe-Diem_cr\u00e9dit-S\u00e9bastien-Ventura-WEB-300x200.jpg 300w, https:\/\/www.ludwig-van.com\/montreal\/wp-content\/uploads\/sites\/3\/2018\/11\/Carpe-Diem_cr\u00e9dit-S\u00e9bastien-Ventura-WEB-768x512.jpg 768w\" sizes=\"(max-width: 1024px) 100vw, 1024px\" \/><figcaption id=\"caption-attachment-57517\" class=\"wp-caption-text\">La compagnie musicale La Nef pr\u00e9sentera Carpe Diem, le 20 novembre prochain \u00e0 20 h \u00e0 la salle Bourgie du Mus\u00e9e des beaux-arts de Montr\u00e9al. (Photo: S\u00e9bastien Ventura)<\/figcaption><\/figure>\n<h2>CARPE DIEM<\/h2>\n<p>La Nef pr\u00e9sentera des chants profanes de l\u2019Antiquit\u00e9 \u00e0 nos jours. Un concert particulier mettant en valeur la beaut\u00e9 du moment pr\u00e9sent. Carpe Diem, c\u2019est cueillir l\u2019instant, palper la fuite du temps, et prendre conscience de la fragilit\u00e9 du monde alentour. Les chanteuses Doroth\u00e9a Ventura et Ghislaine Deschambault seront accompagn\u00e9es par Jean-Fran\u00e7ois Daignault (voix, fl\u00fbtes et clarinette), Renaud Paradis (voix et cor fran\u00e7ais) et Annabelle Renzo (harpes) pour amener un message d\u2019espoir. <strong>Mardi, 20 novembre, Salle Bourgie, 20h<\/strong> <a href=\"https:\/\/la-nef.com\/\" target=\"_blank\" rel=\"noopener\">D\u00c9TAILS<\/a><\/p>\n<p>&nbsp;<\/p>\n<p style=\"text-align: center;\"><img decoding=\"async\" loading=\"lazy\" class=\"aligncenter size-full wp-image-54722\" src=\"https:\/\/www.ludwig-van.com\/montreal\/wp-content\/uploads\/sites\/3\/2017\/09\/chapellehistorique-22nov-Quatuor-pour-la-fin-du-temps.jpg\" alt=\"Todd Cope, clarinette Marc Djokic, violon Chlo\u00e9 Dominguez, violoncelle et Louise Bessette, piano\" width=\"1024\" height=\"765\" srcset=\"https:\/\/www.ludwig-van.com\/montreal\/wp-content\/uploads\/sites\/3\/2017\/09\/chapellehistorique-22nov-Quatuor-pour-la-fin-du-temps.jpg 1024w, https:\/\/www.ludwig-van.com\/montreal\/wp-content\/uploads\/sites\/3\/2017\/09\/chapellehistorique-22nov-Quatuor-pour-la-fin-du-temps-300x224.jpg 300w, https:\/\/www.ludwig-van.com\/montreal\/wp-content\/uploads\/sites\/3\/2017\/09\/chapellehistorique-22nov-Quatuor-pour-la-fin-du-temps-768x574.jpg 768w\" sizes=\"(max-width: 1024px) 100vw, 1024px\" \/><\/p>\n<h2>QUATUOR POUR LA FIN DU TEMPS<\/h2>\n<p>Cette \u0153uvre musicale en huit mouvements d&rsquo;Olivier Messiaen sera interpr\u00e9t\u00e9e par Todd Cope, (clarinette), Marc Djokic (violon), Chlo\u00e9 Dominguez (violoncelle) et Louise Bessette au piano.<br \/>\n<strong>Jeudi 22 novembre, Chapelle historique du Bon-Pasteur, 19h30<\/strong> <a href=\"http:\/\/www.accesculture.com\/activite\/QUATUOR_POUR_LA_FIN_DU_TEMPS\" target=\"_blank\" rel=\"noopener\">D\u00c9TAILS<\/a><\/p>\n<p>&nbsp;<\/p>\n<figure id=\"attachment_52133\" aria-describedby=\"caption-attachment-52133\" style=\"width: 700px\" class=\"wp-caption aligncenter\"><img decoding=\"async\" loading=\"lazy\" class=\"size-full wp-image-52133\" src=\"https:\/\/www.ludwig-van.com\/montreal\/wp-content\/uploads\/sites\/3\/2018\/03\/TrioHochelaga_2017-photo_Matthew-Perrin-calendrier.jpg\" alt=\"Trio Hochelaga\" width=\"700\" height=\"467\" srcset=\"https:\/\/www.ludwig-van.com\/montreal\/wp-content\/uploads\/sites\/3\/2018\/03\/TrioHochelaga_2017-photo_Matthew-Perrin-calendrier.jpg 700w, https:\/\/www.ludwig-van.com\/montreal\/wp-content\/uploads\/sites\/3\/2018\/03\/TrioHochelaga_2017-photo_Matthew-Perrin-calendrier-300x200.jpg 300w\" sizes=\"(max-width: 700px) 100vw, 700px\" \/><figcaption id=\"caption-attachment-52133\" class=\"wp-caption-text\">Le Trio Hochelaga. (Photo: Matthew Perrin)<\/figcaption><\/figure>\n<h2>TRIO HOCHELAGA<\/h2>\n<p>\u00ab La force de l\u2019eau vient de la source \u00bb. Ce proverbe persan a inspir\u00e9 Anne Robert (violon), Chlo\u00e9 Dominguez (violoncelle) et Jimmie Bri\u00e8re (piano) qui donneront quatre concerts \u00ab\u00a0fluviaux\u00a0\u00bb afin de mettre en valeur les compositeurs qui ont march\u00e9 sur leurs rives afin de permettre au public de s\u2019abreuver \u00ab \u00e0 la source de la musique de chambre \u00bb cette saison.<\/p>\n<p>Le premier concert, \u00ab Aux affluents de la Volga \u00bb, pr\u00e9sentera un programme russe avec le Trio \u00e9l\u00e9giaque no 1 en sol mineur pour piano, violon et violoncelle de Sergue\u00ef Rachmaninov, le Trio no 2 pour violon, violoncelle et piano en mi mineur, op. 67 de Dmitri Chostakovitch, et le Trio no 1 en r\u00e9 mineur, op. 32 d\u2019Anton Arenski.<br \/>\nVendredi 23 novembre, Conservatoire de musique, 19h30 <a href=\"http:\/\/www.conservatoire.gouv.qc.ca\/reseau\/conservatoire-de-musique\/montreal\/programmation\/calendrier\/article\/trio-hochelaga-aux-affluents-de-la\" target=\"_blank\" rel=\"noopener\">D\u00c9TAILS<\/a><\/p>\n<p>Intitul\u00e9 \u00ab Sur les rives du Danube \u00bb, le deuxi\u00e8me concert proposera un programme allemand avec la Suite pour violoncelle no 1 en sol majeur, BWV 1007, puis la Partita no 2 en r\u00e9 mineur pour violon seul, BWV 1004 \u2013 Chaconne de Bach, et les Duos pour violon et violoncelle no 1 en do majeur ainsi que le Trio en mi b\u00e9mol, op. 70, no 1, dit \u00ab Trio des Esprits \u00bb de Beethoven. <strong>Vendredi 14 d\u00e9cembre, Conservatoire de musique, 19h30<\/strong> <a href=\"http:\/\/www.conservatoire.gouv.qc.ca\/reseau\/conservatoire-de-musique\/montreal\/programmation\/calendrier\/article\/trio-hochelaga-sur-les-rives-du\" target=\"_blank\" rel=\"noopener\">D\u00c9TAILS<\/a><\/p>\n<p>&nbsp;<\/p>\n<figure id=\"attachment_52517\" aria-describedby=\"caption-attachment-52517\" style=\"width: 700px\" class=\"wp-caption aligncenter\"><img decoding=\"async\" loading=\"lazy\" class=\"size-full wp-image-52517\" src=\"https:\/\/www.ludwig-van.com\/montreal\/wp-content\/uploads\/sites\/3\/2018\/03\/SetzerFinckelWuHan_Daniel-Ashworth-calendrier.jpg\" alt=\"Setzer-Finckel-Wu Han Trio\" width=\"700\" height=\"466\" srcset=\"https:\/\/www.ludwig-van.com\/montreal\/wp-content\/uploads\/sites\/3\/2018\/03\/SetzerFinckelWuHan_Daniel-Ashworth-calendrier.jpg 700w, https:\/\/www.ludwig-van.com\/montreal\/wp-content\/uploads\/sites\/3\/2018\/03\/SetzerFinckelWuHan_Daniel-Ashworth-calendrier-300x200.jpg 300w\" sizes=\"(max-width: 700px) 100vw, 700px\" \/><figcaption id=\"caption-attachment-52517\" class=\"wp-caption-text\">Le Setzer-Fincker Wu Han Trio. (Photo: Danel Ashworth)<\/figcaption><\/figure>\n<h2>SETZER-FINCKEL-WU HAN TRIO<\/h2>\n<p>Compos\u00e9 de Philip Setzer, violon, de David Finckel, violoncelle et sa compagne Wu Han au piano, le Setzer-Finckel-Wu Han Trio a interpr\u00e9t\u00e9 l\u2019int\u00e9grale des Trios avec piano de Beethoven \u00e0 travers le monde. Il pr\u00e9sentera ici son quatri\u00e8me concert dans le cadre des LMMC (Ladies\u2019 Morning Musical Club). <strong>Dimanche 2 d\u00e9cembre, Salle Pollack,<\/strong> 15h30 <a href=\"http:\/\/www.lmmc.ca\/fr\/index.php\" target=\"_blank\" rel=\"noopener\">D\u00c9TAILS<\/a><\/p>\n<p>&nbsp;<\/p>\n<figure id=\"attachment_54024\" aria-describedby=\"caption-attachment-54024\" style=\"width: 1024px\" class=\"wp-caption aligncenter\"><img decoding=\"async\" loading=\"lazy\" class=\"size-full wp-image-54024\" src=\"https:\/\/www.ludwig-van.com\/montreal\/wp-content\/uploads\/sites\/3\/2018\/05\/2018_Molinari5474_web.jpg\" alt=\"Quatuor Molinari\" width=\"1024\" height=\"683\" srcset=\"https:\/\/www.ludwig-van.com\/montreal\/wp-content\/uploads\/sites\/3\/2018\/05\/2018_Molinari5474_web.jpg 1024w, https:\/\/www.ludwig-van.com\/montreal\/wp-content\/uploads\/sites\/3\/2018\/05\/2018_Molinari5474_web-300x200.jpg 300w, https:\/\/www.ludwig-van.com\/montreal\/wp-content\/uploads\/sites\/3\/2018\/05\/2018_Molinari5474_web-768x512.jpg 768w\" sizes=\"(max-width: 1024px) 100vw, 1024px\" \/><figcaption id=\"caption-attachment-54024\" class=\"wp-caption-text\">Le Quatuor Molinari. (Photo: courtoisie du Quatuor Molinari)<\/figcaption><\/figure>\n<h2>QUATUOR MOLINARI<\/h2>\n<p>Un dialogue, suivi d\u2019un concert de musique tch\u00e8que, voil\u00e0 ce que propose le Quatuor Molinari pour mieux appr\u00e9cier la musique des Quatuors no.2 respectifs de Bohuslav Martin\u016f, Leo\u0161 Jan\u00e1\u010dek et Pavel Haas.<br \/>\nLe dimanche 2 d\u00e9cembre \u00e0 la Maison de la culture Plateau Mont-Royal, le Quatuor Molinari jouera des extraits de ces quatuors \u00e0 cordes tout en donnant au public des points de rep\u00e8res historiques et musicaux dans le cadre d\u2019un \u00e9change avec les musiciens. Puis le Quatuor Molinari pr\u00e9sentera en concert ces m\u00eames \u0153uvres dans leur int\u00e9gralit\u00e9 le vendredi 7 d\u00e9cembre au Conservatoire de musique de Montr\u00e9al.<br \/>\n<strong>Dimanche 2 d\u00e9cembre, Maison de la culture Plateau Mont-Royal, 15h<\/strong><br \/>\n<strong>Vendredi 7 d\u00e9cembre, Conservatoire de musique de Montr\u00e9al, 19h30<\/strong> <a href=\"https:\/\/quatuormolinari.qc.ca\/evenements\/\" target=\"_blank\" rel=\"noopener\">D\u00c9TAILS<\/a><\/p>\n<p>&nbsp;<\/p>\n<figure id=\"attachment_54524\" aria-describedby=\"caption-attachment-54524\" style=\"width: 1024px\" class=\"wp-caption aligncenter\"><img decoding=\"async\" loading=\"lazy\" class=\"size-full wp-image-54524\" src=\"https:\/\/www.ludwig-van.com\/montreal\/wp-content\/uploads\/sites\/3\/2018\/05\/Quatuor-Bozzini-2-Cre\u0301dit-Michael-Slobodian-1.jpg\" alt=\"Quatuor Bozzini\" width=\"1024\" height=\"683\" srcset=\"https:\/\/www.ludwig-van.com\/montreal\/wp-content\/uploads\/sites\/3\/2018\/05\/Quatuor-Bozzini-2-Cre\u0301dit-Michael-Slobodian-1.jpg 1024w, https:\/\/www.ludwig-van.com\/montreal\/wp-content\/uploads\/sites\/3\/2018\/05\/Quatuor-Bozzini-2-Cre\u0301dit-Michael-Slobodian-1-300x200.jpg 300w, https:\/\/www.ludwig-van.com\/montreal\/wp-content\/uploads\/sites\/3\/2018\/05\/Quatuor-Bozzini-2-Cre\u0301dit-Michael-Slobodian-1-768x512.jpg 768w\" sizes=\"(max-width: 1024px) 100vw, 1024px\" \/><figcaption id=\"caption-attachment-54524\" class=\"wp-caption-text\">Le Quatuor Bozzini. (Photo: Michael Slobodian)<\/figcaption><\/figure>\n<h2>FOCUS: CASSANDRA MILLER<\/h2>\n<p>Le Quatuor Bozzini (Clemens Merkel, Alissa Cheung, St\u00e9phanie Bozzini et Isabelle Bozzini) pr\u00e9sentera Warblework (2011) de Cassandra Miller, un quatuor \u00e0 cordes en quatre mouvements :<br \/>\n1. Swainson\u2019s Thrush<br \/>\n2. Hermit Thrush<br \/>\n3. Wood Thrush<br \/>\n4. Veery<br \/>\n<strong>Lundi 10 d\u00e9cembre, Chapelle historique du Bon-Pasteur, 20h<\/strong> <a href=\"https:\/\/quatuorbozzini.ca\/fr\/evenements\/41019\/\" target=\"_blank\" rel=\"noopener\">D\u00c9TAILS<\/a><\/p>\n<p>&nbsp;<\/p>\n<h2>S\u00c9R\u00c9NADE D&rsquo;HIVER<\/h2>\n<p>Compos\u00e9 du contret\u00e9nor Geoffrey Williams, du t\u00e9nor Steven Caldicott Wilson, du baryton Christopher Dylan Herbert et de la basse Craig Phillips, le quatuor vocal newyorkais New York Polyphony revient \u00e0 Montr\u00e9al pour offrir au public un r\u00e9pertoire de no\u00ebls anciens et r\u00e9cents, fran\u00e7ais et am\u00e9ricains. Joyeux No\u00ebl !<br \/>\n<strong>Mercredi 12 d\u00e9cembre, Salle Bourgie, 19h30<\/strong> <a href=\"https:\/\/www.mbam.qc.ca\/achats-en-ligne\/concerts\/new-york-polyphony-serenade-d-hiver\/6326\/\" target=\"_blank\" rel=\"noopener\">D\u00c9TAILS<\/a><\/p>\n<h2>LIRE AUSSI:<\/h2>\n<blockquote class=\"wp-embedded-content\" data-secret=\"jZSgxxbzMM\"><p><a href=\"https:\/\/www.ludwig-van.com\/montreal\/2018\/11\/07\/a-cappella-musique-slave-cathedrale-meconnue\/\">A CAPPELLA  | D\u00e9couvrir la musique slave dans une cath\u00e9drale m\u00e9connue de Montr\u00e9al<\/a><\/p><\/blockquote>\n<p><iframe class=\"wp-embedded-content\" sandbox=\"allow-scripts\" security=\"restricted\" style=\"position: absolute; clip: rect(1px, 1px, 1px, 1px);\" src=\"https:\/\/www.ludwig-van.com\/montreal\/2018\/11\/07\/a-cappella-musique-slave-cathedrale-meconnue\/embed\/#?secret=jZSgxxbzMM\" data-secret=\"jZSgxxbzMM\" width=\"600\" height=\"338\" title=\"\u00ab\u00a0A CAPPELLA  | D\u00e9couvrir la musique slave dans une cath\u00e9drale m\u00e9connue de Montr\u00e9al\u00a0\u00bb &#8212; Ludwig Van Montreal\" frameborder=\"0\" marginwidth=\"0\" marginheight=\"0\" scrolling=\"no\"><\/iframe><\/p>\n<p>&nbsp;<\/p>\n<p>&nbsp;<\/p>\n<p>&nbsp;<\/p>\n<p>&nbsp;<\/p>\n","protected":false},"excerpt":{"rendered":"<p>\u00c0 trois ou quatre, c&rsquo;est mieux! Les petits ensembles ont ceci de merveilleux : ils nous permettent de d\u00e9couvrir de mani\u00e8re intimiste des \u0153uvres insoup\u00e7onn\u00e9es. Trios, quatuors et quintets sont autant d\u2019occasions de rencontres avec des compositeurs parfois plus rares et des interpr\u00e8tes passionn\u00e9s. Ludwig van Montr\u00e9al vous propose ici quelques rendez-vous pour agr\u00e9menter de musique le d\u00e9but de saison hivernale. <\/p>\n","protected":false},"author":71,"featured_media":57517,"comment_status":"open","ping_status":"open","sticky":false,"template":"","format":"standard","meta":{"om_disable_all_campaigns":false,"jetpack_post_was_ever_published":false},"categories":[16745,26861,5797],"tags":[16421,26317,11137],"yst_prominent_words":[27683,27695,27693,27690,9792,27669,27687,27682,27692,27672,23236,27684,27688,27691,27671,27668,27694,27689,12445,27670],"acf":[],"jetpack_featured_media_url":"https:\/\/www.ludwig-van.com\/montreal\/wp-content\/uploads\/sites\/3\/2018\/11\/Carpe-Diem_cr\u00e9dit-S\u00e9bastien-Ventura-WEB.jpg","jetpack_sharing_enabled":true,"jetpack_shortlink":"https:\/\/wp.me\/p9bdYt-eXG","amp_enabled":true,"_links":{"self":[{"href":"https:\/\/www.ludwig-van.com\/montreal\/wp-json\/wp\/v2\/posts\/57516"}],"collection":[{"href":"https:\/\/www.ludwig-van.com\/montreal\/wp-json\/wp\/v2\/posts"}],"about":[{"href":"https:\/\/www.ludwig-van.com\/montreal\/wp-json\/wp\/v2\/types\/post"}],"author":[{"embeddable":true,"href":"https:\/\/www.ludwig-van.com\/montreal\/wp-json\/wp\/v2\/users\/71"}],"replies":[{"embeddable":true,"href":"https:\/\/www.ludwig-van.com\/montreal\/wp-json\/wp\/v2\/comments?post=57516"}],"version-history":[{"count":3,"href":"https:\/\/www.ludwig-van.com\/montreal\/wp-json\/wp\/v2\/posts\/57516\/revisions"}],"predecessor-version":[{"id":57519,"href":"https:\/\/www.ludwig-van.com\/montreal\/wp-json\/wp\/v2\/posts\/57516\/revisions\/57519"}],"wp:featuredmedia":[{"embeddable":true,"href":"https:\/\/www.ludwig-van.com\/montreal\/wp-json\/wp\/v2\/media\/57517"}],"wp:attachment":[{"href":"https:\/\/www.ludwig-van.com\/montreal\/wp-json\/wp\/v2\/media?parent=57516"}],"wp:term":[{"taxonomy":"category","embeddable":true,"href":"https:\/\/www.ludwig-van.com\/montreal\/wp-json\/wp\/v2\/categories?post=57516"},{"taxonomy":"post_tag","embeddable":true,"href":"https:\/\/www.ludwig-van.com\/montreal\/wp-json\/wp\/v2\/tags?post=57516"},{"taxonomy":"yst_prominent_words","embeddable":true,"href":"https:\/\/www.ludwig-van.com\/montreal\/wp-json\/wp\/v2\/yst_prominent_words?post=57516"}],"curies":[{"name":"wp","href":"https:\/\/api.w.org\/{rel}","templated":true}]}}