{"id":57476,"date":"2018-11-13T12:20:42","date_gmt":"2018-11-13T17:20:42","guid":{"rendered":"https:\/\/www.ludwig-van.com\/montreal\/?p=57476"},"modified":"2018-11-13T12:20:42","modified_gmt":"2018-11-13T17:20:42","slug":"actualites-concours-osm-manuvie-presente-19-candidats-autres-nouvelles","status":"publish","type":"post","link":"https:\/\/www.ludwig-van.com\/montreal\/2018\/11\/13\/actualites-concours-osm-manuvie-presente-19-candidats-autres-nouvelles\/","title":{"rendered":"ACTUALIT\u00c9S  |  Le Concours OSM Manuvie pr\u00e9sente ses 19 candidats"},"content":{"rendered":"<figure id=\"attachment_57477\" aria-describedby=\"caption-attachment-57477\" style=\"width: 1024px\" class=\"wp-caption aligncenter\"><img decoding=\"async\" loading=\"lazy\" class=\"size-full wp-image-57477\" src=\"https:\/\/www.ludwig-van.com\/montreal\/wp-content\/uploads\/sites\/3\/2018\/11\/Candidats-Concours-OMS-Manuvie-WEB.jpg\" alt=\"Les 19 demi-finalistes du Concours OSM Manuvie. (Photo: courtoisie de l'OSM)\" width=\"1024\" height=\"708\" srcset=\"https:\/\/www.ludwig-van.com\/montreal\/wp-content\/uploads\/sites\/3\/2018\/11\/Candidats-Concours-OMS-Manuvie-WEB.jpg 1024w, https:\/\/www.ludwig-van.com\/montreal\/wp-content\/uploads\/sites\/3\/2018\/11\/Candidats-Concours-OMS-Manuvie-WEB-300x207.jpg 300w, https:\/\/www.ludwig-van.com\/montreal\/wp-content\/uploads\/sites\/3\/2018\/11\/Candidats-Concours-OMS-Manuvie-WEB-768x531.jpg 768w\" sizes=\"(max-width: 1024px) 100vw, 1024px\" \/><figcaption id=\"caption-attachment-57477\" class=\"wp-caption-text\">Les 19 demi-finalistes du Concours OSM Manuvie. (Photo: courtoisie de l&rsquo;OSM)<\/figcaption><\/figure>\n<p>Le <a href=\"https:\/\/www.osm.ca\/fr\/concours\/\" target=\"_blank\" rel=\"noopener\">Concours OSM Manuvie <\/a>sera lanc\u00e9 officiellement cet apr\u00e8s-midi au foyer Allegro de la Maison symphonique. On pourra faire la connaissance des 19 candidats, demi-finalistes \u00e2g\u00e9s de 13 \u00e0 28 ans. Ces derniers proviennent d&rsquo;un peu partout au Canada et on peut <a href=\"https:\/\/www.osm.ca\/fr\/liste-des-candidats-concours-osm-2018\/?oft_id=3046619&amp;oft_k=Bz7cvlhl&amp;oft_lk=qxwdF8&amp;oft_d=636777046520900000#1510073055704-d7195c22-fe39\" target=\"_blank\" rel=\"noopener\">en savoir plus sur eux <\/a>gr\u00e2ce aux vid\u00e9os de pr\u00e9sentation qu&rsquo;ils ont r\u00e9alis\u00e9es eux-m\u00eames.<\/p>\n<p>Cette ann\u00e9e, le <a href=\"https:\/\/www.osm.ca\/fr\/concours\/\" target=\"_blank\" rel=\"noopener\">Concours<\/a>, qui est d\u00e9di\u00e9 \u00e0 la harpe et au piano, se d\u00e9roule du 13 au 17 novembre. Le public peut assister aux demi-finales \u00e0 la salle Tanna-Schulich de l&rsquo;Universit\u00e9 McGill et \u00e0 la finale \u00e0 la Maison symphonique, le 17 toute la journ\u00e9e. <a href=\"https:\/\/www.osm.ca\/fr\/horaires\/\" target=\"_blank\" rel=\"noopener\">VOIR LES HORAIRES DES \u00c9PREUVES.<\/a><\/p>\n<h2>Provenance des candidats<\/h2>\n<p>Quatre candidates sont inscrite au Concours en harpe, et les autres sont tous en piano. Trois candidats proviennent du Qu\u00e9bec: il s&rsquo;agit de <strong>Felix Hong<\/strong>, gagnant du Premier prix au Concours de musique du Canada en 2016 et \u00e9tudiant \u00e0 McGill, de <strong>Jean-Luc Therrien<\/strong>, 24 ans, natif de Repentigny mais qui \u00e9tudie maintenant \u00e0 Toronto, et de <strong>Zhan Hong Xiao<\/strong>, \u00e9tudiant avec Richard Raymond au Conservatoire de musique de Montr\u00e9al.<\/p>\n<p>Sept candidats proviennent de l&rsquo;Ontario, six de la Colombie-Britannique, deux de l&rsquo;Alberta, une du Manitoba. <strong>Alessia Lepori,<\/strong> une candidate qui a la citoyennet\u00e9 canadienne mais provient de la Suisse fait partie des quatre harpistes.<\/p>\n<p>De plus, notons que <strong>Carter Johnson<\/strong>, grand gagnant de <a href=\"https:\/\/www.ludwig-van.com\/montreal\/2018\/07\/07\/nouvelle-pianiste-carter-johnson-remporte-tremplin-concours-de-musique-canada\/\" target=\"_blank\" rel=\"noopener\">la plus r\u00e9cente \u00e9dition du Tremplin<\/a> du Concours de musique du Canada, \u00e0 Montr\u00e9al, participe au Concours.<\/p>\n<p><a href=\"https:\/\/www.osm.ca\/fr\/liste-des-candidats-concours-osm-2018\/?oft_id=3046619&amp;oft_k=Bz7cvlhl&amp;oft_lk=qxwdF8&amp;oft_d=636777046520900000#1510073055704-d7195c22-fe39\" target=\"_blank\" rel=\"noopener\">EN SAVOIR PLUS SUR LES CANDIDATS<\/a><\/p>\n<h3>Liste des candidats<\/h3>\n<p><strong>Harpe<\/strong><\/p>\n<p>Samantha Ballard (Manitoba)<\/p>\n<p>Phoebe Powell (Ontario)<\/p>\n<p>Clara Wang (Ontario)<\/p>\n<p>Alessia Lepori (Suisse-Canada)<\/p>\n<p><strong>Piano A (18-25 ans)<\/strong><\/p>\n<p>Felix Hong (Qu\u00e9bec)<\/p>\n<p>Nicole Linaksita (Colombie-Britannique)<\/p>\n<p>Jaeden Izik-Dzurko (Colombie-Britannique)<\/p>\n<p>Kevin Ahfat (Ontario)<\/p>\n<p>Soo Jin-Chung (Colombie-Britannique)<\/p>\n<p>Jean-Luc Therrien (Qu\u00e9bec)<\/p>\n<p>Zhan Hong Xiao (Qu\u00e9bec)<\/p>\n<p>Carter Johnson (Colombie-Britannique)<\/p>\n<p><strong>Piano B (17 ans et moins)<\/strong><\/p>\n<p>Leonid Nediak (Ontario)<\/p>\n<p>Henry From (Colombie-Britannique)<\/p>\n<p>Hugo Russell (Ontario)<\/p>\n<p>Bui J J Jun Li (Ontario)<\/p>\n<p>Carey Wang (Colombie-Britannique)<\/p>\n<p>Kevin Chen (Alberta)<\/p>\n<p>Joshua Wong (Alberta)<\/p>\n<h2>Activit\u00e9s et concerts<\/h2>\n<p>En plus des \u00e9preuves, d&rsquo;autres activit\u00e9s sont pr\u00e9vues dans le cadre du Concours, dont <a href=\"https:\/\/www.osm.ca\/fr\/concerts\/till-fellner-dans-lultime-concerto-de-mozart\/\" target=\"_blank\" rel=\"noopener\">deux concerts de l&rsquo;OSM<\/a> avec le pianiste autrichien <strong>Till Fellner<\/strong>, membre du jury international, et la harpiste <strong>Jennifer Swartz<\/strong>, membre du jury canadien de cette \u00e9dition, sous la direction du chef <strong>Alain Altinoglu<\/strong>. <strong>Les 13 et 14 novembre, 20 h, Maison symphonique.<\/strong> <a href=\"https:\/\/www.osm.ca\/fr\/concerts\/till-fellner-dans-lultime-concerto-de-mozart\/\" target=\"_blank\" rel=\"noopener\">D\u00c9TAILS<\/a><\/p>\n<p>En pr\u00e9-concert, les 13 et 14 novembre, un r\u00e9cital avec la harpiste <strong>Isabelle Moretti<\/strong>, membre du jury international 2018, le fl\u00fbtiste Denis Bluteau et l\u2019altiste Victor Fournelle-Blain, deux laur\u00e9ats du Concours, respectivement en 1986 et 2010 sera pr\u00e9sent\u00e9.<\/p>\n<p>Le public est \u00e9galement invit\u00e9 \u00e0 assister \u00e0 des cours de ma\u00eetre donn\u00e9s \u00e0 l\u2019\u00c9cole de musique Schulich de l\u2019Universit\u00e9 McGill par deux juges du Concours. La harpiste <strong>Yolanda Kondonassis<\/strong> sera au Clara Lichtenstein Hall le 15 novembre et le pianiste Christopher Elton, \u00e0 la Salle Pollack le 18 novembre.<\/p>\n<p>De plus, le 16 novembre, un r\u00e9cital de musique de chambre avec des membres du jury et d&rsquo;anciens laur\u00e9ats aura lieu \u00e0 la salle Bourgie. <a href=\"https:\/\/www.ludwig-van.com\/montreal\/event\/losm-arte-musica-concours-osm-manuvie-piano-harpe-vents\/\" target=\"_blank\" rel=\"noopener\">D\u00c9TAILS<\/a><\/p>\n<p>Finalement, le 17 novembre, des animations musicales auront lieu au Foyer Allegro entre les prestations des concurrents. En apr\u00e8s-midi, le public est invit\u00e9 \u00e0 rencontrer et entendre la harpiste et laur\u00e9ate du Concours en 2010 <strong>Val\u00e9rie Milot.<\/strong> En soir\u00e9e, c\u2019est le pianiste <strong>Andr\u00e9 Laplante<\/strong>, laur\u00e9at du Concours en 1968, qui offrira un r\u00e9cital.<\/p>\n<p>Un repr\u00e9sentant de <strong>Ludwig van Montr\u00e9al<\/strong> sera sur place pour faire un compte-rendu de la finale, le 17 novembre.<\/p>\n<p><a href=\"https:\/\/www.osm.ca\/fr\/concours\/\" target=\"_blank\" rel=\"noopener\">PLUS DE D\u00c9TAILS SUR LE CONCOURS OSM MANUVIE<\/a><\/p>\n<h2>LIRE AUSSI:<\/h2>\n<blockquote class=\"wp-embedded-content\" data-secret=\"ViMMDjRWvm\"><p><a href=\"https:\/\/www.ludwig-van.com\/montreal\/2018\/11\/12\/choix-de-redaction-10-evenements-musicaux-accueillir-lhiver-cette-semaine\/\">CHOIX DE LA R\u00c9DACTION  |  10 \u00e9v\u00e9nements musicaux pour accueillir l&rsquo;hiver cette semaine au Qu\u00e9bec<\/a><\/p><\/blockquote>\n<p><iframe class=\"wp-embedded-content\" sandbox=\"allow-scripts\" security=\"restricted\" style=\"position: absolute; clip: rect(1px, 1px, 1px, 1px);\" src=\"https:\/\/www.ludwig-van.com\/montreal\/2018\/11\/12\/choix-de-redaction-10-evenements-musicaux-accueillir-lhiver-cette-semaine\/embed\/#?secret=ViMMDjRWvm\" data-secret=\"ViMMDjRWvm\" width=\"600\" height=\"338\" title=\"\u00ab\u00a0CHOIX DE LA R\u00c9DACTION  |  10 \u00e9v\u00e9nements musicaux pour accueillir l&rsquo;hiver cette semaine au Qu\u00e9bec\u00a0\u00bb &#8212; Ludwig Van Montreal\" frameborder=\"0\" marginwidth=\"0\" marginheight=\"0\" scrolling=\"no\"><\/iframe><\/p>\n<p>&nbsp;<\/p>\n<p>&nbsp;<\/p>\n<p>&nbsp;<\/p>\n<p>&nbsp;<\/p>\n<p>&nbsp;<\/p>\n","protected":false},"excerpt":{"rendered":"<p>Le Concours OSM Manuvie sera lanc\u00e9 officiellement cet apr\u00e8s-midi au foyer Allegro de la Maison symphonique. On pourra faire la connaissance des 19 candidats, demi-finalistes \u00e2g\u00e9s de 13 \u00e0 28 ans. <\/p>\n","protected":false},"author":51,"featured_media":57477,"comment_status":"open","ping_status":"open","sticky":false,"template":"","format":"standard","meta":{"om_disable_all_campaigns":false,"jetpack_post_was_ever_published":false},"categories":[16745,10956,27334],"tags":[15345,2542],"yst_prominent_words":[23399,27617,26716,27609,10473,10471,10469,13618,15202,27613,27618,27614,11675,9869,27615,27616,10470,27619,15203,24938],"acf":[],"jetpack_featured_media_url":"https:\/\/www.ludwig-van.com\/montreal\/wp-content\/uploads\/sites\/3\/2018\/11\/Candidats-Concours-OMS-Manuvie-WEB.jpg","jetpack_sharing_enabled":true,"jetpack_shortlink":"https:\/\/wp.me\/p9bdYt-eX2","amp_enabled":true,"_links":{"self":[{"href":"https:\/\/www.ludwig-van.com\/montreal\/wp-json\/wp\/v2\/posts\/57476"}],"collection":[{"href":"https:\/\/www.ludwig-van.com\/montreal\/wp-json\/wp\/v2\/posts"}],"about":[{"href":"https:\/\/www.ludwig-van.com\/montreal\/wp-json\/wp\/v2\/types\/post"}],"author":[{"embeddable":true,"href":"https:\/\/www.ludwig-van.com\/montreal\/wp-json\/wp\/v2\/users\/51"}],"replies":[{"embeddable":true,"href":"https:\/\/www.ludwig-van.com\/montreal\/wp-json\/wp\/v2\/comments?post=57476"}],"version-history":[{"count":3,"href":"https:\/\/www.ludwig-van.com\/montreal\/wp-json\/wp\/v2\/posts\/57476\/revisions"}],"predecessor-version":[{"id":57480,"href":"https:\/\/www.ludwig-van.com\/montreal\/wp-json\/wp\/v2\/posts\/57476\/revisions\/57480"}],"wp:featuredmedia":[{"embeddable":true,"href":"https:\/\/www.ludwig-van.com\/montreal\/wp-json\/wp\/v2\/media\/57477"}],"wp:attachment":[{"href":"https:\/\/www.ludwig-van.com\/montreal\/wp-json\/wp\/v2\/media?parent=57476"}],"wp:term":[{"taxonomy":"category","embeddable":true,"href":"https:\/\/www.ludwig-van.com\/montreal\/wp-json\/wp\/v2\/categories?post=57476"},{"taxonomy":"post_tag","embeddable":true,"href":"https:\/\/www.ludwig-van.com\/montreal\/wp-json\/wp\/v2\/tags?post=57476"},{"taxonomy":"yst_prominent_words","embeddable":true,"href":"https:\/\/www.ludwig-van.com\/montreal\/wp-json\/wp\/v2\/yst_prominent_words?post=57476"}],"curies":[{"name":"wp","href":"https:\/\/api.w.org\/{rel}","templated":true}]}}