{"id":57456,"date":"2018-11-12T10:36:39","date_gmt":"2018-11-12T15:36:39","guid":{"rendered":"https:\/\/www.ludwig-van.com\/montreal\/?p=57456"},"modified":"2018-11-14T15:12:53","modified_gmt":"2018-11-14T20:12:53","slug":"choix-de-redaction-10-evenements-musicaux-accueillir-lhiver-cette-semaine","status":"publish","type":"post","link":"https:\/\/www.ludwig-van.com\/montreal\/2018\/11\/12\/choix-de-redaction-10-evenements-musicaux-accueillir-lhiver-cette-semaine\/","title":{"rendered":"CHOIX DE LA R\u00c9DACTION  |  10 \u00e9v\u00e9nements musicaux pour accueillir l&rsquo;hiver cette semaine au Qu\u00e9bec"},"content":{"rendered":"<figure id=\"attachment_56542\" aria-describedby=\"caption-attachment-56542\" style=\"width: 1024px\" class=\"wp-caption aligncenter\"><img decoding=\"async\" loading=\"lazy\" class=\"size-full wp-image-56542\" src=\"https:\/\/www.ludwig-van.com\/montreal\/wp-content\/uploads\/sites\/3\/2017\/09\/Philippe-Sly-Winterreise.jpg\" alt=\"Philippe Sly Winterreise\" width=\"1024\" height=\"732\" srcset=\"https:\/\/www.ludwig-van.com\/montreal\/wp-content\/uploads\/sites\/3\/2017\/09\/Philippe-Sly-Winterreise.jpg 1024w, https:\/\/www.ludwig-van.com\/montreal\/wp-content\/uploads\/sites\/3\/2017\/09\/Philippe-Sly-Winterreise-300x214.jpg 300w, https:\/\/www.ludwig-van.com\/montreal\/wp-content\/uploads\/sites\/3\/2017\/09\/Philippe-Sly-Winterreise-768x549.jpg 768w\" sizes=\"(max-width: 1024px) 100vw, 1024px\" \/><figcaption id=\"caption-attachment-56542\" class=\"wp-caption-text\">Philippe Sly. (Photo: courtoisie)<\/figcaption><\/figure>\n<p>L&rsquo;hiver est peut-\u00eatre \u00e0 nos portes, mais cela ne devrait pas nous emp\u00eacher de sortir et d&rsquo;aller au concert. De nombreux \u00e9v\u00e9nements musicaux passionnants s&rsquo;annoncent cette semaine, dont le <a href=\"http:\/\/www.osm.ca\/fr\/concours\/\" target=\"_blank\" rel=\"noopener\">Concours OSM Manuvie<\/a>, tandis que se poursuivent les repr\u00e9sentations de <a href=\"https:\/\/www.ludwig-van.com\/montreal\/2018\/11\/11\/critique-das-rheingold-impressionnant-malgre-quelques-heros-demi-teintes\/\" target=\"_blank\" rel=\"noopener\">Das Rheingold <\/a>\u00e0 l&rsquo;<a href=\"https:\/\/www.operademontreal.com\/programmation\/das-rheingold\" target=\"_blank\" rel=\"noopener\">Op\u00e9ra de Montr\u00e9al .\u00a0<\/a>Voici nos choix de la r\u00e9daction pour Montr\u00e9al, Qu\u00e9bec, Laval et Drummondville, <strong>du 12 au 18 novembre.<\/strong><\/p>\n<p><a href=\"https:\/\/www.ludwig-van.com\/montreal\/events\/2018-11-18\/\" target=\"_blank\" rel=\"noopener\">POUR VOIR PLUS DE CONCERTS, CONSULTEZ NOTRE CALENDRIER DE LA SAISON 2018-2019<\/a><\/p>\n<h2>Le Choix de la r\u00e9dactrice en chef: Philippe Sly<\/h2>\n<p>Difficile de trouver une meilleure fa\u00e7on d&rsquo;accueillir l&rsquo;hiver qu&rsquo;en \u00e9coutant le <em>Voyage d&rsquo;hiver<\/em> de Franz Schubert. <strong>Philippe Sly<\/strong>, sans contredit l&rsquo;un des plus talentueux de nos chanteurs, pr\u00e9sente une version klezmer de cette oeuvre embl\u00e9matique avec le Chimera Project, dans une formule combinant r\u00e9cital et \u00e9l\u00e9ments th\u00e9\u00e2traux, dans le cadre de la saison d&rsquo;<strong>Arte Musica<\/strong>. Intrigant. <strong>Dimanche 18 novembre, 16 h 30, salle Bourgie.<\/strong> <a href=\"https:\/\/www.mbam.qc.ca\/achats-en-ligne\/concerts\/philippe-sly-et-le-chimera-projet-winterreise-klezmer\/6290\/\" target=\"_blank\" rel=\"noopener\">D\u00c9TAILS.<\/a><\/p>\n<p>&nbsp;<\/p>\n<p>&nbsp;<\/p>\n<figure id=\"attachment_57461\" aria-describedby=\"caption-attachment-57461\" style=\"width: 1075px\" class=\"wp-caption aligncenter\"><img decoding=\"async\" loading=\"lazy\" class=\"size-full wp-image-57461\" src=\"https:\/\/www.ludwig-van.com\/montreal\/wp-content\/uploads\/sites\/3\/2018\/11\/OSM-Manuvie.png\" alt=\"\" width=\"1075\" height=\"426\" srcset=\"https:\/\/www.ludwig-van.com\/montreal\/wp-content\/uploads\/sites\/3\/2018\/11\/OSM-Manuvie.png 1075w, https:\/\/www.ludwig-van.com\/montreal\/wp-content\/uploads\/sites\/3\/2018\/11\/OSM-Manuvie-300x119.png 300w, https:\/\/www.ludwig-van.com\/montreal\/wp-content\/uploads\/sites\/3\/2018\/11\/OSM-Manuvie-768x304.png 768w, https:\/\/www.ludwig-van.com\/montreal\/wp-content\/uploads\/sites\/3\/2018\/11\/OSM-Manuvie-1024x406.png 1024w\" sizes=\"(max-width: 1075px) 100vw, 1075px\" \/><figcaption id=\"caption-attachment-57461\" class=\"wp-caption-text\">Le Concours OSM Manuvie se tiendra du 13 au 17 novembre.<\/figcaption><\/figure>\n<h2>Le Concours OSM Manuvie<\/h2>\n<p>La 79e \u00e9dition du <a href=\"https:\/\/www.osm.ca\/fr\/concours\/\" target=\"_blank\" rel=\"noopener\">Concours OSM Manuvie<\/a>, d\u00e9di\u00e9e cette ann\u00e9e au piano et \u00e0 la harpe, se d\u00e9roulera cette semaine, du 13 au 17. Les demi-finales, o\u00f9 l&rsquo;on pourra d\u00e9couvrir 19 candidats, se d\u00e9rouleront \u00e0 la salle Tanna-Schulich de l&rsquo;Universit\u00e9 McGill. Les finales auront lieu le 17 novembre, \u00e0 compter de 9 h 30 \u00e0 la Maison symphonique. Une causerie avec la harpiste <strong>Val\u00e9rie Milot<\/strong> et un r\u00e9cital avec le pianiste <strong>Andr\u00e9 Laplante<\/strong> sont \u00e9galement au programme de cette journ\u00e9e. La c\u00e9r\u00e9monie de remise des prix aura lieu \u00e0 19 h 30. Toutes ces activit\u00e9s sont gratuites.<\/p>\n<p><a href=\"https:\/\/www.osm.ca\/fr\/horaires\/\" target=\"_blank\" rel=\"noopener\">VOIR L&rsquo;HORAIRE COMPLET ET TOUS LES D\u00c9TAILS DU CONCOURS.\u00a0<\/a><\/p>\n<p>D&rsquo;autre part, un r\u00e9cital de musique de chambre avec des membres du jury et des musiciens de l&rsquo;OSM anciens laur\u00e9ats du Concours aura lieu \u00e0 la salle Bourgie le 16 novembre \u00e0 18 h 30, en collaboration avec Arte Musica. Au programme, le\u00a0Quintette pour piano et vents en mi b\u00e9mol majeur, op. 16, et autres pi\u00e8ces \u00e0 d\u00e9terminer. <a href=\"https:\/\/www.ludwig-van.com\/montreal\/event\/losm-arte-musica-concours-osm-manuvie-piano-harpe-vents\/\" target=\"_blank\" rel=\"noopener\">D\u00c9TAILS.\u00a0<\/a><\/p>\n<p>&nbsp;<\/p>\n<p style=\"text-align: center;\"><img decoding=\"async\" loading=\"lazy\" class=\"aligncenter size-full wp-image-55028\" src=\"https:\/\/www.ludwig-van.com\/montreal\/wp-content\/uploads\/sites\/3\/2017\/10\/Les-classiques-viennois-facebook-osd.jpg\" alt=\"Les classiques viennois\" width=\"1024\" height=\"538\" srcset=\"https:\/\/www.ludwig-van.com\/montreal\/wp-content\/uploads\/sites\/3\/2017\/10\/Les-classiques-viennois-facebook-osd.jpg 1024w, https:\/\/www.ludwig-van.com\/montreal\/wp-content\/uploads\/sites\/3\/2017\/10\/Les-classiques-viennois-facebook-osd-300x158.jpg 300w, https:\/\/www.ludwig-van.com\/montreal\/wp-content\/uploads\/sites\/3\/2017\/10\/Les-classiques-viennois-facebook-osd-768x404.jpg 768w\" sizes=\"(max-width: 1024px) 100vw, 1024px\" \/><\/p>\n<h2>Classiques viennois \u00e0 Drummondville<\/h2>\n<p><strong>L&rsquo;Orchestre symphonique de Drummondville<\/strong>, sous la direction de <strong>Julien Proulx<\/strong>, pr\u00e9sente la Symphonie no 4 de Beethoven, la Symphonie no 25 de Haydn, et le Concerto pour piano no 24 de Mozart. Soliste: <strong>Tristan Longval-Gagn\u00e9<\/strong>. <strong>Jeudi 15 novembre, 19 h 30, Maison des arts Desjardins.<\/strong>\u00a0<a href=\"https:\/\/www.ludwig-van.com\/montreal\/event\/orchestre-symphonique-de-drummondville-classiques-viennois\/\" target=\"_blank\" rel=\"noopener\">D\u00c9TAILS<\/a><\/p>\n<p>&nbsp;<\/p>\n<figure id=\"attachment_57290\" aria-describedby=\"caption-attachment-57290\" style=\"width: 1024px\" class=\"wp-caption aligncenter\"><img decoding=\"async\" loading=\"lazy\" class=\"size-full wp-image-57290\" src=\"https:\/\/www.ludwig-van.com\/montreal\/wp-content\/uploads\/sites\/3\/2018\/11\/martin_te\u0301treault.jpg\" alt=\"Martin T\u00e9treault\" width=\"1024\" height=\"685\" srcset=\"https:\/\/www.ludwig-van.com\/montreal\/wp-content\/uploads\/sites\/3\/2018\/11\/martin_te\u0301treault.jpg 1024w, https:\/\/www.ludwig-van.com\/montreal\/wp-content\/uploads\/sites\/3\/2018\/11\/martin_te\u0301treault-300x201.jpg 300w, https:\/\/www.ludwig-van.com\/montreal\/wp-content\/uploads\/sites\/3\/2018\/11\/martin_te\u0301treault-768x514.jpg 768w\" sizes=\"(max-width: 1024px) 100vw, 1024px\" \/><figcaption id=\"caption-attachment-57290\" class=\"wp-caption-text\">Martin T\u00e9treault. (Photo: courtoisie)<\/figcaption><\/figure>\n<h2>Electrochoc 2<\/h2>\n<p>Concert de musique \u00e9lectroacoustique avec <strong>Martin T\u00e9treault<\/strong>,\u00a0platiniste, improvisateur, concepteur sonore et artiste visuel reconnu pour son travail avec des tourne-disques de tout genre, dont certains, de sa fabrication. Des pi\u00e8ces des \u00e9l\u00e8ves des classes de composition de <strong>Louis Dufort<\/strong> et de <strong>Martin B\u00e9dard. Jeudi 15 novembre, 19 h 30 (conf\u00e9rence avant le concert), Conservatoire de musique de Montr\u00e9al.\u00a0<\/strong><a href=\"https:\/\/www.ludwig-van.com\/montreal\/event\/conservatoire-de-musique-de-montreal-electrochoc-2-martin-tetreault\/\" target=\"_blank\" rel=\"noopener\">D\u00c9TAILS<\/a><\/p>\n<p>&nbsp;<\/p>\n<p>&nbsp;<\/p>\n<p style=\"text-align: center;\"><img decoding=\"async\" loading=\"lazy\" class=\"aligncenter size-full wp-image-57363\" src=\"https:\/\/www.ludwig-van.com\/montreal\/wp-content\/uploads\/sites\/3\/2018\/11\/Slava_affiche-WEB.jpg\" alt=\"\" width=\"1081\" height=\"539\" srcset=\"https:\/\/www.ludwig-van.com\/montreal\/wp-content\/uploads\/sites\/3\/2018\/11\/Slava_affiche-WEB.jpg 1081w, https:\/\/www.ludwig-van.com\/montreal\/wp-content\/uploads\/sites\/3\/2018\/11\/Slava_affiche-WEB-300x150.jpg 300w, https:\/\/www.ludwig-van.com\/montreal\/wp-content\/uploads\/sites\/3\/2018\/11\/Slava_affiche-WEB-768x383.jpg 768w, https:\/\/www.ludwig-van.com\/montreal\/wp-content\/uploads\/sites\/3\/2018\/11\/Slava_affiche-WEB-1024x511.jpg 1024w\" sizes=\"(max-width: 1081px) 100vw, 1081px\" \/><\/p>\n<h2>Slava! avec le Ch\u0153ur St-Laurent<\/h2>\n<p>Le <strong>Ch\u0153ur St-Laurent<\/strong> lance une nouvelle s\u00e9rie \u00ab De clocher en clocher \u00bb dont le premier concert, Slava! aura lieu sous la direction de <strong>Philippe Bourque,<\/strong> <strong>le 17 novembre, \u00e0 19 h 30<\/strong>, dans la magnifique cath\u00e9drale ukrainienne orthodoxe de Sainte-Sophie, dans le quartier Saint-Michel. Le concert Slava! sera une occasion unique de d\u00e9couvrir un r\u00e9pertoire m\u00e9connu et bouleversant, en plus de r\u00e9entendre les c\u00e9l\u00e8bres <em>V\u00eapres<\/em> de Rachmaninov. <a href=\"https:\/\/www.ludwig-van.com\/montreal\/2018\/11\/07\/a-cappella-musique-slave-cathedrale-meconnue\/\" target=\"_blank\" rel=\"noopener\">D\u00c9TAILS<\/a><\/p>\n<p>&nbsp;<\/p>\n<p style=\"text-align: center;\"><img decoding=\"async\" loading=\"lazy\" class=\"aligncenter size-full wp-image-56648\" src=\"https:\/\/www.ludwig-van.com\/montreal\/wp-content\/uploads\/sites\/3\/2017\/09\/OSL4-FESTIN-MUSICAL.jpg\" alt=\"Festin Musical\" width=\"1024\" height=\"384\" srcset=\"https:\/\/www.ludwig-van.com\/montreal\/wp-content\/uploads\/sites\/3\/2017\/09\/OSL4-FESTIN-MUSICAL.jpg 1024w, https:\/\/www.ludwig-van.com\/montreal\/wp-content\/uploads\/sites\/3\/2017\/09\/OSL4-FESTIN-MUSICAL-300x113.jpg 300w, https:\/\/www.ludwig-van.com\/montreal\/wp-content\/uploads\/sites\/3\/2017\/09\/OSL4-FESTIN-MUSICAL-768x288.jpg 768w\" sizes=\"(max-width: 1024px) 100vw, 1024px\" \/><\/p>\n<h2>Festin musical \u00e0 Laval<\/h2>\n<p>La s\u00e9rie Les Chambristes de l&rsquo;<strong>Orchestre symphonique de Laval<\/strong> est une occasion de d\u00e9couvrir les musiciens de l\u2019Orchestre dans une formule conviviale et intime les samedi apr\u00e8s-midi. Ces concerts anim\u00e9s de musique de chambre incluent une causerie et un l\u00e9ger go\u00fbter en compagnie des musiciens. Cette semaine, le <strong>Ch\u0153ur des jeunes de Laval<\/strong>, sous la direction de<strong> Philippe Ostiguy<\/strong>. <strong>Samedi 17 novembre, 15 h, \u00c9glise Saint-Maurice-de-Duvernay. <\/strong><a href=\"https:\/\/www.osl.qc.ca\/fr\/concerts\/festin-musical\" target=\"_blank\" rel=\"noopener\">D\u00c9TAILS<\/a><\/p>\n<p>&nbsp;<\/p>\n<figure id=\"attachment_49161\" aria-describedby=\"caption-attachment-49161\" style=\"width: 1024px\" class=\"wp-caption aligncenter\"><img decoding=\"async\" loading=\"lazy\" class=\"size-full wp-image-49161\" src=\"https:\/\/www.ludwig-van.com\/montreal\/wp-content\/uploads\/sites\/3\/2017\/10\/MusicaCamerata.jpg\" alt=\"Musica Camerata. (Photo: courtoisie)\" width=\"1024\" height=\"576\" srcset=\"https:\/\/www.ludwig-van.com\/montreal\/wp-content\/uploads\/sites\/3\/2017\/10\/MusicaCamerata.jpg 1024w, https:\/\/www.ludwig-van.com\/montreal\/wp-content\/uploads\/sites\/3\/2017\/10\/MusicaCamerata-300x169.jpg 300w, https:\/\/www.ludwig-van.com\/montreal\/wp-content\/uploads\/sites\/3\/2017\/10\/MusicaCamerata-768x432.jpg 768w\" sizes=\"(max-width: 1024px) 100vw, 1024px\" \/><figcaption id=\"caption-attachment-49161\" class=\"wp-caption-text\">Musica Camerata. (Photo: courtoisie)<\/figcaption><\/figure>\n<h2>Hongrie et Finlande avec Musica Camerata<\/h2>\n<p><strong>Musica Camerata<\/strong> pr\u00e9sente des Quintettes pour piano et cordes de la Hongrie et de la Finlande:<\/p>\n<p>Ern\u00f6 von Dohnanyi : Quintette no. 2 op 26<br \/>\nJean Sibelius : Quintette en Sol mineur<\/p>\n<p>Avec\u00a0<strong>Berta Rosenohl<\/strong>, piano; <strong>Luis Grinhauz<\/strong>, violon; <strong>Victor Fournelle-Blain<\/strong>, alto, <strong>Sylvain Murray<\/strong> et <strong>Bruno Tobon,<\/strong> violoncelles, <strong>Michael Dumouchel<\/strong>, clarinette. <strong>Samedi 17 novembre, 18 h, Chapelle historique du Bon-Pasteur.<\/strong> <a href=\"https:\/\/www.ludwig-van.com\/montreal\/event\/musica-camerata-montreal-quintettes-piano-cordes-de-lhongrie-finlande\/\" target=\"_blank\" rel=\"noopener\">D\u00c9TAILS<\/a><\/p>\n<p>&nbsp;<\/p>\n<figure id=\"attachment_57013\" aria-describedby=\"caption-attachment-57013\" style=\"width: 1024px\" class=\"wp-caption aligncenter\"><img decoding=\"async\" loading=\"lazy\" class=\"size-full wp-image-57013\" src=\"https:\/\/www.ludwig-van.com\/montreal\/wp-content\/uploads\/sites\/3\/2018\/04\/nareh-arghamanyan8@julia-wesely_2018-11-18-1.jpg\" alt=\"Nareh Arghamanyan\" width=\"1024\" height=\"683\" srcset=\"https:\/\/www.ludwig-van.com\/montreal\/wp-content\/uploads\/sites\/3\/2018\/04\/nareh-arghamanyan8@julia-wesely_2018-11-18-1.jpg 1024w, https:\/\/www.ludwig-van.com\/montreal\/wp-content\/uploads\/sites\/3\/2018\/04\/nareh-arghamanyan8@julia-wesely_2018-11-18-1-300x200.jpg 300w, https:\/\/www.ludwig-van.com\/montreal\/wp-content\/uploads\/sites\/3\/2018\/04\/nareh-arghamanyan8@julia-wesely_2018-11-18-1-768x512.jpg 768w\" sizes=\"(max-width: 1024px) 100vw, 1024px\" \/><figcaption id=\"caption-attachment-57013\" class=\"wp-caption-text\">Nareh Arghamanyan (Photo: Julia Wesely)<\/figcaption><\/figure>\n<h2>Qu\u00e9bec: Rhapsodies slaves \u00e0 l&rsquo;OSQ<\/h2>\n<p>La fabuleuse pianiste arm\u00e9nienne <strong>Nareh Arghamanyan,<\/strong> ancienne laur\u00e9ate du CMIM, est l&rsquo;invit\u00e9e de l&rsquo;<strong>Orchestre symphonique de Qu\u00e9bec<\/strong> dans un concert de musique slave sous la direction de<strong> Jean-Marie Zeitouni.<\/strong> Programme:<\/p>\n<p>Beethoven \u2013 Le Roi \u00c9tienne, ouverture<br \/>\nRachmaninov \u2013 Rhapsodie sur un th\u00e8me de Paganini<br \/>\nLigeti \u2013 Concerto roumain<br \/>\nKod\u00e1ly \u2013 Variations sur un th\u00e8me populaire hongrois<br \/>\nLiszt \u2013 Rhapsodie hongroise n\u00b0 2<\/p>\n<p><strong>Dimanche 18 novembre, 14 h 30, Grand Th\u00e9\u00e2tre de Qu\u00e9bec. <\/strong><a href=\"https:\/\/www.ludwig-van.com\/montreal\/event\/orchestre-symphonique-de-quebec-rhapsodies-slaves\/\" target=\"_blank\" rel=\"noopener\">D\u00c9TAILS<\/a><\/p>\n<p>&nbsp;<\/p>\n<figure id=\"attachment_54718\" aria-describedby=\"caption-attachment-54718\" style=\"width: 1024px\" class=\"wp-caption aligncenter\"><img decoding=\"async\" loading=\"lazy\" class=\"size-full wp-image-54718\" src=\"https:\/\/www.ludwig-van.com\/montreal\/wp-content\/uploads\/sites\/3\/2017\/09\/chapellehistorique-18-nov-Maxim-Bernard.jpg\" alt=\"Maxim Bernard, piano\" width=\"1024\" height=\"683\" srcset=\"https:\/\/www.ludwig-van.com\/montreal\/wp-content\/uploads\/sites\/3\/2017\/09\/chapellehistorique-18-nov-Maxim-Bernard.jpg 1024w, https:\/\/www.ludwig-van.com\/montreal\/wp-content\/uploads\/sites\/3\/2017\/09\/chapellehistorique-18-nov-Maxim-Bernard-300x200.jpg 300w, https:\/\/www.ludwig-van.com\/montreal\/wp-content\/uploads\/sites\/3\/2017\/09\/chapellehistorique-18-nov-Maxim-Bernard-768x512.jpg 768w\" sizes=\"(max-width: 1024px) 100vw, 1024px\" \/><figcaption id=\"caption-attachment-54718\" class=\"wp-caption-text\">Maxim Bernard. (Photo: courtoisie)<\/figcaption><\/figure>\n<h2>Chapelle historique: Maxim Bernard<\/h2>\n<p>R\u00e9cital \u00ab\u00a0Chopin dans tous ses \u00e9tats\u00a0\u00bb du pianiste qu\u00e9b\u00e9cois <strong>Maxim Bernard.<\/strong> Mazurkas, \u00c9tudes et autres pi\u00e8ces du compositeur polonais sont au programme. <strong>Dimanche 18 novembre, 15 h, Chapelle historique du Bon-Pasteur.<\/strong>\u00a0<a href=\"https:\/\/www.ludwig-van.com\/montreal\/event\/chapelle-historique-pasteur-chopin-etats\/\" target=\"_blank\" rel=\"noopener\">D\u00c9TAILS<\/a><\/p>\n<p>&nbsp;<\/p>\n<p style=\"text-align: center;\"><img decoding=\"async\" loading=\"lazy\" class=\"aligncenter size-full wp-image-47514\" src=\"https:\/\/www.ludwig-van.com\/montreal\/wp-content\/uploads\/sites\/3\/2017\/09\/oratoire-calendrier-orgue-cathedrales-en-musique-2017.jpg\" alt=\"\" width=\"700\" height=\"394\" srcset=\"https:\/\/www.ludwig-van.com\/montreal\/wp-content\/uploads\/sites\/3\/2017\/09\/oratoire-calendrier-orgue-cathedrales-en-musique-2017.jpg 700w, https:\/\/www.ludwig-van.com\/montreal\/wp-content\/uploads\/sites\/3\/2017\/09\/oratoire-calendrier-orgue-cathedrales-en-musique-2017-300x169.jpg 300w\" sizes=\"(max-width: 700px) 100vw, 700px\" \/><\/p>\n<h2>Bach en format familial \u00e0 l&rsquo;Oratoire<\/h2>\n<p>Les familles Lagac\u00e9 et Boucher se r\u00e9unissent pour un concert d&rsquo;orgue d\u00e9di\u00e9 \u00e0 Bach. Avec\u00a0<b>Mireille Lagac\u00e9, Genevi\u00e8ve Soly<\/b>, <b>M\u00e9lisande McNabney, Jacques Boucher, Michel Boucher et Vincent Boucher. Gilles Cantagrel<\/b>, animation. <strong>Dimanche 18 novembre, 15 h. Prix d&rsquo;entr\u00e9e de 15 $.<\/strong>\u00a0<a href=\"https:\/\/www.ludwig-van.com\/montreal\/event\/oratoire-saint-joseph-festival-bach-montreal-bach-format-familial\/\" target=\"_blank\" rel=\"noopener\">D\u00c9TAILS<\/a><\/p>\n<p><a href=\"https:\/\/www.ludwig-van.com\/montreal\/events\/2018-11-18\/\" target=\"_blank\" rel=\"noopener\">POUR VOIR PLUS DE CONCERTS, CONSULTEZ NOTRE CALENDRIER DE LA SAISON 2018-2019<\/a><\/p>\n<h2>LIRE AUSSI:<\/h2>\n<blockquote class=\"wp-embedded-content\" data-secret=\"TVAqK9FiqK\"><p><a href=\"https:\/\/www.ludwig-van.com\/montreal\/2018\/11\/11\/critique-das-rheingold-impressionnant-malgre-quelques-heros-demi-teintes\/\">CRITIQUE  |  Das Rheingold \u00e0 l&rsquo;Op\u00e9ra de Montr\u00e9al: impressionnant malgr\u00e9 quelques h\u00e9ros en demi-teintes<\/a><\/p><\/blockquote>\n<p><iframe class=\"wp-embedded-content\" sandbox=\"allow-scripts\" security=\"restricted\" style=\"position: absolute; clip: rect(1px, 1px, 1px, 1px);\" src=\"https:\/\/www.ludwig-van.com\/montreal\/2018\/11\/11\/critique-das-rheingold-impressionnant-malgre-quelques-heros-demi-teintes\/embed\/#?secret=TVAqK9FiqK\" data-secret=\"TVAqK9FiqK\" width=\"600\" height=\"338\" title=\"\u00ab\u00a0CRITIQUE  |  Das Rheingold \u00e0 l&rsquo;Op\u00e9ra de Montr\u00e9al: impressionnant malgr\u00e9 quelques h\u00e9ros en demi-teintes\u00a0\u00bb &#8212; Ludwig Van Montreal\" frameborder=\"0\" marginwidth=\"0\" marginheight=\"0\" scrolling=\"no\"><\/iframe><\/p>\n<p>&nbsp;<\/p>\n<p>&nbsp;<\/p>\n<p>&nbsp;<\/p>\n","protected":false},"excerpt":{"rendered":"<p>L&rsquo;hiver est peut-\u00eatre \u00e0 nos portes, mais cela ne devrait pas nous emp\u00eacher de sortir et d&rsquo;aller au concert. De nombreux \u00e9v\u00e9nements passionnants s&rsquo;annoncent cette semaine, dont le Concours OSM Manuvie. Voici nos choix de la r\u00e9daction, du 12 au 18 novembre. <\/p>\n","protected":false},"author":51,"featured_media":56542,"comment_status":"open","ping_status":"open","sticky":false,"template":"","format":"standard","meta":{"om_disable_all_campaigns":false,"jetpack_post_was_ever_published":false},"categories":[16745,10994],"tags":[11138,11882],"yst_prominent_words":[27600,27598,26716,14936,27607,9863,27589,9792,27587,15202,27594,27606,27605,9877,19636,27599,27597,14333,14241,27584],"acf":[],"jetpack_featured_media_url":"https:\/\/www.ludwig-van.com\/montreal\/wp-content\/uploads\/sites\/3\/2017\/09\/Philippe-Sly-Winterreise.jpg","jetpack_sharing_enabled":true,"jetpack_shortlink":"https:\/\/wp.me\/p9bdYt-eWI","amp_enabled":true,"_links":{"self":[{"href":"https:\/\/www.ludwig-van.com\/montreal\/wp-json\/wp\/v2\/posts\/57456"}],"collection":[{"href":"https:\/\/www.ludwig-van.com\/montreal\/wp-json\/wp\/v2\/posts"}],"about":[{"href":"https:\/\/www.ludwig-van.com\/montreal\/wp-json\/wp\/v2\/types\/post"}],"author":[{"embeddable":true,"href":"https:\/\/www.ludwig-van.com\/montreal\/wp-json\/wp\/v2\/users\/51"}],"replies":[{"embeddable":true,"href":"https:\/\/www.ludwig-van.com\/montreal\/wp-json\/wp\/v2\/comments?post=57456"}],"version-history":[{"count":10,"href":"https:\/\/www.ludwig-van.com\/montreal\/wp-json\/wp\/v2\/posts\/57456\/revisions"}],"predecessor-version":[{"id":57493,"href":"https:\/\/www.ludwig-van.com\/montreal\/wp-json\/wp\/v2\/posts\/57456\/revisions\/57493"}],"wp:featuredmedia":[{"embeddable":true,"href":"https:\/\/www.ludwig-van.com\/montreal\/wp-json\/wp\/v2\/media\/56542"}],"wp:attachment":[{"href":"https:\/\/www.ludwig-van.com\/montreal\/wp-json\/wp\/v2\/media?parent=57456"}],"wp:term":[{"taxonomy":"category","embeddable":true,"href":"https:\/\/www.ludwig-van.com\/montreal\/wp-json\/wp\/v2\/categories?post=57456"},{"taxonomy":"post_tag","embeddable":true,"href":"https:\/\/www.ludwig-van.com\/montreal\/wp-json\/wp\/v2\/tags?post=57456"},{"taxonomy":"yst_prominent_words","embeddable":true,"href":"https:\/\/www.ludwig-van.com\/montreal\/wp-json\/wp\/v2\/yst_prominent_words?post=57456"}],"curies":[{"name":"wp","href":"https:\/\/api.w.org\/{rel}","templated":true}]}}