{"id":57341,"date":"2018-11-06T14:34:34","date_gmt":"2018-11-06T19:34:34","guid":{"rendered":"https:\/\/www.ludwig-van.com\/montreal\/?p=57341"},"modified":"2018-11-06T14:34:34","modified_gmt":"2018-11-06T19:34:34","slug":"opera-albert-herring-retourne-a-lopera-mcgill-apres-douze-ans","status":"publish","type":"post","link":"https:\/\/www.ludwig-van.com\/montreal\/2018\/11\/06\/opera-albert-herring-retourne-a-lopera-mcgill-apres-douze-ans\/","title":{"rendered":"OP\u00c9RA  | Albert Herring retourne \u00e0 l\u2019Op\u00e9ra McGill apr\u00e8s douze ans !"},"content":{"rendered":"<p>&nbsp;<\/p>\n<p style=\"text-align: center;\"><img decoding=\"async\" loading=\"lazy\" class=\"aligncenter size-full wp-image-57212\" src=\"https:\/\/www.ludwig-van.com\/montreal\/wp-content\/uploads\/sites\/3\/2018\/10\/slch_opera2017-18_albertherring_facebook.jpg\" alt=\"Op\u00e9ra McGill: Albert Herring\" width=\"700\" height=\"366\" srcset=\"https:\/\/www.ludwig-van.com\/montreal\/wp-content\/uploads\/sites\/3\/2018\/10\/slch_opera2017-18_albertherring_facebook.jpg 700w, https:\/\/www.ludwig-van.com\/montreal\/wp-content\/uploads\/sites\/3\/2018\/10\/slch_opera2017-18_albertherring_facebook-300x157.jpg 300w\" sizes=\"(max-width: 700px) 100vw, 700px\" \/><\/p>\n<p>&nbsp;<\/p>\n<h2 style=\"text-align: center;\">Albert Herring retourne \u00e0 l\u2019Op\u00e9ra McGill apr\u00e8s douze ans !<\/h2>\n<p style=\"text-align: center;\">Patrick Hansen, metteur en sc\u00e8ne | Andrew Bisantz, chef<br \/>\n8, 9, 10 novembre 2019 \u00e0 19 h 30<br \/>\nSalle Pollack (555, rue Sherbrooke O.)<br \/>\nBillets : 20$ \/ 30$ + taxes<\/p>\n<p>&nbsp;<\/p>\n<p><strong>Montr\u00e9al, 6 novembre 2018 &#8211;<\/strong> La saison 2018-2019 de l\u2019Op\u00e9ra McGill s\u2019ouvre avec le chef d\u2019\u0153uvre comique de Benjamin Britten, <a href=\"https:\/\/mcgill.ca\/music\/fr\/channels\/event\/opera-mcgill-albert-herring-288208?utm_source=ludwigvanmontreal&amp;utm_campaign=albertherring2018&amp;utm_medium=article\" target=\"_blank\" rel=\"noopener\">Albert Herring<\/a>, pr\u00e9sent\u00e9 les 8, 9 et 10 novembre, \u00e0 19 h 30, \u00e0 la Salle Pollack.<\/p>\n<p>\u00c9crite en 1947, cette \u0153uvre pr\u00e9sente un m\u00e9lange d\u2019humour et de perspicacit\u00e9 psychologique, qui en fait l\u2019une des grandes pi\u00e8ces du 20e si\u00e8cle. L\u2019op\u00e9ra se d\u00e9roule dans la petite ville de Loxford, en Angleterre au tournant du si\u00e8cle et suit l\u2019histoire d\u2019Albert Herring, un marchand de l\u00e9gumes timide qui m\u00e8ne une vie terne et vertueuse dans le magasin de sa m\u00e8re. \u00c0 sa grande horreur, la vie d\u2019Albert est vite chamboul\u00e9e lorsque le comit\u00e9 de la Reine de mai, ne r\u00e9ussissant pas \u00e0 trouver une reine \u00ab digne \u00bb, d\u00e9cide, de mani\u00e8re tr\u00e8s inhabituelle, de nommer un roi. L\u2019hilarit\u00e9 qui s\u2019ensuit pour l\u2019adorable Albert, v\u00eatu d\u2019un costume blanc et de sa couronne, et ivre sous l\u2019effet d\u2019une limonade alcoolis\u00e9e \u00e0 son insu, ne manquera pas de faire rire le public tout au long du spectacle.<\/p>\n<p>Patrick Hansen, metteur en sc\u00e8ne de la production et directeur artistique de l\u2019Op\u00e9ra McGill, est heureux d\u2019accueillir \u00e0 nouveau son vieil ami Albert Herring \u00e0 la Salle Pollack. C\u2019est une production qu\u2019il a dirig\u00e9e et r\u00e9alis\u00e9e de nombreuses fois au fil des ann\u00e9es, notamment lors de son d\u00e9but en direction d\u2019orchestre au Des Moines Metro Opera en 1997, et lors de son d\u00e9but en tant que directeur de l\u2019Op\u00e9ra McGill, \u00e0 l\u2019\u00c9cole de musique Schulich en 2007.<\/p>\n<p>\u00ab Cet op\u00e9ra est jou\u00e9 moins souvent aujourd\u2019hui que dans la seconde moiti\u00e9 du 20e si\u00e8cle \u00bb \u00e9crit-il dans ses notes de directeur. \u00ab C\u2019est une trag\u00e9die \u00e9tant donn\u00e9 qu\u2019il en dit long sur ce qui se passe dans notre soci\u00e9t\u00e9 actuelle \u00bb.<\/p>\n<blockquote><p>Albert Herring s\u2019attaque \u00e0 des sujets tels que la r\u00e9pression de la libert\u00e9 sexuelle, les r\u00f4les de genres non traditionnels, l\u2019oppression des classes, le jugement et plus encore, tous pertinents aujourd\u2019hui.<\/p><\/blockquote>\n<p>Combin\u00e9s au livret jovial d\u2019Eric Crovier, ces sujets \u00e9pineux sont notamment mis en valeur \u00e0 travers les personnages des anciens de Loxford, qui vivent dans le pass\u00e9 et qui jugent le monde avec leur vision de classe, de moralit\u00e9 et de privil\u00e8ge. Dans cet op\u00e9ra \u00e0 treize personnages, notons la tr\u00e8s autoritaire et intrusive Lady Billows, qui finance le prix de la Reine de mai, ainsi que son assistante fouineuse Florence Pike, qui note toutes les \u00ab indiscr\u00e9tions \u00bb des autres filles (m\u00eame si elles ne font que montrer un peu trop de cheville).<\/p>\n<p>Les treize personnages sur sc\u00e8ne sont accompagn\u00e9s par un orchestre de treize musiciens, compos\u00e9 d\u2019un quintette de cordes, d\u2019un quintette \u00e0 vents, d\u2019une harpe, d\u2019un piano et de percussions. Le score musical complexe de l\u2019op\u00e9ra fait contraste avec la com\u00e9die et anime musicalement chaque personnage avec des m\u00e9lodies reconnaissables. Le brillant chef d\u2019orchestre am\u00e9ricain Andrew Bisantz, directeur artistique du Eugene Opera, dirigera l\u2019orchestre (compos\u00e9 de membres de l\u2019Orchestre symphonique de McGill). Ce sera la troisi\u00e8me fois que Bisantz fera \u00e9quipe avec l\u2019Op\u00e9ra McGill, les deux autres collaborations \u00e9tant \u00e9galement des op\u00e9ras de Britten.<\/p>\n<p>Par rapport \u00e0 cette collaboration excitante avec Bisantz, le directeur de l\u2019Op\u00e9ra McGill Patrick Hansen commente : \u00ab Maestro Bisantz et moi-m\u00eame avons travaill\u00e9 en \u00e9troite collaboration au cours des vingt derni\u00e8res ann\u00e9es, ici \u00e0 McGill ainsi qu\u2019au Glimmerglass Opera, au Eugene Opera et au Florida Grand Opera. Son d\u00e9vouement envers les d\u00e9tails du score musical, sa passion pour les jeunes chanteurs et sa vaste exp\u00e9rience avec le r\u00e9pertoire d\u2019op\u00e9ra \u2013 de Mozart \u00e0 Verdi, en passant par Puccini et Britten \u2013 constituent une combinaison parfaite pour diriger et enseigner aux \u00e9tudiants qui participent \u00e0 ce brillant op\u00e9ra. \u00bb<\/p>\n<p>Rejoignez-nous \u00e0 la Salle Pollack du 8 au 10 novembre pour voir par vous-m\u00eames si les aventures d\u2019Albert l\u2019effraient et le renvoient \u00e0 sa vie monotone, ou plut\u00f4t si elles l\u2019inspirent et le lib\u00e8rent! <a href=\"https:\/\/mcgill.ca\/music\/fr\/channels\/event\/opera-mcgill-albert-herring-288208?utm_source=ludwigvanmontreal&amp;utm_campaign=albertherring2018&amp;utm_medium=article\" target=\"_blank\" rel=\"noopener\">ACHETEZ VOS BILLETS ICI<\/a><\/p>\n<hr \/>\n<p>En tant que l\u2019un des principaux programmes de formation d\u2019op\u00e9ra en Am\u00e9rique du Nord, l\u2019Op\u00e9ra McGill attire des \u00e9tudiants qui viennent de partout au Canda, aux \u00c9tats-Unis, en Am\u00e9rique latine et en Europe. Au moins trois nouvelles productions sont cr\u00e9\u00e9es chaque session : un op\u00e9ra sur sc\u00e8ne avec orchestre, un op\u00e9ra baroque avec instruments d\u2019\u00e9poque et un op\u00e9ra \u00ab bo\u00eete noire \u00bb. L\u2019Op\u00e9ra McGill est situ\u00e9 \u00e0 l\u2019\u00c9cole de musique Schulich de l\u2019Universit\u00e9 McGill. \u00c9cole reconnue comme l\u2019une des principales \u00e9coles de musique en Am\u00e9rique du Nord, elle incarne les normes internationales d\u2019excellence en mati\u00e8re de formation professionnelle et de recherche. Elle compte plus de 850 \u00e9tudiants, 240 membres du corps professoral et d\u2019excellents programmes en interpr\u00e9tation, en recherche et en technologie.<\/p>\n<p><em><strong>La publication de ce communiqu\u00e9 est un privil\u00e8ge r\u00e9serv\u00e9 aux membres de Ludwig van Montr\u00e9al. Pour savoir comment devenir membre, \u00e9crivez-nous \u00e0 caroline@ludwig-van.com\u00a0<\/strong><\/em><\/p>\n<p>&nbsp;<\/p>\n<p>&nbsp;<\/p>\n<p>&nbsp;<\/p>\n<p>&nbsp;<\/p>\n","protected":false},"excerpt":{"rendered":"<p>La saison 2018-2019 de l\u2019Op\u00e9ra McGill s\u2019ouvre avec le chef d\u2019\u0153uvre comique de Benjamin Britten, Albert Herring, pr\u00e9sent\u00e9 les 8, 9 et 10 novembre, \u00e0 19 h 30, \u00e0 la Salle Pollack.<\/p>\n","protected":false},"author":7,"featured_media":57212,"comment_status":"open","ping_status":"open","sticky":false,"template":"","format":"standard","meta":{"om_disable_all_campaigns":false,"jetpack_post_was_ever_published":false},"categories":[16745,10956,11944],"tags":[17949],"yst_prominent_words":[27240,9863,27316,16909,27315,27406,27403,27407,27402,10386,10376,10538,27401,7316,10537,16989,27404,27400,27405,10375],"acf":[],"jetpack_featured_media_url":"https:\/\/www.ludwig-van.com\/montreal\/wp-content\/uploads\/sites\/3\/2018\/10\/slch_opera2017-18_albertherring_facebook.jpg","jetpack_sharing_enabled":true,"jetpack_shortlink":"https:\/\/wp.me\/p9bdYt-eUR","amp_enabled":true,"_links":{"self":[{"href":"https:\/\/www.ludwig-van.com\/montreal\/wp-json\/wp\/v2\/posts\/57341"}],"collection":[{"href":"https:\/\/www.ludwig-van.com\/montreal\/wp-json\/wp\/v2\/posts"}],"about":[{"href":"https:\/\/www.ludwig-van.com\/montreal\/wp-json\/wp\/v2\/types\/post"}],"author":[{"embeddable":true,"href":"https:\/\/www.ludwig-van.com\/montreal\/wp-json\/wp\/v2\/users\/7"}],"replies":[{"embeddable":true,"href":"https:\/\/www.ludwig-van.com\/montreal\/wp-json\/wp\/v2\/comments?post=57341"}],"version-history":[{"count":1,"href":"https:\/\/www.ludwig-van.com\/montreal\/wp-json\/wp\/v2\/posts\/57341\/revisions"}],"predecessor-version":[{"id":57342,"href":"https:\/\/www.ludwig-van.com\/montreal\/wp-json\/wp\/v2\/posts\/57341\/revisions\/57342"}],"wp:featuredmedia":[{"embeddable":true,"href":"https:\/\/www.ludwig-van.com\/montreal\/wp-json\/wp\/v2\/media\/57212"}],"wp:attachment":[{"href":"https:\/\/www.ludwig-van.com\/montreal\/wp-json\/wp\/v2\/media?parent=57341"}],"wp:term":[{"taxonomy":"category","embeddable":true,"href":"https:\/\/www.ludwig-van.com\/montreal\/wp-json\/wp\/v2\/categories?post=57341"},{"taxonomy":"post_tag","embeddable":true,"href":"https:\/\/www.ludwig-van.com\/montreal\/wp-json\/wp\/v2\/tags?post=57341"},{"taxonomy":"yst_prominent_words","embeddable":true,"href":"https:\/\/www.ludwig-van.com\/montreal\/wp-json\/wp\/v2\/yst_prominent_words?post=57341"}],"curies":[{"name":"wp","href":"https:\/\/api.w.org\/{rel}","templated":true}]}}