{"id":57069,"date":"2018-10-22T10:57:25","date_gmt":"2018-10-22T14:57:25","guid":{"rendered":"https:\/\/www.ludwig-van.com\/montreal\/?p=57069"},"modified":"2018-10-22T10:57:25","modified_gmt":"2018-10-22T14:57:25","slug":"nouveau-disque-quartom-lance-renaissance-album-dedie-aux-chants-sacres","status":"publish","type":"post","link":"https:\/\/www.ludwig-van.com\/montreal\/2018\/10\/22\/nouveau-disque-quartom-lance-renaissance-album-dedie-aux-chants-sacres\/","title":{"rendered":"NOUVEAU DISQUE  | Quartom lance Renaissance, un album d\u00e9di\u00e9 aux chants sacr\u00e9s"},"content":{"rendered":"<p>&nbsp;<\/p>\n<p style=\"text-align: center;\"><img decoding=\"async\" loading=\"lazy\" class=\"aligncenter size-full wp-image-56296\" src=\"https:\/\/www.ludwig-van.com\/montreal\/wp-content\/uploads\/sites\/3\/2017\/09\/ATMA-gallery2018-Image-4.jpg\" alt=\"\" width=\"1024\" height=\"1024\" srcset=\"https:\/\/www.ludwig-van.com\/montreal\/wp-content\/uploads\/sites\/3\/2017\/09\/ATMA-gallery2018-Image-4.jpg 1024w, https:\/\/www.ludwig-van.com\/montreal\/wp-content\/uploads\/sites\/3\/2017\/09\/ATMA-gallery2018-Image-4-150x150.jpg 150w, https:\/\/www.ludwig-van.com\/montreal\/wp-content\/uploads\/sites\/3\/2017\/09\/ATMA-gallery2018-Image-4-300x300.jpg 300w, https:\/\/www.ludwig-van.com\/montreal\/wp-content\/uploads\/sites\/3\/2017\/09\/ATMA-gallery2018-Image-4-768x768.jpg 768w\" sizes=\"(max-width: 1024px) 100vw, 1024px\" \/><\/p>\n<p style=\"text-align: center;\"><img decoding=\"async\" loading=\"lazy\" class=\"aligncenter size-full wp-image-47095\" src=\"https:\/\/www.ludwig-van.com\/montreal\/wp-content\/uploads\/sites\/3\/2017\/09\/ATMA-logo-bg.jpg\" alt=\"\" width=\"1024\" height=\"102\" srcset=\"https:\/\/www.ludwig-van.com\/montreal\/wp-content\/uploads\/sites\/3\/2017\/09\/ATMA-logo-bg.jpg 1024w, https:\/\/www.ludwig-van.com\/montreal\/wp-content\/uploads\/sites\/3\/2017\/09\/ATMA-logo-bg-300x30.jpg 300w, https:\/\/www.ludwig-van.com\/montreal\/wp-content\/uploads\/sites\/3\/2017\/09\/ATMA-logo-bg-768x77.jpg 768w\" sizes=\"(max-width: 1024px) 100vw, 1024px\" \/><\/p>\n<h1 style=\"text-align: center;\">RENAISSANCE<\/h1>\n<h1 style=\"text-align: center;\">Chants sacr\u00e9s<\/h1>\n<p>&nbsp;<\/p>\n<h2 style=\"text-align: center;\">QUARTOM<\/h2>\n<p style=\"text-align: center;\"><strong>Antonio Figueroa<\/strong>, t\u00e9nor | <strong>Benoit Le Blanc<\/strong>, baryton<br \/>\n<strong>Julien Patenaude<\/strong>, baryton | <strong>Philippe Martel<\/strong>, baryton-basse<\/p>\n<p><em><strong>Renaissance<\/strong><\/em>, le nouvel album du quatuor vocal a cappella <strong>Quartom<\/strong> est consacr\u00e9 au chant gr\u00e9gorien et \u00e0 la polyphonie vocale de la Renaissance. Les quatre talentueux chanteurs invitent les auditeurs \u00e0 les suivre sur les chemins de la spiritualit\u00e9 avec cet album enregistr\u00e9 \u00e0 l\u2019\u00c9glise Saint-Esprit de Montr\u00e9al.<\/p>\n<p>Nomm\u00e9 pour refl\u00e9ter une p\u00e9riode de grande richesse artistique, <a href=\"https:\/\/www.atmaclassique.com\/Fr\/Albums\/AlbumInfo.aspx?AlbumID=1613\" target=\"_blank\" rel=\"noopener\">Renaissance<\/a> trace l\u2019\u00e9volution de la musique sacr\u00e9e du chant gr\u00e9gorien jusqu\u2019\u00e0 la florissante polyphonie musicale.<\/p>\n<blockquote><p>\u00ab Palestrina a su marquer la transition entre le chant gr\u00e9gorien et la musique polyphonique. Tout comme Jean-S\u00e9bastien Bach apr\u00e8s lui, Palestrina a r\u00e9ussi \u00e0 synth\u00e9tiser \u00e0 peu pr\u00e8s tout ce qui s\u2019\u00e9tait fait jusque-l\u00e0, en plus d\u2019enrichir la musique de sonorit\u00e9s, de couleurs et d\u2019id\u00e9es nouvelles. La musique vivait une renaissance ! \u00bb \u2014Quartom<\/p><\/blockquote>\n<p><strong>Quartom<\/strong> c\u00e9l\u00e8bre cette ann\u00e9e ses 10 ans. En effet, le quatuor vocal voit le jour en avril 2008. Pour souligner cet anniversaire et la parution de Renaissance, l\u2019ensemble \u00e9tait concert au Th\u00e9\u00e2tre Paradoxe le 14 octobre dernier. De plus, <strong>Quartom<\/strong> accueille cette ann\u00e9e l\u2019exceptionnel t\u00e9nor qu\u00e9b\u00e9cois <strong>Antonio Figueroa<\/strong>, il succ\u00e8de \u00e0 <strong>Ga\u00e9tan Sauvageau.<\/strong><\/p>\n<p>L\u2019ensemble poss\u00e8de trois albums \u00e0 son actif. Le premier, \u00e9ponyme, en 2013, regroupe quelques unes des pi\u00e8ces de leur spectacle <em>La bonne nouvelle selon Quartom<\/em>. Le deuxi\u00e8me en 2014, <em>Le No\u00ebl de Quartom<\/em> et le troisi\u00e8me en 2016, <em>Acte III<\/em>, sous \u00e9tiquette ATMA Classique, a \u00e9t\u00e9 salu\u00e9 par la critique tant pour la qualit\u00e9 des interpr\u00e9tations que pour l\u2019originalit\u00e9 du contenu.<\/p>\n<h3>Renaissance est en vente \u00e0 compter du 19 octobre 2018.<\/h3>\n<p><a href=\"https:\/\/www.atmaclassique.com\/Fr\/Albums\/AlbumInfo.aspx?AlbumID=1613\" target=\"_blank\" rel=\"noopener\">\u00c9COUTER DES EXTRAITS ET T\u00c9L\u00c9CHARGER L&rsquo;ALBUM SUR LE SITE D&rsquo;ATMA CLASSIQUE.\u00a0<\/a><\/p>\n<p><strong>LISTE DES PISTES :<\/strong><br \/>\n1. <em>O Domine Jesu Christe<\/em> [G. P. da Palestrina] (1525-1594)<br \/>\n2. <em>Dominus dixit ad me<\/em> [Chant gr\u00e9gorien]<br \/>\n3. <em>Ave Maria<\/em> (1604) [G. P. da Palestrina]<br \/>\n4. <em>Hodie Christus Natus Est<\/em> [G. P. da Palestrina]<br \/>\n5. <em>Hodie Christus Natus Est<\/em> [ Chant gr\u00e9gorien]<br \/>\n6. <em>Salve Regina<\/em> [G. P. da Palestrina] 0:00<br \/>\n7. <em>Ave Maria<\/em> [G. P. da Palestrina] (arr. Carter Harman)<br \/>\n8. <em>Adoramus te<\/em> [G. P. da Palestrina]<br \/>\n9. <em>Ave Maria<\/em> (1563) [G. P. da Palestrina]<br \/>\n10. <em>Regina C\u00e6li<\/em> [Chant gr\u00e9gorien] 0:00<br \/>\n11. <em>Confitemini Domino<\/em> [G. P. da Palestrina]<br \/>\n12. <em>Pueri hebraeorum [<\/em>G. P. da Palestrina]<br \/>\n13. <em>Resurrexit<\/em> [ Chant gr\u00e9gorien ] 0:00<br \/>\n14. <em>O quam amabilis<\/em> [G. P. da Palestrina]<br \/>\n15. <em>Tantum Ergo<\/em> [Chant gr\u00e9gorien]<br \/>\n16. <em>Dies Irae<\/em> [Chant gr\u00e9gorien]<br \/>\n17. <em>O bone Jesu<\/em> [G. P. da Palestrina]<br \/>\n18. <em>Victimae Paschali laudes<\/em> [Chant gr\u00e9gorien]<br \/>\n19. <em>Panis angelicus<\/em> [G. P. da Palestrina]<br \/>\n20. <em>Veni creator<\/em> [Chant gr\u00e9gorien]<br \/>\n21. <em>Ecce nunc benedicite<\/em> [G. P. da Palestrina]<\/p>\n<p><strong><em>La publication de ce communiqu\u00e9 est un privil\u00e8ge r\u00e9serv\u00e9 aux membres de Ludwig van Montr\u00e9al. Pour savoir comment devenir membre, \u00e9crivez-nous \u00e0 caroline@ludwig-van.com\u00a0<\/em><\/strong><\/p>\n<p>&nbsp;<\/p>\n<p>&nbsp;<\/p>\n<p>&nbsp;<\/p>\n","protected":false},"excerpt":{"rendered":"<p>Renaissance, le nouvel album du quatuor vocal a cappella Quartom est consacr\u00e9 au chant gr\u00e9gorien et \u00e0 la polyphonie vocale de la Renaissance. Les quatre talentueux chanteurs invitent les auditeurs \u00e0 les suivre sur les chemins de la spiritualit\u00e9 avec cet album enregistr\u00e9 \u00e0 l\u2019\u00c9glise Saint-Esprit de Montr\u00e9al.<\/p>\n","protected":false},"author":7,"featured_media":56296,"comment_status":"open","ping_status":"open","sticky":false,"template":"","format":"standard","meta":{"om_disable_all_campaigns":false,"jetpack_post_was_ever_published":false},"categories":[1],"tags":[401,26704,27044],"yst_prominent_words":[27043,11964,11445,11151,19361,27036,27042,27039,10493,12419,27041,12421,27040,27038,13175,9811,27035,11083,11081,27033],"acf":[],"jetpack_featured_media_url":"https:\/\/www.ludwig-van.com\/montreal\/wp-content\/uploads\/sites\/3\/2017\/09\/ATMA-gallery2018-Image-4.jpg","jetpack_sharing_enabled":true,"jetpack_shortlink":"https:\/\/wp.me\/p9bdYt-eQt","amp_enabled":true,"_links":{"self":[{"href":"https:\/\/www.ludwig-van.com\/montreal\/wp-json\/wp\/v2\/posts\/57069"}],"collection":[{"href":"https:\/\/www.ludwig-van.com\/montreal\/wp-json\/wp\/v2\/posts"}],"about":[{"href":"https:\/\/www.ludwig-van.com\/montreal\/wp-json\/wp\/v2\/types\/post"}],"author":[{"embeddable":true,"href":"https:\/\/www.ludwig-van.com\/montreal\/wp-json\/wp\/v2\/users\/7"}],"replies":[{"embeddable":true,"href":"https:\/\/www.ludwig-van.com\/montreal\/wp-json\/wp\/v2\/comments?post=57069"}],"version-history":[{"count":2,"href":"https:\/\/www.ludwig-van.com\/montreal\/wp-json\/wp\/v2\/posts\/57069\/revisions"}],"predecessor-version":[{"id":57071,"href":"https:\/\/www.ludwig-van.com\/montreal\/wp-json\/wp\/v2\/posts\/57069\/revisions\/57071"}],"wp:featuredmedia":[{"embeddable":true,"href":"https:\/\/www.ludwig-van.com\/montreal\/wp-json\/wp\/v2\/media\/56296"}],"wp:attachment":[{"href":"https:\/\/www.ludwig-van.com\/montreal\/wp-json\/wp\/v2\/media?parent=57069"}],"wp:term":[{"taxonomy":"category","embeddable":true,"href":"https:\/\/www.ludwig-van.com\/montreal\/wp-json\/wp\/v2\/categories?post=57069"},{"taxonomy":"post_tag","embeddable":true,"href":"https:\/\/www.ludwig-van.com\/montreal\/wp-json\/wp\/v2\/tags?post=57069"},{"taxonomy":"yst_prominent_words","embeddable":true,"href":"https:\/\/www.ludwig-van.com\/montreal\/wp-json\/wp\/v2\/yst_prominent_words?post=57069"}],"curies":[{"name":"wp","href":"https:\/\/api.w.org\/{rel}","templated":true}]}}