{"id":57058,"date":"2018-10-22T07:58:59","date_gmt":"2018-10-22T11:58:59","guid":{"rendered":"https:\/\/www.ludwig-van.com\/montreal\/?p=57058"},"modified":"2018-10-24T09:24:34","modified_gmt":"2018-10-24T13:24:34","slug":"choix-de-redaction-concerts-classiques-oublier-temps-froid","status":"publish","type":"post","link":"https:\/\/www.ludwig-van.com\/montreal\/2018\/10\/22\/choix-de-redaction-concerts-classiques-oublier-temps-froid\/","title":{"rendered":"CHOIX DE LA R\u00c9DACTION | 10 concerts classiques pour oublier l&rsquo;arriv\u00e9e du temps froid cette semaine"},"content":{"rendered":"<figure id=\"attachment_56035\" aria-describedby=\"caption-attachment-56035\" style=\"width: 1021px\" class=\"wp-caption aligncenter\"><img decoding=\"async\" loading=\"lazy\" class=\"size-full wp-image-56035\" src=\"https:\/\/www.ludwig-van.com\/montreal\/wp-content\/uploads\/sites\/3\/2017\/09\/Elinor-Frey-MM-2015.jpg\" alt=\"Elinor Frey dans Johann Sebastian Bach - Suites pour violoncelle seul\" width=\"1021\" height=\"748\" srcset=\"https:\/\/www.ludwig-van.com\/montreal\/wp-content\/uploads\/sites\/3\/2017\/09\/Elinor-Frey-MM-2015.jpg 1021w, https:\/\/www.ludwig-van.com\/montreal\/wp-content\/uploads\/sites\/3\/2017\/09\/Elinor-Frey-MM-2015-300x220.jpg 300w, https:\/\/www.ludwig-van.com\/montreal\/wp-content\/uploads\/sites\/3\/2017\/09\/Elinor-Frey-MM-2015-768x563.jpg 768w\" sizes=\"(max-width: 1021px) 100vw, 1021px\" \/><figcaption id=\"caption-attachment-56035\" class=\"wp-caption-text\">La violoncelliste Elinor Frey. (Photo: courtoisie)<\/figcaption><\/figure>\n<p>On ne pourra plus nier que l&rsquo;hiver approche cette semaine, mais la musique sera toujours l\u00e0 pour nous r\u00e9chauffer. Voici nos choix de la r\u00e9daction <strong>du 22 au 28 octobre<\/strong>. Pour d\u00e9couvrir plus de concerts \u00e0 Montr\u00e9al et \u00e0 Qu\u00e9bec, consultez notre <a href=\"https:\/\/www.ludwig-van.com\/montreal\/events\/\" target=\"_blank\" rel=\"noopener\">calendrier.\u00a0<\/a><\/p>\n<h2><\/h2>\n<h2>LE CHOIX DE LA R\u00c9DACTRICE EN CHEF: Elinor Frey et les Suites pour violoncelle de Bach<\/h2>\n<p>La s\u00e9rie <a href=\"https:\/\/www.ludwig-van.com\/montreal\/directory\/moments-musicaux\/\" target=\"_blank\" rel=\"noopener\">Moments musicaux<\/a> propose des concerts comment\u00e9s, o\u00f9 l\u2019interpr\u00e8te d\u00e9voile des aspects remarquables de son instrument et du r\u00e9pertoire qui lui est d\u00e9di\u00e9. Il sera fascinant de d\u00e9couvrir ce que la dynamique violoncelliste <strong>Elinor Frey<\/strong> aura choisi de partager au sujet de trois des six Suites pour violoncelle seul de J. S. Bach au programme, ces \u0153uvres phares du r\u00e9pertoire baroque. La juxtaposition avec une \u0153uvre de la jeune compositrice su\u00e9doise Lisa Streich \u00e9crite pour la violoncelliste fournira un contraste r\u00e9v\u00e9lateur entre les fa\u00e7ons d\u2019exploiter le potentiel solo de l\u2019instrument chez Bach et chez les compositeurs d\u2019aujourd\u2019hui. <strong>Dimanche 28 octobre, 15h, \u00c9glise de la Visitation.<\/strong> <a href=\"https:\/\/www.ludwig-van.com\/montreal\/event\/moments-musicaux-johann-sebastian-bach-suites-violoncelle-seul\/\" target=\"_blank\" rel=\"noopener\">D\u00c9TAILS.<\/a><\/p>\n<p>&nbsp;<\/p>\n<figure id=\"attachment_57062\" aria-describedby=\"caption-attachment-57062\" style=\"width: 1024px\" class=\"wp-caption aligncenter\"><img decoding=\"async\" loading=\"lazy\" class=\"size-full wp-image-57062\" src=\"https:\/\/www.ludwig-van.com\/montreal\/wp-content\/uploads\/sites\/3\/2018\/10\/Juraj-Valcuha-WEB.jpg\" alt=\"Juraj Valcuha\" width=\"1024\" height=\"325\" srcset=\"https:\/\/www.ludwig-van.com\/montreal\/wp-content\/uploads\/sites\/3\/2018\/10\/Juraj-Valcuha-WEB.jpg 1024w, https:\/\/www.ludwig-van.com\/montreal\/wp-content\/uploads\/sites\/3\/2018\/10\/Juraj-Valcuha-WEB-300x95.jpg 300w, https:\/\/www.ludwig-van.com\/montreal\/wp-content\/uploads\/sites\/3\/2018\/10\/Juraj-Valcuha-WEB-768x244.jpg 768w\" sizes=\"(max-width: 1024px) 100vw, 1024px\" \/><figcaption id=\"caption-attachment-57062\" class=\"wp-caption-text\">Juraj Valcuha dirige l&rsquo;OSM cette semaine. (Photo: courtoisie de l&rsquo;OSM)<\/figcaption><\/figure>\n<h2>La Symphonie alpestre de Richard Strauss<\/h2>\n<p>Une occasion \u00e0 saisir d\u2019entendre la majestueuse Symphonie alpestre et l\u2019orchestre \u00e9largi auquel elle fait appel \u2013 jusqu\u2019\u00e0 20 cors fran\u00e7ais, dont 12 jouent hors-sc\u00e8ne! En premi\u00e8re partie, l\u2019\u00e9l\u00e9gance raffin\u00e9e du pianiste <strong>Andr\u00e9 Laplante<\/strong> pourra \u00eatre admir\u00e9e dans le premier Concerto pour piano de Mendelssohn. Sous la direction du chef slovaque <a href=\"http:\/\/www.osm.ca\/fr\/juraj-valcuha-de-retour-avec-losm\/\" target=\"_blank\" rel=\"noopener\">Juraj Val\u010duha<\/a>. <strong>Mercredi 24 et Jeudi 25 octobre, 20h, Maison symphonique.<\/strong> <a href=\"http:\/\/www.osm.ca\/fr\/concerts\/la-symphonie-alpestre-de-richard-strauss\/\" target=\"_blank\" rel=\"noopener\">D\u00c9TAILS.<\/a><\/p>\n<p>&nbsp;<\/p>\n<p>&nbsp;<\/p>\n<p style=\"text-align: center;\"><img decoding=\"async\" loading=\"lazy\" class=\"aligncenter size-full wp-image-57059\" src=\"https:\/\/www.ludwig-van.com\/montreal\/wp-content\/uploads\/sites\/3\/2018\/10\/Id\u00e9es-Heureuses-vin-clavecin-WEB.jpg\" alt=\"\" width=\"1024\" height=\"631\" srcset=\"https:\/\/www.ludwig-van.com\/montreal\/wp-content\/uploads\/sites\/3\/2018\/10\/Id\u00e9es-Heureuses-vin-clavecin-WEB.jpg 1024w, https:\/\/www.ludwig-van.com\/montreal\/wp-content\/uploads\/sites\/3\/2018\/10\/Id\u00e9es-Heureuses-vin-clavecin-WEB-300x185.jpg 300w, https:\/\/www.ludwig-van.com\/montreal\/wp-content\/uploads\/sites\/3\/2018\/10\/Id\u00e9es-Heureuses-vin-clavecin-WEB-768x473.jpg 768w\" sizes=\"(max-width: 1024px) 100vw, 1024px\" \/><\/p>\n<h2>1662\u2026Le vin m\u00e9tamorphos\u00e9<\/h2>\n<p><strong>Les Id\u00e9es heureuses<\/strong> font honneur \u00e0 leur nom en lan\u00e7ant la nouvelle s\u00e9rie \u00ab Harmonies heureuses \u00bb, ax\u00e9e sur la d\u00e9couverte parall\u00e8le d\u2019un vin et de musique en lien avec celui-ci. La premi\u00e8re rencontre se penche sur l\u2019histoire du vin de mad\u00e8re, d\u00e9gustation \u00e0 l\u2019appui, agr\u00e9ment\u00e9e de musique anglaise au clavecin. Lors du prochain rendez-vous, pr\u00e9vu en janvier 2019, ce sera au tour du champagne d\u2019\u00eatre \u00e0 l\u2019honneur. <strong>Mercredi 24 octobre, 19h, Chapelle historique du Bon Pasteur.<\/strong> <a href=\"http:\/\/ideesheureuses.ca\/1662-le-vin-metamorphose\/\" target=\"_blank\" rel=\"noopener\">D\u00c9TAILS.<\/a><\/p>\n<p>&nbsp;<\/p>\n<p>&nbsp;<\/p>\n<p style=\"text-align: center;\"><img decoding=\"async\" loading=\"lazy\" class=\"aligncenter size-full wp-image-54561\" src=\"https:\/\/www.ludwig-van.com\/montreal\/wp-content\/uploads\/sites\/3\/2018\/05\/SMAM_18-19_pageweb_2mariesaintesroi_FR.jpg\" alt=\"Marie, les saintes et le roi\" width=\"1024\" height=\"1146\" srcset=\"https:\/\/www.ludwig-van.com\/montreal\/wp-content\/uploads\/sites\/3\/2018\/05\/SMAM_18-19_pageweb_2mariesaintesroi_FR.jpg 1024w, https:\/\/www.ludwig-van.com\/montreal\/wp-content\/uploads\/sites\/3\/2018\/05\/SMAM_18-19_pageweb_2mariesaintesroi_FR-268x300.jpg 268w, https:\/\/www.ludwig-van.com\/montreal\/wp-content\/uploads\/sites\/3\/2018\/05\/SMAM_18-19_pageweb_2mariesaintesroi_FR-768x860.jpg 768w, https:\/\/www.ludwig-van.com\/montreal\/wp-content\/uploads\/sites\/3\/2018\/05\/SMAM_18-19_pageweb_2mariesaintesroi_FR-915x1024.jpg 915w\" sizes=\"(max-width: 1024px) 100vw, 1024px\" \/><\/p>\n<h2>Marie, les Saintes et le Roi \u2013 Couperin et Charpentier<\/h2>\n<p>Cinq motets de Fran\u00e7ois Couperin, trois desquels seront entendus pour la premi\u00e8re fois dans la reconstitution instrumentale soign\u00e9e du chef <strong>Edward Higginbottom<\/strong> avec le <a href=\"https:\/\/www.ludwig-van.com\/montreal\/directory\/studio-de-musique-ancienne-de-montreal\/\" target=\"_blank\" rel=\"noopener\">Studio de musique ancienne de Montr\u00e9al<\/a>, alterneront avec les mouvements du motet Assumpta est Maria de Charpentier. <strong>Mercredi 24 octobre, 19h30, Salle Bourgie<\/strong>. <a href=\"https:\/\/www.ludwig-van.com\/montreal\/event\/smam-fam-marie-saintes-roi\/\" target=\"_blank\" rel=\"noopener\">D\u00c9TAILS.<\/a><\/p>\n<p>&nbsp;<\/p>\n<p>&nbsp;<\/p>\n<figure id=\"attachment_49287\" aria-describedby=\"caption-attachment-49287\" style=\"width: 1024px\" class=\"wp-caption aligncenter\"><img decoding=\"async\" loading=\"lazy\" class=\"size-full wp-image-49287\" src=\"https:\/\/www.ludwig-van.com\/montreal\/wp-content\/uploads\/sites\/3\/2017\/10\/Nune_Melik_credit_Jan-Osipyan.jpg\" alt=\"Au terme de plusieurs ann\u00e9es de recherches ardues sur la musique arm\u00e9nienne, la violoniste Nun\u00e9 Melik lance son premier opus : Hidden Treasure. (Cr\u00e9dit: Jan Osipyan)\" width=\"1024\" height=\"1539\" srcset=\"https:\/\/www.ludwig-van.com\/montreal\/wp-content\/uploads\/sites\/3\/2017\/10\/Nune_Melik_credit_Jan-Osipyan.jpg 1024w, https:\/\/www.ludwig-van.com\/montreal\/wp-content\/uploads\/sites\/3\/2017\/10\/Nune_Melik_credit_Jan-Osipyan-200x300.jpg 200w, https:\/\/www.ludwig-van.com\/montreal\/wp-content\/uploads\/sites\/3\/2017\/10\/Nune_Melik_credit_Jan-Osipyan-768x1154.jpg 768w, https:\/\/www.ludwig-van.com\/montreal\/wp-content\/uploads\/sites\/3\/2017\/10\/Nune_Melik_credit_Jan-Osipyan-681x1024.jpg 681w\" sizes=\"(max-width: 1024px) 100vw, 1024px\" \/><figcaption id=\"caption-attachment-49287\" class=\"wp-caption-text\">Nun\u00e9 Melik (Cr\u00e9dit: Jan Osipyan)<\/figcaption><\/figure>\n<h2>Nun\u00e9 Melik, racines arm\u00e9niennes et montr\u00e9alaises<\/h2>\n<p>Les sonorit\u00e9s arm\u00e9niennes sont \u00e0 l\u2019honneur avec Komitas, Katchaturian et Markov dans ce r\u00e9cital de la violoniste <strong>Nun\u00e9 Melik<\/strong> et du pianiste <strong>Michel-Alexandre Broekaert<\/strong>. Le c\u00f4t\u00e9 montr\u00e9alais de la musicienne d\u2019origine arm\u00e9nienne est repr\u00e9sent\u00e9 par la cr\u00e9ation d\u2019une \u0153uvre \u00e9crite pour elle par le compositeur Jean Lesage, <em>Le songe de Sayat-Nova<\/em><strong>. Jeudi 25 octobre, 12h, Salle Claude-L\u00e9veill\u00e9e.<\/strong> <a href=\"https:\/\/www.ludwig-van.com\/montreal\/event\/pro-musica-nune-melik-racines-armeniennes-montrealaises\/\" target=\"_blank\" rel=\"noopener\">D\u00c9TAILS.<\/a><\/p>\n<p>&nbsp;<\/p>\n<p>&nbsp;<\/p>\n<p style=\"text-align: center;\"><img decoding=\"async\" loading=\"lazy\" class=\"aligncenter size-full wp-image-56756\" src=\"https:\/\/www.ludwig-van.com\/montreal\/wp-content\/uploads\/sites\/3\/2018\/10\/Prix-du-violon-dor.jpg\" alt=\"Prix du violon d'or\" width=\"1024\" height=\"683\" srcset=\"https:\/\/www.ludwig-van.com\/montreal\/wp-content\/uploads\/sites\/3\/2018\/10\/Prix-du-violon-dor.jpg 1024w, https:\/\/www.ludwig-van.com\/montreal\/wp-content\/uploads\/sites\/3\/2018\/10\/Prix-du-violon-dor-300x200.jpg 300w, https:\/\/www.ludwig-van.com\/montreal\/wp-content\/uploads\/sites\/3\/2018\/10\/Prix-du-violon-dor-768x512.jpg 768w\" sizes=\"(max-width: 1024px) 100vw, 1024px\" \/><\/p>\n<h2>Prix du Violon d\u2019or<\/h2>\n<p>Comme les ann\u00e9es pr\u00e9c\u00e9dentes, la finale de la comp\u00e9tition du <strong>Prix du Violon d\u2019or<\/strong> de l\u2019Universit\u00e9 McGill est ouverte au public. L\u2019entr\u00e9e est libre pour entendre les candidats s\u00e9lectionn\u00e9s d\u00e9ployer leurs efforts pour gagner une bourse de 25 000$ et l\u2019attribution d\u2019une \u00e9pinglette \u00e0 l\u2019effigie du fameux violon d\u2019or offert par Seymour Schulich en 2006. <strong>Dimanche 28 octobre, 14h30-16h30,<\/strong> <strong>Salle Pollack.<\/strong> <a href=\"https:\/\/www.ludwig-van.com\/montreal\/event\/ecole-de-musique-schulich-prix-violon-dor-2018-2019\/\" target=\"_blank\" rel=\"noopener\">D\u00c9TAILS.<\/a><\/p>\n<p>&nbsp;<\/p>\n<p>&nbsp;<\/p>\n<figure id=\"attachment_54937\" aria-describedby=\"caption-attachment-54937\" style=\"width: 1024px\" class=\"wp-caption aligncenter\"><img decoding=\"async\" loading=\"lazy\" class=\"size-full wp-image-54937\" src=\"https:\/\/www.ludwig-van.com\/montreal\/wp-content\/uploads\/sites\/3\/2018\/06\/Orchestre-metropolitain_04_Antoine_Saito_196-refaite.jpg\" alt=\"L'Orchestre M\u00e9tropolitain (OM)\" width=\"1024\" height=\"683\" srcset=\"https:\/\/www.ludwig-van.com\/montreal\/wp-content\/uploads\/sites\/3\/2018\/06\/Orchestre-metropolitain_04_Antoine_Saito_196-refaite.jpg 1024w, https:\/\/www.ludwig-van.com\/montreal\/wp-content\/uploads\/sites\/3\/2018\/06\/Orchestre-metropolitain_04_Antoine_Saito_196-refaite-300x200.jpg 300w, https:\/\/www.ludwig-van.com\/montreal\/wp-content\/uploads\/sites\/3\/2018\/06\/Orchestre-metropolitain_04_Antoine_Saito_196-refaite-768x512.jpg 768w\" sizes=\"(max-width: 1024px) 100vw, 1024px\" \/><figcaption id=\"caption-attachment-54937\" class=\"wp-caption-text\">L&rsquo;Orchestre M\u00e9tropolitain. (Photo: Antoine Saito)<\/figcaption><\/figure>\n<h2>Viva Verdi!<\/h2>\n<p>L\u2019attrait de la musique de Verdi ne se d\u00e9ment pas! Parions que <strong>Yannick N\u00e9zet-S\u00e9guin<\/strong> se fera plaisir, ainsi qu\u2019aux auditeurs, en exploitant toute la substance expressive et dramatique de ce programme enti\u00e8rement consacr\u00e9 au compositeur italien, second\u00e9 dans cette t\u00e2che par le baryton-basse <strong>Ildar Abdrazakov<\/strong>. <strong>Dimanche 28 octobre, 15h, Maison symphonique.<\/strong> <a href=\"https:\/\/www.ludwig-van.com\/montreal\/event\/orchestre-metropolitain-viva-verdi\/\" target=\"_blank\" rel=\"noopener\">D\u00c9TAILS.<\/a><\/p>\n<p>&nbsp;<\/p>\n<p>&nbsp;<\/p>\n<figure id=\"attachment_54726\" aria-describedby=\"caption-attachment-54726\" style=\"width: 1024px\" class=\"wp-caption aligncenter\"><img decoding=\"async\" loading=\"lazy\" class=\"size-full wp-image-54726\" src=\"https:\/\/www.ludwig-van.com\/montreal\/wp-content\/uploads\/sites\/3\/2017\/09\/chapellehistorique-28-oct-C.-Ge\u0301linas-et-O.-Boucher.jpg\" alt=\"CAROLINE G\u00c9LINAS et OLIVIER GODIN\" width=\"1024\" height=\"683\" srcset=\"https:\/\/www.ludwig-van.com\/montreal\/wp-content\/uploads\/sites\/3\/2017\/09\/chapellehistorique-28-oct-C.-Ge\u0301linas-et-O.-Boucher.jpg 1024w, https:\/\/www.ludwig-van.com\/montreal\/wp-content\/uploads\/sites\/3\/2017\/09\/chapellehistorique-28-oct-C.-Ge\u0301linas-et-O.-Boucher-300x200.jpg 300w, https:\/\/www.ludwig-van.com\/montreal\/wp-content\/uploads\/sites\/3\/2017\/09\/chapellehistorique-28-oct-C.-Ge\u0301linas-et-O.-Boucher-768x512.jpg 768w\" sizes=\"(max-width: 1024px) 100vw, 1024px\" \/><figcaption id=\"caption-attachment-54726\" class=\"wp-caption-text\">Caroline G\u00e9linas et Olivier Godin. (Photo: courtoisie)<\/figcaption><\/figure>\n<h2>Caroline G\u00e9linas et Olivier Godin<\/h2>\n<p>Un r\u00e9cital chant et piano all\u00e9chant, en compagnie de deux musiciens raffin\u00e9s. Le romantisme de Schumann et les chatoiements des impressionnistes Ravel et Debussy seront compl\u00e9t\u00e9s par l\u2019\u0153uvre du canadien Robert Fleming, <em>The Confession Stone<\/em>. <strong>Dimanche 28 octobre, 15h, Chapelle historique du Bon Pasteur.<\/strong> <a href=\"https:\/\/www.ludwig-van.com\/montreal\/event\/chapelle-historique-pasteur-caroline-gelinas-olivier-godin\/\" target=\"_blank\" rel=\"noopener\">D\u00c9TAILS.<\/a><\/p>\n<h2><\/h2>\n<p>&nbsp;<\/p>\n<figure id=\"attachment_56735\" aria-describedby=\"caption-attachment-56735\" style=\"width: 700px\" class=\"wp-caption aligncenter\"><img decoding=\"async\" loading=\"lazy\" class=\"size-full wp-image-56735\" src=\"https:\/\/www.ludwig-van.com\/montreal\/wp-content\/uploads\/sites\/3\/2018\/10\/Yves_Prefontaine_rond.png\" alt=\"Yves Pr\u00e9fontaine\" width=\"700\" height=\"700\" srcset=\"https:\/\/www.ludwig-van.com\/montreal\/wp-content\/uploads\/sites\/3\/2018\/10\/Yves_Prefontaine_rond.png 700w, https:\/\/www.ludwig-van.com\/montreal\/wp-content\/uploads\/sites\/3\/2018\/10\/Yves_Prefontaine_rond-150x150.png 150w, https:\/\/www.ludwig-van.com\/montreal\/wp-content\/uploads\/sites\/3\/2018\/10\/Yves_Prefontaine_rond-300x300.png 300w\" sizes=\"(max-width: 700px) 100vw, 700px\" \/><figcaption id=\"caption-attachment-56735\" class=\"wp-caption-text\">Yves-G. Pr\u00e9fontaine. (Photo: courtoisie)<\/figcaption><\/figure>\n<h2>Festival des couleurs de l\u2019orgue fran\u00e7ais<\/h2>\n<p>Ne vous \u00e9tonnez pas de constater une abondance de concerts d\u2019orgue, en cette derni\u00e8re semaine des activit\u00e9s reli\u00e9es au <strong>Concours international d\u2019orgue du Canada (CIOC)<\/strong>! La Chapelle du Grand S\u00e9minaire de Montr\u00e9al, fid\u00e8le collaboratrice de l\u2019\u00e9v\u00e9nement, et son organiste titulaire <strong>Yves-G. Pr\u00e9fontaine<\/strong> profitent de l\u2019occasion pour souligner le 350e anniversaire de Couperin dans ce dernier concert du <strong>Festival des couleurs de l\u2019orgue fran\u00e7ais<\/strong>. Au programme : la Messe solennelle \u00e0 l\u2019usage des paroisses, avec la participation du t\u00e9nor <strong>Thomas Leslie<\/strong>, et des extraits du Livre d\u2019orgue de Montr\u00e9al. <strong>Dimanche 28 octobre, 15h, Chapelle du Grand S\u00e9minaire de Montr\u00e9al.<\/strong> <a href=\"https:\/\/www.ludwig-van.com\/montreal\/event\/cioc-festival-couleurs-de-lorgue-francais-yves-g-prefontaine\/\" target=\"_blank\" rel=\"noopener\">D\u00c9TAILS.<\/a><\/p>\n<p>&nbsp;<\/p>\n<p>&nbsp;<\/p>\n<p style=\"text-align: center;\"><img decoding=\"async\" loading=\"lazy\" class=\"aligncenter size-full wp-image-56654\" src=\"https:\/\/www.ludwig-van.com\/montreal\/wp-content\/uploads\/sites\/3\/2017\/09\/OratoireSaintJoseph-orgue-ces-femmes-qui-jouent-2018.jpg\" alt=\"Ces femmes qui jouent de l'orgue\" width=\"1024\" height=\"576\" srcset=\"https:\/\/www.ludwig-van.com\/montreal\/wp-content\/uploads\/sites\/3\/2017\/09\/OratoireSaintJoseph-orgue-ces-femmes-qui-jouent-2018.jpg 1024w, https:\/\/www.ludwig-van.com\/montreal\/wp-content\/uploads\/sites\/3\/2017\/09\/OratoireSaintJoseph-orgue-ces-femmes-qui-jouent-2018-300x169.jpg 300w, https:\/\/www.ludwig-van.com\/montreal\/wp-content\/uploads\/sites\/3\/2017\/09\/OratoireSaintJoseph-orgue-ces-femmes-qui-jouent-2018-768x432.jpg 768w\" sizes=\"(max-width: 1024px) 100vw, 1024px\" \/><\/p>\n<h2>Ces femmes qui jouent de l\u2019orgue<\/h2>\n<p>En plus de mettre en valeur une interpr\u00e8te f\u00e9minine, la s\u00e9rie \u00ab Ces femmes qui jouent de l\u2019orgue \u00bb met en lumi\u00e8re les \u0153uvres de compositrices pour cet instrument majestueux. L\u2019organiste invit\u00e9e pour ce dernier concert, <strong>Alexandra Fol,<\/strong> offrira au public des \u0153uvres de C\u00e9cile Chaminade, Nadia Boulanger, Ethel Smyth, Elfrida Andr\u00e9e, Johanna Senfter et Thierry Tidrow. <strong>Dimanche 28 octobre, 15h30, Oratoire Saint-Joseph.<\/strong> <a href=\"https:\/\/www.ludwig-van.com\/montreal\/event\/oratoire-saint-joseph-femmes-jouent-de-lorgue-alexandra-fol\/\" target=\"_blank\" rel=\"noopener\">D\u00c9TAILS.<\/a><\/p>\n<p><a href=\"https:\/\/www.ludwig-van.com\/montreal\/events\/\" target=\"_blank\" rel=\"noopener\">POUR PLUS DE CONCERTS \u00c0 MONTR\u00c9AL ET \u00c0 QU\u00c9BEC, CONSULTEZ NOTRE CALENDRIER DE CONCERTS.\u00a0<\/a><\/p>\n<h2>LIRE AUSSI:<\/h2>\n<blockquote class=\"wp-embedded-content\" data-secret=\"RfR765S4ha\"><p><a href=\"https:\/\/www.ludwig-van.com\/montreal\/2018\/10\/17\/guides-lvm-meilleurs-que-du-bonbon-7-concerts-halloween-pour-petits-grands\/\">GUIDES LUDWIG VAN | Meilleurs que du bonbon! 7 concerts d\u2019Halloween pour petits et grands<\/a><\/p><\/blockquote>\n<p><iframe class=\"wp-embedded-content\" sandbox=\"allow-scripts\" security=\"restricted\" style=\"position: absolute; clip: rect(1px, 1px, 1px, 1px);\" src=\"https:\/\/www.ludwig-van.com\/montreal\/2018\/10\/17\/guides-lvm-meilleurs-que-du-bonbon-7-concerts-halloween-pour-petits-grands\/embed\/#?secret=RfR765S4ha\" data-secret=\"RfR765S4ha\" width=\"600\" height=\"338\" title=\"\u00ab\u00a0GUIDES LUDWIG VAN | Meilleurs que du bonbon! 7 concerts d\u2019Halloween pour petits et grands\u00a0\u00bb &#8212; Ludwig Van Montreal\" frameborder=\"0\" marginwidth=\"0\" marginheight=\"0\" scrolling=\"no\"><\/iframe><\/p>\n<p>&nbsp;<\/p>\n<p>&nbsp;<\/p>\n","protected":false},"excerpt":{"rendered":"<p>On ne pourra plus nier que l&rsquo;hiver approche cette semaine, mais la musique sera toujours l\u00e0 pour nous r\u00e9chauffer. Voici nos choix de la r\u00e9daction du 22 au 28 octobre. Pour d\u00e9couvrir plus de concerts \u00e0 Montr\u00e9al et \u00e0 Qu\u00e9bec, consultez notre calendrier. <\/p>\n","protected":false},"author":55,"featured_media":56035,"comment_status":"open","ping_status":"open","sticky":false,"template":"","format":"standard","meta":{"om_disable_all_campaigns":false,"jetpack_post_was_ever_published":false},"categories":[16745,10994],"tags":[11882,5907,26704,11454],"yst_prominent_words":[13498,27017,27018,27028,27027,14787,12069,27019,27015,27014,27016,12068,27029,27023,27024,27031,27025,27021,27032,27022],"acf":[],"jetpack_featured_media_url":"https:\/\/www.ludwig-van.com\/montreal\/wp-content\/uploads\/sites\/3\/2017\/09\/Elinor-Frey-MM-2015.jpg","jetpack_sharing_enabled":true,"jetpack_shortlink":"https:\/\/wp.me\/p9bdYt-eQi","amp_enabled":true,"_links":{"self":[{"href":"https:\/\/www.ludwig-van.com\/montreal\/wp-json\/wp\/v2\/posts\/57058"}],"collection":[{"href":"https:\/\/www.ludwig-van.com\/montreal\/wp-json\/wp\/v2\/posts"}],"about":[{"href":"https:\/\/www.ludwig-van.com\/montreal\/wp-json\/wp\/v2\/types\/post"}],"author":[{"embeddable":true,"href":"https:\/\/www.ludwig-van.com\/montreal\/wp-json\/wp\/v2\/users\/55"}],"replies":[{"embeddable":true,"href":"https:\/\/www.ludwig-van.com\/montreal\/wp-json\/wp\/v2\/comments?post=57058"}],"version-history":[{"count":8,"href":"https:\/\/www.ludwig-van.com\/montreal\/wp-json\/wp\/v2\/posts\/57058\/revisions"}],"predecessor-version":[{"id":57110,"href":"https:\/\/www.ludwig-van.com\/montreal\/wp-json\/wp\/v2\/posts\/57058\/revisions\/57110"}],"wp:featuredmedia":[{"embeddable":true,"href":"https:\/\/www.ludwig-van.com\/montreal\/wp-json\/wp\/v2\/media\/56035"}],"wp:attachment":[{"href":"https:\/\/www.ludwig-van.com\/montreal\/wp-json\/wp\/v2\/media?parent=57058"}],"wp:term":[{"taxonomy":"category","embeddable":true,"href":"https:\/\/www.ludwig-van.com\/montreal\/wp-json\/wp\/v2\/categories?post=57058"},{"taxonomy":"post_tag","embeddable":true,"href":"https:\/\/www.ludwig-van.com\/montreal\/wp-json\/wp\/v2\/tags?post=57058"},{"taxonomy":"yst_prominent_words","embeddable":true,"href":"https:\/\/www.ludwig-van.com\/montreal\/wp-json\/wp\/v2\/yst_prominent_words?post=57058"}],"curies":[{"name":"wp","href":"https:\/\/api.w.org\/{rel}","templated":true}]}}