{"id":56901,"date":"2018-10-17T12:50:01","date_gmt":"2018-10-17T16:50:01","guid":{"rendered":"https:\/\/www.ludwig-van.com\/montreal\/?p=56901"},"modified":"2018-10-29T09:43:25","modified_gmt":"2018-10-29T13:43:25","slug":"choix-redaction-concerts-halloween","status":"publish","type":"post","link":"https:\/\/www.ludwig-van.com\/montreal\/2018\/10\/17\/choix-redaction-concerts-halloween\/","title":{"rendered":"CHOIX DE LA R\u00c9DACTION | 10 concerts plus ou moins effrayants pour cette glaciale semaine d&rsquo;Halloween"},"content":{"rendered":"<figure id=\"attachment_51867\" aria-describedby=\"caption-attachment-51867\" style=\"width: 800px\" class=\"wp-caption aligncenter\"><img decoding=\"async\" loading=\"lazy\" class=\"size-full wp-image-51867\" src=\"https:\/\/www.ludwig-van.com\/montreal\/wp-content\/uploads\/sites\/3\/2018\/02\/Joyce-El-Khoury-cr-Fay-Fox-web.jpg\" alt=\"La soprano canadienne Joyce El-Khoury (Cr\u00e9dit: Fay Fox)\" width=\"800\" height=\"533\" srcset=\"https:\/\/www.ludwig-van.com\/montreal\/wp-content\/uploads\/sites\/3\/2018\/02\/Joyce-El-Khoury-cr-Fay-Fox-web.jpg 800w, https:\/\/www.ludwig-van.com\/montreal\/wp-content\/uploads\/sites\/3\/2018\/02\/Joyce-El-Khoury-cr-Fay-Fox-web-300x200.jpg 300w, https:\/\/www.ludwig-van.com\/montreal\/wp-content\/uploads\/sites\/3\/2018\/02\/Joyce-El-Khoury-cr-Fay-Fox-web-768x512.jpg 768w\" sizes=\"(max-width: 800px) 100vw, 800px\" \/><figcaption id=\"caption-attachment-51867\" class=\"wp-caption-text\">La soprano canadienne Joyce El-Khoury (Cr\u00e9dit: Fay Fox)<\/figcaption><\/figure>\n<p>Cette semaine, plusieurs concerts d&rsquo;Halloween attirent notre attention, certes, mais d&rsquo;autres \u00e9v\u00e9nements musicaux int\u00e9ressants sont \u00e0 signaler, notamment la pr\u00e9sence de la soprano <strong>Joyce El Khoury<\/strong> au Festival du monde arabe, et celle du fantastique pianiste <strong>Guy Livingston<\/strong> \u00e0 la salle Bourgie, demain soir.<\/p>\n<p>&nbsp;<\/p>\n<h2>LE CHOIX DE LA R\u00c9DACTRICE EN CHEF: Joyce El-Khoury en r\u00e9cital.<\/h2>\n<p>La soprano canadienne <strong>Joyce El-Khoury<\/strong> est tout simplement extraordinaire. Elle se distingue d&rsquo;ailleurs cet automne dans la production d&rsquo;<a href=\"https:\/\/www.ludwig-van.com\/toronto\/2018\/10\/01\/scrutiny-cocs-bare-bones-eugene-onegin-makes-no-appologies\/\" target=\"_blank\" rel=\"noopener\">Eugene Onegin, \u00e0 Toronto<\/a>. L&rsquo;Op\u00e9ra de Montr\u00e9al, en collaboration avec le Festival du monde arabe, l&rsquo;accueille pour un r\u00e9cital. <strong>Jeudi 1er novembre, 19 h 30, salle Pollack.<\/strong> <a href=\"https:\/\/www.operademontreal.com\/evenements\/lopera-au-festival-du-monde-arabe\" target=\"_blank\" rel=\"noopener\">D\u00c9TAILS<\/a><\/p>\n<p>&nbsp;<\/p>\n<p style=\"text-align: center;\"><img decoding=\"async\" loading=\"lazy\" class=\"aligncenter size-full wp-image-56469\" src=\"https:\/\/www.ludwig-van.com\/montreal\/wp-content\/uploads\/sites\/3\/2018\/09\/Dada-au-cinema.jpg\" alt=\"\" width=\"700\" height=\"500\" srcset=\"https:\/\/www.ludwig-van.com\/montreal\/wp-content\/uploads\/sites\/3\/2018\/09\/Dada-au-cinema.jpg 700w, https:\/\/www.ludwig-van.com\/montreal\/wp-content\/uploads\/sites\/3\/2018\/09\/Dada-au-cinema-300x214.jpg 300w\" sizes=\"(max-width: 700px) 100vw, 700px\" \/><\/p>\n<h2>Cin\u00e9-concert: Guy Livingston et Dada<\/h2>\n<p>Le pianiste <strong>Guy Livingston<\/strong> recr\u00e9e les musiques originales de George Antheil, Darius Milhaud et Erik Satie pour des films muets d\u2019artistes tels que Man Ray, Picabia et Ren\u00e9 Clair. Il sera \u00e0 la salle Bourgie pour le cin\u00e9-concert <strong>Dada au cin\u00e9ma. Mardi 30 octobre, 19 h 30.\u00a0<\/strong><a href=\"https:\/\/www.ludwig-van.com\/montreal\/event\/arte-musica-cine-concert-dada-cinema\/\" target=\"_blank\" rel=\"noopener\">D\u00c9TAILS<\/a><\/p>\n<p>&nbsp;<\/p>\n<figure id=\"attachment_56644\" aria-describedby=\"caption-attachment-56644\" style=\"width: 1024px\" class=\"wp-caption aligncenter\"><img decoding=\"async\" loading=\"lazy\" class=\"size-full wp-image-56644\" src=\"https:\/\/www.ludwig-van.com\/montreal\/wp-content\/uploads\/sites\/3\/2017\/09\/OSL2-30-oct-nathalie-choquette.jpg\" alt=\"Nathalie Choquette sera \u00e0 Laval pour un concert d'Halloween, le 30 octobre. (Photo: courtoisie)\" width=\"1024\" height=\"384\" srcset=\"https:\/\/www.ludwig-van.com\/montreal\/wp-content\/uploads\/sites\/3\/2017\/09\/OSL2-30-oct-nathalie-choquette.jpg 1024w, https:\/\/www.ludwig-van.com\/montreal\/wp-content\/uploads\/sites\/3\/2017\/09\/OSL2-30-oct-nathalie-choquette-300x113.jpg 300w, https:\/\/www.ludwig-van.com\/montreal\/wp-content\/uploads\/sites\/3\/2017\/09\/OSL2-30-oct-nathalie-choquette-768x288.jpg 768w\" sizes=\"(max-width: 1024px) 100vw, 1024px\" \/><figcaption id=\"caption-attachment-56644\" class=\"wp-caption-text\">Nathalie Choquette sera \u00e0 Laval pour un concert d&rsquo;Halloween, le 30 octobre. (Photo: courtoisie)<\/figcaption><\/figure>\n<h2>Laval frissonnant, contes et l\u00e9gendes<\/h2>\n<p>L\u2019<strong>Orchestre symphonique de Laval<\/strong> et le <strong>Ch\u0153ur de Laval<\/strong> font \u00e9quipe avec la toujours effervescente <strong>Nathalie Choquette<\/strong> pour pr\u00e9senter un projet comportant une belle dimension de conservation du patrimoine oral et d\u2019interaction avec la communaut\u00e9. En effet, la chanteuse pr\u00e9sentera lors de ce concert un conte musical cr\u00e9\u00e9 \u00e0 partir de diff\u00e9rentes l\u00e9gendes lavalloises recueillies aupr\u00e8s d\u2019a\u00een\u00e9s de la r\u00e9gion. Des musiques de Berlioz, Saint-Saens, Faur\u00e9, Orff et Moussorgski agr\u00e9menteront la soir\u00e9e. <strong>Mardi 30 octobre, 19h30, Th\u00e9\u00e2tre Marcellin-Champagnat<\/strong>. <a href=\"https:\/\/www.ludwig-van.com\/montreal\/event\/orchestre-symphonique-de-laval-laval-frissonnant-contes-legendes\/\" target=\"_blank\" rel=\"noopener\">D\u00c9TAILS. <\/a><\/p>\n<p>&nbsp;<\/p>\n<p>&nbsp;<\/p>\n<p style=\"text-align: center;\"><img decoding=\"async\" loading=\"lazy\" class=\"aligncenter size-full wp-image-56903\" src=\"https:\/\/www.ludwig-van.com\/montreal\/wp-content\/uploads\/sites\/3\/2018\/10\/Nosferatu.png\" alt=\"\" width=\"745\" height=\"423\" srcset=\"https:\/\/www.ludwig-van.com\/montreal\/wp-content\/uploads\/sites\/3\/2018\/10\/Nosferatu.png 745w, https:\/\/www.ludwig-van.com\/montreal\/wp-content\/uploads\/sites\/3\/2018\/10\/Nosferatu-300x170.png 300w\" sizes=\"(max-width: 745px) 100vw, 745px\" \/><\/p>\n<h2>Musique et cin\u00e9ma : Les horreurs de Dracula<\/h2>\n<p>Rien ne convient mieux \u00e0 une soir\u00e9e d\u2019Halloween qu\u2019un film d\u2019horreur en noir et blanc rehauss\u00e9 du pouvoir \u00e9vocateur de la musique d\u2019orgue! <strong>Thierry Escaich<\/strong> sera aux claviers du Grand Orgue Pierre-B\u00e9\u00efque pour la projection du classique du cin\u00e9ma muet <em>Nosferatu le vampire<\/em> (ou Dracula). <strong>Mardi 30 octobre, 20h. Maison symphonique<\/strong>. <a href=\"http:\/\/www.osm.ca\/fr\/concerts\/les-horreurs-de-dracula\/\" target=\"_blank\" rel=\"noopener\">D\u00c9TAILS.<\/a><\/p>\n<p>&nbsp;<\/p>\n<p>&nbsp;<\/p>\n<p style=\"text-align: center;\"><img decoding=\"async\" loading=\"lazy\" class=\"aligncenter size-full wp-image-57165\" src=\"https:\/\/www.ludwig-van.com\/montreal\/wp-content\/uploads\/sites\/3\/2018\/10\/Citrouille-web.jpg\" alt=\"\" width=\"1024\" height=\"682\" srcset=\"https:\/\/www.ludwig-van.com\/montreal\/wp-content\/uploads\/sites\/3\/2018\/10\/Citrouille-web.jpg 1024w, https:\/\/www.ludwig-van.com\/montreal\/wp-content\/uploads\/sites\/3\/2018\/10\/Citrouille-web-300x200.jpg 300w, https:\/\/www.ludwig-van.com\/montreal\/wp-content\/uploads\/sites\/3\/2018\/10\/Citrouille-web-768x512.jpg 768w\" sizes=\"(max-width: 1024px) 100vw, 1024px\" \/><\/p>\n<h2 style=\"text-align: left;\">Atmosph\u00e8res d\u2019Halloween<\/h2>\n<p><strong>L\u2019Orchestre symphonique de Montr\u00e9al<\/strong> offre lui aussi un programme orchestral d\u2019Halloween, pr\u00e9sent\u00e9 trois fois les 31 octobre et 1er novembre. La pi\u00e8ce <em>Atmosph\u00e8res<\/em> de Ligeti servira de pr\u00e9lude aux aventures de <em>L\u2019apprenti sorcier<\/em> (Dukas) et de son balai r\u00e9calcitrant, au <em>Dies irae<\/em> mena\u00e7ant de la <em>Totentanz<\/em> de Liszt et \u00e0 l\u2019univers louche du <em>Mandarin merveilleux<\/em> de Bartok. <strong>Mercredi 31 octobre, 20h. Jeudi 1 novembre, 10h30 et 19h.<\/strong> <strong>Maison symphonique.<\/strong> <a href=\"http:\/\/www.osm.ca\/fr\/concerts\/atmospheres-dhalloween\/\" target=\"_blank\" rel=\"noopener\">D\u00c9TAILS.<\/a><\/p>\n<p>&nbsp;<\/p>\n<figure id=\"attachment_54730\" aria-describedby=\"caption-attachment-54730\" style=\"width: 1024px\" class=\"wp-caption aligncenter\"><img decoding=\"async\" loading=\"lazy\" class=\"size-full wp-image-54730\" src=\"https:\/\/www.ludwig-van.com\/montreal\/wp-content\/uploads\/sites\/3\/2017\/09\/chapellehistorique-31-oct-Ensemble-la-Cigale.jpg\" alt=\"Ensemble La Cigale\" width=\"1024\" height=\"683\" srcset=\"https:\/\/www.ludwig-van.com\/montreal\/wp-content\/uploads\/sites\/3\/2017\/09\/chapellehistorique-31-oct-Ensemble-la-Cigale.jpg 1024w, https:\/\/www.ludwig-van.com\/montreal\/wp-content\/uploads\/sites\/3\/2017\/09\/chapellehistorique-31-oct-Ensemble-la-Cigale-300x200.jpg 300w, https:\/\/www.ludwig-van.com\/montreal\/wp-content\/uploads\/sites\/3\/2017\/09\/chapellehistorique-31-oct-Ensemble-la-Cigale-768x512.jpg 768w\" sizes=\"(max-width: 1024px) 100vw, 1024px\" \/><figcaption id=\"caption-attachment-54730\" class=\"wp-caption-text\">L&rsquo;Ensemble La Cigale. (Photo: courtoisie)<\/figcaption><\/figure>\n<h2>Projet Castlevania<\/h2>\n<p>La preuve que les cat\u00e9gorisations ne repr\u00e9sentent plus grand-chose dans le monde musical actuel : l\u2019ensemble de musique ancienne <strong>La Cigale<\/strong> s\u2019aventure du c\u00f4t\u00e9 des musiques de jeu vid\u00e9o en pr\u00e9sentant ses arrangements de la trame sonore de la s\u00e9rie de jeu d\u2019aventure gothique Castlevania, ainsi que les pi\u00e8ces baroques d\u2019origine qui l\u2019ont inspir\u00e9e. Tous sont invit\u00e9s \u00e0 venir costum\u00e9s! <strong>Mercredi 31 octobre, 19h30, Chapelle historique du Bon Pasteur.<\/strong> <a href=\"https:\/\/www.ludwig-van.com\/montreal\/event\/chapelle-historique-pasteur-projet-castlevania\/\" target=\"_blank\" rel=\"noopener\">D\u00c9TAILS.<\/a><\/p>\n<p>&nbsp;<\/p>\n<figure id=\"attachment_57122\" aria-describedby=\"caption-attachment-57122\" style=\"width: 1024px\" class=\"wp-caption aligncenter\"><img decoding=\"async\" loading=\"lazy\" class=\"size-full wp-image-57122\" src=\"https:\/\/www.ludwig-van.com\/montreal\/wp-content\/uploads\/sites\/3\/2018\/10\/ECM_Generation-Portraits-2018-16crop.jpg\" alt=\"ECM+ Tourn\u00e9e G\u00e9n\u00e9ration2018\" width=\"1024\" height=\"800\" srcset=\"https:\/\/www.ludwig-van.com\/montreal\/wp-content\/uploads\/sites\/3\/2018\/10\/ECM_Generation-Portraits-2018-16crop.jpg 1024w, https:\/\/www.ludwig-van.com\/montreal\/wp-content\/uploads\/sites\/3\/2018\/10\/ECM_Generation-Portraits-2018-16crop-300x234.jpg 300w, https:\/\/www.ludwig-van.com\/montreal\/wp-content\/uploads\/sites\/3\/2018\/10\/ECM_Generation-Portraits-2018-16crop-768x600.jpg 768w\" sizes=\"(max-width: 1024px) 100vw, 1024px\" \/><figcaption id=\"caption-attachment-57122\" class=\"wp-caption-text\">James O&rsquo;Callaghan, Thierry Tidrow, Sophie Dupuis et Patrick Gigu\u00e8re. (Photo: courtoisie)<\/figcaption><\/figure>\n<h2>ECM+: G\u00e9n\u00e9ration 2018<\/h2>\n<p>L&rsquo;Ensemble contemporain de Montr\u00e9al, qui est en tourn\u00e9e canadienne cette semaine, s&rsquo;arr\u00eate au bercail pour son concert G\u00e9n\u00e9ration 2018, qui fait place \u00e0 4 jeunes compositeurs. On pourra entendre les cr\u00e9ations de <strong>Sophie Dupuis<\/strong> (N.-B.\/ Ont.), <strong>Patrick Gigu\u00e8re<\/strong> (Qc), <strong>James O\u2019Callaghan<\/strong> (C.-B.\/Qc) et <a href=\"https:\/\/www.ludwig-van.com\/montreal\/2018\/10\/01\/nouvelle-thierry-tidrow-remporte-concours-graham-sommer-jeunes-compositeurs\/\" target=\"_blank\" rel=\"noopener\">Thierry Tidrow<\/a> (Ont.\/DE), alors que le public sera convi\u00e9 \u00e0 voter pour sa pi\u00e8ce pr\u00e9f\u00e9r\u00e9e. <strong>Jeudi 1er octobre, 19 h 30, salle de concert du Conservatoire de musique de Montr\u00e9al.<\/strong> <a href=\"https:\/\/www.ludwig-van.com\/montreal\/event\/ecm-tournee-generation2018\/\" target=\"_blank\" rel=\"noopener\">D\u00c9TAILS<\/a><\/p>\n<p>&nbsp;<\/p>\n<p>&nbsp;<\/p>\n<figure id=\"attachment_49867\" aria-describedby=\"caption-attachment-49867\" style=\"width: 1024px\" class=\"wp-caption aligncenter\"><img decoding=\"async\" loading=\"lazy\" class=\"size-full wp-image-49867\" src=\"https:\/\/www.ludwig-van.com\/montreal\/wp-content\/uploads\/sites\/3\/2017\/11\/BernardLabadie_PhotoFrancoisRivard_CantatesdeBachNoel.jpg\" alt=\"Bernard Labadie. (Cr\u00e9dit: Fran\u00e7ois Rivard)\" width=\"1024\" height=\"680\" srcset=\"https:\/\/www.ludwig-van.com\/montreal\/wp-content\/uploads\/sites\/3\/2017\/11\/BernardLabadie_PhotoFrancoisRivard_CantatesdeBachNoel.jpg 1024w, https:\/\/www.ludwig-van.com\/montreal\/wp-content\/uploads\/sites\/3\/2017\/11\/BernardLabadie_PhotoFrancoisRivard_CantatesdeBachNoel-300x199.jpg 300w, https:\/\/www.ludwig-van.com\/montreal\/wp-content\/uploads\/sites\/3\/2017\/11\/BernardLabadie_PhotoFrancoisRivard_CantatesdeBachNoel-768x510.jpg 768w\" sizes=\"(max-width: 1024px) 100vw, 1024px\" \/><figcaption id=\"caption-attachment-49867\" class=\"wp-caption-text\">Bernard Labadie. (Cr\u00e9dit: Fran\u00e7ois Rivard)<\/figcaption><\/figure>\n<h2>Bernard Labadie et la Messe du couronnement<\/h2>\n<p><strong>Bernard Labadie<\/strong> dirige les Violons du Roy et la Chapelle de Qu\u00e9bec, cette semaine, dans la Messe du couronnement de Mozart et la Messe Nelson de Haydn. Avec <strong>Kimy McLaren<\/strong>, <strong>Mireille Lebel<\/strong>, <strong>Lawrence Wiliford<\/strong> et <strong>Neal Davies. \u00c0 Qu\u00e9bec, 30 et 31 octobre, 20 h, Palais Montcalm, et \u00e0 Montr\u00e9al, samedi 3 novembre, 19 h 30, Maison symphonique. <\/strong><a href=\"http:\/\/www.violonsduroy.com\/fr\/evenements\/bernard-labadie-ceremonie-des-lumieres\/2018-11-03-19-30\" target=\"_blank\" rel=\"noopener\">D\u00c9TAILS<\/a><\/p>\n<p>&nbsp;<\/p>\n<p>&nbsp;<\/p>\n<figure id=\"attachment_54934\" aria-describedby=\"caption-attachment-54934\" style=\"width: 1024px\" class=\"wp-caption aligncenter\"><img decoding=\"async\" loading=\"lazy\" class=\"size-full wp-image-54934\" src=\"https:\/\/www.ludwig-van.com\/montreal\/wp-content\/uploads\/sites\/3\/2018\/06\/Nathalie_Paulin_Se\u0301bastienVentura-refaite.jpg\" alt=\"Nathalie Paulin. (Photo: S\u00e9bastien Ventura)\" width=\"1024\" height=\"1244\" srcset=\"https:\/\/www.ludwig-van.com\/montreal\/wp-content\/uploads\/sites\/3\/2018\/06\/Nathalie_Paulin_Se\u0301bastienVentura-refaite.jpg 1024w, https:\/\/www.ludwig-van.com\/montreal\/wp-content\/uploads\/sites\/3\/2018\/06\/Nathalie_Paulin_Se\u0301bastienVentura-refaite-247x300.jpg 247w, https:\/\/www.ludwig-van.com\/montreal\/wp-content\/uploads\/sites\/3\/2018\/06\/Nathalie_Paulin_Se\u0301bastienVentura-refaite-768x933.jpg 768w, https:\/\/www.ludwig-van.com\/montreal\/wp-content\/uploads\/sites\/3\/2018\/06\/Nathalie_Paulin_Se\u0301bastienVentura-refaite-843x1024.jpg 843w\" sizes=\"(max-width: 1024px) 100vw, 1024px\" \/><figcaption id=\"caption-attachment-54934\" class=\"wp-caption-text\">Nathalie Paulin. (Photo: S\u00e9bastien Ventura)<\/figcaption><\/figure>\n<h2>Amours et d\u00e9samours chez Arion<\/h2>\n<p>La soprano <strong>Nathalie Paulin<\/strong> est la soliste invit\u00e9e d&rsquo;<strong>Arion Orchestre baroque<\/strong> cette semaine, pour 4 concerts sous la direction d&rsquo;<strong>Alexander Weimann.<\/strong> Au programme, des pi\u00e8ces de Johann Adolph Hasse, Handel et Porpora. Du 1er au 4 novembre, salle Bourgie. <a href=\"http:\/\/www.arionbaroque.com\/fr\/concert-2-amours-et-desamours\" target=\"_blank\" rel=\"noopener\">D\u00c9TAILS DES HEURES ET DATES<\/a><\/p>\n<p>&nbsp;<\/p>\n<p>&nbsp;<\/p>\n<figure id=\"attachment_56720\" aria-describedby=\"caption-attachment-56720\" style=\"width: 700px\" class=\"wp-caption aligncenter\"><img decoding=\"async\" loading=\"lazy\" class=\"size-full wp-image-56720\" src=\"https:\/\/www.ludwig-van.com\/montreal\/wp-content\/uploads\/sites\/3\/2018\/10\/circus-show-feria-by-flip-fabrique-photo-Emmanuel-Burriel.jpg\" alt=\"Flip fabrique\" width=\"700\" height=\"525\" srcset=\"https:\/\/www.ludwig-van.com\/montreal\/wp-content\/uploads\/sites\/3\/2018\/10\/circus-show-feria-by-flip-fabrique-photo-Emmanuel-Burriel.jpg 700w, https:\/\/www.ludwig-van.com\/montreal\/wp-content\/uploads\/sites\/3\/2018\/10\/circus-show-feria-by-flip-fabrique-photo-Emmanuel-Burriel-300x225.jpg 300w\" sizes=\"(max-width: 700px) 100vw, 700px\" \/><figcaption id=\"caption-attachment-56720\" class=\"wp-caption-text\">Flip Fabrique. (Photo: Emmanuel Burriel)<\/figcaption><\/figure>\n<h2>Le cirque donne vie \u00e0 Petrouchka<\/h2>\n<p>L\u2019atmosph\u00e8re de f\u00eate foraine d\u00e9peinte dans le ballet <em>Petrouchka<\/em> de Stravinsky se pr\u00eate tout naturellement \u00e0 une animation circassienne, et les acrobates de la compagnie FLIP Fabrique promettent des performances \u00e0 couper le souffle lors de ce concert de l\u2019Orchestre symphonique de Qu\u00e9bec. Aussi au programme, les charmantes sc\u00e8nes d\u2019un autre ballet, <em>Ma M\u00e8re l\u2019Oye<\/em> de Ravel, et le pr\u00e9lude de l\u2019op\u00e9ra <em>Hansel et Gretel<\/em> d\u2019Humperdinck. <strong>Mercredi 31 octobre, 20h, Grand Th\u00e9\u00e2tre de Qu\u00e9bec.<\/strong> <a href=\"https:\/\/www.ludwig-van.com\/montreal\/event\/osq-cirque-donne-vie-a-petrouchka\/\" target=\"_blank\" rel=\"noopener\">D\u00c9TAILS.<\/a><\/p>\n<h2>LIRE AUSSI:<\/h2>\n<blockquote class=\"wp-embedded-content\" data-secret=\"OFyTKarcVc\"><p><a href=\"https:\/\/www.ludwig-van.com\/montreal\/2018\/10\/19\/opera-10-questions-ring-wagner-sceptique-opera\/\">OP\u00c9RA  | 10 questions sur le Ring de Wagner par un sceptique de l&rsquo;op\u00e9ra<\/a><\/p><\/blockquote>\n<p><iframe class=\"wp-embedded-content\" sandbox=\"allow-scripts\" security=\"restricted\" style=\"position: absolute; clip: rect(1px, 1px, 1px, 1px);\" src=\"https:\/\/www.ludwig-van.com\/montreal\/2018\/10\/19\/opera-10-questions-ring-wagner-sceptique-opera\/embed\/#?secret=OFyTKarcVc\" data-secret=\"OFyTKarcVc\" width=\"600\" height=\"338\" title=\"\u00ab\u00a0OP\u00c9RA  | 10 questions sur le Ring de Wagner par un sceptique de l&rsquo;op\u00e9ra\u00a0\u00bb &#8212; Ludwig Van Montreal\" frameborder=\"0\" marginwidth=\"0\" marginheight=\"0\" scrolling=\"no\"><\/iframe><\/p>\n<p>&nbsp;<\/p>\n<p>&nbsp;<\/p>\n<p>&nbsp;<\/p>\n","protected":false},"excerpt":{"rendered":"<p>Cette semaine, plusieurs concerts d&rsquo;Halloween attirent notre attention, certes, mais d&rsquo;autres \u00e9v\u00e9nements musicaux int\u00e9ressants sont \u00e0 signaler, notamment la pr\u00e9sence de la soprano Joyce El Khoury au Festival du monde arabe, et celle du fantastique pianiste Guy Livingston \u00e0 la salle Bourgie, demain soir.  <\/p>\n","protected":false},"author":55,"featured_media":51867,"comment_status":"open","ping_status":"open","sticky":false,"template":"","format":"standard","meta":{"om_disable_all_campaigns":false,"jetpack_post_was_ever_published":false},"categories":[16745,10994],"tags":[6455,26317,4078,5638],"yst_prominent_words":[9878,9863,13120,26856,26855,27254,18906,9877,13123,26055,26853,26852,26851,14240,14241,11696,13116,27249,27253,27252],"acf":[],"jetpack_featured_media_url":"https:\/\/www.ludwig-van.com\/montreal\/wp-content\/uploads\/sites\/3\/2018\/02\/Joyce-El-Khoury-cr-Fay-Fox-web.jpg","jetpack_sharing_enabled":true,"jetpack_shortlink":"https:\/\/wp.me\/p9bdYt-eNL","amp_enabled":true,"_links":{"self":[{"href":"https:\/\/www.ludwig-van.com\/montreal\/wp-json\/wp\/v2\/posts\/56901"}],"collection":[{"href":"https:\/\/www.ludwig-van.com\/montreal\/wp-json\/wp\/v2\/posts"}],"about":[{"href":"https:\/\/www.ludwig-van.com\/montreal\/wp-json\/wp\/v2\/types\/post"}],"author":[{"embeddable":true,"href":"https:\/\/www.ludwig-van.com\/montreal\/wp-json\/wp\/v2\/users\/55"}],"replies":[{"embeddable":true,"href":"https:\/\/www.ludwig-van.com\/montreal\/wp-json\/wp\/v2\/comments?post=56901"}],"version-history":[{"count":6,"href":"https:\/\/www.ludwig-van.com\/montreal\/wp-json\/wp\/v2\/posts\/56901\/revisions"}],"predecessor-version":[{"id":57167,"href":"https:\/\/www.ludwig-van.com\/montreal\/wp-json\/wp\/v2\/posts\/56901\/revisions\/57167"}],"wp:featuredmedia":[{"embeddable":true,"href":"https:\/\/www.ludwig-van.com\/montreal\/wp-json\/wp\/v2\/media\/51867"}],"wp:attachment":[{"href":"https:\/\/www.ludwig-van.com\/montreal\/wp-json\/wp\/v2\/media?parent=56901"}],"wp:term":[{"taxonomy":"category","embeddable":true,"href":"https:\/\/www.ludwig-van.com\/montreal\/wp-json\/wp\/v2\/categories?post=56901"},{"taxonomy":"post_tag","embeddable":true,"href":"https:\/\/www.ludwig-van.com\/montreal\/wp-json\/wp\/v2\/tags?post=56901"},{"taxonomy":"yst_prominent_words","embeddable":true,"href":"https:\/\/www.ludwig-van.com\/montreal\/wp-json\/wp\/v2\/yst_prominent_words?post=56901"}],"curies":[{"name":"wp","href":"https:\/\/api.w.org\/{rel}","templated":true}]}}