{"id":56820,"date":"2018-10-14T19:51:27","date_gmt":"2018-10-14T23:51:27","guid":{"rendered":"https:\/\/www.ludwig-van.com\/montreal\/?p=56820"},"modified":"2018-10-15T18:37:11","modified_gmt":"2018-10-15T22:37:11","slug":"choix-de-redaction-10-evenements-musicaux-deplacement-cette-semaine","status":"publish","type":"post","link":"https:\/\/www.ludwig-van.com\/montreal\/2018\/10\/14\/choix-de-redaction-10-evenements-musicaux-deplacement-cette-semaine\/","title":{"rendered":"CHOIX DE LA R\u00c9DACTION | 10 \u00e9v\u00e9nements musicaux qui valent le d\u00e9placement en cette semaine de fou"},"content":{"rendered":"<p>&nbsp;<\/p>\n<figure id=\"attachment_54897\" aria-describedby=\"caption-attachment-54897\" style=\"width: 1024px\" class=\"wp-caption aligncenter\"><img decoding=\"async\" loading=\"lazy\" class=\"size-full wp-image-54897\" src=\"https:\/\/www.ludwig-van.com\/montreal\/wp-content\/uploads\/sites\/3\/2018\/06\/FranceBellemare_credit_BrentCalis-refaite.jpg\" alt=\"France Bellemare, soprano, prendra part au concert Portraits de femmes. (Photo: Brent Calis)\" width=\"1024\" height=\"683\" srcset=\"https:\/\/www.ludwig-van.com\/montreal\/wp-content\/uploads\/sites\/3\/2018\/06\/FranceBellemare_credit_BrentCalis-refaite.jpg 1024w, https:\/\/www.ludwig-van.com\/montreal\/wp-content\/uploads\/sites\/3\/2018\/06\/FranceBellemare_credit_BrentCalis-refaite-300x200.jpg 300w, https:\/\/www.ludwig-van.com\/montreal\/wp-content\/uploads\/sites\/3\/2018\/06\/FranceBellemare_credit_BrentCalis-refaite-768x512.jpg 768w\" sizes=\"(max-width: 1024px) 100vw, 1024px\" \/><figcaption id=\"caption-attachment-54897\" class=\"wp-caption-text\">France Bellemare, soprano, prendra part au concert Portraits de femmes. (Photo: Brent Calis)<\/figcaption><\/figure>\n<p>Cette semaine, les m\u00e9lomanes ne sauront plus o\u00f9 donner de la t\u00eate et les diffuseurs s&rsquo;arrachent d\u00e9j\u00e0 les cheveux depuis des semaines pour vendre leurs billets tellement l&rsquo;offre est surabondante. Rien que dans notre <a href=\"https:\/\/www.ludwig-van.com\/montreal\/events\/\">calendrier de concerts<\/a>, qui n&rsquo;est pas exhaustif mais limit\u00e9 aux membres de <strong>Ludwig van Montr\u00e9al<\/strong>, on compte 5 \u00e9v\u00e9nements musicaux vendredi soir, 12 samedi, et 13 dimanche. Voici nos suggestions du 14 au 21 octobre. Bonne chance \u00e0 tous.<\/p>\n<p><a href=\"https:\/\/www.ludwig-van.com\/montreal\/events\/\" target=\"_blank\" rel=\"noopener\">POUR VOIR PLUS LES CONCERTS QUI NE FONT PAS PARTIE DE CETTE LISTE, VISITEZ LA PAGE DE NOTRE CALENDRIER<\/a><\/p>\n<h2>Le choix de la r\u00e9dactrice en chef: Portraits de femmes, avec I Musici de Montr\u00e9al<\/h2>\n<p>Un concert qui r\u00e9unira <strong>I Musici de Montr\u00e9al<\/strong>, le Ch\u0153ur de chambre Schulich de <strong>l&rsquo;Universit\u00e9 McGill,<\/strong> l&rsquo;animatrice <strong>Anne-Marie Cadieux<\/strong> et plusieurs voix f\u00e9minines:\u00a0<strong>Aline Kutan<\/strong>, <b>France Bellemare<\/b>, <strong>C\u00e9cile Muhire<\/strong>, <strong>Mireille Lebel<\/strong>, <strong>Florence Bourget<\/strong> et <strong>H\u00e9l\u00e8ne Delalande<\/strong>. Le programme ira\u00a0du Moyen \u00c2ge \u00e0 notre \u00e9poque, de Hildegarde von Bingen \u00e0 <strong>Ana Sokolovi\u0107<\/strong>, en passant par Mozart, Berlioz, Puccini et deux cr\u00e9ations d\u2019<a href=\"https:\/\/www.ludwig-van.com\/montreal\/2017\/12\/19\/entretien-visite-eric-champagne-rijksmuseum-rencontre-playmobil\/\" target=\"_blank\" rel=\"noopener\">\u00c9ric Champagne<\/a>. Le tout, sous la direction du chef <strong>Jean-Marie Zeitouni.<\/strong> <strong>Dimanche 21 octobre, 15 h, Maison symphonique<\/strong>. <a href=\"https:\/\/www.ludwig-van.com\/montreal\/2018\/10\/06\/entretien-i-musici-de-montreal-celebre-la-feminite-avec-portraits-de-femmes\/\" target=\"_blank\" rel=\"noopener\">D\u00c9TAILS SUR LE PROGRAMME<\/a> et <a href=\"http:\/\/imusici.com\/portraits-de-femmes\/\" target=\"_blank\" rel=\"noopener\">BILLETS<\/a><\/p>\n<p>&nbsp;<\/p>\n<p>&nbsp;<\/p>\n<figure id=\"attachment_56474\" aria-describedby=\"caption-attachment-56474\" style=\"width: 700px\" class=\"wp-caption aligncenter\"><img decoding=\"async\" loading=\"lazy\" class=\"size-full wp-image-56474\" src=\"https:\/\/www.ludwig-van.com\/montreal\/wp-content\/uploads\/sites\/3\/2018\/09\/Kelly-Marie-Murphy-photo-Alan-Dean-cal.jpg\" alt=\"Kelly-Marie Murphy\" width=\"700\" height=\"500\" srcset=\"https:\/\/www.ludwig-van.com\/montreal\/wp-content\/uploads\/sites\/3\/2018\/09\/Kelly-Marie-Murphy-photo-Alan-Dean-cal.jpg 700w, https:\/\/www.ludwig-van.com\/montreal\/wp-content\/uploads\/sites\/3\/2018\/09\/Kelly-Marie-Murphy-photo-Alan-Dean-cal-300x214.jpg 300w\" sizes=\"(max-width: 700px) 100vw, 700px\" \/><figcaption id=\"caption-attachment-56474\" class=\"wp-caption-text\">Kelly-Marie Murphy, compositrice. (Photo: Alan Dean)<\/figcaption><\/figure>\n<h2>Gala des Prix de musique Azrieli<\/h2>\n<p>Le Concert Gala des Prix Azrieli de musique proposera de nouvelles \u0153uvres pour orchestre de chambre compos\u00e9es par les laur\u00e9ats des Prix Azrieli 2018 de musique, <strong>Kelly-Marie Murphy<\/strong> et <strong>Avner Dorman<\/strong>, avec l&rsquo;<strong>Orchestre de chambre McGill<\/strong> sous la direction de <strong>Yoav Talmi<\/strong>. Solistes: <strong>Lara St. John<\/strong>, <strong>Erica Goodman<\/strong> et <strong>Rachel Mercer<\/strong>. Ces deux r\u00e9compenses biennales de 50 000 $ offrent une occasion de cr\u00e9ation, d&rsquo;interpr\u00e9tation et de c\u00e9l\u00e9bration d&rsquo;une nouvelle musique juive. <strong>Lundi 15 octobre, 20 h, Maison symphonique.<\/strong> <a href=\"https:\/\/placedesarts.com\/fr\/evenement\/les-prix-azrieli-de-musique-2018-orchestre-de-chambre-mcgill\" target=\"_blank\" rel=\"noopener\">D\u00c9TAILS\u00a0<\/a><\/p>\n<h2><\/h2>\n<p style=\"text-align: center;\"><img decoding=\"async\" loading=\"lazy\" class=\"aligncenter size-full wp-image-56775\" src=\"https:\/\/www.ludwig-van.com\/montreal\/wp-content\/uploads\/sites\/3\/2018\/10\/Couperin-3comp.jpg\" alt=\"Couperin, Christophe Rousset et Anne Queffelec\" width=\"1024\" height=\"768\" srcset=\"https:\/\/www.ludwig-van.com\/montreal\/wp-content\/uploads\/sites\/3\/2018\/10\/Couperin-3comp.jpg 1024w, https:\/\/www.ludwig-van.com\/montreal\/wp-content\/uploads\/sites\/3\/2018\/10\/Couperin-3comp-300x225.jpg 300w, https:\/\/www.ludwig-van.com\/montreal\/wp-content\/uploads\/sites\/3\/2018\/10\/Couperin-3comp-768x576.jpg 768w\" sizes=\"(max-width: 1024px) 100vw, 1024px\" \/><\/p>\n<h2>Journ\u00e9es Couperin \u00e0 la salle Bourgie<\/h2>\n<p>Du 18 au 24 octobre, les <a href=\"https:\/\/www.mbam.qc.ca\/concerts-arte-musica\/journees-couperin\/\" target=\"_blank\" rel=\"noopener\">Journ\u00e9es Couperin<\/a> d&rsquo;<a href=\"https:\/\/www.ludwig-van.com\/montreal\/directory\/fondation-arte-musica-salle-bourgie\/\" target=\"_blank\" rel=\"noopener\">Arte Musica<\/a> pr\u00e9senteront 9 \u00e9v\u00e9nements (concerts, conf\u00e9rences et table ronde) pour souligner le 350e anniversaire de naissance du compositeur \u00e0 la salle Bourgie avec, entre autres<a href=\"https:\/\/www.ludwig-van.com\/montreal\/event\/arte-musica-talens-lyriques-christophe-rousset-ombre\/\" target=\"_blank\" rel=\"noopener\">, Christophe Rousset et ses Talens lyriques, <\/a>la pianiste fran\u00e7aise <a href=\"https:\/\/www.ludwig-van.com\/montreal\/event\/arte-musica-anne-queffelec-tombeau-de-couperin\/\" target=\"_blank\" rel=\"noopener\">Anne Queff\u00e9lec <\/a>et l&rsquo;organiste <a href=\"https:\/\/www.ludwig-van.com\/montreal\/event\/arte-musica-cioc-couperin-a-lorgue\/\" target=\"_blank\" rel=\"noopener\">Jean-Willy Kunz<\/a>. <strong>Du 18 au 24 octobre, salle Bourgie.<\/strong> <a href=\"https:\/\/www.mbam.qc.ca\/concerts-arte-musica\/journees-couperin\/\" target=\"_blank\" rel=\"noopener\">D\u00c9TAILS DE LA PROGRAMMATION<\/a><\/p>\n<p>&nbsp;<\/p>\n<figure id=\"attachment_54908\" aria-describedby=\"caption-attachment-54908\" style=\"width: 1024px\" class=\"wp-caption aligncenter\"><img decoding=\"async\" loading=\"lazy\" class=\"size-full wp-image-54908\" src=\"https:\/\/www.ludwig-van.com\/montreal\/wp-content\/uploads\/sites\/3\/2018\/06\/Jean-Willy-Kunz-refaite.jpg\" alt=\"Jean-Willy Kunz, directeur artistique du CIOC. (Photo: courtoisie de l'OSM)\" width=\"1024\" height=\"576\" srcset=\"https:\/\/www.ludwig-van.com\/montreal\/wp-content\/uploads\/sites\/3\/2018\/06\/Jean-Willy-Kunz-refaite.jpg 1024w, https:\/\/www.ludwig-van.com\/montreal\/wp-content\/uploads\/sites\/3\/2018\/06\/Jean-Willy-Kunz-refaite-300x169.jpg 300w, https:\/\/www.ludwig-van.com\/montreal\/wp-content\/uploads\/sites\/3\/2018\/06\/Jean-Willy-Kunz-refaite-768x432.jpg 768w\" sizes=\"(max-width: 1024px) 100vw, 1024px\" \/><figcaption id=\"caption-attachment-54908\" class=\"wp-caption-text\">Jean-Willy Kunz, directeur artistique du CIOC. (Photo: courtoisie de l&rsquo;OSM)<\/figcaption><\/figure>\n<h2>Le Festival du CIOC<\/h2>\n<p>Le <a href=\"http:\/\/www.ciocm.org\/evenements2\" target=\"_blank\" rel=\"noopener\">Festival 2018 du Concours international d&rsquo;orgue du Canada <\/a>arrivera dans sa phase la plus intensive cette semaine et se poursuivra jusqu&rsquo;au 30 octobre. Une vingtaine de concerts et autres \u00e9v\u00e9nements pour d\u00e9couvrir l&rsquo;orgue (ou assouvir sa passion d\u00e9j\u00e0 existante de cet instrument fascinant) sont au programme, dont le <a href=\"http:\/\/www.ciocm.org\/evenements2?event_id=135\" target=\"_blank\" rel=\"noopener\">Concert-gala des anciens laur\u00e9ats<\/a>, le <strong>19, 19 h 39 \u00e0 la Basilique Notre-Dame,<\/strong> la visite guid\u00e9e <a href=\"http:\/\/www.ciocm.org\/evenements2?event_id=152\" target=\"_blank\" rel=\"noopener\">Fous de l&rsquo;orgue, le 20 octobre,\u00a0<\/a> et <a href=\"http:\/\/www.ciocm.org\/events2?event_id=146\" target=\"_blank\" rel=\"noopener\">Les horreurs de Dracula<\/a>, avec la projection du film <em>Nosferatu le Vampire<\/em>, avec <strong>Thierry Eschaich<\/strong> \u00e0 l&rsquo;orgue, le 30 \u00e0 la Maison symphonique. <a href=\"http:\/\/www.ciocm.org\/events2?start=10&amp;search_events=1\" target=\"_blank\" rel=\"noopener\">D\u00c9TAILS DE LA PROGRAMMATION DU FESTIVAL<\/a><\/p>\n<p>&nbsp;<\/p>\n<p>&nbsp;<\/p>\n<figure id=\"attachment_56822\" aria-describedby=\"caption-attachment-56822\" style=\"width: 1024px\" class=\"wp-caption aligncenter\"><img decoding=\"async\" loading=\"lazy\" class=\"size-full wp-image-56822\" src=\"https:\/\/www.ludwig-van.com\/montreal\/wp-content\/uploads\/sites\/3\/2018\/10\/Christoph_Eschenbach_WEB.jpg\" alt=\"Christoph Eschenbach. (Photo: courtoisie)\" width=\"1024\" height=\"486\" srcset=\"https:\/\/www.ludwig-van.com\/montreal\/wp-content\/uploads\/sites\/3\/2018\/10\/Christoph_Eschenbach_WEB.jpg 1024w, https:\/\/www.ludwig-van.com\/montreal\/wp-content\/uploads\/sites\/3\/2018\/10\/Christoph_Eschenbach_WEB-300x142.jpg 300w, https:\/\/www.ludwig-van.com\/montreal\/wp-content\/uploads\/sites\/3\/2018\/10\/Christoph_Eschenbach_WEB-768x365.jpg 768w\" sizes=\"(max-width: 1024px) 100vw, 1024px\" \/><figcaption id=\"caption-attachment-56822\" class=\"wp-caption-text\">Christoph Eschenbach. (Photo: courtoisie)<\/figcaption><\/figure>\n<h2>La grande visite de Christoph Eschenbach<\/h2>\n<p>Le r\u00e9put\u00e9 chef Christoph Eschenbach dirige l&rsquo;OSM trois fois dans des oeuvres de Tcha\u00efkovski, soit le Concerto pour violon (soliste: Julian Rachlin) et la Symphonique no 5. \u00c0 deux des trois concerts s&rsquo;ajoutent une oeuvre de Marc-Andr\u00e9 Dalbavie, <em>La Source d&rsquo;un regard<\/em>. Jeudi 18 octobre, 10 h 30 et 20 h, et samedi 20 octobre, 20 h, Maison symphonique. <a href=\"http:\/\/www.osm.ca\/fr\/concerts\/christoph-eschenbach-dirige-tchaikovski\/\" target=\"_blank\" rel=\"noopener\">D\u00c9TAILS<\/a><\/p>\n<p>&nbsp;<\/p>\n<p>&nbsp;<\/p>\n<figure id=\"attachment_54278\" aria-describedby=\"caption-attachment-54278\" style=\"width: 1024px\" class=\"wp-caption aligncenter\"><img decoding=\"async\" loading=\"lazy\" class=\"size-full wp-image-54278\" src=\"https:\/\/www.ludwig-van.com\/montreal\/wp-content\/uploads\/sites\/3\/2018\/05\/Mathieu-Lussier-cre\u0301dit-photo@-Annie-E\u0301thier.jpg\" alt=\"Mathieu Lussier\" width=\"1024\" height=\"1536\" srcset=\"https:\/\/www.ludwig-van.com\/montreal\/wp-content\/uploads\/sites\/3\/2018\/05\/Mathieu-Lussier-cre\u0301dit-photo@-Annie-E\u0301thier.jpg 1024w, https:\/\/www.ludwig-van.com\/montreal\/wp-content\/uploads\/sites\/3\/2018\/05\/Mathieu-Lussier-cre\u0301dit-photo@-Annie-E\u0301thier-200x300.jpg 200w, https:\/\/www.ludwig-van.com\/montreal\/wp-content\/uploads\/sites\/3\/2018\/05\/Mathieu-Lussier-cre\u0301dit-photo@-Annie-E\u0301thier-768x1152.jpg 768w, https:\/\/www.ludwig-van.com\/montreal\/wp-content\/uploads\/sites\/3\/2018\/05\/Mathieu-Lussier-cre\u0301dit-photo@-Annie-E\u0301thier-683x1024.jpg 683w\" sizes=\"(max-width: 1024px) 100vw, 1024px\" \/><figcaption id=\"caption-attachment-54278\" class=\"wp-caption-text\">Mathieu Lussier, membre de Penta\u00e8dre. (Photo: Annie \u00c9thier)<\/figcaption><\/figure>\n<h2>La \u00ab\u00a0Rhapsodie boh\u00e9mienne\u00a0\u00bb de Penta\u00e8dre<\/h2>\n<p>Pour son deuxi\u00e8me programme de la saison, Penta\u00e8dre pr\u00e9sente un concert de musique tch\u00e8que centr\u00e9 autour d\u2019un chef-d\u2019\u0153uvre, la S\u00e9r\u00e9nade op.44 pour vents d\u2019 Anton\u00edn Dvo\u0159\u00e1k. Une partita pour octuor de Franz Krommer et une transcription d\u2019extraits de l\u2019op\u00e9ra \u00ab La Fianc\u00e9e vendue \u00bb de Bed\u0159ich Smetana compl\u00e8teront ce programme. Plusieurs musiciens se joindront \u00e0 Penta\u00e8dre. <strong>Vendredi 19 octobre, 19 h 30, salle de concert du Conservatoire<\/strong>. <a href=\"https:\/\/www.ludwig-van.com\/montreal\/event\/pentaedre-mozart-concertant\/\" target=\"_blank\" rel=\"noopener\">D\u00c9TAILS<\/a><\/p>\n<p>&nbsp;<\/p>\n<p>&nbsp;<\/p>\n<figure id=\"attachment_56272\" aria-describedby=\"caption-attachment-56272\" style=\"width: 1024px\" class=\"wp-caption aligncenter\"><img decoding=\"async\" loading=\"lazy\" class=\"size-full wp-image-56272\" src=\"https:\/\/www.ludwig-van.com\/montreal\/wp-content\/uploads\/sites\/3\/2017\/09\/MCO-Kateri-Tekakwitha-Jade-Thompson-2016-1.jpg\" alt=\"Kateri Tekakwitha par Jade Thompson\" width=\"1024\" height=\"1280\" srcset=\"https:\/\/www.ludwig-van.com\/montreal\/wp-content\/uploads\/sites\/3\/2017\/09\/MCO-Kateri-Tekakwitha-Jade-Thompson-2016-1.jpg 1024w, https:\/\/www.ludwig-van.com\/montreal\/wp-content\/uploads\/sites\/3\/2017\/09\/MCO-Kateri-Tekakwitha-Jade-Thompson-2016-1-240x300.jpg 240w, https:\/\/www.ludwig-van.com\/montreal\/wp-content\/uploads\/sites\/3\/2017\/09\/MCO-Kateri-Tekakwitha-Jade-Thompson-2016-1-768x960.jpg 768w, https:\/\/www.ludwig-van.com\/montreal\/wp-content\/uploads\/sites\/3\/2017\/09\/MCO-Kateri-Tekakwitha-Jade-Thompson-2016-1-819x1024.jpg 819w\" sizes=\"(max-width: 1024px) 100vw, 1024px\" \/><figcaption id=\"caption-attachment-56272\" class=\"wp-caption-text\">Kateri Tekakwitha. (Artiste: Jade Thompson)<\/figcaption><\/figure>\n<h2>Visions et Voix Autochtones \u00e0 l&rsquo;Orchestre de chambre McGill<\/h2>\n<p>L&rsquo;Orchestre de chambre McGill pr\u00e9sente deux fois cette semaine un concert tr\u00e8s sp\u00e9cial rendu possible gr\u00e2ce au soutien du programme Nouveau Chapitre du Conseil des arts du Canada. Ce projet d\u00e9velopp\u00e9 en partenariat avec la communaut\u00e9 de Kahnawake, pr\u00e9sentera une nouvelle \u0153uvre de th\u00e9\u00e2tre orchestral multim\u00e9dia de la compositrice de la Premi\u00e8re Nation Odawa <strong>Barbara Croall<\/strong>, comm\u00e9morant la vie et l&rsquo;h\u00e9ritage de Sainte-Kateri Tekakwitha (1656-1680), avec des repr\u00e9sentations \u00e0 Kahnawake et \u00e0 Montr\u00e9al. Avec la violoniste originaire de Kahnawake, Tara-Louise Montour.\u00a0<strong>Vendredi 19 octobre \u00e0 19h30 \u00e0 l\u2019\u00e9glise catholique de Kahnwake, 1 River Rd, Kahnawake<\/strong><br \/>\n<strong>Samedi 20 octobre \u00e0 20h00 \u00e0 \u00c9glise Saint-Jean Baptiste, 4237 av Henri Julien, Montr\u00e9al\u00a0<\/strong><a href=\"https:\/\/orchestre.ca\/event\/vision-et-voix-autochtones-2\/?lang=fr\" target=\"_blank\" rel=\"noopener\">D\u00c9TAILS pour le 19<\/a> et <a href=\"https:\/\/orchestre.ca\/event\/vision-et-voix-autochtones\/?lang=fr\" target=\"_blank\" rel=\"noopener\">D\u00c9TAILS pour le 20.<\/a><\/p>\n<p>&nbsp;<\/p>\n<p>&nbsp;<\/p>\n<figure id=\"attachment_56180\" aria-describedby=\"caption-attachment-56180\" style=\"width: 700px\" class=\"wp-caption aligncenter\"><img decoding=\"async\" loading=\"lazy\" class=\"size-full wp-image-56180\" src=\"https:\/\/www.ludwig-van.com\/montreal\/wp-content\/uploads\/sites\/3\/2018\/09\/Orchestre-symphonique-du-Conservatoire-calendrier.jpg\" alt=\"Orchestre symphonique du Conservatoire\" width=\"700\" height=\"474\" srcset=\"https:\/\/www.ludwig-van.com\/montreal\/wp-content\/uploads\/sites\/3\/2018\/09\/Orchestre-symphonique-du-Conservatoire-calendrier.jpg 700w, https:\/\/www.ludwig-van.com\/montreal\/wp-content\/uploads\/sites\/3\/2018\/09\/Orchestre-symphonique-du-Conservatoire-calendrier-300x203.jpg 300w\" sizes=\"(max-width: 700px) 100vw, 700px\" \/><figcaption id=\"caption-attachment-56180\" class=\"wp-caption-text\">Orchestre symphonique du Conservatoire de musique de Montr\u00e9al. (Photo: courtoisie)<\/figcaption><\/figure>\n<h2>Yoav Talmi dirige les <em>Variations Enigma<\/em><\/h2>\n<p>De passage au Qu\u00e9bec, le chef <strong>Yoav Talmi,<\/strong> ancien directeur musical de l&rsquo;OSQ, dirige l&rsquo;Orchestre symphonique du Conservatoire de musique de Montr\u00e9al dans les fabuleuses Variations Enigma, d&rsquo;Elgar. Au m\u00eame programme, le\u00a0Concerto pour violon no 1 en la mineur, op. 77 de Chostakovitch, avec le soliste <strong>Richard Zheng<\/strong>. <strong>Vendredi 19 octobre, salle Marguerite-Bourgeoys, Coll\u00e8ge R\u00e9gina Assumpta<\/strong>. <a href=\"http:\/\/www.conservatoire.gouv.qc.ca\/reseau\/conservatoire-de-musique\/montreal\/programmation\/calendrier\/article\/orchestre-symphonique-du\" target=\"_blank\" rel=\"noopener\">D\u00c9TAILS<\/a><\/p>\n<p>&nbsp;<\/p>\n<h2 style=\"text-align: center;\"><img decoding=\"async\" loading=\"lazy\" class=\"aligncenter size-full wp-image-56716\" src=\"https:\/\/www.ludwig-van.com\/montreal\/wp-content\/uploads\/sites\/3\/2018\/06\/Contact-Choeur-Cuivres.jpg\" alt=\"Contact - Choeur Cuivres affiche\" width=\"1024\" height=\"1583\" srcset=\"https:\/\/www.ludwig-van.com\/montreal\/wp-content\/uploads\/sites\/3\/2018\/06\/Contact-Choeur-Cuivres.jpg 1024w, https:\/\/www.ludwig-van.com\/montreal\/wp-content\/uploads\/sites\/3\/2018\/06\/Contact-Choeur-Cuivres-194x300.jpg 194w, https:\/\/www.ludwig-van.com\/montreal\/wp-content\/uploads\/sites\/3\/2018\/06\/Contact-Choeur-Cuivres-768x1187.jpg 768w, https:\/\/www.ludwig-van.com\/montreal\/wp-content\/uploads\/sites\/3\/2018\/06\/Contact-Choeur-Cuivres-662x1024.jpg 662w\" sizes=\"(max-width: 1024px) 100vw, 1024px\" \/><\/h2>\n<h2>Voix et cuivres dans un programme audacieux<\/h2>\n<p>La <a href=\"https:\/\/www.ludwig-van.com\/montreal\/event\/societe-de-concerts-de-montreal-contact\/\" target=\"_blank\" rel=\"noopener\">Soci\u00e9t\u00e9 de concerts de Montr\u00e9al<\/a> pr\u00e9sente l&rsquo;\u00e9v\u00e9nement <strong>Contact<\/strong>, avec les cuivres de l\u2019<strong>Ensemble Horizon<\/strong> et les voix du Ch\u0153ur de la SCM. On pourra entendre 24 chanteurs et 10 cuivres de la rel\u00e8ve dans un programme tr\u00e8s vari\u00e9 incluant deux cr\u00e9ations, sous la direction de <strong>Pascal. G. Berardi.<\/strong> <strong>Dimanche 21 octobre, 15 h, au Chic Resto Pop<\/strong>. <a href=\"https:\/\/www.ludwig-van.com\/montreal\/directory\/societe-de-concerts-de-montreal\/\" target=\"_blank\" rel=\"noopener\">D\u00c9TAILS DU PROGRAMME<\/a><\/p>\n<p>&nbsp;<\/p>\n<p>&nbsp;<\/p>\n<figure id=\"attachment_52500\" aria-describedby=\"caption-attachment-52500\" style=\"width: 1024px\" class=\"wp-caption aligncenter\"><img decoding=\"async\" loading=\"lazy\" class=\"size-full wp-image-52500\" src=\"https:\/\/www.ludwig-van.com\/montreal\/wp-content\/uploads\/sites\/3\/2018\/03\/BelceaQuartet_Marco-Borggreve.jpg\" alt=\"Belcea Quartet\" width=\"1024\" height=\"1024\" srcset=\"https:\/\/www.ludwig-van.com\/montreal\/wp-content\/uploads\/sites\/3\/2018\/03\/BelceaQuartet_Marco-Borggreve.jpg 1024w, https:\/\/www.ludwig-van.com\/montreal\/wp-content\/uploads\/sites\/3\/2018\/03\/BelceaQuartet_Marco-Borggreve-150x150.jpg 150w, https:\/\/www.ludwig-van.com\/montreal\/wp-content\/uploads\/sites\/3\/2018\/03\/BelceaQuartet_Marco-Borggreve-300x300.jpg 300w, https:\/\/www.ludwig-van.com\/montreal\/wp-content\/uploads\/sites\/3\/2018\/03\/BelceaQuartet_Marco-Borggreve-768x768.jpg 768w\" sizes=\"(max-width: 1024px) 100vw, 1024px\" \/><figcaption id=\"caption-attachment-52500\" class=\"wp-caption-text\">Le Quatuor Belcea. (Photo: Marco Borggreve)<\/figcaption><\/figure>\n<h2>Le Belcea au LMMC<\/h2>\n<p>Cette semaine, le LMMC pr\u00e9sente le <strong>Quatuor Belcea<\/strong>, quatuor \u00e0 cordes anglais, fond\u00e9 en 1994 au Royal College de Londres, r\u00e9cipiendaire de prix prestigieux, dont un ECHO Klassik et un Diapason d\u2019or pour l\u2019int\u00e9grale des quatuors de Brahms. Dimanche 21 octobre, 15 h 30, salle Pollack. <a href=\"https:\/\/www.ludwig-van.com\/montreal\/event\/concerts-lmmc-belcea-quartet\/\" target=\"_blank\" rel=\"noopener\">D\u00c9TAILS<\/a><\/p>\n<p><a href=\"https:\/\/www.ludwig-van.com\/montreal\/events\/\" target=\"_blank\" rel=\"noopener\">POUR VOIR PLUS DE CONCERTS PR\u00c9SENT\u00c9S CETTE SEMAINE, VISITEZ LA PAGE DE NOTRE CALENDRIER<\/a><\/p>\n<h2>LIRE AUSSI:<\/h2>\n<blockquote class=\"wp-embedded-content\" data-secret=\"n5JZPO9KJt\"><p><a href=\"https:\/\/www.ludwig-van.com\/montreal\/2018\/09\/29\/guides-ludwig-van-neuf-recitals-a-ne-manquer-cet-automne\/\">GUIDES LUDWIG VAN  | Neuf r\u00e9citals \u00e0 ne pas manquer cet automne<\/a><\/p><\/blockquote>\n<p><iframe class=\"wp-embedded-content\" sandbox=\"allow-scripts\" security=\"restricted\" style=\"position: absolute; clip: rect(1px, 1px, 1px, 1px);\" src=\"https:\/\/www.ludwig-van.com\/montreal\/2018\/09\/29\/guides-ludwig-van-neuf-recitals-a-ne-manquer-cet-automne\/embed\/#?secret=n5JZPO9KJt\" data-secret=\"n5JZPO9KJt\" width=\"600\" height=\"338\" title=\"\u00ab\u00a0GUIDES LUDWIG VAN  | Neuf r\u00e9citals \u00e0 ne pas manquer cet automne\u00a0\u00bb &#8212; Ludwig Van Montreal\" frameborder=\"0\" marginwidth=\"0\" marginheight=\"0\" scrolling=\"no\"><\/iframe><\/p>\n","protected":false},"excerpt":{"rendered":"<p>Cette semaine, les m\u00e9lomanes ne sauront plus o\u00f9 donner de la t\u00eate et les diffuseurs s&rsquo;arrachent les cheveux depuis des semaines pour vendre leurs billets tellement l&rsquo;offre est surabondante. Rien que dans notre calendrier de concerts, qui n&rsquo;est pas exhaustif mais limit\u00e9 aux membres de Ludwig van Montr\u00e9al, on compte 5 \u00e9v\u00e9nements musicaux vendredi soir, 12 samedi, et 13 dimanche. Voici nos suggestions du 14 au 21 octobre. Bonne chance \u00e0 tous. <\/p>\n","protected":false},"author":51,"featured_media":52922,"comment_status":"open","ping_status":"open","sticky":false,"template":"","format":"standard","meta":{"om_disable_all_campaigns":false,"jetpack_post_was_ever_published":false},"categories":[16745,10994],"tags":[11882,20645,26704,11454],"yst_prominent_words":[26690,14976,13981,26702,26701,12243,26515,26700,26699,14977,25490,10146,10329,26055,26703,11695,13979,13980,26698,26696],"acf":[],"jetpack_featured_media_url":"https:\/\/www.ludwig-van.com\/montreal\/wp-content\/uploads\/sites\/3\/2018\/03\/Bellemare_credit_BrentCalis.jpg","jetpack_sharing_enabled":true,"jetpack_shortlink":"https:\/\/wp.me\/p9bdYt-eMs","amp_enabled":true,"_links":{"self":[{"href":"https:\/\/www.ludwig-van.com\/montreal\/wp-json\/wp\/v2\/posts\/56820"}],"collection":[{"href":"https:\/\/www.ludwig-van.com\/montreal\/wp-json\/wp\/v2\/posts"}],"about":[{"href":"https:\/\/www.ludwig-van.com\/montreal\/wp-json\/wp\/v2\/types\/post"}],"author":[{"embeddable":true,"href":"https:\/\/www.ludwig-van.com\/montreal\/wp-json\/wp\/v2\/users\/51"}],"replies":[{"embeddable":true,"href":"https:\/\/www.ludwig-van.com\/montreal\/wp-json\/wp\/v2\/comments?post=56820"}],"version-history":[{"count":6,"href":"https:\/\/www.ludwig-van.com\/montreal\/wp-json\/wp\/v2\/posts\/56820\/revisions"}],"predecessor-version":[{"id":56851,"href":"https:\/\/www.ludwig-van.com\/montreal\/wp-json\/wp\/v2\/posts\/56820\/revisions\/56851"}],"wp:featuredmedia":[{"embeddable":true,"href":"https:\/\/www.ludwig-van.com\/montreal\/wp-json\/wp\/v2\/media\/52922"}],"wp:attachment":[{"href":"https:\/\/www.ludwig-van.com\/montreal\/wp-json\/wp\/v2\/media?parent=56820"}],"wp:term":[{"taxonomy":"category","embeddable":true,"href":"https:\/\/www.ludwig-van.com\/montreal\/wp-json\/wp\/v2\/categories?post=56820"},{"taxonomy":"post_tag","embeddable":true,"href":"https:\/\/www.ludwig-van.com\/montreal\/wp-json\/wp\/v2\/tags?post=56820"},{"taxonomy":"yst_prominent_words","embeddable":true,"href":"https:\/\/www.ludwig-van.com\/montreal\/wp-json\/wp\/v2\/yst_prominent_words?post=56820"}],"curies":[{"name":"wp","href":"https:\/\/api.w.org\/{rel}","templated":true}]}}