{"id":56774,"date":"2018-10-11T14:42:48","date_gmt":"2018-10-11T18:42:48","guid":{"rendered":"https:\/\/www.ludwig-van.com\/montreal\/?p=56774"},"modified":"2018-10-11T14:56:35","modified_gmt":"2018-10-11T18:56:35","slug":"messages-membres-orford-musique-devoilement-de-saison-2018-2019","status":"publish","type":"post","link":"https:\/\/www.ludwig-van.com\/montreal\/2018\/10\/11\/messages-membres-orford-musique-devoilement-de-saison-2018-2019\/","title":{"rendered":"MESSAGES DES MEMBRES  | Orford Musique: d\u00e9voilement de la saison 2018-2019"},"content":{"rendered":"<figure id=\"attachment_56717\" aria-describedby=\"caption-attachment-56717\" style=\"width: 1024px\" class=\"wp-caption aligncenter\"><img decoding=\"async\" loading=\"lazy\" class=\"size-full wp-image-56717\" src=\"https:\/\/www.ludwig-van.com\/montreal\/wp-content\/uploads\/sites\/3\/2018\/10\/Orford2018-19.jpg\" alt=\"\" width=\"1024\" height=\"768\" srcset=\"https:\/\/www.ludwig-van.com\/montreal\/wp-content\/uploads\/sites\/3\/2018\/10\/Orford2018-19.jpg 1024w, https:\/\/www.ludwig-van.com\/montreal\/wp-content\/uploads\/sites\/3\/2018\/10\/Orford2018-19-300x225.jpg 300w, https:\/\/www.ludwig-van.com\/montreal\/wp-content\/uploads\/sites\/3\/2018\/10\/Orford2018-19-768x576.jpg 768w\" sizes=\"(max-width: 1024px) 100vw, 1024px\" \/><figcaption id=\"caption-attachment-56717\" class=\"wp-caption-text\">De gauche \u00e0 droite: Gregory Charles, Julian Pr\u00e9gardien, Jeanne Ami\u00e8le, Cindy Thong, Mehdi Ghazi. (Photos: courtoisie)<\/figcaption><\/figure>\n<p><strong>Orford, le 11 octobre 2018.<\/strong> \u2014 Orford Musique est fier de d\u00e9voiler sa programmation musicale et gastronomique pour la saison 2018-2019, alors que pr\u00e8s d\u2019une vingtaine d\u2019\u00e9v\u00e9nements seront pr\u00e9sent\u00e9s \u00e0 la salle Gilles-Lefebvre, au salon G et au bistro, d\u2019octobre 2018 \u00e0 mai 2019.<\/p>\n<p>\u00ab Apr\u00e8s deux ann\u00e9es de grand succ\u00e8s, la s\u00e9rie Les Grandes soir\u00e9es est de retour avec trois concerts passionnants mettant en vedette de grands artistes, qui sont aussi de grands amis. \u00c9galement, plusieurs \u00e9v\u00e9nements gastronomiques et musicaux s\u2019ajoutent aux tr\u00e8s aim\u00e9es s\u00e9ries D\u00e9jeuners concerts et Soupers jazz, dont des Soupers classiques. De nombreux rendez-vous culturels \u00e0 ne pas manquer jusqu\u2019au printemps! \u00bb affirme <strong>Wonny Song<\/strong>, directeur g\u00e9n\u00e9ral et artistique d\u2019Orford Musique.<\/p>\n<h2>S\u00e9rie Les Grandes soir\u00e9es<\/h2>\n<p>Dans le cadre du Festival Bach Montr\u00e9al, Orford Musique est fier de pr\u00e9senter la Passion selon saint Jean dans l\u2019un des plus beaux lieux du Qu\u00e9bec, l\u2019abbaye Saint-Beno\u00eet-du-Lac, le vendredi 23 novembre \u00e0 19 h 30! Un superbe concert baroque donn\u00e9 par le t\u00e9nor<strong> Julian Pr\u00e9gardien<\/strong> avec l\u2019Orchestre et le Ch\u0153ur du Festival Bach Montr\u00e9al attend les m\u00e9lomanes, qui pourront d\u00e9couvrir ou red\u00e9couvrir ce magnifique lieu de recueillement \u00e0 l\u2019acoustique exceptionnelle.<\/p>\n<p>Connue pour son phras\u00e9 sensible et sa grande musicalit\u00e9, la chanteuse <strong>Ranee Lee<\/strong> vous propose de c\u00e9l\u00e9brer les F\u00eates avec elle, ses musiciens et ses choristes le vendredi 7 d\u00e9cembre \u00e0 20 h \u00e0 la salle Gilles-Lefebvre. Au programme : les plus grandes m\u00e9lodies du<br \/>\nr\u00e9pertoire jazz et les plus beaux classiques de No\u00ebl.<\/p>\n<p>Amoureux d\u2019histoire et de musique, <strong>Gregory Charles<\/strong> pr\u00e9sente son plus ambitieux spectacle en invitant les spectateurs \u00e0 revivre les 250 derni\u00e8res ann\u00e9es de musique et d\u2019histoire occidentale. Du baroque au hip hop, de la r\u00e9volution fran\u00e7aise \u00e0 la r\u00e9volution num\u00e9rique, il prouvera au public qu\u2019il est, \u00e0 sa mani\u00e8re, le plus passionn\u00e9 troubadour de notre \u00e9poque.<\/p>\n<h2>S\u00e9rie Soupers concerts<\/h2>\n<p>En r\u00e9ponse au grand succ\u00e8s des Soupers jazz depuis d\u00e9j\u00e0 quatre saisons, Orford Musique est heureux d\u2019\u00e9largir cette tr\u00e8s appr\u00e9ci\u00e9e programmation en y ajoutant des \u00e9v\u00e9nements classiques. Ainsi, de novembre \u00e0 mai, le public pourra profiter de d\u00e9licieux soupers trois<br \/>\nservices au bistro d\u2019Orford Musique les vendredis soir d\u00e8s 18 h. Les meilleurs artistes de la rel\u00e8ve des sc\u00e8nes classique et jazz offriront ensuite des prestations enlevantes d\u00e8s 19 h 30.<\/p>\n<p>Soupers concert \u2013 jazz : R\u00e9v\u00e9lation jazz avec le trio de la pianiste <strong>Gentiane Michaud-Gagnon<\/strong> (9 novembre); Saxophone exalt\u00e9 en trio avec <strong>Benjamin Deschamps<\/strong> (8 f\u00e9vrier); Brassens &amp; Brel jazz avec le pianiste <strong>Guillaume Martineau<\/strong> et le contrebassiste <strong>\u00c9ric Lagac\u00e9<\/strong> (5 avril); et Basse rythmique avec <strong>R\u00e9mi-Jean LeBlanc<\/strong> et ses musiciens (31 mai).<\/p>\n<p>Soupers concert \u2013 classique : Schumann &amp; Brahms avec le couple <strong>Julie Rivest<\/strong>, violon et <strong>Tancr\u00e8de Emerat<\/strong>, piano (25 janvier); Beethoven &amp; Franck avec la violoniste <strong>Julie Garriss<\/strong> et le pianiste <strong>Tristan Longval-Gagn\u00e9<\/strong> (22 f\u00e9vrier); Debussy &amp; Chostakovitch avec <strong>Dominique Beaus\u00e9jour-Ostiguy<\/strong>, violoncelle et <strong>Jeanne Ami\u00e8le<\/strong>, piano (22 mars); et Bach &amp; Rachmaninov avec le pianiste <strong>Mehdi Ghazi<\/strong>, gagnant du deuxi\u00e8me prix ainsi que du prix Coup de c\u0153ur du public au Prix Orford Musique 2018 (17 mai).<\/p>\n<h2>S\u00e9rie D\u00e9jeuners concerts<\/h2>\n<p>Venez \u00e0 la rencontre de talentueux musiciens lors de concerts intimes mettant en vedette d\u2019anciens stagiaires de l\u2019Acad\u00e9mie Orford Musique! Les D\u00e9jeuners concerts sont aussi une superbe occasion de se rassembler en famille, les dimanches matin d\u00e8s 10 h, pour profiter<br \/>\nd\u2019un d\u00e9licieux brunch gastronomique au bistro, suivi d\u2019un concert classique \u00e0 11 h 30 au salon G. Cette salle poss\u00e8de une acoustique id\u00e9ale pour des prestations intimes et offre la possibilit\u00e9 au public de discuter avec les musiciens. Au programme : Chopin &amp; Sokolovi\u0107 avec <strong>Viktor Lazarov<\/strong>, piano (14 octobre) et Liszt &amp; Rachmaninov avec la pianiste <strong>Cindy Thong<\/strong> (17 mars).<\/p>\n<h2>\u00c9v\u00e9nements festifs<\/h2>\n<p>Un repas gastronomique avec accompagnement musical dans l\u2019ambiance chaleureuse et conviviale du bistro d\u2019Orford Musique attend les m\u00e9lomanes et fins gourmets pour plusieurs occasions festives toute l\u2019ann\u00e9e! \u00c0 ne pas manquer : trois d\u00e9licieux brunchs les dimanches \u00e0<br \/>\n10 h ou \u00e0 12 h 30 pour P\u00e2ques (21 avril), la f\u00eate des M\u00e8res (12 mai) et la f\u00eate des P\u00e8res (16 juin) ainsi que de raffin\u00e9s repas \u00e0 l\u2019occasion de No\u00ebl (21 d\u00e9cembre) et de la Saint-Valentin (14 f\u00e9vrier), alors que le bistro sera ouvert sp\u00e9cialement pour le d\u00eener (quatre services) \u00e0 12 h<br \/>\nainsi que pour le souper (cinq services) \u00e0 18 h. Le nom des artistes pour chacun de ces \u00e9v\u00e9nements sera annonc\u00e9 sur le site web prochainement.<\/p>\n<p><strong>Billetterie<\/strong><br \/>\n3165, ch. du Parc<br \/>\nOrford (Qu\u00e9bec) J1X 7A2<br \/>\n1 800 567-6155<br \/>\nbilletterie@orford.mu<\/p>\n<h2>\u00c0 propos d\u2019Orford Musique<\/h2>\n<p>Situ\u00e9 au c\u0153ur du parc national du Mont-Orford, Orford Musique est avant tout une Acad\u00e9mie de musique classique de haut niveau dont la mission est de stimuler la cr\u00e9ativit\u00e9 des jeunes musiciens \u00e0 leurs d\u00e9buts et pendant le d\u00e9veloppement de leur vie professionnelle.<br \/>\nFond\u00e9e par Gilles Lefebvre, l\u2019Acad\u00e9mie Orford Musique est, depuis ses d\u00e9buts, reconnue comme chef de file parmi les institutions d\u2019enseignement. Elle attire chaque \u00e9t\u00e9 plus de 450 \u00e9tudiants universitaires, provenant des quatre coins du monde, venus \u00e9tudier aupr\u00e8s de<br \/>\nprofesseurs de renomm\u00e9e internationale.<\/p>\n<p>Le Festival Orford Musique est un prestigieux \u00e9v\u00e9nement d\u2019envergure internationale qui attire pr\u00e8s de 25 000 festivaliers annuellement lors de la saison estivale. Sa riche programmation artistique se compose principalement d\u2019une vingtaine de concerts professionnels, d\u2019une<br \/>\nsoixantaine de concerts gratuits offerts par les \u00e9tudiants de l\u2019Acad\u00e9mie Orford Musique et d\u2019expositions d\u2019arts visuels. Durant l\u2019ann\u00e9e, les activit\u00e9s culturelles se poursuivent avec diff\u00e9rents \u00e9v\u00e9nements tels que les s\u00e9ries D\u00e9jeuners concerts, Soupers jazz et Les Grandes<br \/>\nsoir\u00e9es.<\/p>\n<p>Orford Musique offre \u00e9galement des services compl\u00e9mentaires \u00e0 ses activit\u00e9s \u00e9ducatives et artistiques. Ainsi, tous les publics qui fr\u00e9quentent son site enchanteur peuvent profiter de ses installations telles qu\u2019une salle de concert, plusieurs studios de pratique, une salle d\u2019orchestre ainsi que des services complets de restauration et d\u2019h\u00e9bergement.<\/p>\n<p>Bien ancr\u00e9 dans les Cantons-de-l\u2019Est, Orford Musique est un organisme de bienfaisance o\u00f9 la nature et la culture sont en parfaite symbiose, ce qui cr\u00e9e un cadre propice \u00e0 l\u2019\u00e9panouissement artistique. Par ses activit\u00e9s multidisciplinaires, Orford Musique participe activement au d\u00e9veloppement et au rayonnement de la r\u00e9gion.<\/p>\n<p><em><strong>La publication de ce communiqu\u00e9 est un privil\u00e8ge r\u00e9serv\u00e9 aux membres de Ludwig van Montr\u00e9al. Pour savoir comment devenir membres, \u00e9crivez-nous \u00e0 caroline@ludwig-van.com\u00a0<\/strong><\/em><\/p>\n<p>&nbsp;<\/p>\n<p>&nbsp;<\/p>\n<p>&nbsp;<\/p>\n","protected":false},"excerpt":{"rendered":"<p>Orford, le 11 octobre 2018. \u2014 Orford Musique est fier de d\u00e9voiler sa programmation musicale et gastronomique pour la saison 2018-2019, alors que pr\u00e8s d\u2019une vingtaine d\u2019\u00e9v\u00e9nements seront pr\u00e9sent\u00e9s \u00e0 la salle Gilles-Lefebvre, au salon G et au bistro, d\u2019octobre 2018 \u00e0 mai 2019.<\/p>\n","protected":false},"author":7,"featured_media":56717,"comment_status":"open","ping_status":"open","sticky":false,"template":"","format":"standard","meta":{"om_disable_all_campaigns":false,"jetpack_post_was_ever_published":false},"categories":[16745,10956,11944],"tags":[16421,25439,24269],"yst_prominent_words":[9863,26615,26614,26634,8858,21500,26612,17292,15881,9877,15323,12082,21691,21690,9811,21680,21689,26604,26617,26609],"acf":[],"jetpack_featured_media_url":"https:\/\/www.ludwig-van.com\/montreal\/wp-content\/uploads\/sites\/3\/2018\/10\/Orford2018-19.jpg","jetpack_sharing_enabled":true,"jetpack_shortlink":"https:\/\/wp.me\/p9bdYt-eLI","amp_enabled":true,"_links":{"self":[{"href":"https:\/\/www.ludwig-van.com\/montreal\/wp-json\/wp\/v2\/posts\/56774"}],"collection":[{"href":"https:\/\/www.ludwig-van.com\/montreal\/wp-json\/wp\/v2\/posts"}],"about":[{"href":"https:\/\/www.ludwig-van.com\/montreal\/wp-json\/wp\/v2\/types\/post"}],"author":[{"embeddable":true,"href":"https:\/\/www.ludwig-van.com\/montreal\/wp-json\/wp\/v2\/users\/7"}],"replies":[{"embeddable":true,"href":"https:\/\/www.ludwig-van.com\/montreal\/wp-json\/wp\/v2\/comments?post=56774"}],"version-history":[{"count":3,"href":"https:\/\/www.ludwig-van.com\/montreal\/wp-json\/wp\/v2\/posts\/56774\/revisions"}],"predecessor-version":[{"id":56783,"href":"https:\/\/www.ludwig-van.com\/montreal\/wp-json\/wp\/v2\/posts\/56774\/revisions\/56783"}],"wp:featuredmedia":[{"embeddable":true,"href":"https:\/\/www.ludwig-van.com\/montreal\/wp-json\/wp\/v2\/media\/56717"}],"wp:attachment":[{"href":"https:\/\/www.ludwig-van.com\/montreal\/wp-json\/wp\/v2\/media?parent=56774"}],"wp:term":[{"taxonomy":"category","embeddable":true,"href":"https:\/\/www.ludwig-van.com\/montreal\/wp-json\/wp\/v2\/categories?post=56774"},{"taxonomy":"post_tag","embeddable":true,"href":"https:\/\/www.ludwig-van.com\/montreal\/wp-json\/wp\/v2\/tags?post=56774"},{"taxonomy":"yst_prominent_words","embeddable":true,"href":"https:\/\/www.ludwig-van.com\/montreal\/wp-json\/wp\/v2\/yst_prominent_words?post=56774"}],"curies":[{"name":"wp","href":"https:\/\/api.w.org\/{rel}","templated":true}]}}