{"id":56520,"date":"2018-09-25T08:07:56","date_gmt":"2018-09-25T12:07:56","guid":{"rendered":"https:\/\/www.ludwig-van.com\/montreal\/?p=56520"},"modified":"2018-09-25T11:51:07","modified_gmt":"2018-09-25T15:51:07","slug":"choix-de-redaction-x-concerts-classiques-a-decouvrir-cette-semaine-2","status":"publish","type":"post","link":"https:\/\/www.ludwig-van.com\/montreal\/2018\/09\/25\/choix-de-redaction-x-concerts-classiques-a-decouvrir-cette-semaine-2\/","title":{"rendered":"CHOIX DE LA R\u00c9DACTION  | 11  concerts classiques \u00e0 d\u00e9couvrir cette semaine"},"content":{"rendered":"<figure id=\"attachment_56521\" aria-describedby=\"caption-attachment-56521\" style=\"width: 1024px\" class=\"wp-caption aligncenter\"><img decoding=\"async\" loading=\"lazy\" class=\"size-full wp-image-56521\" src=\"https:\/\/www.ludwig-van.com\/montreal\/wp-content\/uploads\/sites\/3\/2018\/09\/AnthonyRothCostanzo_PhotoMatthuPlacek-WEB.jpg\" alt=\"Le contret\u00e9nor Anthony Roth Costanzo est l'invit\u00e9 des Violons du Roy cette semaine. (Photo: Matthu Placek)\" width=\"1024\" height=\"682\" srcset=\"https:\/\/www.ludwig-van.com\/montreal\/wp-content\/uploads\/sites\/3\/2018\/09\/AnthonyRothCostanzo_PhotoMatthuPlacek-WEB.jpg 1024w, https:\/\/www.ludwig-van.com\/montreal\/wp-content\/uploads\/sites\/3\/2018\/09\/AnthonyRothCostanzo_PhotoMatthuPlacek-WEB-300x200.jpg 300w, https:\/\/www.ludwig-van.com\/montreal\/wp-content\/uploads\/sites\/3\/2018\/09\/AnthonyRothCostanzo_PhotoMatthuPlacek-WEB-768x512.jpg 768w\" sizes=\"(max-width: 1024px) 100vw, 1024px\" \/><figcaption id=\"caption-attachment-56521\" class=\"wp-caption-text\">Le contret\u00e9nor Anthony Roth Costanzo est l&rsquo;invit\u00e9 des Violons du Roy cette semaine. (Photo: Matthu Placek)<\/figcaption><\/figure>\n<p>On sait que la saison est bel et bien commenc\u00e9e lorsque se pointent les conflits d&rsquo;horaire et qu&rsquo;il faut choisir entre cinq ou six concerts le m\u00eame soir. Voici nos choix de la r\u00e9daction pour la semaine du 24 au 30 septembre.<\/p>\n<h2>Le choix de la r\u00e9dactrice en chef: Anthony Roth Costanzo aux Violons du Roy<\/h2>\n<p>Contret\u00e9nor de l&rsquo;heure, <strong>Anthony Roth Costanzo<\/strong> est l&rsquo;invit\u00e9 d&rsquo;honneur des Violons du Roy pour des concerts qui marquent les d\u00e9buts officiels de <strong>Jonathan Cohen<\/strong> \u00e0 son poste de directeur artistiques. Un programme d&rsquo;airs d&rsquo;op\u00e9ras de Philip Glass et H\u00e4ndel, qui a aussi fait l&rsquo;objet d&rsquo;un enregistrement, sera pr\u00e9sent\u00e9 \u00e0 Qu\u00e9bec et \u00e0 Montr\u00e9al.\u00a0<strong>\u00c0 Qu\u00e9bec, le mercredi 26 septembre, 20 h, Palais Montcalm. \u00c0 Montr\u00e9al, le samedi 29 septembre, 19 h 30, Maison symphonique.<\/strong> <a href=\"http:\/\/www.violonsduroy.com\/fr\/evenements\/anthony-roth-costanzo-chante-handel-et-glass\/2018-09-26-20-00\" target=\"_blank\" rel=\"noopener\">D\u00c9TAILS.<\/a><\/p>\n<p>&nbsp;<\/p>\n<figure id=\"attachment_54871\" aria-describedby=\"caption-attachment-54871\" style=\"width: 1024px\" class=\"wp-caption aligncenter\"><img decoding=\"async\" loading=\"lazy\" class=\"size-full wp-image-54871\" src=\"https:\/\/www.ludwig-van.com\/montreal\/wp-content\/uploads\/sites\/3\/2018\/06\/Alain-Trudel-refaite.jpg\" alt=\"Alain Trudel. (Photo: courtoisie de l'Orchestre symphonique de Laval\" width=\"1024\" height=\"1536\" srcset=\"https:\/\/www.ludwig-van.com\/montreal\/wp-content\/uploads\/sites\/3\/2018\/06\/Alain-Trudel-refaite.jpg 1024w, https:\/\/www.ludwig-van.com\/montreal\/wp-content\/uploads\/sites\/3\/2018\/06\/Alain-Trudel-refaite-200x300.jpg 200w, https:\/\/www.ludwig-van.com\/montreal\/wp-content\/uploads\/sites\/3\/2018\/06\/Alain-Trudel-refaite-768x1152.jpg 768w, https:\/\/www.ludwig-van.com\/montreal\/wp-content\/uploads\/sites\/3\/2018\/06\/Alain-Trudel-refaite-683x1024.jpg 683w\" sizes=\"(max-width: 1024px) 100vw, 1024px\" \/><figcaption id=\"caption-attachment-54871\" class=\"wp-caption-text\">Alain Trudel. (Photo: courtoisie de l&rsquo;Orchestre symphonique de Laval)<\/figcaption><\/figure>\n<h2>R\u00e9volution \u00e0 Laval<\/h2>\n<p>L&rsquo;Orchestre symphonique de Laval commence l&rsquo;ann\u00e9e en grand avec le Garbage Concerto de Jan Jarvlep avec <strong>Sixtrum<\/strong> et la <em>Fantastique<\/em> de Berlioz sous la direction d&rsquo;<strong>Alain Trudel<\/strong>. <strong>Mercredi 26 septembre, 19 h 30, salle Andr\u00e9-Mathieu.\u00a0<\/strong><a href=\"https:\/\/www.osl.qc.ca\/fr\/concerts\/r\u00e9volution\" target=\"_blank\" rel=\"noopener\">D\u00c9TAILS<\/a><\/p>\n<p>&nbsp;<\/p>\n<figure id=\"attachment_53337\" aria-describedby=\"caption-attachment-53337\" style=\"width: 700px\" class=\"wp-caption aligncenter\"><img decoding=\"async\" loading=\"lazy\" class=\"size-full wp-image-53337\" src=\"https:\/\/www.ludwig-van.com\/montreal\/wp-content\/uploads\/sites\/3\/2018\/03\/allegra-concert.jpg\" alt=\"Musique de chambre Allegra\" width=\"700\" height=\"452\" srcset=\"https:\/\/www.ludwig-van.com\/montreal\/wp-content\/uploads\/sites\/3\/2018\/03\/allegra-concert.jpg 700w, https:\/\/www.ludwig-van.com\/montreal\/wp-content\/uploads\/sites\/3\/2018\/03\/allegra-concert-300x194.jpg 300w\" sizes=\"(max-width: 700px) 100vw, 700px\" \/><figcaption id=\"caption-attachment-53337\" class=\"wp-caption-text\">Musique de chambre Allegra pr\u00e9sente cette semaine son concert b\u00e9n\u00e9fice annuel.<\/figcaption><\/figure>\n<h2>Allegra: soir\u00e9e b\u00e9n\u00e9fice<\/h2>\n<p>Musique de chambre Allegra invite le public \u00e0 son \u00e9v\u00e9nement b\u00e9n\u00e9fice annuel pour un encan avec vin et fromage en compagnie de Ken Dryden, suivi d&rsquo;un concert. Billets: 130 $. <strong>Encan: 18 h. Concert: 19 h 30, 27 septembre, salle Tanna Schulich.<\/strong> <a href=\"https:\/\/www.ludwig-van.com\/montreal\/event\/musique-de-chambre-allegra-38e-gala-benefice-annuel\/\" target=\"_blank\" rel=\"noopener\">D\u00c9TAILS<\/a><\/p>\n<h2><\/h2>\n<figure id=\"attachment_47161\" aria-describedby=\"caption-attachment-47161\" style=\"width: 1024px\" class=\"wp-caption aligncenter\"><img decoding=\"async\" loading=\"lazy\" class=\"size-full wp-image-47161\" src=\"https:\/\/www.ludwig-van.com\/montreal\/wp-content\/uploads\/sites\/3\/2017\/09\/ChapelleHistoriqueduBP.jpg\" alt=\"La Chapelle historique du Bon-Pasteur, salle incontournable pour la musique de chambre \u00e0 Montr\u00e9al. (Photo: courtoisie de la Chapelle)\" width=\"1024\" height=\"768\" srcset=\"https:\/\/www.ludwig-van.com\/montreal\/wp-content\/uploads\/sites\/3\/2017\/09\/ChapelleHistoriqueduBP.jpg 1024w, https:\/\/www.ludwig-van.com\/montreal\/wp-content\/uploads\/sites\/3\/2017\/09\/ChapelleHistoriqueduBP-300x225.jpg 300w, https:\/\/www.ludwig-van.com\/montreal\/wp-content\/uploads\/sites\/3\/2017\/09\/ChapelleHistoriqueduBP-768x576.jpg 768w\" sizes=\"(max-width: 1024px) 100vw, 1024px\" \/><figcaption id=\"caption-attachment-47161\" class=\"wp-caption-text\">La Chapelle historique du Bon-Pasteur, salle incontournable pour la musique de chambre \u00e0 Montr\u00e9al. (Photo: courtoisie de la Chapelle)<\/figcaption><\/figure>\n<h2>Chapelle historique: concert inaugural de saison<\/h2>\n<p>Pour son premier concert de la saison, la Chapelle historique du Bon-Pasteur re\u00e7oit <strong>Serhiy Salov<\/strong> et <strong>Philippe Prud&rsquo;homme<\/strong>, pianistes, et <strong>L\u00e9o Guiollot<\/strong>, percussionniste. Ils joueront un arrangement du Concerto pour deux pianos en r\u00e9 mineur de Francis Poulenc.\u00a0En compl\u00e9ment de programme, \u0153uvres pour 2 pianos de Scriabine, Chostakovitch et Francis Battah. <strong>Jeudi 27 septembre, 19 h 30, Chapelle historique du Bon-Pasteur.<\/strong> <a href=\"https:\/\/www.ludwig-van.com\/montreal\/event\/chapelle-historique-pasteur-concert-inaugural\/\" target=\"_blank\" rel=\"noopener\">D\u00c9TAILS.<\/a><\/p>\n<p>&nbsp;<\/p>\n<figure id=\"attachment_48438\" aria-describedby=\"caption-attachment-48438\" style=\"width: 1024px\" class=\"wp-caption aligncenter\"><img decoding=\"async\" loading=\"lazy\" class=\"size-full wp-image-48438\" src=\"https:\/\/www.ludwig-van.com\/montreal\/wp-content\/uploads\/sites\/3\/2017\/10\/Alain-Lefe\u0300vre-Pleins-Feux-sur-les-Territoires-Nordiques..jpg\" alt=\"Alain Lef\u00e8vre (Photo: courtoisie)\" width=\"1024\" height=\"576\" srcset=\"https:\/\/www.ludwig-van.com\/montreal\/wp-content\/uploads\/sites\/3\/2017\/10\/Alain-Lefe\u0300vre-Pleins-Feux-sur-les-Territoires-Nordiques..jpg 1024w, https:\/\/www.ludwig-van.com\/montreal\/wp-content\/uploads\/sites\/3\/2017\/10\/Alain-Lefe\u0300vre-Pleins-Feux-sur-les-Territoires-Nordiques.-300x169.jpg 300w, https:\/\/www.ludwig-van.com\/montreal\/wp-content\/uploads\/sites\/3\/2017\/10\/Alain-Lefe\u0300vre-Pleins-Feux-sur-les-Territoires-Nordiques.-768x432.jpg 768w\" sizes=\"(max-width: 1024px) 100vw, 1024px\" \/><figcaption id=\"caption-attachment-48438\" class=\"wp-caption-text\">Alain Lef\u00e8vre (Photo: courtoisie)<\/figcaption><\/figure>\n<h2>Alain Lef\u00e8vre \u00e0 Orford Musique<\/h2>\n<p><strong>Alain Lef\u00e8vre<\/strong> joue les 24 Pr\u00e9ludes de Chopin, <em>La Valse<\/em>, de Ravel, et ses propres compositions. <strong>Vendredi 28 septembre, 20 h, salle Gilles-Lefebvre, Orford Musique.<\/strong> <a href=\"https:\/\/www.ludwig-van.com\/montreal\/event\/orford-musique-alain-lefevre-recital\/\" target=\"_blank\" rel=\"noopener\">D\u00c9TAILS<\/a><\/p>\n<p>&nbsp;<\/p>\n<p style=\"text-align: center;\"><img decoding=\"async\" loading=\"lazy\" class=\"aligncenter size-full wp-image-56308\" src=\"https:\/\/www.ludwig-van.com\/montreal\/wp-content\/uploads\/sites\/3\/2017\/10\/boreades-1I8A0998-photo-Hugo-Lefort.jpg\" alt=\"\" width=\"1024\" height=\"683\" srcset=\"https:\/\/www.ludwig-van.com\/montreal\/wp-content\/uploads\/sites\/3\/2017\/10\/boreades-1I8A0998-photo-Hugo-Lefort.jpg 1024w, https:\/\/www.ludwig-van.com\/montreal\/wp-content\/uploads\/sites\/3\/2017\/10\/boreades-1I8A0998-photo-Hugo-Lefort-300x200.jpg 300w, https:\/\/www.ludwig-van.com\/montreal\/wp-content\/uploads\/sites\/3\/2017\/10\/boreades-1I8A0998-photo-Hugo-Lefort-768x512.jpg 768w\" sizes=\"(max-width: 1024px) 100vw, 1024px\" \/><\/p>\n<h2>Bor\u00e9ades: de la cour au concert<\/h2>\n<p>Les Bor\u00e9ades, qui r\u00e9uniront 10 musiciens pour l&rsquo;occasion, pr\u00e9sentent le programme De la cour au concert, avec des oeuvres concertantes de Bach et de Telemann, sous la direction de <strong>Francis Colpron.<\/strong> Le concert sera suivi du lancement du disque <strong><em>Nicandro e Fileno<\/em><\/strong>, enregistr\u00e9 sous \u00e9tiquette ATMA Classique. Jeudi<strong> 27 septembre, 19 h 30, salle de concert du Conservatoire de musique de Montr\u00e9al.\u00a0<\/strong><a href=\"http:\/\/www.boreades.com\/saison-2018-2019\/de-la-cour-au-concert\/\" target=\"_blank\" rel=\"noopener\">D\u00c9TAILS.\u00a0<\/a><\/p>\n<p>&nbsp;<\/p>\n<figure id=\"attachment_55859\" aria-describedby=\"caption-attachment-55859\" style=\"width: 1024px\" class=\"wp-caption aligncenter\"><img decoding=\"async\" loading=\"lazy\" class=\"size-full wp-image-55859\" src=\"https:\/\/www.ludwig-van.com\/montreal\/wp-content\/uploads\/sites\/3\/2017\/09\/UdeM-10_ConcertOUM_Marie-Nicole_Lemieux_13avril19_900px.jpg\" alt=\"Marie-Nicole Lemieux\" width=\"1024\" height=\"768\" srcset=\"https:\/\/www.ludwig-van.com\/montreal\/wp-content\/uploads\/sites\/3\/2017\/09\/UdeM-10_ConcertOUM_Marie-Nicole_Lemieux_13avril19_900px.jpg 1024w, https:\/\/www.ludwig-van.com\/montreal\/wp-content\/uploads\/sites\/3\/2017\/09\/UdeM-10_ConcertOUM_Marie-Nicole_Lemieux_13avril19_900px-300x225.jpg 300w, https:\/\/www.ludwig-van.com\/montreal\/wp-content\/uploads\/sites\/3\/2017\/09\/UdeM-10_ConcertOUM_Marie-Nicole_Lemieux_13avril19_900px-768x576.jpg 768w\" sizes=\"(max-width: 1024px) 100vw, 1024px\" \/><figcaption id=\"caption-attachment-55859\" class=\"wp-caption-text\">Marie-Nicole Lemieux. (Photo: courtoisie)<\/figcaption><\/figure>\n<h2>Qu\u00e9bec: Marie-Nicole Lemieux \u00e0 l&rsquo;OSQ<\/h2>\n<p>L&rsquo;Orchestre symphonique de Qu\u00e9bec re\u00e7oit <strong>Marie-Nicole Lemieux<\/strong> et le t\u00e9nor canadien <strong>Michael Schade<\/strong> dans <em>Le Chant de la terre<\/em>, de Mahler, sous la direction de <strong>Fabien Gabel.<\/strong> Jeudi 27 septembre, 19 h 30, Grand Th\u00e9\u00e2tre de Qu\u00e9bec. <a href=\"https:\/\/www.ludwig-van.com\/montreal\/event\/orchestre-symphonique-de-quebec-marie-nicole-lemieux-michael-schade-chantent-mahler\/\" target=\"_blank\" rel=\"noopener\">D\u00c9TAILS<\/a><\/p>\n<p>&nbsp;<\/p>\n<p style=\"text-align: center;\"><img decoding=\"async\" loading=\"lazy\" class=\"aligncenter size-full wp-image-52187\" src=\"https:\/\/www.ludwig-van.com\/montreal\/wp-content\/uploads\/sites\/3\/2018\/03\/FranzSchubert-calendrier.jpg\" alt=\"Franz Schubert\" width=\"700\" height=\"394\" srcset=\"https:\/\/www.ludwig-van.com\/montreal\/wp-content\/uploads\/sites\/3\/2018\/03\/FranzSchubert-calendrier.jpg 700w, https:\/\/www.ludwig-van.com\/montreal\/wp-content\/uploads\/sites\/3\/2018\/03\/FranzSchubert-calendrier-300x169.jpg 300w\" sizes=\"(max-width: 700px) 100vw, 700px\" \/><\/p>\n<h2>L&rsquo;octuor de Schubert<\/h2>\n<p>Des musiciens de l&rsquo;OSM interpr\u00e8tent l&rsquo;Octuor pour cordes et vents en fa majeur de Schubert \u00e0 la salle Bourgie dans le cadre de la saison d&rsquo;Arte Musica. Aussi au programme: le Trio \u00e0 cordes no 1 en si b\u00e9mol majeur, du m\u00eame compositeur. <strong>Vendredi 28 septembre, 19 h 30, salle Bourgie<\/strong>. <a href=\"https:\/\/www.ludwig-van.com\/montreal\/event\/arte-musica-losm-loctuor-de-schubert\/\" target=\"_blank\" rel=\"noopener\">D\u00c9TAILS<\/a><\/p>\n<p>&nbsp;<\/p>\n<figure id=\"attachment_54025\" aria-describedby=\"caption-attachment-54025\" style=\"width: 1024px\" class=\"wp-caption aligncenter\"><img decoding=\"async\" loading=\"lazy\" class=\"size-full wp-image-54025\" src=\"https:\/\/www.ludwig-van.com\/montreal\/wp-content\/uploads\/sites\/3\/2018\/05\/2018_Molinari5537-1_web.jpg\" alt=\"Le Quatuor Molinari. (Photo: courtoisie)\" width=\"1024\" height=\"683\" srcset=\"https:\/\/www.ludwig-van.com\/montreal\/wp-content\/uploads\/sites\/3\/2018\/05\/2018_Molinari5537-1_web.jpg 1024w, https:\/\/www.ludwig-van.com\/montreal\/wp-content\/uploads\/sites\/3\/2018\/05\/2018_Molinari5537-1_web-300x200.jpg 300w, https:\/\/www.ludwig-van.com\/montreal\/wp-content\/uploads\/sites\/3\/2018\/05\/2018_Molinari5537-1_web-768x512.jpg 768w\" sizes=\"(max-width: 1024px) 100vw, 1024px\" \/><figcaption id=\"caption-attachment-54025\" class=\"wp-caption-text\">Le Quatuor Molinari. (Photo: courtoisie)<\/figcaption><\/figure>\n<h2>Concert gala du Concours Graham Sommer<\/h2>\n<p>L&rsquo;\u00c9cole de musique Schulich de l&rsquo;Universit\u00e9 McGill pr\u00e9sente le concert et gala de remise des prix du Concours Graham Sommer pour jeunes compositeurs, avec <strong>Sara Laimon<\/strong>, pianiste, et le <strong>Quatuor Molinari<\/strong>. <strong>Samedi 29 septembre, 19 h, salle Pollack<\/strong>. <a href=\"https:\/\/www.mcgill.ca\/gsc\/fr\" target=\"_blank\" rel=\"noopener\">D\u00c9TAILS<\/a><\/p>\n<p>&nbsp;<\/p>\n<figure id=\"attachment_54923\" aria-describedby=\"caption-attachment-54923\" style=\"width: 1024px\" class=\"wp-caption aligncenter\"><img decoding=\"async\" loading=\"lazy\" class=\"size-full wp-image-54923\" src=\"https:\/\/www.ludwig-van.com\/montreal\/wp-content\/uploads\/sites\/3\/2018\/06\/MarcAndreHamelin_Canetty-Clarke-refaite.jpg\" alt=\"Marc-Andr\u00e9 Hamelin. (Cr\u00e9dit: Canetty Clarke)\" width=\"1024\" height=\"682\" srcset=\"https:\/\/www.ludwig-van.com\/montreal\/wp-content\/uploads\/sites\/3\/2018\/06\/MarcAndreHamelin_Canetty-Clarke-refaite.jpg 1024w, https:\/\/www.ludwig-van.com\/montreal\/wp-content\/uploads\/sites\/3\/2018\/06\/MarcAndreHamelin_Canetty-Clarke-refaite-300x200.jpg 300w, https:\/\/www.ludwig-van.com\/montreal\/wp-content\/uploads\/sites\/3\/2018\/06\/MarcAndreHamelin_Canetty-Clarke-refaite-768x512.jpg 768w\" sizes=\"(max-width: 1024px) 100vw, 1024px\" \/><figcaption id=\"caption-attachment-54923\" class=\"wp-caption-text\">Marc-Andr\u00e9 Hamelin. (Cr\u00e9dit: Canetty Clarke)<\/figcaption><\/figure>\n<h2>Marc-Andr\u00e9 Hamelin au LMMC<\/h2>\n<p>Le <a href=\"https:\/\/www.ludwig-van.com\/montreal\/directory\/concerts-lmmc\/\" target=\"_blank\" rel=\"noopener\">LMMC<\/a> re\u00e7oit <strong>Marc-Andr\u00e9 Hamelin<\/strong>. Au programme, des oeuvres de Bach\/Busoni, Schumann, Debussy, Chopin. <strong>Dimanche 30 septembre, 15 h 30, salle Pollack.<\/strong> <a href=\"http:\/\/www.lmmc.ca\/fr\/concert_details.php?concert_id=192\" target=\"_blank\" rel=\"noopener\">D\u00c9TAILS<\/a><\/p>\n<p>&nbsp;<\/p>\n<figure id=\"attachment_49972\" aria-describedby=\"caption-attachment-49972\" style=\"width: 1024px\" class=\"wp-caption aligncenter\"><img decoding=\"async\" loading=\"lazy\" class=\"size-full wp-image-49972\" src=\"https:\/\/www.ludwig-van.com\/montreal\/wp-content\/uploads\/sites\/3\/2017\/11\/Les-idees-heureuses-2015_Web_credit_RobertEtcheverry.jpg\" alt=\"Les id\u00e9es heureuses\" width=\"1024\" height=\"683\" srcset=\"https:\/\/www.ludwig-van.com\/montreal\/wp-content\/uploads\/sites\/3\/2017\/11\/Les-idees-heureuses-2015_Web_credit_RobertEtcheverry.jpg 1024w, https:\/\/www.ludwig-van.com\/montreal\/wp-content\/uploads\/sites\/3\/2017\/11\/Les-idees-heureuses-2015_Web_credit_RobertEtcheverry-300x200.jpg 300w, https:\/\/www.ludwig-van.com\/montreal\/wp-content\/uploads\/sites\/3\/2017\/11\/Les-idees-heureuses-2015_Web_credit_RobertEtcheverry-768x512.jpg 768w\" sizes=\"(max-width: 1024px) 100vw, 1024px\" \/><figcaption id=\"caption-attachment-49972\" class=\"wp-caption-text\">Les Id\u00e9es heureuses. (Photo: Robert Etcheverry)<\/figcaption><\/figure>\n<h2>Id\u00e9es Heureuses: Cantates de Bach<\/h2>\n<p>Dans le cadre de l&rsquo;int\u00e9grale des cantates sacr\u00e9es de Bach, ce sera au tour des Id\u00e9es Heureuses d&rsquo;en pr\u00e9senter, le tout sous la direction de <strong>Nicolas Ellis<\/strong>. Programme:<\/p>\n<p><em>Wer de gl\u00e4ubet und getauft wird<\/em>, BWV 37<br \/>\n<em>Schau lieber Gott, wie mein Feind<\/em>, BWV 153<br \/>\n<em>O heiliges Geist- und Wasserbad<\/em>, BWV 165<br \/>\n<em>Gott soll allein mein Herze haben<\/em>, BWV 169<\/p>\n<p><strong>Dimanche 30 septembre, 14 h, salle Bourgie.<\/strong> <a href=\"https:\/\/www.ludwig-van.com\/montreal\/event\/arte-musica-idees-heureuses-cantates-de-bach\/\" target=\"_blank\" rel=\"noopener\">D\u00c9TAILS<\/a><\/p>\n<p>&nbsp;<\/p>\n<figure id=\"attachment_50467\" aria-describedby=\"caption-attachment-50467\" style=\"width: 1024px\" class=\"wp-caption aligncenter\"><img decoding=\"async\" loading=\"lazy\" class=\"size-full wp-image-50467\" src=\"https:\/\/www.ludwig-van.com\/montreal\/wp-content\/uploads\/sites\/3\/2017\/12\/14-GillesTremblay_courtesy-SMCQ.jpg\" alt=\"Pionniers de la musique qu\u00e9b\u00e9coise: Gilles Tremblay. (Photo: courtoisie SMCQ)\" width=\"1024\" height=\"990\" srcset=\"https:\/\/www.ludwig-van.com\/montreal\/wp-content\/uploads\/sites\/3\/2017\/12\/14-GillesTremblay_courtesy-SMCQ.jpg 1024w, https:\/\/www.ludwig-van.com\/montreal\/wp-content\/uploads\/sites\/3\/2017\/12\/14-GillesTremblay_courtesy-SMCQ-300x290.jpg 300w, https:\/\/www.ludwig-van.com\/montreal\/wp-content\/uploads\/sites\/3\/2017\/12\/14-GillesTremblay_courtesy-SMCQ-768x743.jpg 768w\" sizes=\"(max-width: 1024px) 100vw, 1024px\" \/><figcaption id=\"caption-attachment-50467\" class=\"wp-caption-text\">Pionniers de la musique qu\u00e9b\u00e9coise: Gilles Tremblay. (Photo: courtoisie SMCQ)<\/figcaption><\/figure>\n<h2>Musique de feu \u00e0 la SMCQ<\/h2>\n<p>La SMCQ rend hommage \u00e0 Gilles Tremblay et Fran\u00e7ois Morel,\u00a0 deux compositeurs d\u00e9c\u00e9d\u00e9s au cours de la derni\u00e8re ann\u00e9e.\u00a0Ce concert permettra d&rsquo;entendre des \u0153uvres marquantes de ces pionniers de la musique canadienne, aux c\u00f4t\u00e9s de celle d&rsquo;un de leurs ma\u00eetres, Olivier Messiaen. Concert gratuit dans le cadre des Journ\u00e9es de la culture, sous la direction de Walter Boudreau. <strong>Dimanche, 15 h, sa<\/strong><strong>lle Pierre-Mercure.\u00a0<\/strong><a href=\"http:\/\/www.smcq.qc.ca\/smcq\/fr\/\" target=\"_blank\" rel=\"noopener\">D\u00c9TAILS<\/a><\/p>\n<h2><\/h2>\n<h2>LIRE AUSSI:<\/h2>\n<blockquote class=\"wp-embedded-content\" data-secret=\"iHSDjlJUn6\"><p><a href=\"https:\/\/www.ludwig-van.com\/montreal\/2018\/09\/14\/guide-concerts-a-prix-dami-lautomne-2018\/\">GUIDES LUDWIG VAN | Guide des concerts \u00e0 prix d&rsquo;ami pour l&rsquo;automne 2018<\/a><\/p><\/blockquote>\n<p><iframe class=\"wp-embedded-content\" sandbox=\"allow-scripts\" security=\"restricted\" style=\"position: absolute; clip: rect(1px, 1px, 1px, 1px);\" src=\"https:\/\/www.ludwig-van.com\/montreal\/2018\/09\/14\/guide-concerts-a-prix-dami-lautomne-2018\/embed\/#?secret=iHSDjlJUn6\" data-secret=\"iHSDjlJUn6\" width=\"600\" height=\"338\" title=\"\u00ab\u00a0GUIDES LUDWIG VAN | Guide des concerts \u00e0 prix d&rsquo;ami pour l&rsquo;automne 2018\u00a0\u00bb &#8212; Ludwig Van Montreal\" frameborder=\"0\" marginwidth=\"0\" marginheight=\"0\" scrolling=\"no\"><\/iframe><\/p>\n<p>&nbsp;<\/p>\n<p>&nbsp;<\/p>\n","protected":false},"excerpt":{"rendered":"<p>On sait que la saison est bel et bien commenc\u00e9e lorsque se pointent les conflits d&rsquo;horaire et qu&rsquo;il faut choisir entre cinq ou six concerts le m\u00eame soir. Voici nos choix de la r\u00e9daction pour la semaine du 24 au 30 septembre. <\/p>\n","protected":false},"author":51,"featured_media":56521,"comment_status":"open","ping_status":"open","sticky":false,"template":"","format":"standard","meta":{"om_disable_all_campaigns":false,"jetpack_post_was_ever_published":false},"categories":[16745,10994],"tags":[16421,11882,1949],"yst_prominent_words":[9878,9863,13120,26223,26221,26219,26226,20320,9792,9877,13123,26222,26220,26218,26225,26224,26018,26017,26016,26019],"acf":[],"jetpack_featured_media_url":"https:\/\/www.ludwig-van.com\/montreal\/wp-content\/uploads\/sites\/3\/2018\/09\/AnthonyRothCostanzo_PhotoMatthuPlacek-WEB.jpg","jetpack_sharing_enabled":true,"jetpack_shortlink":"https:\/\/wp.me\/p9bdYt-eHC","amp_enabled":true,"_links":{"self":[{"href":"https:\/\/www.ludwig-van.com\/montreal\/wp-json\/wp\/v2\/posts\/56520"}],"collection":[{"href":"https:\/\/www.ludwig-van.com\/montreal\/wp-json\/wp\/v2\/posts"}],"about":[{"href":"https:\/\/www.ludwig-van.com\/montreal\/wp-json\/wp\/v2\/types\/post"}],"author":[{"embeddable":true,"href":"https:\/\/www.ludwig-van.com\/montreal\/wp-json\/wp\/v2\/users\/51"}],"replies":[{"embeddable":true,"href":"https:\/\/www.ludwig-van.com\/montreal\/wp-json\/wp\/v2\/comments?post=56520"}],"version-history":[{"count":8,"href":"https:\/\/www.ludwig-van.com\/montreal\/wp-json\/wp\/v2\/posts\/56520\/revisions"}],"predecessor-version":[{"id":56536,"href":"https:\/\/www.ludwig-van.com\/montreal\/wp-json\/wp\/v2\/posts\/56520\/revisions\/56536"}],"wp:featuredmedia":[{"embeddable":true,"href":"https:\/\/www.ludwig-van.com\/montreal\/wp-json\/wp\/v2\/media\/56521"}],"wp:attachment":[{"href":"https:\/\/www.ludwig-van.com\/montreal\/wp-json\/wp\/v2\/media?parent=56520"}],"wp:term":[{"taxonomy":"category","embeddable":true,"href":"https:\/\/www.ludwig-van.com\/montreal\/wp-json\/wp\/v2\/categories?post=56520"},{"taxonomy":"post_tag","embeddable":true,"href":"https:\/\/www.ludwig-van.com\/montreal\/wp-json\/wp\/v2\/tags?post=56520"},{"taxonomy":"yst_prominent_words","embeddable":true,"href":"https:\/\/www.ludwig-van.com\/montreal\/wp-json\/wp\/v2\/yst_prominent_words?post=56520"}],"curies":[{"name":"wp","href":"https:\/\/api.w.org\/{rel}","templated":true}]}}