{"id":56498,"date":"2018-09-21T08:33:43","date_gmt":"2018-09-21T12:33:43","guid":{"rendered":"https:\/\/www.ludwig-van.com\/montreal\/?p=56498"},"modified":"2018-09-21T11:29:19","modified_gmt":"2018-09-21T15:29:19","slug":"messages-membres-losq-lance-gaite-parisienne-chez-atma-classique","status":"publish","type":"post","link":"https:\/\/www.ludwig-van.com\/montreal\/2018\/09\/21\/messages-membres-losq-lance-gaite-parisienne-chez-atma-classique\/","title":{"rendered":"MESSAGES DES MEMBRES  | L&rsquo;OSQ lance Ga\u00eet\u00e9 Parisienne chez ATMA Classique"},"content":{"rendered":"<p>&nbsp;<\/p>\n<p style=\"text-align: center;\"><img decoding=\"async\" loading=\"lazy\" class=\"aligncenter size-full wp-image-47095\" src=\"https:\/\/www.ludwig-van.com\/montreal\/wp-content\/uploads\/sites\/3\/2017\/09\/ATMA-logo-bg.jpg\" alt=\"\" width=\"1024\" height=\"102\" srcset=\"https:\/\/www.ludwig-van.com\/montreal\/wp-content\/uploads\/sites\/3\/2017\/09\/ATMA-logo-bg.jpg 1024w, https:\/\/www.ludwig-van.com\/montreal\/wp-content\/uploads\/sites\/3\/2017\/09\/ATMA-logo-bg-300x30.jpg 300w, https:\/\/www.ludwig-van.com\/montreal\/wp-content\/uploads\/sites\/3\/2017\/09\/ATMA-logo-bg-768x77.jpg 768w\" sizes=\"(max-width: 1024px) 100vw, 1024px\" \/><\/p>\n<p style=\"text-align: center;\"><img decoding=\"async\" loading=\"lazy\" class=\"aligncenter size-full wp-image-56299\" src=\"https:\/\/www.ludwig-van.com\/montreal\/wp-content\/uploads\/sites\/3\/2017\/09\/ATMA-gallery2018-Image-1.jpg\" alt=\"\" width=\"1024\" height=\"1024\" srcset=\"https:\/\/www.ludwig-van.com\/montreal\/wp-content\/uploads\/sites\/3\/2017\/09\/ATMA-gallery2018-Image-1.jpg 1024w, https:\/\/www.ludwig-van.com\/montreal\/wp-content\/uploads\/sites\/3\/2017\/09\/ATMA-gallery2018-Image-1-150x150.jpg 150w, https:\/\/www.ludwig-van.com\/montreal\/wp-content\/uploads\/sites\/3\/2017\/09\/ATMA-gallery2018-Image-1-300x300.jpg 300w, https:\/\/www.ludwig-van.com\/montreal\/wp-content\/uploads\/sites\/3\/2017\/09\/ATMA-gallery2018-Image-1-768x768.jpg 768w\" sizes=\"(max-width: 1024px) 100vw, 1024px\" \/><\/p>\n<p>&nbsp;<\/p>\n<p>Pour la premi\u00e8re fois en cinq ans, l\u2019<strong>Orchestre symphonique de Qu\u00e9bec<\/strong> fait para\u00eetre un nouvel album chez <a href=\"https:\/\/www.atmaclassique.com\/Fr\/Albums\/AlbumInfo.aspx?AlbumID=1612\" target=\"_blank\" rel=\"noopener\">ATMA Classique<\/a>. Plac\u00e9 sous la direction de <strong>Fabien Gabel<\/strong>, <em>Ga\u00eet\u00e9 Parisienne<\/em> a \u00e9t\u00e9 con\u00e7u autour du th\u00e8me de la danse : des <em>Valses nobles et sentimentales<\/em> de Maurice Ravel, en passant par le ballet <em>Les Biches<\/em> de Francis Poulenc et la suite <em>Ga\u00eet\u00e9 Parisienne<\/em> de Jacques Offenbach \/ Manuel Rosenthal, cet enregistrement capte un aspect de l\u2019esprit du d\u00e9but du XXe si\u00e8cle \u00e0 Paris.<\/p>\n<p>\u00c0 titre de directeur musical de l\u2019orchestre, <strong>Fabien Gabel<\/strong> explore davantage le r\u00e9pertoire fran\u00e7ais, comme en t\u00e9moigne notre nouvel enregistrement, r\u00e9alis\u00e9 en concert en mai 2018 \u00e0 la salle Louis-Fr\u00e9chette du Grand Th\u00e9\u00e2tre de Qu\u00e9bec. Faisant preuve \u00ab d\u2019une grande sensibilit\u00e9 \u00bb (The Times) le chef fran\u00e7ais <strong>Fabien Gabel<\/strong> est reconnu comme l\u2019une des \u00e9toiles de la nouvelle g\u00e9n\u00e9ration de chefs d\u2019orchestre internationaux, et est r\u00e9guli\u00e8rement invit\u00e9 par des orchestres de premier rang en Europe, en Am\u00e9rique du Nord, en Asie et en Oc\u00e9anie. Il est directeur musical de l\u2019Orchestre symphonique de Qu\u00e9bec depuis septembre 2012.<\/p>\n<p><strong>L\u2019Orchestre symphonique de Qu\u00e9bec<\/strong> est un fid\u00e8le d\u00e9fenseur du r\u00e9pertoire canadien et compte \u00e0 son actif de nombreuses commandes d\u2019\u0153uvres sans oublier son affection pour le grand r\u00e9pertoire orchestral europ\u00e9en et am\u00e9ricain. Gr\u00e2ce \u00e0 cette polyvalence, le son de l\u2019Orchestre s\u2019est vu attribuer \u00e0 maintes reprises le titre de son fran\u00e7ais d\u2019Am\u00e9rique. Cette couleur unique fut l\u00e9gu\u00e9e par plusieurs directeurs musicaux tels Wilfrid Pelletier, Pierre Dervaux, James DePreist, Simon Streatfeild et Yoav Talmi. C\u2019est avec l\u2019arriv\u00e9e de <strong>Fabien Gabel<\/strong> \u00e0 la barre de l\u2019Orchestre en 2012 que celle-ci s\u2019est affin\u00e9e.<\/p>\n<p>La discographie de <strong>l\u2019Orchestre symphonique de Qu\u00e9bec<\/strong> compte aujourd\u2019hui 25 titres, dont cinq sont parus chez ATMA Classique.<\/p>\n<p><strong>LISTE DES PISTES :<\/strong><br \/>\nMaurice Ravel : 1-8.<em>Valses nobles et sentimentales<\/em>; Francis Poulenc : 9-13. Suite <em>Les Biches<\/em>; Jacques Offenbach: 14-29. Suite <em>Ga\u00eet\u00e9 parisienne<\/em><\/p>\n<p><strong>Ga\u00eet\u00e9 Parisienne est en vente \u00e0 compter du 21 septembre 2018<\/strong><\/p>\n<p><a href=\"https:\/\/www.atmaclassique.com\/Fr\/Albums\/AlbumInfo.aspx?AlbumID=1612\" target=\"_blank\" rel=\"noopener\">SE PROCURER GA\u00ceT\u00c9 PARISIENNE<\/a><\/p>\n<p><a href=\"https:\/\/www.ludwig-van.com\/montreal\/directory\/atma-classique\/\" target=\"_blank\" rel=\"noopener\">VOIR LES AUTRES NOUVEAUT\u00c9S D&rsquo;ATMA CLASSIQUE AUTOMNE 2018<\/a><\/p>\n<p>&nbsp;<\/p>\n<p><strong><em>Ce communiqu\u00e9 est un privil\u00e8ge r\u00e9serv\u00e9 aux membres de la communaut\u00e9 musicale de Ludwig van Montr\u00e9al. Pour savoir comment devenir membre, \u00e9crivez-nous \u00e0 caroline@ludwig-van.com\u00a0<\/em><\/strong><\/p>\n","protected":false},"excerpt":{"rendered":"<p>Pour la premi\u00e8re fois en cinq ans, l\u2019Orchestre symphonique de Qu\u00e9bec fait para\u00eetre un nouvel album chez ATMA Classique. <\/p>\n","protected":false},"author":7,"featured_media":56299,"comment_status":"open","ping_status":"open","sticky":false,"template":"","format":"standard","meta":{"om_disable_all_campaigns":false,"jetpack_post_was_ever_published":false},"categories":[16745,11944],"tags":[16421,208,401,26141],"yst_prominent_words":[10411,9847,16683,20854,26144,26139,25819,26146,9813,9808,20851,25631,16689,26143,9838,26145,26142,15862,26148,26147],"acf":[],"jetpack_featured_media_url":"https:\/\/www.ludwig-van.com\/montreal\/wp-content\/uploads\/sites\/3\/2017\/09\/ATMA-gallery2018-Image-1.jpg","jetpack_sharing_enabled":true,"jetpack_shortlink":"https:\/\/wp.me\/p9bdYt-eHg","amp_enabled":true,"_links":{"self":[{"href":"https:\/\/www.ludwig-van.com\/montreal\/wp-json\/wp\/v2\/posts\/56498"}],"collection":[{"href":"https:\/\/www.ludwig-van.com\/montreal\/wp-json\/wp\/v2\/posts"}],"about":[{"href":"https:\/\/www.ludwig-van.com\/montreal\/wp-json\/wp\/v2\/types\/post"}],"author":[{"embeddable":true,"href":"https:\/\/www.ludwig-van.com\/montreal\/wp-json\/wp\/v2\/users\/7"}],"replies":[{"embeddable":true,"href":"https:\/\/www.ludwig-van.com\/montreal\/wp-json\/wp\/v2\/comments?post=56498"}],"version-history":[{"count":7,"href":"https:\/\/www.ludwig-van.com\/montreal\/wp-json\/wp\/v2\/posts\/56498\/revisions"}],"predecessor-version":[{"id":56508,"href":"https:\/\/www.ludwig-van.com\/montreal\/wp-json\/wp\/v2\/posts\/56498\/revisions\/56508"}],"wp:featuredmedia":[{"embeddable":true,"href":"https:\/\/www.ludwig-van.com\/montreal\/wp-json\/wp\/v2\/media\/56299"}],"wp:attachment":[{"href":"https:\/\/www.ludwig-van.com\/montreal\/wp-json\/wp\/v2\/media?parent=56498"}],"wp:term":[{"taxonomy":"category","embeddable":true,"href":"https:\/\/www.ludwig-van.com\/montreal\/wp-json\/wp\/v2\/categories?post=56498"},{"taxonomy":"post_tag","embeddable":true,"href":"https:\/\/www.ludwig-van.com\/montreal\/wp-json\/wp\/v2\/tags?post=56498"},{"taxonomy":"yst_prominent_words","embeddable":true,"href":"https:\/\/www.ludwig-van.com\/montreal\/wp-json\/wp\/v2\/yst_prominent_words?post=56498"}],"curies":[{"name":"wp","href":"https:\/\/api.w.org\/{rel}","templated":true}]}}