{"id":56346,"date":"2018-09-11T14:18:25","date_gmt":"2018-09-11T18:18:25","guid":{"rendered":"https:\/\/www.ludwig-van.com\/montreal\/?p=56346"},"modified":"2018-09-11T14:18:25","modified_gmt":"2018-09-11T18:18:25","slug":"messages-membres-lise-de-la-salle-rachmaninov-osq","status":"publish","type":"post","link":"https:\/\/www.ludwig-van.com\/montreal\/2018\/09\/11\/messages-membres-lise-de-la-salle-rachmaninov-osq\/","title":{"rendered":"MESSAGES DES MEMBRES | Lise de la Salle et Rachmaninov, et lancement de disque"},"content":{"rendered":"<figure id=\"attachment_50203\" aria-describedby=\"caption-attachment-50203\" style=\"width: 700px\" class=\"wp-caption aligncenter\"><img decoding=\"async\" loading=\"lazy\" class=\"size-full wp-image-50203\" src=\"https:\/\/www.ludwig-van.com\/montreal\/wp-content\/uploads\/sites\/3\/2017\/12\/Lise_De_La_Salle_5_CREDIT_Ste\u0301phane_Gallois-calendar.jpg\" alt=\"Lise de la Salle\" width=\"700\" height=\"444\" srcset=\"https:\/\/www.ludwig-van.com\/montreal\/wp-content\/uploads\/sites\/3\/2017\/12\/Lise_De_La_Salle_5_CREDIT_Ste\u0301phane_Gallois-calendar.jpg 700w, https:\/\/www.ludwig-van.com\/montreal\/wp-content\/uploads\/sites\/3\/2017\/12\/Lise_De_La_Salle_5_CREDIT_Ste\u0301phane_Gallois-calendar-300x190.jpg 300w\" sizes=\"(max-width: 700px) 100vw, 700px\" \/><figcaption id=\"caption-attachment-50203\" class=\"wp-caption-text\">Lise De la Salle. (Cr\u00e9dit: St\u00e9phane Gallois)<\/figcaption><\/figure>\n<p><strong>Qu\u00e9bec, mardi 11 septembre 2018<\/strong> \u2013 \u00c0 l\u2019image de sa saison 2018-2019, le concert d\u2019ouverture de l\u2019Orchestre symphonique de Qu\u00e9bec sera \u00e9poustouflant. Sous la direction de <strong>Fabien Gabel<\/strong>, la pianiste <strong>Lise de la Salle<\/strong> sera de passage \u00e0 Qu\u00e9bec le mercredi 19 septembre \u00e0 20 h et le jeudi 20 septembre \u00e0 10 h 30 pour interpr\u00e9ter le c\u00e9l\u00e8bre Troisi\u00e8me concerto de Rachmaninov que l\u2019on disait impossible \u00e0 jouer et pourtant&#8230; Alliant chefs d\u2019\u0153uvre et d\u00e9couvertes, ce concert permettra \u00e9galement d\u2019entendre des \u0153uvres de Borodine et Stravinski. Moment marquant s\u2019il en est, ce concert sera aussi l\u2019occasion pour le public de d\u00e9couvrir en primeur le tout nouvel enregistrement de <strong>l\u2019Orchestre symphonique de Qu\u00e9bec,<\/strong> <em><strong>Ga\u00eet\u00e9 parisienne<\/strong><\/em>, \u00e0 para\u00eetre le 21 septembre prochain sur \u00e9tiquette <strong>ATMA Classique.<\/strong><\/p>\n<h2>Petite histoire d\u2019un rendez-vous manqu\u00e9<\/h2>\n<p>Au cours de la saison 2015-2016, Lise de la Salle avait d\u00e9j\u00e0 donn\u00e9 rendez-vous au public de Qu\u00e9bec avec ce Troisi\u00e8me concerto de Rachmaninov. Retard\u00e9e par une terrible temp\u00eate de neige, elle avait \u00e9t\u00e9 forc\u00e9e de modifier son programme \u00e0 la derni\u00e8re minute. Ces retrouvailles avec l\u2019Orchestre symphonique de Qu\u00e9bec et ce concerto mythique s\u2019annoncent donc teint\u00e9es d\u2019une effervescence palpable tant pour le directeur musical, la jeune soliste que par le public.<\/p>\n<h2>Moments d\u2019\u00e9change avant les concerts<\/h2>\n<p>Le 19 septembre d\u00e8s 19 h, un Pr\u00e9lude anim\u00e9 par <strong>B\u00e9atrice Zacharie<\/strong> et <strong>Fabien Gabel<\/strong> offrira la chance d\u2019approfondir la d\u00e9marche de cr\u00e9ation et de poser un regard \u00e9clair\u00e9 sur le contexte historique dans lequel les \u0153uvres ont \u00e9t\u00e9 compos\u00e9es. Tout de suite apr\u00e8s, l\u2019Orchestre propose d\u2019un pr\u00e9concert, en collaboration avec le <strong>Conservatoire de musique de Qu\u00e9bec<\/strong> et la <strong>Facult\u00e9 de musique de l\u2019Universit\u00e9 Laval.<\/strong> Ces courtes prestations permettent de d\u00e9couvrir des musiciens de la rel\u00e8ve. Le 20 septembre d\u00e8s 9 h, caf\u00e9 et viennoiseries sont offerts par Chartwell, r\u00e9sidences pour retrait\u00e9s. \u00c0 9 h 30, rencontre avec un musicien de l\u2019Orchestre qui parlera de son parcours et de son cheminement.<\/p>\n<p>&nbsp;<\/p>\n<h3 style=\"text-align: center;\"><strong>Lise de la Salle et Rachmaninov<\/strong><\/h3>\n<p style=\"text-align: center;\">Mercredi 19 septembre, 20 h, Grand Th\u00e9\u00e2tre de Qu\u00e9bec &#8211; Pr\u00e9lude et pr\u00e9concert, 19 h<br \/>\nJeudi 20 septembre, 10 h 30, Grand Th\u00e9\u00e2tre de Qu\u00e9bec \u2013 Causerie, 9 h 30<br \/>\nFabien Gabel, chef Lise de la Salle, piano<\/p>\n<p style=\"text-align: center;\"><strong>Au programme :<\/strong><\/p>\n<p style=\"text-align: center;\">Borodine, Le prince Igor, Danse polovtsiennes*<br \/>\nStravinski, Le Chant du rossignol, po\u00e8me symphonique<br \/>\nRachmaninov, Concerto pour piano no 3, en r\u00e9 majeur, opus 30<br \/>\n* Cette oeuvre sera interpr\u00e9t\u00e9e uniquement dans le concert du 19 septembre.<\/p>\n<p style=\"text-align: center;\"><strong>BILLETTERIE<\/strong><br \/>\nAdmission g\u00e9n\u00e9rale : 46,95 $ \u00e0 87,80 $ \/\/ 30 ans et moins : 23 $ \/\/ 16 ans et moins : 15$<br \/>\n<a href=\"https:\/\/www.osq.org\/\" target=\"_blank\" rel=\"noopener\">www.osq.org<\/a> \/\/ Billetterie : 418 643-8131<\/p>\n<p>&nbsp;<\/p>\n<p><strong><em>La publication de ce communiqu\u00e9 est un privil\u00e8ge r\u00e9serv\u00e9 aux membres de Ludwig van Montr\u00e9al. Pour savoir comment devenir membres, \u00e9crivez-nous \u00e0 caroline@ludwig-van.com\u00a0<\/em><\/strong><\/p>\n<p>&nbsp;<\/p>\n","protected":false},"excerpt":{"rendered":"<p>\u00c0 l\u2019image de sa saison 2018-2019, le concert d\u2019ouverture de l\u2019Orchestre symphonique de Qu\u00e9bec sera \u00e9poustouflant. Sous la direction de Fabien Gabel, la pianiste Lise de la Salle sera de passage \u00e0 Qu\u00e9bec le mercredi 19 septembre \u00e0 20 h et le jeudi 20 septembre \u00e0 10 h 30 pour interpr\u00e9ter le c\u00e9l\u00e8bre Troisi\u00e8me concerto de Rachmaninov <\/p>\n","protected":false},"author":7,"featured_media":50203,"comment_status":"open","ping_status":"open","sticky":false,"template":"","format":"standard","meta":{"om_disable_all_campaigns":false,"jetpack_post_was_ever_published":false},"categories":[16745,11944],"tags":[16421,1977,20921],"yst_prominent_words":[25935,25932,23465,20903,25936,16227,20854,20860,9877,25934,9808,20851,15941,25937,25933,9838,10554,15862,20862,25930],"acf":[],"jetpack_featured_media_url":"https:\/\/www.ludwig-van.com\/montreal\/wp-content\/uploads\/sites\/3\/2017\/12\/Lise_De_La_Salle_5_CREDIT_Ste\u0301phane_Gallois-calendar.jpg","jetpack_sharing_enabled":true,"jetpack_shortlink":"https:\/\/wp.me\/p9bdYt-eEO","amp_enabled":true,"_links":{"self":[{"href":"https:\/\/www.ludwig-van.com\/montreal\/wp-json\/wp\/v2\/posts\/56346"}],"collection":[{"href":"https:\/\/www.ludwig-van.com\/montreal\/wp-json\/wp\/v2\/posts"}],"about":[{"href":"https:\/\/www.ludwig-van.com\/montreal\/wp-json\/wp\/v2\/types\/post"}],"author":[{"embeddable":true,"href":"https:\/\/www.ludwig-van.com\/montreal\/wp-json\/wp\/v2\/users\/7"}],"replies":[{"embeddable":true,"href":"https:\/\/www.ludwig-van.com\/montreal\/wp-json\/wp\/v2\/comments?post=56346"}],"version-history":[{"count":2,"href":"https:\/\/www.ludwig-van.com\/montreal\/wp-json\/wp\/v2\/posts\/56346\/revisions"}],"predecessor-version":[{"id":56352,"href":"https:\/\/www.ludwig-van.com\/montreal\/wp-json\/wp\/v2\/posts\/56346\/revisions\/56352"}],"wp:featuredmedia":[{"embeddable":true,"href":"https:\/\/www.ludwig-van.com\/montreal\/wp-json\/wp\/v2\/media\/50203"}],"wp:attachment":[{"href":"https:\/\/www.ludwig-van.com\/montreal\/wp-json\/wp\/v2\/media?parent=56346"}],"wp:term":[{"taxonomy":"category","embeddable":true,"href":"https:\/\/www.ludwig-van.com\/montreal\/wp-json\/wp\/v2\/categories?post=56346"},{"taxonomy":"post_tag","embeddable":true,"href":"https:\/\/www.ludwig-van.com\/montreal\/wp-json\/wp\/v2\/tags?post=56346"},{"taxonomy":"yst_prominent_words","embeddable":true,"href":"https:\/\/www.ludwig-van.com\/montreal\/wp-json\/wp\/v2\/yst_prominent_words?post=56346"}],"curies":[{"name":"wp","href":"https:\/\/api.w.org\/{rel}","templated":true}]}}