{"id":56223,"date":"2018-09-04T11:53:43","date_gmt":"2018-09-04T15:53:43","guid":{"rendered":"https:\/\/www.ludwig-van.com\/montreal\/?p=56223"},"modified":"2018-09-04T11:53:43","modified_gmt":"2018-09-04T15:53:43","slug":"message-membres-alain-lefevre-de-retour-a-orford-musique","status":"publish","type":"post","link":"https:\/\/www.ludwig-van.com\/montreal\/2018\/09\/04\/message-membres-alain-lefevre-de-retour-a-orford-musique\/","title":{"rendered":"MESSAGE DES MEMBRES | Alain Lef\u00e8vre de retour \u00e0 Orford Musique"},"content":{"rendered":"<figure id=\"attachment_52363\" aria-describedby=\"caption-attachment-52363\" style=\"width: 1024px\" class=\"wp-caption aligncenter\"><img decoding=\"async\" loading=\"lazy\" class=\"size-full wp-image-52363\" src=\"https:\/\/www.ludwig-van.com\/montreal\/wp-content\/uploads\/sites\/3\/2018\/03\/Alain-Lefe\u0300vre-Pleins-Feux-sur-les-Territoires-Nordiques-c-OSM.jpg\" alt=\"Le pianiste Alain Lef\u00e8vre participe au Festival printemps nordique \u00e0 l'OSM. (Photo: courtoisie de l'OSM)\" width=\"1024\" height=\"576\" srcset=\"https:\/\/www.ludwig-van.com\/montreal\/wp-content\/uploads\/sites\/3\/2018\/03\/Alain-Lefe\u0300vre-Pleins-Feux-sur-les-Territoires-Nordiques-c-OSM.jpg 1024w, https:\/\/www.ludwig-van.com\/montreal\/wp-content\/uploads\/sites\/3\/2018\/03\/Alain-Lefe\u0300vre-Pleins-Feux-sur-les-Territoires-Nordiques-c-OSM-300x169.jpg 300w, https:\/\/www.ludwig-van.com\/montreal\/wp-content\/uploads\/sites\/3\/2018\/03\/Alain-Lefe\u0300vre-Pleins-Feux-sur-les-Territoires-Nordiques-c-OSM-768x432.jpg 768w\" sizes=\"(max-width: 1024px) 100vw, 1024px\" \/><figcaption id=\"caption-attachment-52363\" class=\"wp-caption-text\">Le pianiste Alain Lef\u00e8vre. (Photo: courtoisie de l&rsquo;OSM)<\/figcaption><\/figure>\n<p>&nbsp;<\/p>\n<p>Orford Musique est fier d\u2019accueillir \u00e0 nouveau le grand <strong>Alain Lef\u00e8vre<\/strong> pour un magnifique concert intimiste le <strong>28 septembre<\/strong> <strong>prochain, \u00e0 20\u00a0h<\/strong>, \u00e0 la salle Gilles-Lefebvre. Pour l\u2019occasion, le bistro d\u2019Orford Musique sera ouvert pour le souper avec un menu gastronomique (places limit\u00e9es, r\u00e9servation requise\u00a0: 819\u00a0843-3981, poste\u00a0233).<\/p>\n<p>&nbsp;<\/p>\n<h2>Au programme<\/h2>\n<p>Consacr\u00e9 par la critique internationale comme \u00e9tant l\u2019un des plus grands interpr\u00e8tes des <em>24\u00a0Pr\u00e9ludes<\/em> de Chopin, <strong>Alain Lef\u00e8vre<\/strong> invite les m\u00e9lomanes \u00e0 partager ces magnifiques pages du piano romantique lors d\u2019un r\u00e9cital tout en passion, \u00e9motion et virtuosit\u00e9. D\u2019ailleurs, le critique Dave Saemann du magazine <em>Fanfare<\/em> \u00ab c\u00e9l\u00e8bre Alain Lef\u00e8vre \u00bb et \u00ab\u00a0se r\u00e9jouit \u00bb de placer son album portant sur cette \u0153uvre de Chopin aux c\u00f4t\u00e9s des enregistrements des \u00ab illustres Alicia de Larrocha, Ivan Moravec et Arthur Rubinstein \u00bb.<\/p>\n<p>&nbsp;<\/p>\n<p>Aussi au programme, la c\u00e9l\u00e8bre et brillante <strong><em>La valse<\/em> de Ravel,<\/strong> dont la finale est tout simplement \u00e0 couper le souffle! Sur une note plus personnelle, <strong>M. Lef\u00e8vre<\/strong> interpr\u00e8tera en seconde partie ses compositions, dont certaines parmi <strong>l<\/strong>es plus \u00e9blouissantes, \u00e9crites dans la tradition pianistique de tr\u00e8s haute voltige. De purs moments de beaut\u00e9 en perspective et du grand piano dans toute sa quintessence!<\/p>\n<p>&nbsp;<\/p>\n<h2>\u00c0 propos d\u2019Alain Lef\u00e8vre<\/h2>\n<p>D\u00e9crit comme un \u00ab\u00a0h\u00e9ros\u00a0\u00bb (<em>Los Angeles Times<\/em>), un \u00ab\u00a0interpr\u00e8te foudroyant\u00a0\u00bb (<em>The Washington Post<\/em>), un \u00ab pianiste qui casse le moule \u00bb (<em>International Piano<\/em>) et qui \u00ab\u00a0s\u2019affirme en dehors des modes typiques et des artifices de la sc\u00e8ne internationale\u00a0\u00bb (<em>Classica<\/em>), <strong>Alain Lef\u00e8vre<\/strong> poursuit une brillante carri\u00e8re. Il a jou\u00e9 dans plus d\u2019une quarantaine de pays sur les sc\u00e8nes les plus prestigieuses telles que le Carnegie Hall, le Kennedy Center, le Royal Albert Hall, le Royal Festival Hall, le Th\u00e9\u00e2tre des Champs-\u00c9lys\u00e9es, le Th\u00e9\u00e2tre du Ch\u00e2telet, le Palais des beaux-arts de Mexico et l\u2019od\u00e9on H\u00e9rode Atticus, pour ne nommer que celles-l\u00e0. Il a collabor\u00e9 avec de grands chefs et orchestres de renom et particip\u00e9 \u00e0 de nombreux festivals internationaux, notamment Ravinia, Saratoga, Wolf Trap, Cervantino ainsi que ceux d\u2019Ath\u00e8nes et d\u2019Istanbul.<\/p>\n<p>&nbsp;<\/p>\n<p><strong>Lef\u00e8vre<\/strong> est laur\u00e9at de nombreux prix, dont un JUNO, un Opus et dix F\u00e9lix (ADISQ), et a remport\u00e9 un AIB Award d\u00e9cern\u00e9 \u00e0 Londres pour la Personnalit\u00e9 internationale de l\u2019ann\u00e9e \u2013 Radio, pour son \u00e9mission radio diffus\u00e9e sur les ondes d\u2019ICI Musique de Radio-Canada. Il est Officier de l\u2019Ordre du Canada, Chevalier de l\u2019Ordre national du Qu\u00e9bec et Chevalier de l\u2019Ordre de la Pl\u00e9iade. Il s\u2019est r\u00e9cemment joint \u00e0 la prestigieuse maison de disques internationale Warner Classics.<strong>\u00a0<\/strong><\/p>\n<p>&nbsp;<\/p>\n<h2>Billetterie<\/h2>\n<p>3165, chemin du Parc<\/p>\n<p>Orford (Qu\u00e9bec) \u00a0J1X 7A2<\/p>\n<p>1\u00a0800\u00a0567-6155<\/p>\n<p>billetterie@orford.mu<\/p>\n<p>&nbsp;<\/p>\n<h2>\u00c0 propos d\u2019Orford Musique<\/h2>\n<p>Situ\u00e9 au c\u0153ur du parc national du Mont-Orford, Orford Musique est avant tout une Acad\u00e9mie de musique classique de haut niveau dont la mission est de stimuler la cr\u00e9ativit\u00e9 des jeunes musiciens \u00e0 leurs d\u00e9buts et pendant le d\u00e9veloppement de leur vie professionnelle.<\/p>\n<p>&nbsp;<\/p>\n<div class=\"layoutArea\">\n<p><strong><em>La publication de ce communiqu\u00e9 de presse est un privil\u00e8ge r\u00e9serv\u00e9 aux membres de la Communaut\u00e9 musicale de Ludwig van Montr\u00e9al. Pour savoir comment devenir membre, \u00e9crivez-nous \u00e0 caroline@ludwig-van.com<\/em><\/strong><\/p>\n<\/div>\n","protected":false},"excerpt":{"rendered":"<p>Orford Musique est fier d\u2019accueillir \u00e0 nouveau le grand Alain Lef\u00e8vre pour un magnifique concert intimiste le 28 septembre prochain, \u00e0 20\u00a0h, \u00e0 la salle Gilles-Lefebvre. Pour l\u2019occasion, le bistro d\u2019Orford Musique sera ouvert pour le souper avec un menu gastronomique (places limit\u00e9es, r\u00e9servation requise\u00a0: 819\u00a0843-3981, poste\u00a0233).<\/p>\n","protected":false},"author":7,"featured_media":52363,"comment_status":"open","ping_status":"open","sticky":false,"template":"","format":"standard","meta":{"om_disable_all_campaigns":false,"jetpack_post_was_ever_published":false},"categories":[16745,11944],"tags":[22675,17332,25753],"yst_prominent_words":[8644,8516,25752,16086,25751,17841,10933,21499,21500,15142,12443,10442,10954,9811,21680,21689,10430,7141,8313,14779],"acf":[],"jetpack_featured_media_url":"https:\/\/www.ludwig-van.com\/montreal\/wp-content\/uploads\/sites\/3\/2018\/03\/Alain-Lefe\u0300vre-Pleins-Feux-sur-les-Territoires-Nordiques-c-OSM.jpg","jetpack_sharing_enabled":true,"jetpack_shortlink":"https:\/\/wp.me\/p9bdYt-eCP","amp_enabled":true,"_links":{"self":[{"href":"https:\/\/www.ludwig-van.com\/montreal\/wp-json\/wp\/v2\/posts\/56223"}],"collection":[{"href":"https:\/\/www.ludwig-van.com\/montreal\/wp-json\/wp\/v2\/posts"}],"about":[{"href":"https:\/\/www.ludwig-van.com\/montreal\/wp-json\/wp\/v2\/types\/post"}],"author":[{"embeddable":true,"href":"https:\/\/www.ludwig-van.com\/montreal\/wp-json\/wp\/v2\/users\/7"}],"replies":[{"embeddable":true,"href":"https:\/\/www.ludwig-van.com\/montreal\/wp-json\/wp\/v2\/comments?post=56223"}],"version-history":[{"count":4,"href":"https:\/\/www.ludwig-van.com\/montreal\/wp-json\/wp\/v2\/posts\/56223\/revisions"}],"predecessor-version":[{"id":56230,"href":"https:\/\/www.ludwig-van.com\/montreal\/wp-json\/wp\/v2\/posts\/56223\/revisions\/56230"}],"wp:featuredmedia":[{"embeddable":true,"href":"https:\/\/www.ludwig-van.com\/montreal\/wp-json\/wp\/v2\/media\/52363"}],"wp:attachment":[{"href":"https:\/\/www.ludwig-van.com\/montreal\/wp-json\/wp\/v2\/media?parent=56223"}],"wp:term":[{"taxonomy":"category","embeddable":true,"href":"https:\/\/www.ludwig-van.com\/montreal\/wp-json\/wp\/v2\/categories?post=56223"},{"taxonomy":"post_tag","embeddable":true,"href":"https:\/\/www.ludwig-van.com\/montreal\/wp-json\/wp\/v2\/tags?post=56223"},{"taxonomy":"yst_prominent_words","embeddable":true,"href":"https:\/\/www.ludwig-van.com\/montreal\/wp-json\/wp\/v2\/yst_prominent_words?post=56223"}],"curies":[{"name":"wp","href":"https:\/\/api.w.org\/{rel}","templated":true}]}}