{"id":55995,"date":"2018-08-21T12:44:55","date_gmt":"2018-08-21T16:44:55","guid":{"rendered":"https:\/\/www.ludwig-van.com\/montreal\/?p=55995"},"modified":"2018-08-21T12:44:55","modified_gmt":"2018-08-21T16:44:55","slug":"nouvelle-scmq-devoile-programmation-2018-2019","status":"publish","type":"post","link":"https:\/\/www.ludwig-van.com\/montreal\/2018\/08\/21\/nouvelle-scmq-devoile-programmation-2018-2019\/","title":{"rendered":"NOUVELLE  | La SCMQ d\u00e9voile sa programmation 2018-2019"},"content":{"rendered":"<figure id=\"attachment_55996\" aria-describedby=\"caption-attachment-55996\" style=\"width: 700px\" class=\"wp-caption aligncenter\"><img decoding=\"async\" loading=\"lazy\" class=\"size-full wp-image-55996\" src=\"https:\/\/www.ludwig-van.com\/montreal\/wp-content\/uploads\/sites\/3\/2018\/08\/SMCQ-cr-Angel-Montiel.png\" alt=\"La SMCQ annonce une programmation 2018-2019 sous le signe des Grands espaces. (Cr\u00e9dit: Angel Montiel)\" width=\"700\" height=\"446\" srcset=\"https:\/\/www.ludwig-van.com\/montreal\/wp-content\/uploads\/sites\/3\/2018\/08\/SMCQ-cr-Angel-Montiel.png 700w, https:\/\/www.ludwig-van.com\/montreal\/wp-content\/uploads\/sites\/3\/2018\/08\/SMCQ-cr-Angel-Montiel-300x191.png 300w\" sizes=\"(max-width: 700px) 100vw, 700px\" \/><figcaption id=\"caption-attachment-55996\" class=\"wp-caption-text\">La SMCQ annonce une programmation 2018-2019 sous le signe des Grands espaces. (Cr\u00e9dit: Angel Montiel)<\/figcaption><\/figure>\n<p>&nbsp;<\/p>\n<h2 style=\"text-align: center;\">Saison 2018-2019<br \/>\nLa musique contemporaine envahit les \u00abGrands Espaces\u00bb<\/h2>\n<p>Montr\u00e9al, le 21 ao\u00fbt 2018 \u0096 &#8211; La <strong>Soci\u00e9t\u00e9 de musique contemporaine du Qu\u00e9bec<\/strong> (SMCQ) amorce sa 53e saison sous le signe des \u00ab Grands Espaces \u00bb. Ce th\u00e8me traduit une volont\u00e9 d&rsquo;ouverture et de mouvement pour le directeur artistique <strong>Walter Boudreau<\/strong>, et marquera notamment la 9e \u00e9dition du festival Montr\u00e9al\/Nouvelles Musiques (MNM), en f\u00e9vrier prochain, tout comme les concerts r\u00e9guliers et le volet jeunesse.<\/p>\n<p>\u00ab Pr\u00e9senter une musique des \u00ab Grands Espaces \u00bb, c&rsquo;est pr\u00e9senter des \u009cuvres qui exploitent le plein potentiel r\u00e9sonant des personnes, des instruments et des lieux de diffusion. Mais c&rsquo;est aussi faire tomber les murs, permettre \u00e0 la musique contemporaine d&rsquo;ici de \u00ab prendre l&rsquo;air ! \u00bb, affirme M. Boudreau.<\/p>\n<h2>Concerts d&rsquo;automne<\/h2>\n<p><strong>Musique(s) du feu<\/strong> : V\u00e9ritable tradition pour la SMCQ, le coup d&rsquo;envoi de la saison sera donn\u00e9 par un grand concert gratuit avec l&rsquo;Ensemble de la SMCQ \u00e0 l&rsquo;occasion des Journ\u00e9es de la culture. En l&rsquo;honneur des compositeurs Gilles Tremblay et Fran\u00e7ois Morel, d\u00e9c\u00e9d\u00e9s l&rsquo;an dernier, ce concert fera p\u00e9n\u00e9trer dans une v\u00e9ritable cath\u00e9drale sonore avec une musique qui \u00e9voque tant\u00f4t le chant gr\u00e9gorien (Tremblay), tant\u00f4t les faisceaux color\u00e9s d&rsquo;une lumi\u00e8re filtr\u00e9e par des vitraux (Morel). Couronn\u00e9 par une \u009cuvre orchestrale du \u00ab ma\u00eetre de ces ma\u00eetres \u00bb, Olivier Messiaen, inspir\u00e9e de grands espaces sacr\u00e9s, ce concert rend un hommage post mortem aussi majestueux que lumineux. <strong>Le 30 septembre 2018 \u00e0 15h30, \u00e0 la Salle Pierre-Mercure<\/strong>.<\/p>\n<p><strong>Cendrillon \u00e0 Berlin<\/strong> : <strong>Jean-Fran\u00e7ois Rivest<\/strong> et <strong>Walter Boudreau<\/strong> se partageront la direction de l&rsquo;<strong>Orchestre de l&rsquo;Universit\u00e9 de Montr\u00e9al<\/strong> dans un programme qui fera voyager les spectateurs de Moscou \u00e0 Berlin en passant par Montr\u00e9al. Entre Cendrillon, mythique ballet de Prokofiev, et le quatri\u00e8me volet des Berliner Momente de Boudreau, fortement inspir\u00e9e de pages c\u00e9l\u00e8bres de Haydn et Wagner, les deux chefs offriront une musique orchestrale porteuse de la plus grande tradition symphonique. Aussi au programme : une cr\u00e9ation de la compositrice Keiko Devaux, gagnante du Concours de composition de l&rsquo;OUM.<strong> Le 8 d\u00e9cembre 2018 \u00e0 19h30, \u00e0 la Maison Symphonique<\/strong>. Avec la participation des \u00e9l\u00e8ves de l&rsquo;\u00c9cole sup\u00e9rieure de ballet du Qu\u00e9bec (dir. Anik Bissonnette).<\/p>\n<h2>Festival d&rsquo;hiver<\/h2>\n<p>MNM, qui en est \u00e0 sa 9e \u00e9dition, exploitera pleinement toutes les facettes de la th\u00e9matique de l&rsquo;ann\u00e9e : \u00e9v\u00e9nements donn\u00e9s dans de vastes espaces de diffusion tels que l&rsquo;oratoire Saint-Joseph et le Complexe Desjardins, spatialisation sonore avec dispositifs \u00e9lectroniques dans le d\u00f4me de la Soci\u00e9t\u00e9 des arts technologiques (SAT), \u009cuvres inspir\u00e9es des grands espaces du nord canadien, diffusion ext\u00e9rieure, etc. Des artistes de Montr\u00e9al, de Toronto, de Halifax, ou du Nunavik, des \u00c9tats-Unis, de France, d&rsquo;Allemagne; des \u009cuvres pour petits et grands ensembles, tant\u00f4t avec \u00e9lectronique, danse ou vid\u00e9o, tant\u00f4t dans la plus grande simplicit\u00e9 instrumentale. Un rassemblement de 10 jours, pour d\u00e9couvrir les musiques d&rsquo;aujourd&rsquo;hui dans toute leur diversit\u00e9. <strong>Du 21 f\u00e9vrier au 2 mars 2019, dans diff\u00e9rentes salles de Montr\u00e9al.<\/strong> D\u00e9tails de la programmation \u00e0 venir.<\/p>\n<h2>Pour les jeunes<\/h2>\n<p>Le volet jeunesse continuera cette ann\u00e9e sur son \u00e9lan des saisons pass\u00e9es, avec une multitude d&rsquo;activit\u00e9s autant pour les familles que pour le r\u00e9seau scolaire. Mentionnons notamment :<\/p>\n<p>1-<strong>Chantons nos compositeurs d&rsquo;Est en Ouest<\/strong> : D\u00e9velopp\u00e9 autour du recueil de compositions originales pour ch\u009curs scolaires Chantons nos compositeurs, la SMCQ permettra cette ann\u00e9e encore \u00e0 des groupes scolaires \u00e0 travers le pays de recevoir dans leur classe un compositeur dont ils auront pr\u00e9alablement \u00e9tudi\u00e9 l&rsquo;\u009cuvre.<\/p>\n<p>2-<strong>Compositeurs en herbe<\/strong> : \u00c0 partir de guides d&rsquo;activit\u00e9s de cr\u00e9ation con\u00e7us et distribu\u00e9s par la SMCQ, des groupes scolaires composeront leur propre \u009cuvre inspir\u00e9e d&rsquo;une \u009cuvre d&rsquo;un compositeur qu\u00e9b\u00e9cois et viendront la pr\u00e9senter au public.<\/p>\n<p>3-<strong>Choralies<\/strong> : En mai 2019, \u00e0 l&rsquo;occasion du grand rassemblement annuel des Choralies \u00e0 Gatineau, des ch\u009curs scolaires interpr\u00e9teront en grande premi\u00e8re la toute nouvelle \u009cuvre de la compositrice Katia Makdissi-Warren \u00e9crite pour eux, \u00e0 la suite d&rsquo;une commande de la SMCQ. Un premier pas dans la S\u00e9rie qui sera consacr\u00e9e \u00e0 cette artiste la prochaine saison.<\/p>\n<p>4-<strong>Plateforme web<\/strong> : La plateforme web \u00e9ducative de la SMCQ, qui aura permis de rejoindre plus de 22 000 enfants la saison derni\u00e8re, continuera \u00e0 \u00eatre d\u00e9velopp\u00e9e et enrichie, permettant \u00e0 des centaines d&rsquo;enseignants \u00e0 travers le monde de conna\u00eetre nos compositeurs et de s&rsquo;initier \u00e0 la musique contemporaine.<\/p>\n<p>5-<strong>Spectacles<\/strong> : En plus de poursuivre ses tourn\u00e9es avec le spectacle musical Le piano muet, la SMCQ pr\u00e9pare une toute nouvelle cr\u00e9ation pour jeune public, qui sera cr\u00e9\u00e9e au printemps 2019.<\/p>\n<h2>Ann\u00e9e pr\u00e9paratoire pour la S\u00e9rie hommage<\/h2>\n<p>Rappelons que tout au long de la saison, la SMCQ pr\u00e9parera la prochaine \u00e9dition de la S\u00e9rie hommage, consacr\u00e9e \u00e0 la compositrice <strong>Katia Makdissi-Warren<\/strong>. Les organismes culturels, artistes et musiciens de tous horizons souhaitant inscrire une activit\u00e9 dans le cadre de cette s\u00e9rie entre septembre 2019 et septembre 2020 sont invit\u00e9s <a href=\"https:\/\/docs.google.com\/forms\/d\/1Iv5iIaNwB5mzA1bEJYXDPmTmLP7V5luqJXtV2_pV6Ag\/viewform?edit_requested=true\" target=\"_blank\" rel=\"noopener\">\u00e0 remplir un court formulaire en ligne.<\/a><\/p>\n<p>Par le choix de cette compositrice \u00e9tablie ayant relev\u00e9 avec sensibilit\u00e9 le d\u00e9fi de cr\u00e9er des rencontres entre musiques de traditions vari\u00e9es en abolissant les fronti\u00e8res, Walter Boudreau pose un geste concret en faveur de la reconnaissance d&rsquo;une musique contemporaine ouverte sur le monde.<\/p>\n<h2>\u00c0 propos de la SMCQ<\/h2>\n<p>Au c\u009coeur de la cr\u00e9ation musicale depuis plus de 50 ans, la SMCQ se consacre \u00e0 la valorisation du travail des compositeurs. Au fil des ann\u00e9es, elle s&rsquo;est impos\u00e9e sur la sc\u00e8ne culturelle par la qualit\u00e9 et l&rsquo;envergure de ses concerts et activit\u00e9s, qui se d\u00e9marquent par leur aspect rassembleur. Pour conna\u00eetre tous les projets de la SMCQ, <a href=\"http:\/\/www.smcq.qc.ca\/smcq\/fr\/apropos\/liste\/\" target=\"_blank\" rel=\"noopener\">inscrivez-vous \u00e0 l&rsquo;infolettre<\/a><\/p>\n<p><strong><em>La publication de ce communiqu\u00e9 est un privil\u00e8ge r\u00e9serv\u00e9 aux membres de la Communaut\u00e9 musicale de Ludwig van Montr\u00e9al. Pour savoir comment devenir membre, \u00e9crivez-nous \u00e0 caroline@ludwig-van.com\u00a0<\/em><\/strong><\/p>\n<p>&nbsp;<\/p>\n<p>&nbsp;<\/p>\n","protected":false},"excerpt":{"rendered":"<p>La Soci\u00e9t\u00e9 de musique contemporaine du Qu\u00e9bec (SMCQ) amorce sa 53e saison sous le signe des \u00ab Grands Espaces \u00bb. Ce th\u00e8me traduit une volont\u00e9 d&rsquo;ouverture et de mouvement pour le directeur artistique Walter Boudreau, et marquera notamment la 9e \u00e9dition du festival Montr\u00e9al\/Nouvelles Musiques (MNM), en f\u00e9vrier prochain, tout comme les concerts r\u00e9guliers et le volet jeunesse.<\/p>\n","protected":false},"author":7,"featured_media":55996,"comment_status":"open","ping_status":"open","sticky":false,"template":"","format":"standard","meta":{"om_disable_all_campaigns":false,"jetpack_post_was_ever_published":false},"categories":[16745,10956,10992],"tags":[11968,11966],"yst_prominent_words":[25415,22471,25419,11026,25425,25424,10842,25413,25420,25426,7694,9811,10213,25421,10546,11037,25427,11029,11038,11174],"acf":[],"jetpack_featured_media_url":"https:\/\/www.ludwig-van.com\/montreal\/wp-content\/uploads\/sites\/3\/2018\/08\/SMCQ-cr-Angel-Montiel.png","jetpack_sharing_enabled":true,"jetpack_shortlink":"https:\/\/wp.me\/p9bdYt-ez9","amp_enabled":true,"_links":{"self":[{"href":"https:\/\/www.ludwig-van.com\/montreal\/wp-json\/wp\/v2\/posts\/55995"}],"collection":[{"href":"https:\/\/www.ludwig-van.com\/montreal\/wp-json\/wp\/v2\/posts"}],"about":[{"href":"https:\/\/www.ludwig-van.com\/montreal\/wp-json\/wp\/v2\/types\/post"}],"author":[{"embeddable":true,"href":"https:\/\/www.ludwig-van.com\/montreal\/wp-json\/wp\/v2\/users\/7"}],"replies":[{"embeddable":true,"href":"https:\/\/www.ludwig-van.com\/montreal\/wp-json\/wp\/v2\/comments?post=55995"}],"version-history":[{"count":1,"href":"https:\/\/www.ludwig-van.com\/montreal\/wp-json\/wp\/v2\/posts\/55995\/revisions"}],"predecessor-version":[{"id":55997,"href":"https:\/\/www.ludwig-van.com\/montreal\/wp-json\/wp\/v2\/posts\/55995\/revisions\/55997"}],"wp:featuredmedia":[{"embeddable":true,"href":"https:\/\/www.ludwig-van.com\/montreal\/wp-json\/wp\/v2\/media\/55996"}],"wp:attachment":[{"href":"https:\/\/www.ludwig-van.com\/montreal\/wp-json\/wp\/v2\/media?parent=55995"}],"wp:term":[{"taxonomy":"category","embeddable":true,"href":"https:\/\/www.ludwig-van.com\/montreal\/wp-json\/wp\/v2\/categories?post=55995"},{"taxonomy":"post_tag","embeddable":true,"href":"https:\/\/www.ludwig-van.com\/montreal\/wp-json\/wp\/v2\/tags?post=55995"},{"taxonomy":"yst_prominent_words","embeddable":true,"href":"https:\/\/www.ludwig-van.com\/montreal\/wp-json\/wp\/v2\/yst_prominent_words?post=55995"}],"curies":[{"name":"wp","href":"https:\/\/api.w.org\/{rel}","templated":true}]}}