{"id":55476,"date":"2018-07-21T10:55:10","date_gmt":"2018-07-21T14:55:10","guid":{"rendered":"https:\/\/www.ludwig-van.com\/montreal\/?p=55476"},"modified":"2020-03-29T11:04:23","modified_gmt":"2020-03-29T15:04:23","slug":"deces-krzysztof-penderecki-what-happened-to-the-composers","status":"publish","type":"post","link":"https:\/\/www.ludwig-van.com\/montreal\/2018\/07\/21\/deces-krzysztof-penderecki-what-happened-to-the-composers\/","title":{"rendered":"NOUVELLE  | Le compositeur Krzysztof Penderecki est d\u00e9c\u00e9d\u00e9"},"content":{"rendered":"<figure id=\"attachment_55478\" aria-describedby=\"caption-attachment-55478\" style=\"width: 1024px\" class=\"wp-caption aligncenter\"><img decoding=\"async\" loading=\"lazy\" class=\"size-full wp-image-55478\" src=\"https:\/\/www.ludwig-van.com\/montreal\/wp-content\/uploads\/sites\/3\/2018\/07\/Penderecki-cr-Arthur-Kaptainis-web-1.jpg\" alt=\"Krzysztof Penderecki in his home, in Krakow. (Photo: Arthur Kaptainis)\" width=\"1024\" height=\"1365\" srcset=\"https:\/\/www.ludwig-van.com\/montreal\/wp-content\/uploads\/sites\/3\/2018\/07\/Penderecki-cr-Arthur-Kaptainis-web-1.jpg 1024w, https:\/\/www.ludwig-van.com\/montreal\/wp-content\/uploads\/sites\/3\/2018\/07\/Penderecki-cr-Arthur-Kaptainis-web-1-225x300.jpg 225w, https:\/\/www.ludwig-van.com\/montreal\/wp-content\/uploads\/sites\/3\/2018\/07\/Penderecki-cr-Arthur-Kaptainis-web-1-768x1024.jpg 768w\" sizes=\"(max-width: 1024px) 100vw, 1024px\" \/><figcaption id=\"caption-attachment-55478\" class=\"wp-caption-text\">Krzysztof Penderecki in his home, in Krakow. (Photo: Arthur Kaptainis)<\/figcaption><\/figure>\n<p><strong>MISE \u00c0 JOUR EN DATE DU 29 MARS 2020<\/strong> &#8211; C&rsquo;est avec tristesse que nous avons appris ce matin le d\u00e9c\u00e8s du grand compositeur et chef d&rsquo;orchestre polonais <strong>Krzysztof Penderecki, <\/strong>qui vient de nous quitter \u00e0 l&rsquo;\u00e2ge de 86 ans. En 2018, notre collaborateur, Arthur Kaptainis, le rencontrait \u00e0 Cracovie pour un entretien passionnant.<\/p>\n<p>***<\/p>\n<p>KRAKOW \u2013 <strong>Krzysztof Penderecki<\/strong> could not say for sure which of his many works is the most performed. \u201cThis is a question for my publisher more than for me,\u201d he commented in his spacious and traditionally appointed home in the outskirts of the second city of Poland.<\/p>\n<p>Yet this most distinguished and discussed of living European composers is fairly confident that the <em>Passio et mors Domini nostri Jesu Christi secundum Lucam<\/em> \u2013 known in English as the St. Luke Passion and in French as the Passion selon saint Luc \u2013 numbers among the contenders.<\/p>\n<p>\u201cThis was a piece that found audiences from the beginning,\u201d Penderecki said of the 70-minute oratorio, which was first given in 1966 in the rebuilt cathedral of the German city of M\u00fcnster.<\/p>\n<p>As followers of the OSM are aware, the Passion found a new audience on July 14 at the Lanaudi\u00e8re Festival, where <strong>Kent Nagano<\/strong> led the OSM Chorus. On July 18 the conductor and orchestra were at it again in the ICE Congress Centre in Krak\u00f3w, a curvy modern concert hall and conference complex overlooking a bend in the Vistula River.<\/p>\n<p>Then on July 20 they took the piece to the Felsenreitschule Theatre in Salzburg as the official opening he immensely prestigious Salzburg Festival. Joining them in Krak\u00f3w and Salzburg were four international soloists (including narrator) and the Krak\u00f3w Philharmonic Choir and Warsaw Boys Choir. Expect a recording of the live performance of the Salzburg performance on the BIS label.<\/p>\n<p>Penderecki was present in Krak\u00f3w and Salzburg to accept his accolades beside Nagano and company. Not that he gets out to concerts all that often. \u201cEvery day I work on music,\u201d he said. \u201cI have not much time.\u201d<\/p>\n<p>&nbsp;<\/p>\n<figure id=\"attachment_55480\" aria-describedby=\"caption-attachment-55480\" style=\"width: 960px\" class=\"wp-caption aligncenter\"><img decoding=\"async\" loading=\"lazy\" class=\"size-full wp-image-55480\" src=\"https:\/\/www.ludwig-van.com\/montreal\/wp-content\/uploads\/sites\/3\/2018\/07\/Penderecki-Nagano-Cracovie.jpg\" alt=\"Penderecki and Kent Nagano, shaking hands after the concert in Krakow, on July 18th. (Photo: page Facebook de l'OSM)\" width=\"960\" height=\"640\" srcset=\"https:\/\/www.ludwig-van.com\/montreal\/wp-content\/uploads\/sites\/3\/2018\/07\/Penderecki-Nagano-Cracovie.jpg 960w, https:\/\/www.ludwig-van.com\/montreal\/wp-content\/uploads\/sites\/3\/2018\/07\/Penderecki-Nagano-Cracovie-300x200.jpg 300w, https:\/\/www.ludwig-van.com\/montreal\/wp-content\/uploads\/sites\/3\/2018\/07\/Penderecki-Nagano-Cracovie-768x512.jpg 768w\" sizes=\"(max-width: 960px) 100vw, 960px\" \/><figcaption id=\"caption-attachment-55480\" class=\"wp-caption-text\">Penderecki and Kent Nagano, shaking hands after the concert in Krakow, on July 18th. (Photo: page Facebook de l&rsquo;OSM)<\/figcaption><\/figure>\n<p>I asked whether he used a piano to compose, no piano being visible among the oriental carpets, vintage books and historical canvases.<\/p>\n<p>\u201cI have an upright piano, small one, out of tune,\u201d he said. \u201cI\u2019m actually not using it.\u201d<\/p>\n<p>Might this in part explain the absence of solo piano music from his otherwise variegated oeuvre?<\/p>\n<p>\u201cOf course, I love Chopin\u2019s piano music,\u201d Penderecki clarified. \u201cBut there is so much music written for piano. I am not going to write piano sonatas.\u201d<\/p>\n<p>Looking at least a decade younger than his 84 years, Penderecki remains industrious. With pencil and paper, mind you, software being entirely foreign to his psychology.<\/p>\n<p>The day before the interview, he finished the Polonaise No. 2. It was a weekend\u2019s work. Like the Polonaise of 2015, this is light music in a humorous vein.<\/p>\n<p>Might we expect more gravitas from the Symphony No. 9?<\/p>\n<p>\u201cGood question,\u201d he said. \u201cOf course, I am going to write it. I have sketches. But I am not in a hurry. I want this piece to be an important piece. The Ninth Symphony is supposed to be something special.\u201d<\/p>\n<p>An hour in length?<\/p>\n<p>\u201cForty minutes, something like that. I\u2019m writing one big movement. I\u2019m not sure if it will be with choir or not.<\/p>\n<p>\u201cI have sketches. I cannot say anything more. Absolutely different sketches, which I can put together, or maybe start from the beginning.\u201d<\/p>\n<p>We can probably expect something substantial. While Penderecki has produced his share of chamber works and concertos, he remains best known for big-format scores, often connected to a sacred text or resonant historical theme.<\/p>\n<p>Twenty years ago, Montrealers heard him in Notre Dame Basilica leading the OSM through the <em>Polish Requiem<\/em>, inspired in part by the Katyn massacre of Polish officers in the Second World War. This harrowing 100-minute-plus opus of 1984 had its beginnings in a <em>Lacrimosa<\/em> dedicated to the victims of the 1980 workers\u2019 uprising in Gdansk.<\/p>\n<p>In 1996 <strong>Charles Dutoit<\/strong> led the OSM through the North American premiere (and, in Carnegie Hall, the American premiere) of the industrial-strength Symphony No. 3. In 2015 Penderecki was in Montreal to lead the OSM Chorus in the Canadian premiere of <em>Psalm 3<\/em>, a setting written as an observance of the centenary of the Armenian Genocide. The composer had a grandmother of Armenian descent.<\/p>\n<p>The list of substantial statements could go on. The Symphony No. 7 (\u201cSeven Gates of Jerusalem\u201d) of 1997 was a celebration of the 3,000th anniversary of the city of the subtitle, the Symphony No. 8 of 2007, a sequence of settings of German poems.<\/p>\n<p>The <em>Dies Illa<\/em> of 2014 \u2013 passages of which could be mistaken for Berlioz \u2013 reaffirmed the composer\u2019s interest in large-scale sacred composition and firm dedication to the harmonic language of the past.<\/p>\n<p>\u201cI just wanted once to write an absolutely tonal work,\u201d he explained.<\/p>\n<p>The St. Luke Passion is cut from a different cloth. Glissandi are common in strings and voices, clusters are frequent in the organ and brass. Drummers bang manically. Choristers hiss, chatter, shout and howl almost as often as they sing.<\/p>\n<p>Yet despite these strange sounds, or arguably because of them, the St. Luke Passion communicates directly to listeners in a way other experimental scores of its era do not. Its devotional nature was another oddity in 1966, when contemporary composers had abandoned religious subjects (and certainly received no encouragement from Communist authorities to praise the Almighty).<\/p>\n<p>There are, to be sure, motifs and melodies in the Passion, and two 12-tone rows, one quoting B-A-C-H. The final chord is an E Major triad, which is harmonically prepared for, unlike the sudden C Major chord that ends the otherwise utterly atonal <em>Polymorphia<\/em> of 1961.<\/p>\n<p>As far as Penderecki has come since his avant-garde period \u2013 of which the most famous product will always be the <em>Threnody for Victims of Hiroshima<\/em> of 1960 \u2013 he remains devoted to these early scores and comfortable with his decision to leave modernism in the modern sense behind.<\/p>\n<p>&nbsp;<\/p>\n<blockquote><p>\u201cI couldn\u2019t write all my life using the same musical language. I developed, and my music developed with me. It became maybe, we could say, more logical also.\u201d &#8211;\u00a0Krzysztof Penderecki<\/p><\/blockquote>\n<p>&nbsp;<\/p>\n<p>Certainly more accessible to people with tonal expectations. Bruckner, Mahler, Shostakovich and Sibelius are some of the sources critics detect, rightly or wrongly, in works from 1980 onward. Last April in Washington this writer heard the Indianapolis Symphony Orchestra perform Penderecki\u2019s Credo of 1998. Mahler\u2019s ghost made a few appearances.<\/p>\n<p>Is Penderecki\u2019s music, once so forward-looking, now too redolent of the past?<\/p>\n<p>\u201cYou cannot write a piece that is not connected with something in history,\u201d the composer responded. \u201cThis is impossible. You cannot write an absolutely original piece that never was heard or written down.\u201d<\/p>\n<p>Even the St. Luke Passion, for all its apparent audacity, has roots in Bach.<\/p>\n<p>\u201cThis is my style. I am taking everything which was good in the history of music, everything I like, which was very important, many different systems also.\u00a0\u00bb<\/p>\n<p>His eclecticism might explain why he does not often attend concerts. \u201cIf I listen to something like Mahler, it stays in my ear for weeks,\u201d he said. \u00ab\u00a0I have to write my own music.\u201d<\/p>\n<p>Penderecki was willing to make an exception last week for a performance Verdi\u2019s <em>Aida<\/em> at the outdoor Arena di Verona, which he attended with his wife El\u017cbieta, a glamourous woman who is almost as famous in Krak\u00f3w as her husband for her entrepreneurial panache.<\/p>\n<p>\u201cThis was something really great, to listen to <em>Aida<\/em>,\u201d Penderecki said. \u201cSometime back, I thought this was banal. It is not banal. It is great music, deep music, moving.\u201d<\/p>\n<p>\u201cThe maestro and his wife are fond of Italy,\u201d commented his assistant, who was present for much of the interview.<\/p>\n<p>The past is fine, we all agree. What about the present? Are there living composers Penderecki admires? Does he have an opinion, for example, of John Adams?<\/p>\n<p>\u201cI heard some of his music, because we used to live in the States,\u201d Penderecki said. \u201cBut this is not my cup of tea.\u00a0\u00bb<\/p>\n<p>\u201cActually, there are not now many good composers, I\u2019m sorry to say. Twenty, 30, 40, 50 years ago, there were many still alive. But now?<\/p>\n<p>\u201cIf you ask me about other composers, I\u2019m not able even to say one name, which I would say, \u2018This is a composer I admire.\u2019<\/p>\n<p>\u201cI did admire in the past Stravinsky, Shostakovich and many, many [other] composers. Now, I think, \u2018What happened to the composers?\u2019\u201d<\/p>\n<p>&nbsp;<\/p>\n<h2>ALSO READ<\/h2>\n<blockquote class=\"wp-embedded-content\" data-secret=\"CbIj1L8VsA\"><p><a href=\"https:\/\/www.ludwig-van.com\/montreal\/2018\/07\/16\/review-2\/\">REVIEW  | Penderecki\u2019s Passion makes a bold statement at Lanaudi\u00e8re<\/a><\/p><\/blockquote>\n<p><iframe title=\"\u00ab\u00a0REVIEW  | Penderecki\u2019s Passion makes a bold statement at Lanaudi\u00e8re\u00a0\u00bb &#8212; Ludwig Van Montreal\" class=\"wp-embedded-content\" sandbox=\"allow-scripts\" security=\"restricted\" style=\"position: absolute; clip: rect(1px, 1px, 1px, 1px);\" src=\"https:\/\/www.ludwig-van.com\/montreal\/2018\/07\/16\/review-2\/embed\/#?secret=CbIj1L8VsA\" data-secret=\"CbIj1L8VsA\" width=\"600\" height=\"338\" frameborder=\"0\" marginwidth=\"0\" marginheight=\"0\" scrolling=\"no\"><\/iframe><\/p>\n<p>&nbsp;<\/p>\n","protected":false},"excerpt":{"rendered":"<p>C&rsquo;est avec tristesse que nous avons appris ce matin le d\u00e9c\u00e8s du grand compositeur et chef d&rsquo;orchestre polonais Krzysztof Penderecki, qui vient de nous quitter \u00e0 l&rsquo;\u00e2ge de 86 ans. En 2018, notre collaborateur, Arthur Kaptainis, le rencontrait \u00e0 Cracovie pour un entretien passionnant.\u00a0<\/p>\n","protected":false},"author":25,"featured_media":64361,"comment_status":"open","ping_status":"open","sticky":false,"template":"","format":"standard","meta":{"om_disable_all_campaigns":false,"jetpack_post_was_ever_published":false},"categories":[16745,10998],"tags":[16421,24582,4485],"yst_prominent_words":[10017,24567,24560,24568,24565,24555,10273,10766,24566,38657,10265,24569,12282,24558,24572,24556,24557,10269,24570,24571],"acf":[],"jetpack_featured_media_url":"https:\/\/www.ludwig-van.com\/montreal\/wp-content\/uploads\/sites\/3\/2018\/07\/Pende-cover.jpg","jetpack_sharing_enabled":true,"jetpack_shortlink":"https:\/\/wp.me\/p9bdYt-eqM","amp_enabled":true,"_links":{"self":[{"href":"https:\/\/www.ludwig-van.com\/montreal\/wp-json\/wp\/v2\/posts\/55476"}],"collection":[{"href":"https:\/\/www.ludwig-van.com\/montreal\/wp-json\/wp\/v2\/posts"}],"about":[{"href":"https:\/\/www.ludwig-van.com\/montreal\/wp-json\/wp\/v2\/types\/post"}],"author":[{"embeddable":true,"href":"https:\/\/www.ludwig-van.com\/montreal\/wp-json\/wp\/v2\/users\/25"}],"replies":[{"embeddable":true,"href":"https:\/\/www.ludwig-van.com\/montreal\/wp-json\/wp\/v2\/comments?post=55476"}],"version-history":[{"count":6,"href":"https:\/\/www.ludwig-van.com\/montreal\/wp-json\/wp\/v2\/posts\/55476\/revisions"}],"predecessor-version":[{"id":64360,"href":"https:\/\/www.ludwig-van.com\/montreal\/wp-json\/wp\/v2\/posts\/55476\/revisions\/64360"}],"wp:featuredmedia":[{"embeddable":true,"href":"https:\/\/www.ludwig-van.com\/montreal\/wp-json\/wp\/v2\/media\/64361"}],"wp:attachment":[{"href":"https:\/\/www.ludwig-van.com\/montreal\/wp-json\/wp\/v2\/media?parent=55476"}],"wp:term":[{"taxonomy":"category","embeddable":true,"href":"https:\/\/www.ludwig-van.com\/montreal\/wp-json\/wp\/v2\/categories?post=55476"},{"taxonomy":"post_tag","embeddable":true,"href":"https:\/\/www.ludwig-van.com\/montreal\/wp-json\/wp\/v2\/tags?post=55476"},{"taxonomy":"yst_prominent_words","embeddable":true,"href":"https:\/\/www.ludwig-van.com\/montreal\/wp-json\/wp\/v2\/yst_prominent_words?post=55476"}],"curies":[{"name":"wp","href":"https:\/\/api.w.org\/{rel}","templated":true}]}}