{"id":55439,"date":"2018-07-17T08:34:19","date_gmt":"2018-07-17T12:34:19","guid":{"rendered":"https:\/\/www.ludwig-van.com\/montreal\/?p=55439"},"modified":"2018-07-17T08:35:32","modified_gmt":"2018-07-17T12:35:32","slug":"concert-cioc-feu-dartifice-a-lorgue-samedi-fete-nationale-belge","status":"publish","type":"post","link":"https:\/\/www.ludwig-van.com\/montreal\/2018\/07\/17\/concert-cioc-feu-dartifice-a-lorgue-samedi-fete-nationale-belge\/","title":{"rendered":"CONCERT | CIOC: Feux d&rsquo;artifice \u00e0 l&rsquo;orgue samedi pour la F\u00eate nationale belge"},"content":{"rendered":"<figure id=\"attachment_55440\" aria-describedby=\"caption-attachment-55440\" style=\"width: 1024px\" class=\"wp-caption aligncenter\"><img decoding=\"async\" loading=\"lazy\" class=\"size-full wp-image-55440\" src=\"https:\/\/www.ludwig-van.com\/montreal\/wp-content\/uploads\/sites\/3\/2018\/07\/Nicholas-Capozzoli-WEB.jpg\" alt=\"L'organiste Nicholas Capozzoli. (Photo: courtoisie du CIOC)\" width=\"1024\" height=\"682\" srcset=\"https:\/\/www.ludwig-van.com\/montreal\/wp-content\/uploads\/sites\/3\/2018\/07\/Nicholas-Capozzoli-WEB.jpg 1024w, https:\/\/www.ludwig-van.com\/montreal\/wp-content\/uploads\/sites\/3\/2018\/07\/Nicholas-Capozzoli-WEB-300x200.jpg 300w, https:\/\/www.ludwig-van.com\/montreal\/wp-content\/uploads\/sites\/3\/2018\/07\/Nicholas-Capozzoli-WEB-768x512.jpg 768w\" sizes=\"(max-width: 1024px) 100vw, 1024px\" \/><figcaption id=\"caption-attachment-55440\" class=\"wp-caption-text\">L&rsquo;organiste Nicholas Capozzoli. (Photo: courtoisie du CIOC)<\/figcaption><\/figure>\n<p>&nbsp;<\/p>\n<h3 style=\"text-align: center;\">Le Concours international d&rsquo;orgue du Canada c\u00e9l\u00e8bre la F\u00eate nationale belge<\/h3>\n<h1 style=\"text-align: center;\">Feux d&rsquo;artifice \u00e0 l&rsquo;orgue<\/h1>\n<p>&nbsp;<\/p>\n<p><strong>Montr\u00e9al, le 17 juillet 2018<\/strong> \u2013 Pour c\u00e9l\u00e9brer la F\u00eate nationale belge, le <strong>Concours international d\u2019orgue du Canada<\/strong> souligne le surprenant r\u00e9pertoire d\u2019\u0153uvres des compositeurs belges Henri Dumont (1610-1684) et Flor Peeters (1903-1986) lors du concert Feux d\u2019artifice \u00e0 l\u2019orgue le <strong>samedi 21 juillet \u00e0 20 h<\/strong> \u00e0 la Chapelle Notre-<br \/>\nDame-de-Bon-Secours. Le programme sera interpr\u00e9t\u00e9 par <strong>Nicholas Capozzoli<\/strong>, finaliste du Concours international d\u2019orgue du Canada en 2017, et le t\u00e9nor <strong>Thomas Leslie<\/strong>.<\/p>\n<h3>NICHOLAS CAPOZZOLI<\/h3>\n<p>Natif de Pittsburgh en Pennsylvanie, <strong>Nicholas Capozzoli<\/strong> s\u2019est forg\u00e9 une solide r\u00e9putation \u00e0 titre de jeune organiste polyvalent : Nicholas poss\u00e8de des dipl\u00f4mes en interpr\u00e9tation historique, en orgue et au clavecin de l\u2019Oberlin Conservatory of Music, il est actuellement doctorant du studio de Hans-Ola Ericsson \u00e0 l\u2019Universit\u00e9 McGill et apprenti organiste \u00e0 la Cath\u00e9drale Christ Church. En octobre 2017, Nicholas Capozzoli a remport\u00e9 le 3e prix du <strong>Concours international d\u2019orgue du Canada<\/strong> \u00e0 Montr\u00e9al. En 2016, il a \u00e9t\u00e9 finaliste du Concours national pour jeunes artistes de l\u2019American Guild of Organists.<\/p>\n<h3>D\u00c9TAILS DU CONCERT<\/h3>\n<p><strong>Feux d\u2019artifice \u00e0 l\u2019orgue<\/strong><br \/>\nSamedi, 21 juillet \u00e0 20 h<br \/>\nChapelle Notre-Dame-de-Bon-Secours : 400, rue St Paul Est (Montr\u00e9al)<br \/>\nBillets : 15 $ sur <a href=\"http:\/\/www.ciocm.org\/\" target=\"_blank\" rel=\"noopener\">www.ciocm.org<\/a><\/p>\n<p>Programme : \u0152uvres de Flor Peeters et Henri Dumont et, en compl\u00e9ment, pi\u00e8ces de Bach, H\u00e4ndel et Schubert.<\/p>\n<p><a href=\"https:\/\/form.jotform.com\/81843561636260\" target=\"_blank\" rel=\"noopener\">ACHETER DES BILLETS POUR CE CONCERT<\/a><\/p>\n<p>&nbsp;<\/p>\n<p style=\"text-align: center;\"><img decoding=\"async\" loading=\"lazy\" class=\"aligncenter size-full wp-image-48157\" src=\"https:\/\/www.ludwig-van.com\/montreal\/wp-content\/uploads\/sites\/3\/2017\/09\/CIOC-logo-bg.jpg\" alt=\"\" width=\"1024\" height=\"289\" srcset=\"https:\/\/www.ludwig-van.com\/montreal\/wp-content\/uploads\/sites\/3\/2017\/09\/CIOC-logo-bg.jpg 1024w, https:\/\/www.ludwig-van.com\/montreal\/wp-content\/uploads\/sites\/3\/2017\/09\/CIOC-logo-bg-300x85.jpg 300w, https:\/\/www.ludwig-van.com\/montreal\/wp-content\/uploads\/sites\/3\/2017\/09\/CIOC-logo-bg-768x217.jpg 768w\" sizes=\"(max-width: 1024px) 100vw, 1024px\" \/><\/p>\n<h3>LE CONCOURS INTERNATIONAL D\u2019ORGUE DU CANADA<\/h3>\n<p>Le <strong>Concours international d\u2019orgue du Canada<\/strong>, pierre angulaire du milieu de l\u2019orgue fond\u00e9 par l\u2019organiste <strong>John Grew<\/strong> et maintenant dirig\u00e9 par <strong>Jean-Willy Kunz<\/strong>, c\u00e9l\u00e8bre le roi des instruments lors d\u2019un festival annuel, d\u2019une s\u00e9rie de concerts pancanadiens et d\u2019un concours triennal, dont le prochain est fix\u00e9 pour 2020. <a href=\"http:\/\/www.ciocm.org\/\" target=\"_blank\" rel=\"noopener\">VISITER LE SITE DU CIOC.\u00a0<\/a><\/p>\n<p><a href=\"https:\/\/form.jotform.com\/81843561636260\" target=\"_blank\" rel=\"noopener\">ACHETER DES BILLETS POUR CE CONCERT<\/a><\/p>\n<p><em><strong>La publication de ce communiqu\u00e9 est un privil\u00e8ge r\u00e9serv\u00e9 aux membres de la Communaut\u00e9 musicale de Ludwig van Montr\u00e9al. Pour savoir comment devenir membre, \u00e9crivez-nous \u00e0 caroline@ludwig-van.com\u00a0<\/strong><\/em><\/p>\n<p>&nbsp;<\/p>\n<p>&nbsp;<\/p>\n<p>&nbsp;<\/p>\n","protected":false},"excerpt":{"rendered":"<p>Montr\u00e9al, le 17 juillet 2018 \u2013 Pour c\u00e9l\u00e9brer la F\u00eate nationale belge, le Concours international d\u2019orgue du Canada souligne le surprenant r\u00e9pertoire d\u2019\u0153uvres des compositeurs belges Henri Dumont (1610-1684) et Flor Peeters (1903-1986) lors du concert Feux d\u2019artifice \u00e0 l\u2019orgue le samedi 21 juillet \u00e0 20 h \u00e0 la Chapelle Notre-<br \/>\nDame-de-Bon-Secours.<\/p>\n","protected":false},"author":7,"featured_media":55440,"comment_status":"open","ping_status":"open","sticky":false,"template":"","format":"standard","meta":{"om_disable_all_campaigns":false,"jetpack_post_was_ever_published":false},"categories":[16745,10956,19,11944,44],"tags":[20927,22840,24502,11846],"yst_prominent_words":[24499,24498,18676,24501,12254,12253,12250,24490,12255,24489,24493,24488,24496,12256,12252,24500,22434,16757,21714,24497],"acf":[],"jetpack_featured_media_url":"https:\/\/www.ludwig-van.com\/montreal\/wp-content\/uploads\/sites\/3\/2018\/07\/Nicholas-Capozzoli-WEB.jpg","jetpack_sharing_enabled":true,"jetpack_shortlink":"https:\/\/wp.me\/p9bdYt-eqb","amp_enabled":true,"_links":{"self":[{"href":"https:\/\/www.ludwig-van.com\/montreal\/wp-json\/wp\/v2\/posts\/55439"}],"collection":[{"href":"https:\/\/www.ludwig-van.com\/montreal\/wp-json\/wp\/v2\/posts"}],"about":[{"href":"https:\/\/www.ludwig-van.com\/montreal\/wp-json\/wp\/v2\/types\/post"}],"author":[{"embeddable":true,"href":"https:\/\/www.ludwig-van.com\/montreal\/wp-json\/wp\/v2\/users\/7"}],"replies":[{"embeddable":true,"href":"https:\/\/www.ludwig-van.com\/montreal\/wp-json\/wp\/v2\/comments?post=55439"}],"version-history":[{"count":3,"href":"https:\/\/www.ludwig-van.com\/montreal\/wp-json\/wp\/v2\/posts\/55439\/revisions"}],"predecessor-version":[{"id":55443,"href":"https:\/\/www.ludwig-van.com\/montreal\/wp-json\/wp\/v2\/posts\/55439\/revisions\/55443"}],"wp:featuredmedia":[{"embeddable":true,"href":"https:\/\/www.ludwig-van.com\/montreal\/wp-json\/wp\/v2\/media\/55440"}],"wp:attachment":[{"href":"https:\/\/www.ludwig-van.com\/montreal\/wp-json\/wp\/v2\/media?parent=55439"}],"wp:term":[{"taxonomy":"category","embeddable":true,"href":"https:\/\/www.ludwig-van.com\/montreal\/wp-json\/wp\/v2\/categories?post=55439"},{"taxonomy":"post_tag","embeddable":true,"href":"https:\/\/www.ludwig-van.com\/montreal\/wp-json\/wp\/v2\/tags?post=55439"},{"taxonomy":"yst_prominent_words","embeddable":true,"href":"https:\/\/www.ludwig-van.com\/montreal\/wp-json\/wp\/v2\/yst_prominent_words?post=55439"}],"curies":[{"name":"wp","href":"https:\/\/api.w.org\/{rel}","templated":true}]}}