{"id":55346,"date":"2018-07-12T08:48:38","date_gmt":"2018-07-12T12:48:38","guid":{"rendered":"https:\/\/www.ludwig-van.com\/montreal\/?p=55346"},"modified":"2018-07-12T08:48:38","modified_gmt":"2018-07-12T12:48:38","slug":"concours-prix-orford-musique-2018-une-competition-enlevante-a-suivre-cet-ete","status":"publish","type":"post","link":"https:\/\/www.ludwig-van.com\/montreal\/2018\/07\/12\/concours-prix-orford-musique-2018-une-competition-enlevante-a-suivre-cet-ete\/","title":{"rendered":"CONCOURS  | Prix Orford Musique 2018: une comp\u00e9tition enlevante \u00e0 suivre cet \u00e9t\u00e9"},"content":{"rendered":"<figure id=\"attachment_53662\" aria-describedby=\"caption-attachment-53662\" style=\"width: 1024px\" class=\"wp-caption aligncenter\"><img decoding=\"async\" loading=\"lazy\" class=\"size-full wp-image-53662\" src=\"https:\/\/www.ludwig-van.com\/montreal\/wp-content\/uploads\/sites\/3\/2018\/04\/Umi-Garrett-c-Orford.jpg\" alt=\"Umi Garrett - Prix Orford\" width=\"1024\" height=\"595\" srcset=\"https:\/\/www.ludwig-van.com\/montreal\/wp-content\/uploads\/sites\/3\/2018\/04\/Umi-Garrett-c-Orford.jpg 1024w, https:\/\/www.ludwig-van.com\/montreal\/wp-content\/uploads\/sites\/3\/2018\/04\/Umi-Garrett-c-Orford-300x174.jpg 300w, https:\/\/www.ludwig-van.com\/montreal\/wp-content\/uploads\/sites\/3\/2018\/04\/Umi-Garrett-c-Orford-768x446.jpg 768w\" sizes=\"(max-width: 1024px) 100vw, 1024px\" \/><figcaption id=\"caption-attachment-53662\" class=\"wp-caption-text\">Umi Garrett. (Photo: courtoisie d&rsquo;Orford Musique)<\/figcaption><\/figure>\n<p>Orford, le 12 juillet 2018. \u2013 Poursuivant sa mission de soutenir les \u00e9tudiants de l\u2019Acad\u00e9mie dans le d\u00e9veloppement de leur carri\u00e8re, <strong>Orford Musique<\/strong> et son directeur g\u00e9n\u00e9ral et artistique <strong>Wonny Song s<\/strong>ont fiers de pr\u00e9senter la troisi\u00e8me \u00e9dition du prestigieux <strong>Prix Orford Musique<\/strong>. En parall\u00e8le au Festival, ce concours unique r\u00e9unit douze des meilleurs stagiaires de l\u2019Acad\u00e9mie Orford Musique 2018, qui s\u2019affronteront lors de trois demi-finales et d\u2019une grande finale devant public <strong>du 6 au 10 ao\u00fbt<\/strong>, \u00e0 la salle Gilles-Lefebvre.<\/p>\n<p>\u00ab J\u2019ai mis sur pied le Prix Orford Musique en 2016, lors de mon premier Festival, afin de soutenir la rel\u00e8ve musicale, de donner des outils aux jeunes musiciens et de leur fournir un tremplin vers une carri\u00e8re professionnelle. Je suis tr\u00e8s heureux de l\u2019ampleur que prend ce concours apr\u00e8s deux \u00e9ditions fructueuses. Je suis certain que notre public d\u00e9couvrira encore cette ann\u00e9e de merveilleux talents et personnalit\u00e9s \u00bb, affirme M. Song.<\/p>\n<h2>D\u00e9voilement des demi-finalistes<\/h2>\n<p>Parmi tous les \u00e9tudiants participant l\u2019Acad\u00e9mie Orford Musique 2018, douze ont \u00e9t\u00e9 s\u00e9lectionn\u00e9s par une audition afin de prendre part aux trois soirs de demi-finales du concours. Ces derniers pourront ainsi se faire remarquer par des acteurs importants de la sc\u00e8ne culturelle ainsi que par le public, en plus de participer \u00e0 plusieurs activit\u00e9s de formation durant la semaine. Voici les donc les douze demi-finalistes du Prix Orford Musique 2018 :<\/p>\n<p><strong>Jack Boettcher<\/strong>, violoncelle, Bowdoin College, Am\u00e9ricain<\/p>\n<p><strong>Sieon Choi<\/strong>, fl\u00fbte, Colburn Conservatory of Music, Sud-Cor\u00e9enne<\/p>\n<p><strong>Mehdi Ghazi<\/strong>, piano, Universit\u00e9 de Montr\u00e9al, Canado-Alg\u00e9rien<\/p>\n<p><strong>Chih-Yun Hsiao<\/strong>, piano, Eastman School of Music, Ta\u00efwanaise<\/p>\n<p><strong>Jocelyn Lai<\/strong>, piano, CUNY Graduate Center, Canadienne<\/p>\n<p><strong>Jihye Lee<\/strong>, piano, Indiana University Bloomington, Sud-Cor\u00e9enne<\/p>\n<p><strong>Noah Lee<\/strong>, violoncelle, Juilliard School of Music, Am\u00e9ricain<\/p>\n<p><strong>Geneva Lewis<\/strong>, violon, New England Conservatory, Am\u00e9ricaine<\/p>\n<p><strong>Gabriel Martins<\/strong>, violoncelle, University of Southern California, Am\u00e9ricain<\/p>\n<p><strong>Aaron Olguin<\/strong>, contrebasse, University of North Texas, Am\u00e9ricain<\/p>\n<p><strong>Mariya Orlenko<\/strong>, piano, Glenn Gould School, Canadienne<\/p>\n<p><strong>James Palmer<\/strong>, piano, Indiana University Bloomington, Am\u00e9ricain<\/p>\n<h2><\/h2>\n<h2>D\u00e9roulement du concours<\/h2>\n<p>Les stagiaires interpr\u00e9teront chacun une pi\u00e8ce lors de l\u2019une des soir\u00e9es de la demi-finale, soit le 6, 7 et 8 ao\u00fbt d\u00e8s 19 h 30 \u00e0 la salle Gilles-Lefebvre. Un jury externe s\u00e9lectionnera les finalistes qui rivaliseront pour le premier prix lors de la grande finale le vendredi 10 ao\u00fbt \u00e0 20 h. Lors de cette derni\u00e8re soir\u00e9e, un deuxi\u00e8me jury choisira le grand laur\u00e9at de l\u2019\u00e9dition 2018. Les spectateurs pourront voter aux demi-finales afin de sauver leur candidat favori, ainsi qu\u2019\u00e0 la finale afin de s\u00e9lectionner le laur\u00e9at du prix Coup de c\u0153ur, auquel RBC remettra un prix en argent. D\u2019ailleurs, le public, encourag\u00e9 \u00e0 assister \u00e0 toutes les soir\u00e9es du Prix Orford Musique 2018, peut b\u00e9n\u00e9ficier d\u2019une promotion int\u00e9ressante pour les quatre \u00e9v\u00e9nements.<\/p>\n<h2>Prix \u00e0 gagner<\/h2>\n<p>De nombreux prix sont offerts aux finalistes du Prix Orford Musique 2018. Le stagiaire remportant le prix du public sera invit\u00e9 \u00e0 participer au prestigieux Festival Orford Musique 2019 et obtiendra une bourse compl\u00e8te pour un s\u00e9jour de deux semaines \u00e0 l\u2019Acad\u00e9mie Orford Musique 2019 ainsi qu\u2019un prix en argent remis par RBC. L\u2019\u00e9tudiant obtenant le troisi\u00e8me prix recevra, quant \u00e0 lui, une bourse compl\u00e8te pour un s\u00e9jour d\u2019une semaine \u00e0 l\u2019Acad\u00e9mie Orford Musique 2019. Le stagiaire remportant le deuxi\u00e8me prix r\u00e9coltera une bourse compl\u00e8te pour un s\u00e9jour de deux semaines \u00e0 l\u2019Acad\u00e9mie Orford Musique 2019 ainsi qu\u2019une s\u00e9ance photo professionnelle.<\/p>\n<p>Le grand gagnant du Prix Orford Musique 2018, soit le finaliste qui se m\u00e9ritera la premi\u00e8re place, recevra une bourse compl\u00e8te pour un s\u00e9jour de deux semaines \u00e0 l\u2019Acad\u00e9mie Orford Musique 2019, une invitation \u00e0 participer au Festival Orford Musique 2019, une s\u00e9ance photo professionnelle, une s\u00e9ance d\u2019enregistrement professionnelle, une rencontre priv\u00e9e avec des professionnels du milieu, une s\u00e9rie de concerts ainsi qu\u2019un prix en argent. En remettant des r\u00e9compenses remarquables, Orford Musique souhaite souligner le travail des jeunes musiciens et les aider \u00e0 amorcer leur carri\u00e8re dans l\u2019industrie musicale.<\/p>\n<h2>Nouveaut\u00e9<\/h2>\n<p>Nouveaut\u00e9 cette ann\u00e9e : douze commerces de la r\u00e9gion ont accept\u00e9 de s\u2019associer \u00e0 un jeune candidat et d\u2019\u00e0 leur tour \u00ab comp\u00e9titionner \u00bb pour le grand prix! Merci \u00e0 ces douze entreprises pour leur soutien pr\u00e9cieux : <strong>le<\/strong> <strong>Centre de vill\u00e9giature Jouvence, Le Cep d\u2019argent, Le four \u00e0 bois d\u2019Orford, Le Gratitude Caf\u00e9, l\u2019H\u00f4tel Ch\u00e9ribourg, le Manoir des Sables, la Microbrasserie la Memphr\u00e9, La mie d\u2019Orford, le Mont-Orford, Pal +, le Parc national du Mont-Orford (S\u00c9PAQ) et la Savonnerie des Diligences,<\/strong><\/p>\n<h3 style=\"text-align: center;\">Orford Musique tient \u00e0 remercier la Municipalit\u00e9 du Canton d\u2019Orford,<br \/>\nle pr\u00e9sentateur officiel du Prix Orford Musique 2018.<\/h3>\n<p>&nbsp;<\/p>\n<p><strong>Billetterie<\/strong><br \/>\n3165, ch. du Parc<br \/>\nOrford (Qu\u00e9bec) J1X 7A2<br \/>\n819 843 3981, poste 232<br \/>\nbilletterie@orford.mu<\/p>\n<p><strong>Merci aux partenaires du Festival Orford Musique 2018!<\/strong><\/p>\n<p>Hydro-Qu\u00e9bec<\/p>\n<p>Desjardins<\/p>\n<p>Qu\u00e9bec<\/p>\n<p>Canada<\/p>\n<p>Universit\u00e9 de Sherbrooke<\/p>\n<p>Universit\u00e9 de Montr\u00e9al<\/p>\n<p>Fiera Capital<\/p>\n<p>Orford<\/p>\n<p>Ville de Magog<\/p>\n<p>TVA<\/p>\n<p>La Tribune<\/p>\n<p>Le Reflet du Lac<\/p>\n<h2>\u00c0 propos d\u2019Orford Musique<\/h2>\n<p>Situ\u00e9 au c\u0153ur du parc national du Mont-Orford,<strong> Orford Musique<\/strong> est avant tout une Acad\u00e9mie de musique classique de haut niveau dont la mission est de stimuler la cr\u00e9ativit\u00e9 des jeunes musiciens \u00e0 leurs d\u00e9buts et pendant le d\u00e9veloppement de leur vie professionnelle.<\/p>\n<p>Fond\u00e9e par Gilles Lefebvre, l\u2019Acad\u00e9mie Orford Musique est, depuis ses d\u00e9buts, reconnue comme chef de file parmi les institutions d\u2019enseignement. Elle attire chaque \u00e9t\u00e9 plus de 450 \u00e9tudiants universitaires, provenant des quatre coins du monde, venus \u00e9tudier aupr\u00e8s de professeurs de renomm\u00e9e internationale.<\/p>\n<p>Le Festival Orford Musique est un prestigieux \u00e9v\u00e9nement d\u2019envergure internationale qui attire pr\u00e8s de 25 000 festivaliers annuellement lors de la saison estivale. Sa riche programmation artistique se compose principalement d\u2019une vingtaine de concerts professionnels, d\u2019une soixantaine de concerts gratuits offerts par les \u00e9tudiants de l\u2019Acad\u00e9mie Orford Musique et d\u2019expositions d\u2019arts visuels. Durant l\u2019ann\u00e9e, les activit\u00e9s culturelles se poursuivent avec diff\u00e9rents \u00e9v\u00e9nements tels que les s\u00e9ries D\u00e9jeuners concerts, Soupers jazz et Les Grandes soir\u00e9es.<\/p>\n<p>Orford Musique offre \u00e9galement des services compl\u00e9mentaires \u00e0 ses activit\u00e9s \u00e9ducatives et artistiques. Ainsi, tous les publics qui fr\u00e9quentent son site enchanteur peuvent profiter de ses installations telles qu\u2019une salle de concert, plusieurs studios de pratique, une salle d\u2019orchestre ainsi que des services complets de restauration et d\u2019h\u00e9bergement.<\/p>\n<p>Bien ancr\u00e9 dans les Cantons-de-l\u2019Est, Orford Musique est un organisme de bienfaisance o\u00f9 la nature et la culture sont en parfaite symbiose, ce qui cr\u00e9e un cadre propice \u00e0 l\u2019\u00e9panouissement artistique. Par ses activit\u00e9s multidisciplinaires, Orford Musique participe activement au d\u00e9veloppement et au rayonnement de la r\u00e9gion.<\/p>\n<p><em>La publication de cet communiqu\u00e9 est un privil\u00e8ge r\u00e9serv\u00e9 aux membres de la Communaut\u00e9 musicale de Ludwig van Montr\u00e9al. Pour savoir comment devenir membre, \u00e9crivez-nous \u00e0 caroline@ludwig-van.com<\/em><\/p>\n<h2>\u00c0 LIRE AUSSI:<\/h2>\n<blockquote class=\"wp-embedded-content\" data-secret=\"mTp9PbplIY\"><p><a href=\"https:\/\/www.ludwig-van.com\/montreal\/2018\/07\/10\/actualites-nouvelle-chaine-stingray-mobile-orford-musique-autres-nouvelles\/\">ACTUALIT\u00c9S  | Une nouvelle cha\u00eene musicale sur l&rsquo;appli Stingray pour Orford Musique &#8211; et autres nouvelles<\/a><\/p><\/blockquote>\n<p><iframe class=\"wp-embedded-content\" sandbox=\"allow-scripts\" security=\"restricted\" style=\"position: absolute; clip: rect(1px, 1px, 1px, 1px);\" src=\"https:\/\/www.ludwig-van.com\/montreal\/2018\/07\/10\/actualites-nouvelle-chaine-stingray-mobile-orford-musique-autres-nouvelles\/embed\/#?secret=mTp9PbplIY\" data-secret=\"mTp9PbplIY\" width=\"600\" height=\"338\" title=\"\u00ab\u00a0ACTUALIT\u00c9S  | Une nouvelle cha\u00eene musicale sur l&rsquo;appli Stingray pour Orford Musique &#8211; et autres nouvelles\u00a0\u00bb &#8212; Ludwig Van Montreal\" frameborder=\"0\" marginwidth=\"0\" marginheight=\"0\" scrolling=\"no\"><\/iframe><\/p>\n<p>&nbsp;<\/p>\n","protected":false},"excerpt":{"rendered":"<p>Orford, le 12 juillet 2018. \u2013 Poursuivant sa mission de soutenir les \u00e9tudiants de l\u2019Acad\u00e9mie dans le d\u00e9veloppement de leur carri\u00e8re, Orford Musique et son directeur g\u00e9n\u00e9ral et artistique Wonny Song sont fiers de pr\u00e9senter la troisi\u00e8me \u00e9dition du prestigieux Prix Orford Musique.<\/p>\n","protected":false},"author":7,"featured_media":53662,"comment_status":"open","ping_status":"open","sticky":false,"template":"","format":"standard","meta":{"om_disable_all_campaigns":false,"jetpack_post_was_ever_published":false},"categories":[16745,11944],"tags":[10984,12497,24269],"yst_prominent_words":[24327,24328,24324,21691,21690,24150,24323,9811,23807,24325,21680,21689,24151,24158,24329,24157,22105,21719,24322,24326],"acf":[],"jetpack_featured_media_url":"https:\/\/www.ludwig-van.com\/montreal\/wp-content\/uploads\/sites\/3\/2018\/04\/Umi-Garrett-c-Orford.jpg","jetpack_sharing_enabled":true,"jetpack_shortlink":"https:\/\/wp.me\/p9bdYt-eoG","amp_enabled":true,"_links":{"self":[{"href":"https:\/\/www.ludwig-van.com\/montreal\/wp-json\/wp\/v2\/posts\/55346"}],"collection":[{"href":"https:\/\/www.ludwig-van.com\/montreal\/wp-json\/wp\/v2\/posts"}],"about":[{"href":"https:\/\/www.ludwig-van.com\/montreal\/wp-json\/wp\/v2\/types\/post"}],"author":[{"embeddable":true,"href":"https:\/\/www.ludwig-van.com\/montreal\/wp-json\/wp\/v2\/users\/7"}],"replies":[{"embeddable":true,"href":"https:\/\/www.ludwig-van.com\/montreal\/wp-json\/wp\/v2\/comments?post=55346"}],"version-history":[{"count":2,"href":"https:\/\/www.ludwig-van.com\/montreal\/wp-json\/wp\/v2\/posts\/55346\/revisions"}],"predecessor-version":[{"id":55348,"href":"https:\/\/www.ludwig-van.com\/montreal\/wp-json\/wp\/v2\/posts\/55346\/revisions\/55348"}],"wp:featuredmedia":[{"embeddable":true,"href":"https:\/\/www.ludwig-van.com\/montreal\/wp-json\/wp\/v2\/media\/53662"}],"wp:attachment":[{"href":"https:\/\/www.ludwig-van.com\/montreal\/wp-json\/wp\/v2\/media?parent=55346"}],"wp:term":[{"taxonomy":"category","embeddable":true,"href":"https:\/\/www.ludwig-van.com\/montreal\/wp-json\/wp\/v2\/categories?post=55346"},{"taxonomy":"post_tag","embeddable":true,"href":"https:\/\/www.ludwig-van.com\/montreal\/wp-json\/wp\/v2\/tags?post=55346"},{"taxonomy":"yst_prominent_words","embeddable":true,"href":"https:\/\/www.ludwig-van.com\/montreal\/wp-json\/wp\/v2\/yst_prominent_words?post=55346"}],"curies":[{"name":"wp","href":"https:\/\/api.w.org\/{rel}","templated":true}]}}