{"id":54965,"date":"2018-06-20T07:36:44","date_gmt":"2018-06-20T11:36:44","guid":{"rendered":"https:\/\/www.ludwig-van.com\/montreal\/?p=54965"},"modified":"2018-06-20T07:36:44","modified_gmt":"2018-06-20T11:36:44","slug":"54965","status":"publish","type":"post","link":"https:\/\/www.ludwig-van.com\/montreal\/2018\/06\/20\/54965\/","title":{"rendered":"MESSAGE DES MEMBRES | Le Choeur classique de Montr\u00e9al chante Cherubini, Verdi et Poulenc"},"content":{"rendered":"<p>&nbsp;<\/p>\n<div class=\"page\" title=\"Page 1\">\n<div class=\"layoutArea\">\n<div class=\"column\">\n<div class=\"page\" title=\"Page 1\">\n<div class=\"layoutArea\">\n<div class=\"column\">\n<p style=\"text-align: center;\"><img decoding=\"async\" loading=\"lazy\" class=\"aligncenter wp-image-54204\" src=\"https:\/\/www.ludwig-van.com\/montreal\/wp-content\/uploads\/sites\/3\/2018\/05\/ChoeurClassique_ConcertJuin2018_calendrier.jpg\" alt=\"\" width=\"753\" height=\"540\" srcset=\"https:\/\/www.ludwig-van.com\/montreal\/wp-content\/uploads\/sites\/3\/2018\/05\/ChoeurClassique_ConcertJuin2018_calendrier.jpg 698w, https:\/\/www.ludwig-van.com\/montreal\/wp-content\/uploads\/sites\/3\/2018\/05\/ChoeurClassique_ConcertJuin2018_calendrier-300x215.jpg 300w\" sizes=\"(max-width: 753px) 100vw, 753px\" \/><\/p>\n<p>&nbsp;<\/p>\n<p><em><strong>Requiem de Cherubini, Stabat Mater de Verdi, Gloria de Poulenc<\/strong><\/em><\/p>\n<\/div>\n<\/div>\n<\/div>\n<p>Le 21 juin prochain, \u00e0 la Maison symphonique, le <strong>Ch\u0153ur classique de Montr\u00e9al<\/strong> se produira lors d\u2019un concert au programme \u00e9clectique, pr\u00e9sentant des expressions tr\u00e8s diff\u00e9rentes de pi\u00e9t\u00e9 et de ferveur religieuse : sereine, path\u00e9tique et enjou\u00e9e.<\/p>\n<p>Le Requiem en do mineur de<strong> Luigi Cherubini<\/strong>, sommet de la musique sacr\u00e9e, musique fun\u00e9raire par excellence et jug\u00e9 sup\u00e9rieur au Requiem de Mozart par nul autre que Beethoven, ouvrira la soir\u00e9e.<\/p>\n<p>La seconde partie comprendra le Stabat Mater de <strong>Giuseppe Verdi<\/strong>, soit la puret\u00e9 et la simplicit\u00e9 de Palestrina alli\u00e9es \u00e0 la fougue de Il Trovatore.<\/p>\n<p>&nbsp;<\/p>\n<\/div>\n<p><img decoding=\"async\" loading=\"lazy\" class=\"aligncenter size-full wp-image-54202\" src=\"https:\/\/www.ludwig-van.com\/montreal\/wp-content\/uploads\/sites\/3\/2018\/01\/ChoeurClassique_ConcertJuin2018_LudvigVan-Montreal_1024px.jpg\" alt=\"Choeur Classique Affiche Concert Juin 2018\" width=\"1024\" height=\"1531\" srcset=\"https:\/\/www.ludwig-van.com\/montreal\/wp-content\/uploads\/sites\/3\/2018\/01\/ChoeurClassique_ConcertJuin2018_LudvigVan-Montreal_1024px.jpg 1024w, https:\/\/www.ludwig-van.com\/montreal\/wp-content\/uploads\/sites\/3\/2018\/01\/ChoeurClassique_ConcertJuin2018_LudvigVan-Montreal_1024px-201x300.jpg 201w, https:\/\/www.ludwig-van.com\/montreal\/wp-content\/uploads\/sites\/3\/2018\/01\/ChoeurClassique_ConcertJuin2018_LudvigVan-Montreal_1024px-768x1148.jpg 768w, https:\/\/www.ludwig-van.com\/montreal\/wp-content\/uploads\/sites\/3\/2018\/01\/ChoeurClassique_ConcertJuin2018_LudvigVan-Montreal_1024px-685x1024.jpg 685w\" sizes=\"(max-width: 1024px) 100vw, 1024px\" \/><\/p>\n<div class=\"column\">\n<p>&nbsp;<\/p>\n<p>Pour finir, une vision religieuse plus gaie avec le Gloria de <strong>Francis Poulenc<\/strong>, qui en re\u00e7ut l\u2019inspiration de fa\u00e7on inattendue:<\/p>\n<p>\u00ab &#8230; J\u2019ai pens\u00e9 simplement, en l\u2019\u00e9crivant, \u00e0 ces fresques de Gozzoli o\u00f9 les anges tirent la langue. Et aussi \u00e0 ces graves b\u00e9n\u00e9dictins que j\u2019ai vus un jour jouer au football. \u00bb <strong>F. Poulenc<\/strong><\/p>\n<p>Le Ch\u0153ur classique de Montr\u00e9al s\u2019est entour\u00e9 de la soprano <strong>Kimy Mc Laren<\/strong> et de l\u2019Orchestre symphonique des jeunes de Montr\u00e9al pour ce concert haut en couleurs.<\/p>\n<\/div>\n<\/div>\n<\/div>\n<p>&nbsp;<\/p>\n<p>&nbsp;<\/p>\n<div class=\"page\" title=\"Page 1\">\n<div class=\"layoutArea\">\n<div class=\"page\" title=\"Page 1\">\n<div class=\"layoutArea\">\n<div class=\"column\">\n<h3>Jeudi 21 juin 2018, 20 h, \u00e0 la Maison symphonique<\/h3>\n<p>Billetterie de la Place des Arts<\/p>\n<p><strong>Renseignements<\/strong> :<\/p>\n<p>514 956-9546 ou 514 979-5364<\/p>\n<p>info@choeurclassiquedemontreal.qc.ca<\/p>\n<p>&nbsp;<\/p>\n<\/div>\n<p><strong>\u00c0 propos du Choeur classique de Montr\u00e9al :\u00a0<\/strong><\/p>\n<p>Ch\u0153ur important sur la sc\u00e8ne musicale montr\u00e9alaise, tant par le nombre et la qualit\u00e9 de ses choristes que par la vari\u00e9t\u00e9 des \u0153uvres interpr\u00e9t\u00e9es, le Ch\u0153ur classique de Montr\u00e9al f\u00eatera bient\u00f4t ses trente ann\u00e9es d\u2019existence au cours desquelles quatre chefs seulement se sont succ\u00e9d\u00e9s.<\/p>\n<div class=\"column\">\n<p>&nbsp;<\/p>\n<p><strong>Pour en savoir plus sur le Choeur classique de Montr\u00e9al, visitez\u00a0<\/strong><a href=\"https:\/\/www.ludwig-van.com\/montreal\/directory\/choeur-classique-de-montreal\/\" target=\"_blank\" rel=\"noopener\">leur page-membre dans notre Communaut\u00e9 musicale.\u00a0<\/a><\/p>\n<p>&nbsp;<\/p>\n<\/div>\n<\/div>\n<\/div>\n<div class=\"column\">\n<div class=\"layoutArea\">\n<p><strong><em>La publication de ce communiqu\u00e9 de presse est un privil\u00e8ge r\u00e9serv\u00e9 aux membres de la Communaut\u00e9 musicale de Ludwig van Montr\u00e9al. Pour savoir comment devenir membre, \u00e9crivez-nous \u00e0 caroline@ludwig-van.com<\/em><\/strong><\/p>\n<p>&nbsp;<\/p>\n<\/div>\n<h2>NE RATEZ PLUS NOS ARTICLES! ABONNEZ-VOUS \u00c0 NOTRE INFOLETTRE<\/h2>\n<\/div>\n<\/div>\n<\/div>\n","protected":false},"excerpt":{"rendered":"<p>Le 21 juin prochain, \u00e0 la Maison symphonique, \u00a0le Ch\u0153ur classique de Montr\u00e9al se produira lors d\u2019un concert au programme \u00e9clectique, pr\u00e9sentant des expressions tr\u00e8s diff\u00e9rentes de pi\u00e9t\u00e9 et de ferveur religieuse : sereine, path\u00e9tique et enjou\u00e9e.<\/p>\n","protected":false},"author":7,"featured_media":54204,"comment_status":"open","ping_status":"open","sticky":false,"template":"","format":"standard","meta":{"om_disable_all_campaigns":false,"jetpack_post_was_ever_published":false},"categories":[16745,11944],"tags":[22675,17332,22250],"yst_prominent_words":[13541,23701,12321,23753,9934,16935,16931,10175,16932,10854,9869,7694,10476,14227,14381,22556,22343,9839],"acf":[],"jetpack_featured_media_url":"https:\/\/www.ludwig-van.com\/montreal\/wp-content\/uploads\/sites\/3\/2018\/05\/ChoeurClassique_ConcertJuin2018_calendrier.jpg","jetpack_sharing_enabled":true,"jetpack_shortlink":"https:\/\/wp.me\/s9bdYt-54965","amp_enabled":true,"_links":{"self":[{"href":"https:\/\/www.ludwig-van.com\/montreal\/wp-json\/wp\/v2\/posts\/54965"}],"collection":[{"href":"https:\/\/www.ludwig-van.com\/montreal\/wp-json\/wp\/v2\/posts"}],"about":[{"href":"https:\/\/www.ludwig-van.com\/montreal\/wp-json\/wp\/v2\/types\/post"}],"author":[{"embeddable":true,"href":"https:\/\/www.ludwig-van.com\/montreal\/wp-json\/wp\/v2\/users\/7"}],"replies":[{"embeddable":true,"href":"https:\/\/www.ludwig-van.com\/montreal\/wp-json\/wp\/v2\/comments?post=54965"}],"version-history":[{"count":3,"href":"https:\/\/www.ludwig-van.com\/montreal\/wp-json\/wp\/v2\/posts\/54965\/revisions"}],"predecessor-version":[{"id":54968,"href":"https:\/\/www.ludwig-van.com\/montreal\/wp-json\/wp\/v2\/posts\/54965\/revisions\/54968"}],"wp:featuredmedia":[{"embeddable":true,"href":"https:\/\/www.ludwig-van.com\/montreal\/wp-json\/wp\/v2\/media\/54204"}],"wp:attachment":[{"href":"https:\/\/www.ludwig-van.com\/montreal\/wp-json\/wp\/v2\/media?parent=54965"}],"wp:term":[{"taxonomy":"category","embeddable":true,"href":"https:\/\/www.ludwig-van.com\/montreal\/wp-json\/wp\/v2\/categories?post=54965"},{"taxonomy":"post_tag","embeddable":true,"href":"https:\/\/www.ludwig-van.com\/montreal\/wp-json\/wp\/v2\/tags?post=54965"},{"taxonomy":"yst_prominent_words","embeddable":true,"href":"https:\/\/www.ludwig-van.com\/montreal\/wp-json\/wp\/v2\/yst_prominent_words?post=54965"}],"curies":[{"name":"wp","href":"https:\/\/api.w.org\/{rel}","templated":true}]}}