{"id":54313,"date":"2018-05-22T08:57:19","date_gmt":"2018-05-22T12:57:19","guid":{"rendered":"https:\/\/www.ludwig-van.com\/montreal\/?p=54313"},"modified":"2018-05-22T08:57:19","modified_gmt":"2018-05-22T12:57:19","slug":"54313","status":"publish","type":"post","link":"https:\/\/www.ludwig-van.com\/montreal\/2018\/05\/22\/54313\/","title":{"rendered":"MESSAGE DES MEMBRES | Le MCO cl\u00f4t sa saison avec Marc Hervieux"},"content":{"rendered":"<figure id=\"attachment_54314\" aria-describedby=\"caption-attachment-54314\" style=\"width: 1024px\" class=\"wp-caption aligncenter\"><img decoding=\"async\" loading=\"lazy\" class=\"size-full wp-image-54314\" src=\"https:\/\/www.ludwig-van.com\/montreal\/wp-content\/uploads\/sites\/3\/2018\/05\/Gala-Marc-hervieux-nom.jpg\" alt=\"Le Gala MCO avec Marc Hervieux \" width=\"1024\" height=\"682\" srcset=\"https:\/\/www.ludwig-van.com\/montreal\/wp-content\/uploads\/sites\/3\/2018\/05\/Gala-Marc-hervieux-nom.jpg 1024w, https:\/\/www.ludwig-van.com\/montreal\/wp-content\/uploads\/sites\/3\/2018\/05\/Gala-Marc-hervieux-nom-300x200.jpg 300w, https:\/\/www.ludwig-van.com\/montreal\/wp-content\/uploads\/sites\/3\/2018\/05\/Gala-Marc-hervieux-nom-768x512.jpg 768w\" sizes=\"(max-width: 1024px) 100vw, 1024px\" \/><figcaption id=\"caption-attachment-54314\" class=\"wp-caption-text\">Le Gala MCO avec Marc Hervieux<\/figcaption><\/figure>\n<p class=\"BodyA\" style=\"text-align: left;\" align=\"center\"><span lang=\"FR\">Le MCO cl\u00f4t sa saison avec le seul et l&rsquo;unique <strong>Marc Hervieux<\/strong>. Le renomm\u00e9 t\u00e9nor montr\u00e9alais pr\u00e9sentera une prestation exclusive pour ce Gala.<\/span><\/p>\n<h3 class=\"BodyA\" style=\"text-align: left;\" align=\"center\"><span lang=\"FR\">Mercredi\u00a0<\/span><span lang=\"EN-US\">6\u00a0<\/span><span lang=\"FR\">juin\u00a0<\/span><span lang=\"FR\">au Th\u00e9\u00e2tre\u00a0<\/span><span lang=\"EN-US\">Rialto<\/span><\/h3>\n<h3 class=\"BodyA\" style=\"text-align: left;\" align=\"center\"><span lang=\"FR\">souper 18 h\u00a0<\/span><span lang=\"EN-US\">| <\/span><span lang=\"FR\">concert 20 h 30<\/span><\/h3>\n<p class=\"Default\"><span lang=\"FR\">Le <strong>MCO<\/strong> est heureux d\u2019accueillir la vedette et ami <b>Marc Hervieux\u00a0<\/b>pour clore sa saison avec style<\/span><span lang=\"RU\">\u2009<\/span><span lang=\"FR\">! Le t\u00e9nor \u00e0 la voix d\u2019<\/span><span lang=\"IT\">or, ch<\/span><span lang=\"FR\">\u00e9ri du public qu\u00e9b\u00e9cois pour son talent, sa passion et son charme irr\u00e9<\/span><span lang=\"ES-TRAD\">sistible, s<\/span><span lang=\"FR\">\u2019empare du Th\u00e9\u00e2tre Rialto pour nous pr\u00e9senter un programme d\u2019airs d\u2019op\u00e9ra, de chansons napolitaines et de chansons populaires fran<\/span><span lang=\"PT\">\u00e7<\/span><span lang=\"FR\">aises, accompagn\u00e9 de <b>Benoit Sarrasin\u00a0<\/b>au piano. Le dernier album de <strong>Marc Hervieux<\/strong> est actuellement au sommet des ventes au Qu\u00e9bec.<\/span><\/p>\n<p class=\"Default\"><span lang=\"FR\">Les personnes souhaitant acheter des billets peuvent assister au souper et au concert ou seulement au concert. Pour la partie souper, les portent ouvrent \u00e0 18\u00a0h avec des ap\u00e9ritifs et un bar payant, suivi d\u2019un somptueux souper trois services servis \u00e0 19\u00a0h. La partie concert d\u00e9butera \u00e0 20\u00a0h\u00a030. La soir\u00e9e comprendra \u00e9galement un encan silencieux et des prix. Les profits de la soir\u00e9e contribueront \u00e0 la prochaine saison du MCO. Les billets pour le souper et le concert sont en vente au co\u00fbt de 184\u00a0$ et un re<\/span><span lang=\"PT\">\u00e7<\/span><span lang=\"FR\">u aux fins d\u2019imp\u00f4t de 70\u00a0$ sera remis. Pour le concert seulement, les billets sont disponibles au co\u00fbt de 74\u00a0$ avec un re<\/span><span lang=\"PT\">\u00e7<\/span><span lang=\"FR\">u de charit\u00e9 d\u2019une valeur de 35\u00a0$. Joignez-vous \u00e0 nous pour cette splendide et d\u00e9licieuse soir\u00e9e de musique et d\u2019<\/span><span lang=\"NL\">amiti<\/span><span lang=\"RU\">\u00e9\u2009<\/span><span lang=\"FR\">!<\/span><\/p>\n<p class=\"BodyA\" style=\"text-align: left;\" align=\"center\"><b><span lang=\"FR\">Souper-concert :\u00a0<\/span><\/b><span lang=\"DE\">184\u00a0<\/span><span lang=\"FR\">$\u00a0<\/span><span lang=\"DE\">| <\/span><span lang=\"FR\">Ouverture des portes \u00e0\u00a0<\/span><span lang=\"FR\">18 h<\/span><b><\/b><\/p>\n<p class=\"BodyA\" style=\"text-align: left;\" align=\"center\"><b><span lang=\"DE\">Concert <\/span><\/b><b><span lang=\"FR\">seulement :\u00a0<\/span><\/b><span lang=\"DE\">74\u00a0<\/span><span lang=\"FR\">$ <\/span><span lang=\"DE\">| <\/span><span lang=\"FR\">Ouverture des\u00a0portes \u00e0\u00a0<\/span><span lang=\"FR\">20 h 30<\/span><b><\/b><\/p>\n<p class=\"Body\" style=\"text-align: left;\" align=\"center\"><b><span lang=\"FR\">Billets et\u00a0<\/span><\/b><b><span lang=\"EN-US\">Information: <\/span><\/b><span lang=\"EN-US\">514-487-5190<\/span><b><\/b><span lang=\"EN-US\">\u00a0<\/span><\/p>\n<p class=\"BodyA\" style=\"text-align: left;\" align=\"center\"><a href=\"https:\/\/orchestre.ca\" target=\"_blank\" rel=\"noopener\"><b><span lang=\"EN-US\">orchestre.ca<\/span><\/b><\/a><b><\/b><\/p>\n<p><strong><em>La publication de ce communiqu\u00e9 de presse est un privil\u00e8ge r\u00e9serv\u00e9 aux membres de la Communaut\u00e9 musicale de Ludwig van Montr\u00e9al. Pour savoir comment devenir membre, \u00e9crivez-nous \u00e0 caroline@ludwig-van.com<\/em><\/strong><\/p>\n<p>&nbsp;<\/p>\n<h2>VOUS AVEZ AIM\u00c9 CET ARTICLE? Lisez aussi:<\/h2>\n<p><a href=\"https:\/\/www.ludwig-van.com\/montreal\/2018\/05\/21\/54345-chanter-amour-armenie\/\" target=\"_blank\" rel=\"noopener\">Isabelle Bayrakdarian, chanter pour l&rsquo;amour de l&rsquo;Arm\u00e9nie.\u00a0<\/a><\/p>\n<p>&nbsp;<\/p>\n<h2>NE MANQUEZ PLUS NOS ARTICLES! ABONNEZ-VOUS \u00c0 L&rsquo;INFOLETTRE LUDWIG VAN MONTR\u00c9AL<\/h2>\n","protected":false},"excerpt":{"rendered":"<p>Le MCO cl\u00f4t sa saison avec le seul et l&rsquo;unique Marc Hervieux. Le renomm\u00e9 t\u00e9nor montr\u00e9alais pr\u00e9sentera une prestation exclusive pour ce Gala.<\/p>\n","protected":false},"author":7,"featured_media":54314,"comment_status":"open","ping_status":"open","sticky":false,"template":"","format":"standard","meta":{"om_disable_all_campaigns":false,"jetpack_post_was_ever_published":false},"categories":[16745,11944],"tags":[22675,17332,22250],"yst_prominent_words":[15261,11990,10159,22716,10143,22720,7202,9877,10099,9788,9787,10098,10096,17850,22718,22719,22717,22721,11682,9804],"acf":[],"jetpack_featured_media_url":"https:\/\/www.ludwig-van.com\/montreal\/wp-content\/uploads\/sites\/3\/2018\/05\/Gala-Marc-hervieux-nom.jpg","jetpack_sharing_enabled":true,"jetpack_shortlink":"https:\/\/wp.me\/s9bdYt-54313","amp_enabled":true,"_links":{"self":[{"href":"https:\/\/www.ludwig-van.com\/montreal\/wp-json\/wp\/v2\/posts\/54313"}],"collection":[{"href":"https:\/\/www.ludwig-van.com\/montreal\/wp-json\/wp\/v2\/posts"}],"about":[{"href":"https:\/\/www.ludwig-van.com\/montreal\/wp-json\/wp\/v2\/types\/post"}],"author":[{"embeddable":true,"href":"https:\/\/www.ludwig-van.com\/montreal\/wp-json\/wp\/v2\/users\/7"}],"replies":[{"embeddable":true,"href":"https:\/\/www.ludwig-van.com\/montreal\/wp-json\/wp\/v2\/comments?post=54313"}],"version-history":[{"count":7,"href":"https:\/\/www.ludwig-van.com\/montreal\/wp-json\/wp\/v2\/posts\/54313\/revisions"}],"predecessor-version":[{"id":54357,"href":"https:\/\/www.ludwig-van.com\/montreal\/wp-json\/wp\/v2\/posts\/54313\/revisions\/54357"}],"wp:featuredmedia":[{"embeddable":true,"href":"https:\/\/www.ludwig-van.com\/montreal\/wp-json\/wp\/v2\/media\/54314"}],"wp:attachment":[{"href":"https:\/\/www.ludwig-van.com\/montreal\/wp-json\/wp\/v2\/media?parent=54313"}],"wp:term":[{"taxonomy":"category","embeddable":true,"href":"https:\/\/www.ludwig-van.com\/montreal\/wp-json\/wp\/v2\/categories?post=54313"},{"taxonomy":"post_tag","embeddable":true,"href":"https:\/\/www.ludwig-van.com\/montreal\/wp-json\/wp\/v2\/tags?post=54313"},{"taxonomy":"yst_prominent_words","embeddable":true,"href":"https:\/\/www.ludwig-van.com\/montreal\/wp-json\/wp\/v2\/yst_prominent_words?post=54313"}],"curies":[{"name":"wp","href":"https:\/\/api.w.org\/{rel}","templated":true}]}}