{"id":54309,"date":"2018-05-22T16:49:21","date_gmt":"2018-05-22T20:49:21","guid":{"rendered":"https:\/\/www.ludwig-van.com\/montreal\/?p=54309"},"modified":"2018-05-23T07:21:29","modified_gmt":"2018-05-23T11:21:29","slug":"message-membres-fin-de-saison-eclatante-nouvel-ensemble-moderne","status":"publish","type":"post","link":"https:\/\/www.ludwig-van.com\/montreal\/2018\/05\/22\/message-membres-fin-de-saison-eclatante-nouvel-ensemble-moderne\/","title":{"rendered":"MESSAGE DES MEMBRES | Une fin de saison \u00e9clatante pour le Nouvel Ensemble Moderne"},"content":{"rendered":"<figure id=\"attachment_54369\" aria-describedby=\"caption-attachment-54369\" style=\"width: 1024px\" class=\"wp-caption aligncenter\"><img decoding=\"async\" loading=\"lazy\" class=\"size-full wp-image-54369\" src=\"https:\/\/www.ludwig-van.com\/montreal\/wp-content\/uploads\/sites\/3\/2018\/05\/Photos-Web-Jos\u00e9-Navas-credits-Nina-Konjini.jpg\" alt=\"Jos\u00e9 Navas (Photo : Nina Konjini)\" width=\"1024\" height=\"683\" srcset=\"https:\/\/www.ludwig-van.com\/montreal\/wp-content\/uploads\/sites\/3\/2018\/05\/Photos-Web-Jos\u00e9-Navas-credits-Nina-Konjini.jpg 1024w, https:\/\/www.ludwig-van.com\/montreal\/wp-content\/uploads\/sites\/3\/2018\/05\/Photos-Web-Jos\u00e9-Navas-credits-Nina-Konjini-300x200.jpg 300w, https:\/\/www.ludwig-van.com\/montreal\/wp-content\/uploads\/sites\/3\/2018\/05\/Photos-Web-Jos\u00e9-Navas-credits-Nina-Konjini-768x512.jpg 768w\" sizes=\"(max-width: 1024px) 100vw, 1024px\" \/><figcaption id=\"caption-attachment-54369\" class=\"wp-caption-text\">Jos\u00e9 Navas (Photo : Nina Konjini)<\/figcaption><\/figure>\n<p>&nbsp;<\/p>\n<p><strong>Deux concerts \u2013 Deux rencontres<\/strong><\/p>\n<p>Amateurs de d\u00e9couvertes musicales, m\u00e9lomanes et autres curieux, le Nouvel Ensemble Moderne vous propose deux concerts lumineux en forme de rencontre le <strong>8 et 14 juin<\/strong> prochains !<\/p>\n<p>&nbsp;<\/p>\n<p><strong>Carte blanche \u00e0 Keiko Devaux<\/strong><\/p>\n<p>Vendredi 8 juin, 19 h 30 \u2013 Bain Mathieu<br \/>\nDans le cadre du festival <strong>Suoni per il Popolo<\/strong><\/p>\n<p>&nbsp;<\/p>\n<p>Compositrice en r\u00e9sidence au Nouvel Ensemble Moderne depuis 2016, <strong>Keiko Devaux<\/strong> \u00e9tait ravie lorsque le directeur artistique et g\u00e9n\u00e9ral de l\u2019ensemble Normand Forget lui a propos\u00e9 de cr\u00e9er un concert selon ses inspirations et envies. Avec beaucoup de plaisir et un d\u00e9sir d\u2019amener le NEM vers de nouvelles fronti\u00e8res, la compositrice a concoct\u00e9 un programme des plus\u00a0uniques.<\/p>\n<p>&nbsp;<\/p>\n<p>\u00ab\u00a0J\u2019ai choisi des pi\u00e8ces qui m\u2019int\u00e9ressent maintenant, contrastantes, de compositrices toutes vivantes qui en sont \u00e0 diff\u00e9rentes \u00e9tapes dans leur carri\u00e8re. J\u2019ai aussi souhait\u00e9 amener le NEM sur des chemins moins fr\u00e9quent\u00e9s, plus \u00e9loign\u00e9s de son \u00ab\u00a0son\u00a0\u00bb. J\u2019ai commenc\u00e9 par choisir trois \u0153uvres plus pr\u00e8s de l\u2019esth\u00e9tique du NEM\u00a0:<em>\u00a0Lecture for Jo Kondo<\/em>,\u00a0une \u0153uvre m\u00e9ditative pour quatre instrumentistes guid\u00e9e par une ligne narratrice omnipr\u00e9sente et impalpable\u00a0de\u00a0<strong>Bunita\u00a0Marcus<\/strong>, une grande collaboratrice de <strong>Morton\u00a0Feldman<\/strong>;\u00a0<em>Lichtbogen<\/em>\u00a0de\u00a0<strong>Kaija\u00a0Saariaho<\/strong>, une \u0153uvre qui\u00a0\u00a0a r\u00e9v\u00e9l\u00e9\u00a0\u00a0la\u00a0\u00a0tonalit\u00e9\u00a0\u00a0personnelle\u00a0\u00a0et\u00a0\u00a0lumineuse\u00a0\u00a0de\u00a0\u00a0la compositrice\u00a0\u00a0au\u00a0\u00a0sein\u00a0\u00a0de\u00a0\u00a0l\u2019esth\u00e9tique spectrale, puis\u00a0<em>Concordanza<\/em>\u00a0de\u00a0<strong>Sofia\u00a0Gubaidulina<\/strong>, qui met l\u2019emphase sur la th\u00e9\u00e2tralit\u00e9 dramatique int\u00e9rieure de la compositrice.<\/p>\n<p>&nbsp;<\/p>\n<p>J\u2019ai ensuite eu envie de proposer au NEM deux \u0153uvres vraiment hors de leur zone de confort, propositions qui ont \u00e9t\u00e9 accept\u00e9s avec beaucoup d\u2019entrain ! Tout d\u2019abord une \u0153uvre spatiale et exp\u00e9rimentale\u00a0<em>Ayre:\u00a0Towed\u00a0through\u00a0plumes,\u00a0thicket,\u00a0asphalt,\u00a0sawdust\u00a0and\u00a0hazardous\u00a0air I\u00a0shall\u00a0not\u00a0forget\u00a0the\u00a0sound\u00a0of\u00a0<\/em>de\u00a0<strong>Chaya\u00a0Czernowin<\/strong>, qui joue avec les sons comme le ferait un compositeur \u00e9lectroacoustique, et <em>Zusammen\u00a0i\u00a0<\/em>de Jennifer\u00a0Walshe, une pi\u00e8ce o\u00f9douceur et th\u00e9\u00e2tre se rejoignent, en symbiose \u00bb.<\/p>\n<p>&nbsp;<\/p>\n<p>L\u2019\u0153uvre de <strong>\u00a0Keiko<\/strong> cl\u00f4tura le concert avec la cr\u00e9ation de sa pi\u00e8ce\u00a0<em>Ebb<\/em>, une \u0153uvre inspir\u00e9e par les mouvements et les sons dans l\u2019air et dans l\u2019eau, ainsi que par\u00a0les vols d\u2019oiseaux, <strong>dans laquelle la compositrice se fera musicienne, alors qu\u2019elle jouera la partie pour piano<\/strong>. Le r\u00e9sultat est une \u0153uvre organique, qui mettra en lumi\u00e8re de petits groupes de musiciens, \u00e0 la mani\u00e8re des essaims d\u2019abeilles qui se s\u00e9parent et se reforment harmonieusement et sans heurts.<\/p>\n<p>&nbsp;<\/p>\n<figure id=\"attachment_48457\" aria-describedby=\"caption-attachment-48457\" style=\"width: 1024px\" class=\"wp-caption aligncenter\"><img decoding=\"async\" loading=\"lazy\" class=\"size-full wp-image-48457\" src=\"https:\/\/www.ludwig-van.com\/montreal\/wp-content\/uploads\/sites\/3\/2017\/10\/DinaGilbert-ET.jpg\" alt=\"Dina Gilbert. (Photo: courtoisie)\" width=\"1024\" height=\"576\" srcset=\"https:\/\/www.ludwig-van.com\/montreal\/wp-content\/uploads\/sites\/3\/2017\/10\/DinaGilbert-ET.jpg 1024w, https:\/\/www.ludwig-van.com\/montreal\/wp-content\/uploads\/sites\/3\/2017\/10\/DinaGilbert-ET-300x169.jpg 300w, https:\/\/www.ludwig-van.com\/montreal\/wp-content\/uploads\/sites\/3\/2017\/10\/DinaGilbert-ET-768x432.jpg 768w\" sizes=\"(max-width: 1024px) 100vw, 1024px\" \/><figcaption id=\"caption-attachment-48457\" class=\"wp-caption-text\">Dina Gilbert. (Photo: courtoisie)<\/figcaption><\/figure>\n<p>&nbsp;<\/p>\n<p><strong>Dina Gilbert<\/strong>, Prix Opus \u00ab\u00a0D\u00e9couverte de l\u2019ann\u00e9e\u00a0\u00bb, dirigera pour la premi\u00e8re fois le NEM lors de ce concert. Il s\u2019agira \u00e9galement de la premi\u00e8re collaboration entre la chef et l\u2019ensemble. Il s\u2019agissait, pour <strong>Normand Forget<\/strong>, d\u2019un pairage naturel : les atomes crochus foisonnent entre <strong>Dina Gilbert<\/strong> et <strong>Keiko Devaux<\/strong> !<\/p>\n<p>Afin, pour magnifier la proposition musicale, le concert sera pr\u00e9sent\u00e9 au c\u0153ur de ce singulier \u00e9crin qu\u2019est le Bain Mathieu, un ancien bain public de Montr\u00e9al devenu en 2000 un lieu de diffusion aux multiples possibilit\u00e9s, afin de baigner presque litt\u00e9ralement, dans la musique ! L\u2019habillage visuel \u00e0 quant \u00e0 lui \u00e9t\u00e9 confi\u00e9 \u00e0 l\u2019artiste <strong>Myriam Boucher<\/strong>, qui inondera le Bain Mathieu de projections marines enveloppantes et chatoyantes.<\/p>\n<p>Pas de doute, le concert NEM et la rel\u00e8ve sera des plus captivants!<\/p>\n<p>&nbsp;<\/p>\n<p><strong>Jos\u00e9\u00a0Navas\u00a0et le NEM \u2013 Tout un Sacre !<\/strong><\/p>\n<p>Jeudi 14 juin, 19 h 30<\/p>\n<p>&nbsp;<\/p>\n<p>Une rencontre au sommet ! Le NEM mettra un terme \u00e0 sa 29<sup>e<\/sup>\u00a0saison avec un spectacle qui s\u2019annonce d\u2019ores et d\u00e9j\u00e0 m\u00e9morable\u00a0: le\u00a0<em>Sacre du printemps\u00a0<\/em>de\u00a0<strong>Stravinski<\/strong>, dans un arrangement pour 15 musiciens de l\u2019altiste du NEM\u00a0<strong>Fran\u00e7ois Valli\u00e8res<\/strong>, dans\u00e9 avec brio par <strong>Jos\u00e9\u00a0Navas<\/strong>, dont la r\u00e9putation n\u2019est plus \u00e0 faire ! Quelle proposition !<\/p>\n<p>&nbsp;<\/p>\n<p>Fondateur et directeur artistique de Compagnie\u00a0Flak,<strong> Jos\u00e9\u00a0Navas\u00a0<\/strong>a d\u00e9but\u00e9 sa carri\u00e8re de chor\u00e9graphe en 1991 en s\u2019illustrant d\u2019abord sur la sc\u00e8ne internationale comme un soliste dont on a soulign\u00e9 le talent et le charisme. Depuis 2005, <strong>Jos\u00e9\u00a0Navas<\/strong>\u00a0opte pour le d\u00e9pouillement et la recherche du mouvement pur, exploitant la richesse de sa maturit\u00e9 pour cr\u00e9er des \u0153uvres plus personnelles, sensibles et d\u2019une grande musicalit\u00e9.<\/p>\n<p>&nbsp;<\/p>\n<p><strong>Jos\u00e9\u00a0Navas<\/strong>\u00a0et <strong>Fran\u00e7ois Valli\u00e8res<\/strong> entretiennent tous deux une grande affection pour l\u2019intemporel\u00a0<em>Sacre du printemps<\/em>\u00a0de <strong>Stravinski<\/strong>. Pourtant, revisiter l\u2019\u0153uvre et en faire un arrangement pour 15 musiciens seulement, tout comme proposer une lecture artistique et corporelle diff\u00e9rente des grandes chor\u00e9graphies qui ont marqu\u00e9 l\u2019histoire de l\u2019\u0153uvre n\u2019est pas chose facile ! Les deux artistes se sont pench\u00e9s sur la question, dans cette int\u00e9ressante vid\u00e9o\u00a0:<\/p>\n<p>&nbsp;<\/p>\n<div class=\"jetpack-video-wrapper\">\n<div class=\"embed-vimeo\" style=\"text-align: center;\"><iframe loading=\"lazy\" src=\"https:\/\/player.vimeo.com\/video\/266922143\" width=\"640\" height=\"360\" frameborder=\"0\" webkitallowfullscreen mozallowfullscreen allowfullscreen><\/iframe><\/div>\n<\/div>\n<p>&nbsp;<\/p>\n<p><strong><em>La publication de ce communiqu\u00e9 de presse est un privil\u00e8ge r\u00e9serv\u00e9 aux membres de la Communaut\u00e9 musicale de Ludwig van Montr\u00e9al. Pour savoir comment devenir membre, \u00e9crivez-nous \u00e0 caroline@ludwig-van.com<\/em><\/strong><\/p>\n<p>&nbsp;<\/p>\n<h2>NE MANQUEZ PLUS NOS ARTICLES! ABONNEZ-VOUS \u00c0 NOTRE INFOLETTRE.<\/h2>\n","protected":false},"excerpt":{"rendered":"<p>Amateurs de d\u00e9couvertes musicales, m\u00e9lomanes et autres curieux, le Nouvel Ensemble Moderne vous propose deux concerts lumineux en forme de rencontre le 8 et 14 juin prochains !\u00a0<\/p>\n","protected":false},"author":7,"featured_media":54369,"comment_status":"open","ping_status":"open","sticky":false,"template":"","format":"standard","meta":{"om_disable_all_campaigns":false,"jetpack_post_was_ever_published":false},"categories":[16745,11944],"tags":[22675,17332,22250],"yst_prominent_words":[22715,9878,9863,22714,22711,22712,18300,9851,10208,9877,22153,19914,19913,22709,18464,11554,10206,22713,18029,22710],"acf":[],"jetpack_featured_media_url":"https:\/\/www.ludwig-van.com\/montreal\/wp-content\/uploads\/sites\/3\/2018\/05\/Photos-Web-Jos\u00e9-Navas-credits-Nina-Konjini.jpg","jetpack_sharing_enabled":true,"jetpack_shortlink":"https:\/\/wp.me\/p9bdYt-e7X","amp_enabled":true,"_links":{"self":[{"href":"https:\/\/www.ludwig-van.com\/montreal\/wp-json\/wp\/v2\/posts\/54309"}],"collection":[{"href":"https:\/\/www.ludwig-van.com\/montreal\/wp-json\/wp\/v2\/posts"}],"about":[{"href":"https:\/\/www.ludwig-van.com\/montreal\/wp-json\/wp\/v2\/types\/post"}],"author":[{"embeddable":true,"href":"https:\/\/www.ludwig-van.com\/montreal\/wp-json\/wp\/v2\/users\/7"}],"replies":[{"embeddable":true,"href":"https:\/\/www.ludwig-van.com\/montreal\/wp-json\/wp\/v2\/comments?post=54309"}],"version-history":[{"count":9,"href":"https:\/\/www.ludwig-van.com\/montreal\/wp-json\/wp\/v2\/posts\/54309\/revisions"}],"predecessor-version":[{"id":54385,"href":"https:\/\/www.ludwig-van.com\/montreal\/wp-json\/wp\/v2\/posts\/54309\/revisions\/54385"}],"wp:featuredmedia":[{"embeddable":true,"href":"https:\/\/www.ludwig-van.com\/montreal\/wp-json\/wp\/v2\/media\/54369"}],"wp:attachment":[{"href":"https:\/\/www.ludwig-van.com\/montreal\/wp-json\/wp\/v2\/media?parent=54309"}],"wp:term":[{"taxonomy":"category","embeddable":true,"href":"https:\/\/www.ludwig-van.com\/montreal\/wp-json\/wp\/v2\/categories?post=54309"},{"taxonomy":"post_tag","embeddable":true,"href":"https:\/\/www.ludwig-van.com\/montreal\/wp-json\/wp\/v2\/tags?post=54309"},{"taxonomy":"yst_prominent_words","embeddable":true,"href":"https:\/\/www.ludwig-van.com\/montreal\/wp-json\/wp\/v2\/yst_prominent_words?post=54309"}],"curies":[{"name":"wp","href":"https:\/\/api.w.org\/{rel}","templated":true}]}}