{"id":54306,"date":"2018-06-03T11:04:43","date_gmt":"2018-06-03T15:04:43","guid":{"rendered":"https:\/\/www.ludwig-van.com\/montreal\/?p=54306"},"modified":"2018-06-03T11:05:45","modified_gmt":"2018-06-03T15:05:45","slug":"message-des-memebres","status":"publish","type":"post","link":"https:\/\/www.ludwig-van.com\/montreal\/2018\/06\/03\/message-des-memebres\/","title":{"rendered":"MESSAGE DES MEMBRES | L&rsquo;Ensemble Scholastica pr\u00e9sente La Sybille du Rhin de Hildegard Von Bingen"},"content":{"rendered":"<div class=\"page\" title=\"Page 1\">\n<div class=\"section\">\n<div class=\"layoutArea\">\n<div class=\"column\">\n<figure id=\"attachment_53738\" aria-describedby=\"caption-attachment-53738\" style=\"width: 1024px\" class=\"wp-caption aligncenter\"><img decoding=\"async\" loading=\"lazy\" class=\"size-full wp-image-53738\" src=\"https:\/\/www.ludwig-van.com\/montreal\/wp-content\/uploads\/sites\/3\/2018\/04\/EnsembleScholastica_PhotoPrincipale_CREDIT_M.Hage_.jpg\" alt=\"Ensemble Scholastica (Photo : M.Hage)\" width=\"1024\" height=\"680\" srcset=\"https:\/\/www.ludwig-van.com\/montreal\/wp-content\/uploads\/sites\/3\/2018\/04\/EnsembleScholastica_PhotoPrincipale_CREDIT_M.Hage_.jpg 1024w, https:\/\/www.ludwig-van.com\/montreal\/wp-content\/uploads\/sites\/3\/2018\/04\/EnsembleScholastica_PhotoPrincipale_CREDIT_M.Hage_-300x199.jpg 300w, https:\/\/www.ludwig-van.com\/montreal\/wp-content\/uploads\/sites\/3\/2018\/04\/EnsembleScholastica_PhotoPrincipale_CREDIT_M.Hage_-768x510.jpg 768w\" sizes=\"(max-width: 1024px) 100vw, 1024px\" \/><figcaption id=\"caption-attachment-53738\" class=\"wp-caption-text\">Ensemble Scholastica (Photo : M.Hage)<\/figcaption><\/figure>\n<p>&nbsp;<\/p>\n<p><strong>L\u2019Ensemble Scholastica<\/strong> vous convie au concert <em>La Sybille du Rhin<\/em> : Chants visionnaires de Hildegard von Bingen (1098-1179). Le concert aura lieu le dimanche <strong>10 juin 2018, \u00e0 19 h 00<\/strong>, \u00e0 la Chapelle Notre-Dame-de-Bon-Secours, au 400, St-Paul est, dans le Vieux Montr\u00e9al.<\/p>\n<p>&nbsp;<\/p>\n<\/div>\n<p style=\"text-align: center;\"><img decoding=\"async\" loading=\"lazy\" class=\"aligncenter size-full wp-image-53737\" src=\"https:\/\/www.ludwig-van.com\/montreal\/wp-content\/uploads\/sites\/3\/2018\/04\/Concert10juin_CREDT_J.Marchand.jpg\" alt=\"Ensemble Scholastica Concert 10 juin\" width=\"1024\" height=\"683\" srcset=\"https:\/\/www.ludwig-van.com\/montreal\/wp-content\/uploads\/sites\/3\/2018\/04\/Concert10juin_CREDT_J.Marchand.jpg 1024w, https:\/\/www.ludwig-van.com\/montreal\/wp-content\/uploads\/sites\/3\/2018\/04\/Concert10juin_CREDT_J.Marchand-300x200.jpg 300w, https:\/\/www.ludwig-van.com\/montreal\/wp-content\/uploads\/sites\/3\/2018\/04\/Concert10juin_CREDT_J.Marchand-768x512.jpg 768w\" sizes=\"(max-width: 1024px) 100vw, 1024px\" \/><\/p>\n<div class=\"column\">\n<div class=\"page\" title=\"Page 1\">\n<div class=\"section\">\n<div class=\"layoutArea\">\n<div class=\"column\">\n<div class=\"page\" title=\"Page 1\">\n<div class=\"layoutArea\">\n<div class=\"column\">\n<p>&nbsp;<\/p>\n<p><strong>Hildegard von Bingen<\/strong> n\u2019\u00e9tait pas qu\u2019une religieuse excentrique du Moyen \u00c2ge. Elle \u00e9tait alors &#8211; et est encore de nos jours &#8211; une v\u00e9ritable l\u00e9gende. Leader, conseill\u00e8re, gu\u00e9risseuse, \u00e9crivaine et pr\u00e9dicatrice, elle \u00e9tait \u00e9galement compositrice. On lui doit plus de 70 chants magnifiques et complexes, dont elle aurait \u00ab entendu \u00bb certains lors des fr\u00e9quentes visions qu&rsquo;elle a eues tout au long de sa vie. Le 10 juin prochain, l\u2019<strong>Ensemble Scholastica<\/strong> vous fera entendre les visions fascinantes de l\u2019une des plus grandes compositrices de son temps, dans une des meilleures acoustiques de Montr\u00e9al pour voix de femmes et instruments d&rsquo;\u00e9poque. Ce concert pr\u00e9sente \u00e9galement une oeuvre de la compositrice contemporaine <strong>Noa Haran<\/strong>, construite sur des textes de <strong>Hildegard<\/strong>.<\/p>\n<\/div>\n<\/div>\n<div class=\"page\" title=\"Page 1\">\n<div class=\"layoutArea\">\n<div class=\"column\">\n<p>&#8212;<\/p>\n<div class=\"page\" title=\"Page 1\">\n<div class=\"section\">\n<div class=\"layoutArea\">\n<div class=\"column\">\n<p>Ensemble Scholastica presents Sybil of the Rhine: visionary songs of Hildegard von Bingen (1098-1179), <strong>Sunday June 10 2018 at 7 pm<\/strong>, at the Chapelle Notre-Dame-de-Bon-Secours in Old Montreal.<\/p>\n<div class=\"layoutArea\">\n<div class=\"column\">\n<p>Hildegard von Bingen wasn\u2019t just an eccentric medieval nun. She was, and still is, a legend. Leader, counsellor, healer, writer and preacher, she was also the composer of over 70 beautiful and intricate songs, some of which she \u201cheard\u201d during the visions that she experienced throughout her life. On June\u00a010, <strong>Ensemble Scholastica<\/strong> invites you to hear the exquisite vision songs of one of the greatest composers of her time in one of Montreal\u2019s best acoustics for women\u2019s voices and historical instruments. This concert also features an originalsetting of Hildegard\u2019s words by contemporary composer <strong>Noa Haran<\/strong>.<\/p>\n<p>&nbsp;<\/p>\n<\/div>\n<\/div>\n<\/div>\n<\/div>\n<\/div>\n<\/div>\n<\/div>\n<div class=\"column\">\n<p><strong>Renseignements<\/strong><\/p>\n<p>info@ensemblescholastica.ca<\/p>\n<p>514-894-2764<\/p>\n<p><a href=\"http:\/\/www.ensemblescholastica.ca\" target=\"_blank\" rel=\"noopener\">www.ensemblescholastica.ca<\/a><\/p>\n<p>Billetterie : <a href=\"http:\/\/www.lavitrine.com\/activity\/La_Sybille_du_Rhin__Chants_visionnaires_de_Hildegard_von_Bingen__1198_1179_\" target=\"_blank\" rel=\"noopener\">LaVitrine.com<\/a><\/p>\n<p>&nbsp;<\/p>\n<\/div>\n<div class=\"layoutArea\">\n<p>L\u2019<strong>Ensemble Scholastica <\/strong>est le seul ensemble vocal professionnel qu\u00e9b\u00e9cois se consacrant \u00e0 l\u2019interpr\u00e9tation du chant liturgique m\u00e9di\u00e9val monophonique et polyphonique (p\u00e9riode de 800 \u00e0 1300 apr.\u00a0J.-C. environ). Pour l\u2019\u00e9tude et l\u2019interpr\u00e9tation ce r\u00e9pertoire, nous puisons directement dans les manuscrits m\u00e9di\u00e9vaux, mais pas uniquement au nom de \u00ab\u00a0l\u2019authenticit\u00e9 historique\u00a0\u00bb. Notre but est \u00e9galement de faire d\u00e9couvrir au public la d\u00e9licatesse et la beaut\u00e9 pure de la musique m\u00e9di\u00e9vale, en particulier des traditions liturgiques qui constituent la source m\u00eame de la musique occidentale. Il peut ainsi faire l\u2019exp\u00e9rience de la joie et de la complexit\u00e9 remarquables qui caract\u00e9risaient la culture et la spiritualit\u00e9 de l\u2019Occident m\u00e9di\u00e9val.<\/p>\n<p>&nbsp;<\/p>\n<\/div>\n<p><strong><em>La publication de ce communiqu\u00e9 de presse est un privil\u00e8ge r\u00e9serv\u00e9 aux membres de la Communaut\u00e9 musicale de Ludwig van Montr\u00e9al. Pour savoir comment devenir membre, \u00e9crivez-nous \u00e0 caroline@ludwig-van.com<\/em><\/strong><\/p>\n<\/div>\n<h2><\/h2>\n<h2><\/h2>\n<p>&nbsp;<\/p>\n<\/div>\n<\/div>\n<\/div>\n<\/div>\n<\/div>\n<\/div>\n<\/div>\n<\/div>\n<\/div>\n<\/div>\n","protected":false},"excerpt":{"rendered":"<p>L\u2019Ensemble Scholastica vous convie au concert La Sybille du Rhin : Chants visionnaires de Hildegard von Bingen (1098-1179). Le concert aura lieu le dimanche 10 juin 2018, \u00e0 19 h 00, \u00e0 la Chapelle Notre-Dame-de-Bon-Secours, au 400, St-Paul est, dans le Vieux Montr\u00e9al.<\/p>\n","protected":false},"author":7,"featured_media":53738,"comment_status":"open","ping_status":"open","sticky":false,"template":"","format":"standard","meta":{"om_disable_all_campaigns":false,"jetpack_post_was_ever_published":false},"categories":[16745,11944],"tags":[22675,17332,22250],"yst_prominent_words":[22681,22707,22676,7312,21888,21928,21927,21926,22705,22708,22682,10018,10265,12942,21889,22684,22683,10019,20636,22706],"acf":[],"jetpack_featured_media_url":"https:\/\/www.ludwig-van.com\/montreal\/wp-content\/uploads\/sites\/3\/2018\/04\/EnsembleScholastica_PhotoPrincipale_CREDIT_M.Hage_.jpg","jetpack_sharing_enabled":true,"jetpack_shortlink":"https:\/\/wp.me\/p9bdYt-e7U","amp_enabled":true,"_links":{"self":[{"href":"https:\/\/www.ludwig-van.com\/montreal\/wp-json\/wp\/v2\/posts\/54306"}],"collection":[{"href":"https:\/\/www.ludwig-van.com\/montreal\/wp-json\/wp\/v2\/posts"}],"about":[{"href":"https:\/\/www.ludwig-van.com\/montreal\/wp-json\/wp\/v2\/types\/post"}],"author":[{"embeddable":true,"href":"https:\/\/www.ludwig-van.com\/montreal\/wp-json\/wp\/v2\/users\/7"}],"replies":[{"embeddable":true,"href":"https:\/\/www.ludwig-van.com\/montreal\/wp-json\/wp\/v2\/comments?post=54306"}],"version-history":[{"count":4,"href":"https:\/\/www.ludwig-van.com\/montreal\/wp-json\/wp\/v2\/posts\/54306\/revisions"}],"predecessor-version":[{"id":54604,"href":"https:\/\/www.ludwig-van.com\/montreal\/wp-json\/wp\/v2\/posts\/54306\/revisions\/54604"}],"wp:featuredmedia":[{"embeddable":true,"href":"https:\/\/www.ludwig-van.com\/montreal\/wp-json\/wp\/v2\/media\/53738"}],"wp:attachment":[{"href":"https:\/\/www.ludwig-van.com\/montreal\/wp-json\/wp\/v2\/media?parent=54306"}],"wp:term":[{"taxonomy":"category","embeddable":true,"href":"https:\/\/www.ludwig-van.com\/montreal\/wp-json\/wp\/v2\/categories?post=54306"},{"taxonomy":"post_tag","embeddable":true,"href":"https:\/\/www.ludwig-van.com\/montreal\/wp-json\/wp\/v2\/tags?post=54306"},{"taxonomy":"yst_prominent_words","embeddable":true,"href":"https:\/\/www.ludwig-van.com\/montreal\/wp-json\/wp\/v2\/yst_prominent_words?post=54306"}],"curies":[{"name":"wp","href":"https:\/\/api.w.org\/{rel}","templated":true}]}}