{"id":54132,"date":"2018-05-14T16:59:09","date_gmt":"2018-05-14T20:59:09","guid":{"rendered":"https:\/\/www.ludwig-van.com\/montreal\/?p=54132"},"modified":"2018-05-14T16:59:09","modified_gmt":"2018-05-14T20:59:09","slug":"54132","status":"publish","type":"post","link":"https:\/\/www.ludwig-van.com\/montreal\/2018\/05\/14\/54132\/","title":{"rendered":"MESSAGES DES MEMBRES | Un record de rayonnement pour le volet jeunesse de la SMCQ"},"content":{"rendered":"<figure id=\"attachment_54133\" aria-describedby=\"caption-attachment-54133\" style=\"width: 1024px\" class=\"wp-caption aligncenter\"><img decoding=\"async\" loading=\"lazy\" class=\"size-full wp-image-54133\" src=\"https:\/\/www.ludwig-van.com\/montreal\/wp-content\/uploads\/sites\/3\/2018\/05\/compo_herbe1_CR_Camille_Poirier-web.jpg\" alt=\"Le projet &quot;Compositeurs en herbe&quot;. (Cr\u00e9dit: Camille Poirier)\" width=\"1024\" height=\"683\" srcset=\"https:\/\/www.ludwig-van.com\/montreal\/wp-content\/uploads\/sites\/3\/2018\/05\/compo_herbe1_CR_Camille_Poirier-web.jpg 1024w, https:\/\/www.ludwig-van.com\/montreal\/wp-content\/uploads\/sites\/3\/2018\/05\/compo_herbe1_CR_Camille_Poirier-web-300x200.jpg 300w, https:\/\/www.ludwig-van.com\/montreal\/wp-content\/uploads\/sites\/3\/2018\/05\/compo_herbe1_CR_Camille_Poirier-web-768x512.jpg 768w\" sizes=\"(max-width: 1024px) 100vw, 1024px\" \/><figcaption id=\"caption-attachment-54133\" class=\"wp-caption-text\">Le projet \u00ab\u00a0Compositeurs en herbe\u00a0\u00bb. (Cr\u00e9dit: Camille Poirier)<\/figcaption><\/figure>\n<h1><\/h1>\n<h1 style=\"text-align: center;\">Un record de rayonnement pour le volet jeunesse de la SMCQ<\/h1>\n<h2 style=\"text-align: center;\">Concert gratuit offert au grand public le 16 mai<\/h2>\n<p>&nbsp;<\/p>\n<p><strong>Montr\u00e9al, 14 mai 2018<\/strong> \u2013 Depuis plus de 20 ans, la <a href=\"https:\/\/www.ludwig-van.com\/montreal\/directory\/smcq\/\" target=\"_blank\" rel=\"noopener\">Soci\u00e9t\u00e9 de musique contemporaine du Qu\u00e9bec (SMCQ) <\/a>multiplie ses actions pour faire conna\u00eetre les compositeurs d&rsquo;ici et la cr\u00e9ation musicale aux enfants \u00e0 l&rsquo;int\u00e9rieur de son volet jeunesse. Au terme de cette ann\u00e9e anniversaire, son rayonnement aupr\u00e8s des jeunes a atteint un nouveau record : pr\u00e8s de 40 000 enfants et adolescents ont pris part \u00e0 ses activit\u00e9s, et ce, \u00e0 travers le Canada.<\/p>\n<p>\u00ab Pour la SMCQ, ce nouveau record est un vrai cadeau! Ces activit\u00e9s nous tiennent particuli\u00e8rement \u00e0 c\u0153ur, puisqu&rsquo;elles permettent d&rsquo;ouvrir les oreilles des jeunes et leur donner confiance en leur capacit\u00e9 \u00e0 cr\u00e9er \u00bb, explique Claire Cavanagh charg\u00e9e des projets \u00e9ducatifs \u00e0 la SMCQ.<\/p>\n<p>La cl\u00e9 de ce grand succ\u00e8s? Un engagement soutenu aupr\u00e8s du r\u00e9seau scolaire canadien, et une diversit\u00e9 de projets \u00ab modulables \u00bb propos\u00e9s aux enseignants, adapt\u00e9s \u00e0 leurs besoins, dont, cette ann\u00e9e, \u00ab Grand jeu\/Grande \u00e9coute \u00bb, \u00ab Compositeurs en herbe \u00bb, et \u00ab Chantons nos compositeurs \u00bb.<\/p>\n<h2>Tapis rouge \u00e0 Jos\u00e9 Evangelista<\/h2>\n<p>Associ\u00e9 \u00e0 la S\u00e9rie hommage qui c\u00e9l\u00e8bre tous les deux ans un compositeur qu\u00e9b\u00e9cois, \u00ab Grand jeu\/Grande \u00e9coute \u00bb a connu un succ\u00e8s croissant depuis sa premi\u00e8re \u00e9dition en 2009, devenant un \u00e9v\u00e9nement suivi et attendu par une centaine d&rsquo;enseignants sp\u00e9cialis\u00e9s en musique \u00e0 travers le pays. Cette ann\u00e9e, plus de 28 000 \u00e9l\u00e8ves ont pris part \u00e0 cette activit\u00e9, qui leur a permis de d\u00e9couvrir Jos\u00e9 Evangelista et sa musique.<\/p>\n<p>Le principe du projet : la SMCQ con\u00e7oit une trousse p\u00e9dagogique (fran\u00e7ais\/anglais) autour du compositeur \u00e0 l&rsquo;honneur, qui inclut \u00e0 la fois une bande dessin\u00e9e sur sa vie, des entrevues vid\u00e9o avec lui, des extraits audio de sa musique, des partitions adapt\u00e9es aux jeunes interpr\u00e8tes, et une grande diversit\u00e9 de jeux de cr\u00e9ation musicale inspir\u00e9s de sa d\u00e9marche. Notons que pour la premi\u00e8re fois cette ann\u00e9e, cette trousse \u00e9tait accessible gratuitement sur <a href=\"https:\/\/smcqeducation.ca\/\" target=\"_blank\" rel=\"noopener\">la nouvelle plateforme web \u00e9ducative de la SMCQ.<\/a><\/p>\n<h2>Concert gratuit offert au grand public<\/h2>\n<p>Les enseignants inscrits au projet \u00ab Compositeurs en herbe \u00bb* sont invit\u00e9s \u00e0 venir pr\u00e9senter en concert, avec leurs \u00e9l\u00e8ves, le r\u00e9sultat des activit\u00e9s de cr\u00e9ation musicale r\u00e9alis\u00e9es en classe gr\u00e2ce \u00e0 la trousse p\u00e9dagogique de la SMCQ.<\/p>\n<p>Le <strong>16 mai prochain \u00e0 midi,<\/strong> le grand public aura la chance d&rsquo;entendre 150 \u00e9l\u00e8ves de Montr\u00e9al venus interpr\u00e9ter eux-m\u00eames leurs propres compositions sur la <strong>Grande-Place du complexe Desjardins.<\/strong> Ce projet, qui en est \u00e0 sa 6e \u00e9dition, offre l&rsquo;occasion unique \u00e0 des jeunes d&rsquo;exprimer toute l&rsquo;originalit\u00e9 de leur talent sur la place publique\u2026 Et au public de d\u00e9couvrir un univers musical particuli\u00e8rement rafra\u00eechissant.<\/p>\n<p>Ils chanteront notamment<em> La fourmi,<\/em> de Jos\u00e9 \u00c9vangelista<\/p>\n<p><iframe loading=\"lazy\" width=\"640\" height=\"400\" scrolling=\"no\" frameborder=\"no\" src=\"https:\/\/w.soundcloud.com\/player\/?visual=true&#038;url=https%3A%2F%2Fapi.soundcloud.com%2Ftracks%2F387621377&#038;show_artwork=true&#038;maxwidth=640&#038;maxheight=960&#038;in=user-374061368%2Fsets%2Frecueil-smcq-jeunesse\"><\/iframe><\/p>\n<p>&nbsp;<\/p>\n<p><a href=\"http:\/\/www.smcq.qc.ca\/jeunesse\/fr\/education\/compositeursenherbe\/\" target=\"_blank\" rel=\"noopener\">POUR PLUS D&rsquo;INFORMATIONS<\/a><\/p>\n<h2>Chantons nos compositeurs\u2026 D&rsquo;est en ouest<\/h2>\n<p>Parmi les projets propos\u00e9s par la SMCQ au r\u00e9seau scolaire cette ann\u00e9e, mentionnons \u00e9galement <strong>Chantons nos compositeurs<\/strong>, un recueil de partitions d&rsquo;\u0153uvres pour ch\u0153ur scolaires, command\u00e9es par la SMCQ, l&rsquo;an dernier. Six compositeurs canadiens avaient alors \u00e9t\u00e9 invit\u00e9s \u00e0 relever le d\u00e9fi de synth\u00e9tiser leur esth\u00e9tique personnelle par des moyens musicaux accessibles. V\u00e9ritable \u00ab legs \u00bb des c\u00e9l\u00e9brations entourant le 50e anniversaire de la SMCQ, les \u0153uvres de ce recueil sont d\u00e9sormais mises \u00e0 la disposition des enseignants et chefs de ch\u0153ur \u00e0 travers le pays pour qu&rsquo;ils les fassent vivre et revivre \u00e0 travers leurs \u00e9l\u00e8ves !<\/p>\n<p>Cette ann\u00e9e, 1080 enfants \u00e0 travers le pays ont chant\u00e9 au moins l&rsquo;une des six \u0153uvres du recueil. Parmi eux, pr\u00e8s de 500 ont la chance de recevoir la visite des compositeurs dans leur propre ville du 20 mars au 5 juin (Montr\u00e9al, Moncton, London, Edmonton), afin d&rsquo;\u00e9changer avec eux sur leur m\u00e9tier et de leur faire entendre le r\u00e9sultat de leur travail minutieux sur leur \u0153uvre.<\/p>\n<h2>\u00c0 propos de la SMCQ<\/h2>\n<p>Au c\u0153ur de la cr\u00e9ation musicale depuis plus de 50 ans, la SMCQ se consacre \u00e0 la valorisation du travail des compositeurs. Au fil des ann\u00e9es, elle s&rsquo;est impos\u00e9e sur la sc\u00e8ne culturelle par la qualit\u00e9 et l&rsquo;envergure de ses concerts et activit\u00e9s, qui se d\u00e9marquent par leur aspect rassembleur. Pour conna\u00eetre tous les projets de la SMCQ, <a href=\"http:\/\/www.smcq.qc.ca\/smcq\/fr\/apropos\/liste\/\" target=\"_blank\" rel=\"noopener\">inscrivez-vous \u00e0 l&rsquo;infolettre.<\/a><\/p>\n<p>*\u00ab Compositeurs en herbe \u00bb est une pr\u00e9sentation de la Soci\u00e9t\u00e9 de musique contemporaine du Qu\u00e9bec, en collaboration avec la Commission scolaire de Montr\u00e9al et le Complexe Desjardins.<\/p>\n<p><em><strong>La publication de ce communiqu\u00e9 est un privil\u00e8ge r\u00e9serv\u00e9 aux membres de Ludwig van Montr\u00e9al. Pour savoir comment devenir membre, \u00e9crivez-nous \u00e0 caroline@ludwig-van.com\u00a0<\/strong><\/em><\/p>\n<p>&nbsp;<\/p>\n<h2>NE RATEZ PLUS NOS PUBLICATIONS! ABONNEZ-VOUS \u00c0 L&rsquo;INFOLETTRE DE LUDWIG VAN MONTR\u00c9AL<\/h2>\n<p>&nbsp;<\/p>\n","protected":false},"excerpt":{"rendered":"<p>Montr\u00e9al, 14 mai 2018 \u2013 Depuis plus de 20 ans, la Soci\u00e9t\u00e9 de musique contemporaine du Qu\u00e9bec (SMCQ) multiplie ses actions pour faire conna\u00eetre les compositeurs d&rsquo;ici et la cr\u00e9ation musicale aux enfants \u00e0 l&rsquo;int\u00e9rieur de son volet jeunesse. Au terme de cette ann\u00e9e anniversaire, son rayonnement aupr\u00e8s des jeunes a atteint un nouveau record : pr\u00e8s de 40 000 enfants et adolescents ont pris part \u00e0 ses activit\u00e9s, et ce, \u00e0 travers le Canada.<\/p>\n","protected":false},"author":7,"featured_media":54133,"comment_status":"open","ping_status":"open","sticky":false,"template":"","format":"standard","meta":{"om_disable_all_campaigns":false,"jetpack_post_was_ever_published":false},"categories":[16745,10956,11944,10992],"tags":[17332,11968],"yst_prominent_words":[22479,22471,11026,22469,22485,22484,11024,18094,22470,22486,22483,9787,11022,22480,22482,22481,11029,11025,11023,11038],"acf":[],"jetpack_featured_media_url":"https:\/\/www.ludwig-van.com\/montreal\/wp-content\/uploads\/sites\/3\/2018\/05\/compo_herbe1_CR_Camille_Poirier-web.jpg","jetpack_sharing_enabled":true,"jetpack_shortlink":"https:\/\/wp.me\/s9bdYt-54132","amp_enabled":true,"_links":{"self":[{"href":"https:\/\/www.ludwig-van.com\/montreal\/wp-json\/wp\/v2\/posts\/54132"}],"collection":[{"href":"https:\/\/www.ludwig-van.com\/montreal\/wp-json\/wp\/v2\/posts"}],"about":[{"href":"https:\/\/www.ludwig-van.com\/montreal\/wp-json\/wp\/v2\/types\/post"}],"author":[{"embeddable":true,"href":"https:\/\/www.ludwig-van.com\/montreal\/wp-json\/wp\/v2\/users\/7"}],"replies":[{"embeddable":true,"href":"https:\/\/www.ludwig-van.com\/montreal\/wp-json\/wp\/v2\/comments?post=54132"}],"version-history":[{"count":2,"href":"https:\/\/www.ludwig-van.com\/montreal\/wp-json\/wp\/v2\/posts\/54132\/revisions"}],"predecessor-version":[{"id":54135,"href":"https:\/\/www.ludwig-van.com\/montreal\/wp-json\/wp\/v2\/posts\/54132\/revisions\/54135"}],"wp:featuredmedia":[{"embeddable":true,"href":"https:\/\/www.ludwig-van.com\/montreal\/wp-json\/wp\/v2\/media\/54133"}],"wp:attachment":[{"href":"https:\/\/www.ludwig-van.com\/montreal\/wp-json\/wp\/v2\/media?parent=54132"}],"wp:term":[{"taxonomy":"category","embeddable":true,"href":"https:\/\/www.ludwig-van.com\/montreal\/wp-json\/wp\/v2\/categories?post=54132"},{"taxonomy":"post_tag","embeddable":true,"href":"https:\/\/www.ludwig-van.com\/montreal\/wp-json\/wp\/v2\/tags?post=54132"},{"taxonomy":"yst_prominent_words","embeddable":true,"href":"https:\/\/www.ludwig-van.com\/montreal\/wp-json\/wp\/v2\/yst_prominent_words?post=54132"}],"curies":[{"name":"wp","href":"https:\/\/api.w.org\/{rel}","templated":true}]}}