{"id":53992,"date":"2018-05-07T16:17:40","date_gmt":"2018-05-07T20:17:40","guid":{"rendered":"https:\/\/www.ludwig-van.com\/montreal\/?p=53992"},"modified":"2018-05-07T17:56:54","modified_gmt":"2018-05-07T21:56:54","slug":"53992-communique-annabelle-canto","status":"publish","type":"post","link":"https:\/\/www.ludwig-van.com\/montreal\/2018\/05\/07\/53992-communique-annabelle-canto\/","title":{"rendered":"MESSAGE DES MEMBRES | Le MCO et Jeunesses musicales pr\u00e9sentent Annabelle Canto"},"content":{"rendered":"<figure id=\"attachment_53993\" aria-describedby=\"caption-attachment-53993\" style=\"width: 1024px\" class=\"wp-caption aligncenter\"><img decoding=\"async\" loading=\"lazy\" class=\"wp-image-53993 size-full\" src=\"https:\/\/www.ludwig-van.com\/montreal\/wp-content\/uploads\/sites\/3\/2018\/05\/Annabelle2017_CMYK_PANO_2700x1561.jpg\" alt=\"Annabelle Canto\" width=\"1024\" height=\"592\" srcset=\"https:\/\/www.ludwig-van.com\/montreal\/wp-content\/uploads\/sites\/3\/2018\/05\/Annabelle2017_CMYK_PANO_2700x1561.jpg 1024w, https:\/\/www.ludwig-van.com\/montreal\/wp-content\/uploads\/sites\/3\/2018\/05\/Annabelle2017_CMYK_PANO_2700x1561-300x173.jpg 300w, https:\/\/www.ludwig-van.com\/montreal\/wp-content\/uploads\/sites\/3\/2018\/05\/Annabelle2017_CMYK_PANO_2700x1561-768x444.jpg 768w\" sizes=\"(max-width: 1024px) 100vw, 1024px\" \/><figcaption id=\"caption-attachment-53993\" class=\"wp-caption-text\">Annabelle Canto<\/figcaption><\/figure>\n<p>&nbsp;<\/p>\n<p class=\"Default\"><span lang=\"FR\">Pendant pr\u00e8s de dix ans, les spectateurs canadiens ont \u00e9t\u00e9 <\/span><span lang=\"EN-US\">ravis, amus<\/span><span lang=\"FR\">\u00e9s et enchant\u00e9s par le conte hilarant d\u2019<\/span><b><i><span lang=\"IT\">Annabelle Canto<\/span><\/i><\/b><span lang=\"FR\">, la chanteuse d\u2019op\u00e9ra qui <\/span><span lang=\"EN-US\">\u2014 <\/span><span lang=\"FR\">le matin m\u00eame d\u2019<\/span><span lang=\"IT\">une importante performance <\/span><span lang=\"EN-US\">\u2014 <\/span><span lang=\"FR\">perd la sa voix et sa m\u00e9moire<\/span><span lang=\"RU\">\u2009<\/span><span lang=\"FR\">! D\u00e9sesp\u00e9r\u00e9, son pianiste Henri tentera tout, de l\u2019hypnose aux potions magiques, pour retrouver la voix perdue d\u2019Annabelle Canto. En cours de route, les enfants d\u00e9couvrent des personnages fascinants et majestueux du mode de l\u2019op\u00e9<\/span><span lang=\"EN-US\">ra. Recommand<\/span><span lang=\"FR\">\u00e9 pour les enfants de 5 \u00e0 12 ans et leurs familles, <strong>Annabelle Canto<\/strong> propose une introduction humoristique \u00e0 l\u2019op\u00e9ra classique, guid\u00e9e <\/span><span lang=\"IT\">par la soprano <\/span><b><span lang=\"EN-US\">Christina Tannous\u00a0<\/span><\/b><span lang=\"FR\">et le pianiste et acteur <b>Dominic Boulianne<\/b>. En collaboration avec les Jeunesses Musicales Canada, les repr\u00e9sentations de <b>jeudi 17 mai\u00a0<\/b>(11 h et 19 h) marquent la premi\u00e8re d\u2019une nouvelle version d\u2019<\/span><i><span lang=\"IT\">Annabelle Canto<\/span><\/i><span lang=\"FR\">pour orchestre de chambre, sous la direction de <b>Boris Brott<\/b>.<\/span><\/p>\n<p class=\"Default\"><span lang=\"FR\">\u00a0<\/span><span lang=\"FR\">\u00a0<\/span><\/p>\n<p class=\"Default\"><span lang=\"FR\">Avec une voix \u00e0 la fois chaleureuse et lumineuse, la soprano <\/span><b><span lang=\"EN-US\">Christina Tannous\u00a0<\/span><\/b><span lang=\"FR\">est sollicit\u00e9e pour sa polyvalence, son intelligence musicale et son jeu d\u2019actrice. Christina a jou\u00e9 des r\u00f4les avec de nombreux ensembles canadiens, y compris l\u2019Orchestre symphonique de Montr\u00e9al, l\u2019Op\u00e9<\/span><span lang=\"PT\">ra de Qu<\/span><span lang=\"FR\">\u00e9bec, le Banff Centre, et le National Arts Center Orchestra, ainsi qu\u2019\u00e0 l\u2019international, avec le Kammeroper de Vienne. Christina a \u00e9galement \u00e9t\u00e9 entendue comme Soeur Berthe dans <\/span><b><i><span lang=\"IT\">La M<\/span><\/i><\/b><b><i><span lang=\"FR\">\u00e9lodie du Bonheur <\/span><\/i><\/b><span lang=\"FR\">(Festival Juste pour Rire) et dans de nombreux autres r\u00f4les pour le th\u00e9\u00e2tre et \u00e0 la t\u00e9l\u00e9<\/span><span lang=\"IT\">vision.<\/span><\/p>\n<p>&nbsp;<\/p>\n<p class=\"Default\"><a href=\"https:\/\/placedesarts.com\/fr\/evenement\/annabelle-canto\" target=\"_blank\" rel=\"noopener\"><strong>***Les lecteurs de Ludwig van Montr\u00e9al b\u00e9n\u00e9ficient d&rsquo;un tarif pr\u00e9f\u00e9rentiel de 10 $ sur les billets avec le code promo\u00a0<i>CANTO.<\/i><\/strong><\/a><\/p>\n<p>&nbsp;<\/p>\n<p class=\"Default\"><span lang=\"FR\">Le pianiste canadien charismatique <b>Dominic Boulianne\u00a0<\/b>est reconnu internationalement pour son jeu polyvalent et distingu\u00e9. Interpr\u00e8te r\u00e9gulier des orchestres symphoniques du Qu\u00e9bec, il a \u00e9galement \u00e9t\u00e9 invit\u00e9 \u00e0 des festivals internationaux en France, au Canada, aux \u00c9tats-Unis et en Tunisie. En tant que pianiste accompagnateur, il a jou\u00e9 aux c\u00f4t\u00e9s de Barbara Hendricks, Jean-Fran<\/span><span lang=\"PT\">\u00e7<\/span><span lang=\"FR\">ois Lapointe, Nathalie Choquette, Marie-Nicole Lemieux, et Gino Quilico, avec qui il a enregistr\u00e9 deux albums nomm\u00e9s l\u2019ADISQ pour la maison de disques ANALEKTA.<\/span><\/p>\n<p class=\"Default\"><span lang=\"FR\">\u00a0<\/span><\/p>\n<p class=\"Default\"><span lang=\"FR\">C\u00e9l\u00e9<\/span><span lang=\"IT\">brant 78 ann<\/span><span lang=\"FR\">\u00e9es de musique de chambre professionnelle, le <\/span><b><span lang=\"FR\">MCO\u00a0<\/span><\/b><span lang=\"FR\">(Orchestre de chambre McGill) fait partie des ensembles de musique de chambre canadiens les plus r\u00e9put\u00e9s. Les concerts \u00e9ducatifs du MCO sont au centre de sa mission. Depuis l\u2019ann\u00e9e 2000, le MCO est sous la direction artistique du chef d\u2019<\/span><span lang=\"IT\">orchestre <\/span><b><span lang=\"FR\">Boris Brott<\/span><\/b><span lang=\"FR\">, l\u2019un des chefs canadiens les plus renomm\u00e9s mondialement. Cet orchestre pr\u00e9sente un ensemble vibrant constitu\u00e9 des meilleurs musiciens professionnels et se produit tout au long de l\u2019ann\u00e9e dans les meilleures salles de concert de Montr\u00e9<\/span><span lang=\"PT\">al.<\/span><\/p>\n<p>&nbsp;<\/p>\n<p class=\"BodyA\" style=\"text-align: left;\" align=\"center\"><span lang=\"FR\">MCO | Boris Brott, chef<\/span><\/p>\n<p class=\"BodyA\" style=\"text-align: left;\" align=\"center\"><span lang=\"FR\">Jeudi 17 mai<\/span><\/p>\n<p class=\"BodyA\" style=\"text-align: left;\" align=\"center\"><i><span lang=\"FR\">Deux repr\u00e9sentations !<\/span><\/i><span lang=\"FR\">\u00a0 11 h et 19 h<\/span><\/p>\n<p class=\"Body\" style=\"text-align: left;\" align=\"center\"><span lang=\"NL\">Th\u00e9\u00e2tre Maisonneuve, Place des Arts<\/span><\/p>\n<p class=\"Body\" style=\"text-align: left;\" align=\"center\"><span lang=\"NL\">Billets 17,75 $\u00a0\u00a0 |\u00a0placedesarts.com <i>ou<\/i>\u00a0 514 842-2112<\/span><b><\/b><\/p>\n<p><a href=\"https:\/\/placedesarts.com\/fr\/evenement\/annabelle-canto\" target=\"_blank\" rel=\"noopener\"><strong>***Mentionnez le code promo <em>CANTO<\/em> pour obtenir un tarif pr\u00e9f\u00e9rentiel de 10 $ au lieu de 17,75 $. Seulement pour nos lecteurs !\u00a0<\/strong><\/a><\/p>\n<p>&nbsp;<\/p>\n<p><em><strong>La publication de ce communiqu\u00e9 est un privil\u00e8ge r\u00e9serv\u00e9 aux membres de Ludwig van Montr\u00e9al. Pour savoir comment devenir membre, \u00e9crivez-nous \u00e0 <a href=\"mailto:caroline@ludwig-van.com\">caroline@ludwig-van.com<\/a> <\/strong><\/em><\/p>\n<p>&nbsp;<\/p>\n<h2>NE RATEZ PLUS AUCUNE DE NOS PUBLICATIONS! ABONNEZ-VOUS \u00c0 L&rsquo;INFOLETTRE LUDWIG VAN MONTR\u00c9AL.<\/h2>\n<p>&nbsp;<\/p>\n","protected":false},"excerpt":{"rendered":"<p>Pendant pr\u00e8s de dix ans, les spectateurs canadiens ont \u00e9t\u00e9 ravis, amus\u00e9s et enchant\u00e9s par le conte hilarant d\u2019Annabelle Canto, la chanteuse d\u2019op\u00e9ra qui \u2014 le matin m\u00eame d\u2019une importante performance \u2014 perd la sa voix et sa m\u00e9moire\u2009! D\u00e9sesp\u00e9r\u00e9, son pianiste Henri tentera tout, de l\u2019hypnose aux potions magiques, pour retrouver la voix perdue d\u2019Annabelle Canto. En cours de route, les enfants d\u00e9couvrent des personnages fascinants et majestueux du mode de l\u2019op\u00e9ra. Recommand\u00e9 pour les enfants de 5 \u00e0 12 ans et leurs familles, Annabelle Canto propose une introduction humoristique \u00e0 l\u2019op\u00e9ra classique, guid\u00e9e par la soprano Christina Tannous\u00a0et le pianiste et acteur Dominic Boulianne. En collaboration avec les Jeunesses Musicales Canada, les repr\u00e9sentations de jeudi 17 mai\u00a0(11 h et 19 h) marquent la premi\u00e8re d\u2019une nouvelle version d\u2019Annabelle Cantopour orchestre de chambre, sous la direction de Boris Brott.<\/p>\n","protected":false},"author":7,"featured_media":53993,"comment_status":"open","ping_status":"open","sticky":false,"template":"","format":"standard","meta":{"om_disable_all_campaigns":false,"jetpack_post_was_ever_published":false},"categories":[16745,11944,3922],"tags":[22270,17332,22250],"yst_prominent_words":[22262,22261,22254,10334,22268,22255,22252,22264,12266,22263,22256,9788,9787,12698,10095,22269,22257,22253,22267,9804],"acf":[],"jetpack_featured_media_url":"https:\/\/www.ludwig-van.com\/montreal\/wp-content\/uploads\/sites\/3\/2018\/05\/Annabelle2017_CMYK_PANO_2700x1561.jpg","jetpack_sharing_enabled":true,"jetpack_shortlink":"https:\/\/wp.me\/p9bdYt-e2Q","amp_enabled":true,"_links":{"self":[{"href":"https:\/\/www.ludwig-van.com\/montreal\/wp-json\/wp\/v2\/posts\/53992"}],"collection":[{"href":"https:\/\/www.ludwig-van.com\/montreal\/wp-json\/wp\/v2\/posts"}],"about":[{"href":"https:\/\/www.ludwig-van.com\/montreal\/wp-json\/wp\/v2\/types\/post"}],"author":[{"embeddable":true,"href":"https:\/\/www.ludwig-van.com\/montreal\/wp-json\/wp\/v2\/users\/7"}],"replies":[{"embeddable":true,"href":"https:\/\/www.ludwig-van.com\/montreal\/wp-json\/wp\/v2\/comments?post=53992"}],"version-history":[{"count":5,"href":"https:\/\/www.ludwig-van.com\/montreal\/wp-json\/wp\/v2\/posts\/53992\/revisions"}],"predecessor-version":[{"id":53998,"href":"https:\/\/www.ludwig-van.com\/montreal\/wp-json\/wp\/v2\/posts\/53992\/revisions\/53998"}],"wp:featuredmedia":[{"embeddable":true,"href":"https:\/\/www.ludwig-van.com\/montreal\/wp-json\/wp\/v2\/media\/53993"}],"wp:attachment":[{"href":"https:\/\/www.ludwig-van.com\/montreal\/wp-json\/wp\/v2\/media?parent=53992"}],"wp:term":[{"taxonomy":"category","embeddable":true,"href":"https:\/\/www.ludwig-van.com\/montreal\/wp-json\/wp\/v2\/categories?post=53992"},{"taxonomy":"post_tag","embeddable":true,"href":"https:\/\/www.ludwig-van.com\/montreal\/wp-json\/wp\/v2\/tags?post=53992"},{"taxonomy":"yst_prominent_words","embeddable":true,"href":"https:\/\/www.ludwig-van.com\/montreal\/wp-json\/wp\/v2\/yst_prominent_words?post=53992"}],"curies":[{"name":"wp","href":"https:\/\/api.w.org\/{rel}","templated":true}]}}