{"id":53833,"date":"2018-05-02T17:48:41","date_gmt":"2018-05-02T21:48:41","guid":{"rendered":"https:\/\/www.ludwig-van.com\/montreal\/?p=53833"},"modified":"2018-05-02T19:15:22","modified_gmt":"2018-05-02T23:15:22","slug":"messages-membres-saison-2017-2018-de-losm-se-termine-beaute-neuf-symphonies-de-beethoven","status":"publish","type":"post","link":"https:\/\/www.ludwig-van.com\/montreal\/2018\/05\/02\/messages-membres-saison-2017-2018-de-losm-se-termine-beaute-neuf-symphonies-de-beethoven\/","title":{"rendered":"MESSAGES DES MEMBRES | La saison 2017-2018 de l&rsquo;OSM se termine en beaut\u00e9 avec les neuf symphonies de Beethoven"},"content":{"rendered":"<figure id=\"attachment_47116\" aria-describedby=\"caption-attachment-47116\" style=\"width: 1024px\" class=\"wp-caption aligncenter\"><img decoding=\"async\" loading=\"lazy\" class=\"size-full wp-image-47116\" src=\"https:\/\/www.ludwig-van.com\/montreal\/wp-content\/uploads\/sites\/3\/2017\/09\/OSM-Antoine-Saito.jpg\" alt=\"L'OSM. (Cr\u00e9dit: Antoine Saito)\" width=\"1024\" height=\"683\" srcset=\"https:\/\/www.ludwig-van.com\/montreal\/wp-content\/uploads\/sites\/3\/2017\/09\/OSM-Antoine-Saito.jpg 1024w, https:\/\/www.ludwig-van.com\/montreal\/wp-content\/uploads\/sites\/3\/2017\/09\/OSM-Antoine-Saito-300x200.jpg 300w, https:\/\/www.ludwig-van.com\/montreal\/wp-content\/uploads\/sites\/3\/2017\/09\/OSM-Antoine-Saito-768x512.jpg 768w\" sizes=\"(max-width: 1024px) 100vw, 1024px\" \/><figcaption id=\"caption-attachment-47116\" class=\"wp-caption-text\">L&rsquo;OSM. (Cr\u00e9dit: Antoine Saito)<\/figcaption><\/figure>\n<p>&nbsp;<\/p>\n<p><img decoding=\"async\" loading=\"lazy\" class=\"aligncenter size-full wp-image-47115\" src=\"https:\/\/www.ludwig-van.com\/montreal\/wp-content\/uploads\/sites\/3\/2017\/09\/OSMHQ_logo-bg.jpg\" alt=\"\" width=\"1024\" height=\"321\" srcset=\"https:\/\/www.ludwig-van.com\/montreal\/wp-content\/uploads\/sites\/3\/2017\/09\/OSMHQ_logo-bg.jpg 1024w, https:\/\/www.ludwig-van.com\/montreal\/wp-content\/uploads\/sites\/3\/2017\/09\/OSMHQ_logo-bg-300x94.jpg 300w, https:\/\/www.ludwig-van.com\/montreal\/wp-content\/uploads\/sites\/3\/2017\/09\/OSMHQ_logo-bg-768x241.jpg 768w\" sizes=\"(max-width: 1024px) 100vw, 1024px\" \/><\/p>\n<p>&nbsp;<\/p>\n<h1 style=\"text-align: center;\">LA SAISON 2017-2018 DE L\u2019OSM SE TERMINE EN BEAUT\u00c9<br \/>\n\u00c0 L\u2019HONNEUR : LES NEUF SYMPHONIES DE BEETHOVEN ET 3 CONCERTS DE SCIENCE ET FICTION\u2009!<\/h1>\n<p>&nbsp;<\/p>\n<p><strong>COMMUNIQU\u00c9 &#8211; Montr\u00e9al, 2 mai 2018 &#8211;<\/strong> \u00c0 l\u2019aube de l\u2019\u00e9t\u00e9, la saison 2017-2018 se termine avec de nombreux rendez-vous musicaux d\u2019exception. Mentionnons la pr\u00e9sentation de 3 concerts <strong>SCIENCE &amp; FICTION<\/strong>, o\u00f9 l\u2019OSM mettra en lumi\u00e8re des trames sonores inoubliables du 7e art. De plus, sous la direction de Kent Nagano, l\u2019Orchestre ex\u00e9cutera l\u2019ensemble des neuf symphonies de Beethoven lors des cinq programmes diff\u00e9rents et sept concerts du <strong>FESTIVAL BEETHOVEN<\/strong>. Aussi, la venue du jeune chef d\u2019orchestre fran\u00e7ais <strong>J\u00c9R\u00c9MIE RHORER<\/strong> qui dirigera la majestueuse symphonie de Saint-Sa\u00ebns, le <strong>TORONTO SYMPHONY ORCHESTRA (TSO)<\/strong> visitera l\u2019OSM en compagnie du grand ma\u00eetre <strong>LEON FLEISHER<\/strong> et le retour \u00e0 Montr\u00e9al de la v\u00e9ritable star de la sc\u00e8ne classique, la pianiste chinoise <strong>YUJA WANG<\/strong>. Survol de ce beau programme qui cl\u00f4turera la saison\u2026<\/p>\n<p>&nbsp;<\/p>\n<h2 style=\"text-align: center;\">LA SYMPHONIE \u00ab AVEC ORGUE \u00bb DE SAINT-SA\u00cbNS<br \/>\nMERCREDI 9 MAI \u00c0 20 H, JEUDI 10 MAI \u00c0 10 H 30 ET \u00c0 20 H, MAISON SYMPHONIQUE<\/h2>\n<p>&nbsp;<\/p>\n<figure id=\"attachment_48466\" aria-describedby=\"caption-attachment-48466\" style=\"width: 1024px\" class=\"wp-caption aligncenter\"><img decoding=\"async\" loading=\"lazy\" class=\"size-full wp-image-48466\" src=\"https:\/\/www.ludwig-van.com\/montreal\/wp-content\/uploads\/sites\/3\/2017\/10\/Je\u0301re\u0301mie-Rhorer.jpg\" alt=\"\" width=\"1024\" height=\"576\" srcset=\"https:\/\/www.ludwig-van.com\/montreal\/wp-content\/uploads\/sites\/3\/2017\/10\/Je\u0301re\u0301mie-Rhorer.jpg 1024w, https:\/\/www.ludwig-van.com\/montreal\/wp-content\/uploads\/sites\/3\/2017\/10\/Je\u0301re\u0301mie-Rhorer-300x169.jpg 300w, https:\/\/www.ludwig-van.com\/montreal\/wp-content\/uploads\/sites\/3\/2017\/10\/Je\u0301re\u0301mie-Rhorer-768x432.jpg 768w\" sizes=\"(max-width: 1024px) 100vw, 1024px\" \/><figcaption id=\"caption-attachment-48466\" class=\"wp-caption-text\">J\u00e9r\u00e9mie Rhorer. (Photo: courtoisie de l&rsquo;OSM)<\/figcaption><\/figure>\n<p>Sous la direction du chef d\u2019orchestre fran\u00e7ais <strong>J\u00e9r\u00e9mie Rhorer<\/strong>, l\u2019OSM pr\u00e9sentera d\u2019abord le dernier po\u00e8me symphonique du ma\u00eetre incontest\u00e9 de cette forme : Franz Liszt. Le pianiste hongrois aura marqu\u00e9 toute une g\u00e9n\u00e9ration de compositeurs. C\u2019est d\u2019ailleurs \u00e0 lui qu\u2019est d\u00e9di\u00e9e l\u2019ultime et majestueuse symphonie de Saint-Sa\u00ebns, \u00ab avec orgue \u00bb, \u0153uvre phare du r\u00e9pertoire de cet instrument que l\u2019on entendra livr\u00e9e par l\u2019organiste soliste am\u00e9ricaine Chelsea Chen. \u00c9galement au programme : des \u0153uvres de Mulet, Faur\u00e9 et Dukas. LE CONCERT DU 9 FAIT PARTIE DE LA S\u00c9RIE LES GRANDS CONCERTS DU MERCREDI ALFID, CEUX DU 10 DE LA S\u00c9RIE LES GRANDS CONCERTS LES MATINS SYMPHONIQUES J-A DES\u00c8VE ET DE LA S\u00c9RIE LES GRANDS CONCERTS DU JEUDI POWER CORPORATION. <a href=\"http:\/\/www.osm.ca\/fr\/concerts\/la-symphonie-avec-orgue-de-saint-saens\/\" target=\"_blank\" rel=\"noopener\">ACHETER DES BILLETS<\/a><\/p>\n<p>&nbsp;<\/p>\n<h1 style=\"text-align: center;\">SCIENCE ET FICTION<\/h1>\n<h3>On ne compte plus le nombre de succ\u00e8s cin\u00e9matographiques qui sont intrins\u00e8quement li\u00e9s \u00e0 leur bande sonore. La musique occupe un r\u00f4le primordial dans les \u0153uvres du septi\u00e8me art. Et tout particuli\u00e8rement, dans les films de science-fiction o\u00f9 elle soutient l\u2019action, cr\u00e9e l\u2019ambiance et devient m\u00eame parfois un personnage \u00e0 part enti\u00e8re. Silence, moteur, on tourne !<\/h3>\n<h2 style=\"text-align: center;\">LA SCIENCE DE LA SCIENCE-FICTION<br \/>\nMERCREDI 16 MAI \u00c0 20 H, MAISON SYMPHONIQUE<\/h2>\n<p>&nbsp;<\/p>\n<figure id=\"attachment_53835\" aria-describedby=\"caption-attachment-53835\" style=\"width: 813px\" class=\"wp-caption aligncenter\"><img decoding=\"async\" loading=\"lazy\" class=\"size-full wp-image-53835\" src=\"https:\/\/www.ludwig-van.com\/montreal\/wp-content\/uploads\/sites\/3\/2018\/05\/Andr\u00e9-Robitaille-web.jpg\" alt=\"Andr\u00e9 Robitaille. (Photo: courtoisie de l'OSM)\" width=\"813\" height=\"824\" srcset=\"https:\/\/www.ludwig-van.com\/montreal\/wp-content\/uploads\/sites\/3\/2018\/05\/Andr\u00e9-Robitaille-web.jpg 813w, https:\/\/www.ludwig-van.com\/montreal\/wp-content\/uploads\/sites\/3\/2018\/05\/Andr\u00e9-Robitaille-web-296x300.jpg 296w, https:\/\/www.ludwig-van.com\/montreal\/wp-content\/uploads\/sites\/3\/2018\/05\/Andr\u00e9-Robitaille-web-768x778.jpg 768w\" sizes=\"(max-width: 813px) 100vw, 813px\" \/><figcaption id=\"caption-attachment-53835\" class=\"wp-caption-text\">Andr\u00e9 Robitaille. (Photo: courtoisie de l&rsquo;OSM)<\/figcaption><\/figure>\n<p>Le chef <strong>Nathan Brock<\/strong> dirigera l\u2019OSM qui interpr\u00e9tera des classiques issus des trames sonores telles que le Beau Danube bleu de J. Strauss, entendu dans 2001 : l\u2019odyss\u00e9e de l\u2019espace ainsi que des \u0153uvres compos\u00e9es pour les films Retour vers le futur, Star Trek &#8211; le film, sans oublier les grands th\u00e8mes de La Guerre des \u00e9toiles du compositeur John Williams. <strong>Andr\u00e9 Robitaille<\/strong> en assurera l\u2019animation en abordant des sujets tels que l\u2019immensit\u00e9 de l\u2019univers, la vie extra-terrestre, l\u2019intelligence artificielle, les voyages dans le temps et la fragilit\u00e9 de notre plan\u00e8te. (AUCUNE PROJECTION) <a href=\"http:\/\/www.osm.ca\/fr\/concerts\/la-science-de-la-science-fiction\/\" target=\"_blank\" rel=\"noopener\">ACHETER DES BILLETS<\/a><\/p>\n<h2 style=\"text-align: center;\">DR. JEKYLL &amp; MR. HYDE<br \/>\nDIMANCHE 20 MAI \u00c0 14 H 30, MAISON SYMPHONIQUE<\/h2>\n<p>Consid\u00e9r\u00e9 comme l\u2019un des plus talentueux organistes de sa g\u00e9n\u00e9ration, l\u2019interpr\u00e8te \u00e9m\u00e9rite et compositeur anglais David Briggs est reconnu pour son grand talent d\u2019improvisateur. Son accompagnement du film fantastique DR. JEKYLL &amp; MR. HYDE se m\u00e9tamorphosera au rythme des transmutations du bon Dr. Jekyll en horrible Mr. Hyde. MUSIQUE IMPROVIS\u00c9E \u00c0 L\u2019ORGUE EN ACCOMPAGNEMENT DE LA PROJECTION DU FILM R\u00c9ALIS\u00c9 EN 1920 PAR JOHN S. ROBERTSON. <a href=\"http:\/\/www.osm.ca\/fr\/concerts\/dr-jekyll-mr-hyde\/\" target=\"_blank\" rel=\"noopener\">ACHETER DES BILLETS<\/a><\/p>\n<h2 style=\"text-align: center;\">E. T. L\u2019EXTRA-TERRESTRE<br \/>\nMARDI 22 MAI \u00c0 20 H, MAISON SYMPHONIQUE<\/h2>\n<p style=\"text-align: left;\">Qui ne se souvient pas de cette image d\u2019un jeune gar\u00e7on conduisant une bicyclette volant au clair de lune ? E. T. L\u2019EXTRA-TERRESTRE a en effet marqu\u00e9 toute une g\u00e9n\u00e9ration. Au son de l\u2019incroyable trame sonore de John Williams, interpr\u00e9t\u00e9e en direct par l\u2019OSM sous la direction de Dina Gilbert, le public est invit\u00e9 \u00e0 se laisser de nouveau \u00e9mouvoir par la rencontre touchante entre Elliott et cette sympathique cr\u00e9ature de l\u2019espace. UN FILM R\u00c9ALIS\u00c9 PAR STEVEN SPIELBERG EN 1982, AVEC PROJECTION, EN VERSION ORIGINALE ANGLAISE, AVEC SOUS-TITRES FRAN\u00c7AIS. <a href=\"https:\/\/www.osm.ca\/fr\/concerts\/e-t-lextra-terrestre\/\" target=\"_blank\" rel=\"noopener\">ACHETER DES BILLETS<\/a><\/p>\n<p>&nbsp;<\/p>\n<h1 style=\"text-align: center;\">FESTIVAL BEETHOVEN<\/h1>\n<h3>L\u2019OSM et Kent Nagano invitent le public \u00e0 parcourir les neuf symphonies de Ludwig van Beethoven en cinq programmes diff\u00e9rents et 7 concerts. Ces chefs-d\u2019\u0153uvre, qui constituent l\u2019un des grands monuments de la musique classique, restent saisissants d\u2019actualit\u00e9.<\/h3>\n<p style=\"text-align: center;\"><img decoding=\"async\" loading=\"lazy\" class=\"aligncenter size-full wp-image-53837\" src=\"https:\/\/www.ludwig-van.com\/montreal\/wp-content\/uploads\/sites\/3\/2018\/05\/Nagano-Beethoven.jpg\" alt=\"\" width=\"960\" height=\"360\" srcset=\"https:\/\/www.ludwig-van.com\/montreal\/wp-content\/uploads\/sites\/3\/2018\/05\/Nagano-Beethoven.jpg 960w, https:\/\/www.ludwig-van.com\/montreal\/wp-content\/uploads\/sites\/3\/2018\/05\/Nagano-Beethoven-300x113.jpg 300w, https:\/\/www.ludwig-van.com\/montreal\/wp-content\/uploads\/sites\/3\/2018\/05\/Nagano-Beethoven-768x288.jpg 768w\" sizes=\"(max-width: 960px) 100vw, 960px\" \/><\/p>\n<p>&nbsp;<\/p>\n<h2 style=\"text-align: center;\">LE DESTIN D\u2019UN G\u00c9ANT : LA 5E SYMPHONIE DE BEETHOVEN<br \/>\nDIMANCHE 27 MAI \u00c0 14 H 30 ET LUNDI 28 MAI \u00c0 20 H, MAISON SYMPHONIQUE<\/h2>\n<p>D\u00e8s les premi\u00e8res mesures de la c\u00e9l\u00e8bre 5e Symphonie, un motif de quatre notes lance cette musique extraordinaire, qui constitue un joyau du r\u00e9pertoire symphonique. Moins connue et ex\u00e9cut\u00e9e en ouverture de concert, la 4e Symphonie poss\u00e8de aussi sa propre charge dramatique. <a href=\"http:\/\/www.osm.ca\/fr\/concerts\/le-destin-dun-geant-la-5e-symphonie-de-beethoven\/\" target=\"_blank\" rel=\"noopener\">ACHETER DES BILLETS<\/a><\/p>\n<h2 style=\"text-align: center;\">R\u00c9VEIL DE LA NATURE : LA \u00ab PASTORALE \u00bb DE BEETHOVEN<br \/>\nMARDI 29 MAI \u00c0 20 H, MAISON SYMPHONIQUE<\/h2>\n<p>La 6e Symphonie, dite \u00ab Pastorale \u00bb, exprime \u00ab les \u00e9motions suscit\u00e9es par les plaisirs de la campagne \u00bb et offre un v\u00e9ritable portrait musical de la nature. Mais d\u2019abord, l\u2019OSM interpr\u00e9tera la 2e Symphonie, une \u0153uvre compos\u00e9e quelques mois seulement avant que Beethoven ne constate que sa surdit\u00e9 s\u2019aggravait, une \u0153uvre \u00e9tonnamment teint\u00e9e d\u2019humour et de joie. LE CONCERT FAIT PARTIE DE LA S\u00c9RIE LES GRANDS CONCERTS DU MARDI BMO. <a href=\"http:\/\/www.osm.ca\/fr\/concerts\/reveil-de-la-nature-la-pastorale-de-beethoven\/\" target=\"_blank\" rel=\"noopener\">ACHETER DES BILLETS<\/a><\/p>\n<h2 style=\"text-align: center;\">\u00c9LAN DE VIE : LA 7E SYMPHONIE DE BEETHOVEN<br \/>\nMERCREDI 30 MAI \u00c0 19 H, MAISON SYMPHONIQUE<\/h2>\n<p>La 7e Symphonie, que Wagner qualifiait d\u2019\u00ab apoth\u00e9ose de la danse \u00bb, est consid\u00e9r\u00e9e comme la plus rythmique des symphonies de Beethoven. Son \u00e9mouvant Allegretto s\u2019est fait entendre dans plusieurs films, dont Le Discours d\u2019un roi, avec Colin Firth. En ouverture de programme : l\u2019avant-derni\u00e8re symphonie du compositeur, la lumineuse 8e Symphonie. <a href=\"http:\/\/www.osm.ca\/fr\/concerts\/7e-symphonie-de-beethoven\/\" target=\"_blank\" rel=\"noopener\">ACHETER DES BILLETS<\/a><\/p>\n<h2 style=\"text-align: center;\">ESPOIR D\u2019UN MONDE MEILLEUR : L\u2019\u00abH\u00c9RO\u00cfQUE\u00bb DE BEETHOVEN<br \/>\nJEUDI 31 MAI \u00c0 20 H, MAISON SYMPHONIQUE<\/h2>\n<p>Enflamm\u00e9 par l\u2019espoir d\u2019un monde plus \u00e9galitaire, Ludvig van Beethoven d\u00e9die d\u2019abord sa troisi\u00e8me symphonie, dite \u00ab H\u00e9ro\u00efque \u00bb, \u00e0 Napol\u00e9on qui incarne selon lui l\u2019anti-monarchie. Il rayera plus tard la d\u00e9dicace dans un \u00e9lan de profonde d\u00e9ception en apprenant que ce dernier s\u2019est fait couronner empereur. En ouverture de programme, la premi\u00e8re symphonie du compositeur cr\u00e9\u00e9e en 1800 \u00e0 Vienne. <a href=\"http:\/\/www.osm.ca\/fr\/concerts\/espoir-dun-monde-meilleur-l-heroique-de-beethoven\/\" target=\"_blank\" rel=\"noopener\">ACHETER DES BILLETS<\/a><\/p>\n<h2 style=\"text-align: center;\">JOIE ET GRANDEUR : LA 9E SYMPHONIE<br \/>\nVENDREDI 1ER JUIN ET SAMEDI 2 JUIN \u00c0 20 H, MAISON SYMPHONIQUE<\/h2>\n<p>La 9e Symphonie de Beethoven \u2014 avec son c\u00e9l\u00e8bre \u00ab Hymne \u00e0 la joie \u00bb \u2014 cl\u00f4turera majestueusement le FESTIVAL BEETHOVEN. V\u00e9ritable fresque, elle parvient \u00e0 l\u2019expression d\u2019un espoir de paix et de fraternit\u00e9 entre tous les hommes. Interpr\u00e9t\u00e9e par les solistes Erin Wall (soprano), Allyson McHardy (mezzo-soprano), Joseph Kaiser (t\u00e9nor) et Petri Lindroos (basse) ainsi que par le Ch\u0153ur de l\u2019OSM, sous la direction d\u2019Andrew Megill, cette \u0153uvre grandiose soul\u00e8vera les spectateurs de la Maison symphonique. La partition de la 9e Symphonie fait partie du patrimoine mondial de l\u2019UNESCO depuis 2001. <a href=\"http:\/\/www.osm.ca\/fr\/concerts\/joie-et-grandeur-la-9e-symphonie\/\" target=\"_blank\" rel=\"noopener\">ACHETER DES BILLETS<\/a><\/p>\n<p>&nbsp;<\/p>\n<h2 style=\"text-align: center;\">YUJA WANG<br \/>\nMARDI 15 MAI \u00c0 20 H, MAISON SYMPHONIQUE<\/h2>\n<figure id=\"attachment_53846\" aria-describedby=\"caption-attachment-53846\" style=\"width: 1024px\" class=\"wp-caption aligncenter\"><img decoding=\"async\" loading=\"lazy\" class=\"size-full wp-image-53846\" src=\"https:\/\/www.ludwig-van.com\/montreal\/wp-content\/uploads\/sites\/3\/2018\/05\/Yuja-Wang-web-courtoisie.jpg\" alt=\"Yuja Wang (Photo: courtoisie de l'OSM)\" width=\"1024\" height=\"683\" srcset=\"https:\/\/www.ludwig-van.com\/montreal\/wp-content\/uploads\/sites\/3\/2018\/05\/Yuja-Wang-web-courtoisie.jpg 1024w, https:\/\/www.ludwig-van.com\/montreal\/wp-content\/uploads\/sites\/3\/2018\/05\/Yuja-Wang-web-courtoisie-300x200.jpg 300w, https:\/\/www.ludwig-van.com\/montreal\/wp-content\/uploads\/sites\/3\/2018\/05\/Yuja-Wang-web-courtoisie-768x512.jpg 768w\" sizes=\"(max-width: 1024px) 100vw, 1024px\" \/><figcaption id=\"caption-attachment-53846\" class=\"wp-caption-text\">Yuja Wang (Photo: courtoisie de l&rsquo;OSM)<\/figcaption><\/figure>\n<p>&nbsp;<\/p>\n<p><strong>Yuja Wang<\/strong> est une v\u00e9ritable star de la sc\u00e8ne classique. Selon le New York Times, elle a tout pour elle : \u00ab v\u00e9locit\u00e9, souplesse, puissance et interpr\u00e9tation nuanc\u00e9e \u00bb. Son jeu spontan\u00e9 et audacieux ainsi que ses programmes de r\u00e9citals originaux enflamment la critique et le public. Cette fois, la c\u00e9l\u00e8bre pianiste chinoise ex\u00e9cutera des \u0153uvres de Ligeti, Scriabine, Rachmaninov et Prokofiev. CE R\u00c9CITAL EST PR\u00c9SENT\u00c9 EN PARTENARIAT AVEC PRO MUSICA. <a href=\"http:\/\/www.osm.ca\/fr\/concerts\/yuja-wang\/\" target=\"_blank\" rel=\"noopener\">ACHETER DES BILLETS.\u00a0<\/a><\/p>\n<h2 style=\"text-align: center;\">\u00c9GALEMENT AU PROGRAMME \u00c0 LA MAISON SYMPHONIQUE&#8230;<\/h2>\n<p>Le 6 mai, le <strong>TORONTO SYMPHONY ORCHESTRA (TSO)<\/strong> visitera l\u2019OSM en compagnie du grand ma\u00eetre <strong>LEON FLEISHER<\/strong> dans le Concerto pour piano no 12 de Mozart. L\u2019Orchestre interpr\u00e9tera aussi la monumentale Symphonie no 8 de Bruckner, consid\u00e9r\u00e9e par certains comme le \u00ab couronnement de la symphonie romantique \u00bb. Et les plus jeunes ne seront pas en reste avec la pr\u00e9sentation le 13 mai de <strong>LA MYST\u00c9RIEUSE M\u00c9TAMORPHOSE DE M. ET MME TACET !<\/strong> Cette production propose aux familles une ouverture sur un monde savoureux et insoup\u00e7onn\u00e9\u2026 Sur la musique de Grieg et Nielsen.<\/p>\n<h2 style=\"text-align: center;\">D\u00e9tails de la programmation et billets en ligne : OSM.CA<br \/>\n514 842 9951<\/h2>\n<p>&nbsp;<\/p>\n<h2 style=\"text-align: center;\">MARQUEZ VOTRE AGENDA !<br \/>\n23 MAI, 15H, D\u00c9VOILEMENT DE LA SAISON ESTIVALE 2018<\/h2>\n<p><img decoding=\"async\" loading=\"lazy\" class=\"aligncenter size-full wp-image-53848\" src=\"https:\/\/www.ludwig-van.com\/montreal\/wp-content\/uploads\/sites\/3\/2018\/05\/VIR\u00c9E-CLASSIQUE-web.jpg\" alt=\"\" width=\"1024\" height=\"274\" srcset=\"https:\/\/www.ludwig-van.com\/montreal\/wp-content\/uploads\/sites\/3\/2018\/05\/VIR\u00c9E-CLASSIQUE-web.jpg 1024w, https:\/\/www.ludwig-van.com\/montreal\/wp-content\/uploads\/sites\/3\/2018\/05\/VIR\u00c9E-CLASSIQUE-web-300x80.jpg 300w, https:\/\/www.ludwig-van.com\/montreal\/wp-content\/uploads\/sites\/3\/2018\/05\/VIR\u00c9E-CLASSIQUE-web-768x206.jpg 768w\" sizes=\"(max-width: 1024px) 100vw, 1024px\" \/><\/p>\n<p>&nbsp;<\/p>\n<p>&nbsp;<\/p>\n<h2 style=\"text-align: center;\">24 MAI EN SOIR\u00c9E, BAL D&rsquo;UNE NUIT D&rsquo;\u00c9T\u00c9 \u00c9CLAT\u00c9<\/h2>\n<p>&nbsp;<\/p>\n<p style=\"text-align: center;\"><img decoding=\"async\" loading=\"lazy\" class=\"aligncenter size-full wp-image-53850\" src=\"https:\/\/www.ludwig-van.com\/montreal\/wp-content\/uploads\/sites\/3\/2018\/05\/Bal-nuit-d\u00e9t\u00e9-\u00e9clat\u00e9.jpg\" alt=\"\" width=\"600\" height=\"252\" srcset=\"https:\/\/www.ludwig-van.com\/montreal\/wp-content\/uploads\/sites\/3\/2018\/05\/Bal-nuit-d\u00e9t\u00e9-\u00e9clat\u00e9.jpg 600w, https:\/\/www.ludwig-van.com\/montreal\/wp-content\/uploads\/sites\/3\/2018\/05\/Bal-nuit-d\u00e9t\u00e9-\u00e9clat\u00e9-300x126.jpg 300w\" sizes=\"(max-width: 600px) 100vw, 600px\" \/><\/p>\n<p>&nbsp;<\/p>\n<p style=\"text-align: center;\"><strong>L\u2019Orchestre symphonique de Montr\u00e9al tient \u00e0 remercier ses partenaires:<\/strong><\/p>\n<p>La contribution des partenaires publics de l\u2019Orchestre \u00e9tant indispensable \u00e0 son fonctionnement, l\u2019OSM remercie son principal partenaire, le Conseil des arts et des lettres du Qu\u00e9bec, le Conseil des arts du Canada, le gouvernement du Qu\u00e9bec, le Conseil des arts de Montr\u00e9al et la Ville de Montr\u00e9al.<\/p>\n<p>L\u2019OSM est fier de pouvoir compter sur ses fid\u00e8les commanditaires et tient \u00e0 remercier Hydro-Qu\u00e9bec, pr\u00e9sentateur en titre de l\u2019OSM ainsi que BMO Groupe financier, partenaire de saison.<\/p>\n<p>Nous exprimons \u00e9galement notre reconnaissance envers Power Corporation du Canada, Air Canada, Manuvie, Fondation J. A. DeS\u00e8ve, Groupe Investors, Banque Nationale, La Great-West, London Life et Canada-Vie, Fillion \u00c9lectronique, Cogeco, Ritz-Carlton Montr\u00e9al, Estiatorio Milos, A\u00e9roports de Montr\u00e9al, BBA, Spinelli Lexus, IRIS, ESKA, Le Groupe Maurice, Alfid, Yamaha Musique Canada, Hyatt Regency Montr\u00e9al, Banque TD, Fromages d\u2019Ici, Stingray Musique, Solotech, Charton-Hobbs, Groupe GDI.<\/p>\n<p>Le Grand Orgue Pierre-B\u00e9ique a g\u00e9n\u00e9reusement \u00e9t\u00e9 offert \u00e0 l\u2019OSM par madame Jacqueline Desmarais.<\/p>\n<p>Billets \u00e9galement en vente \u00e0 <a href=\"https:\/\/placedesarts.com\/\" target=\"_blank\" rel=\"noopener\">placedesarts.com<\/a><\/p>\n<h3><em><strong>La publication de ce communiqu\u00e9 est un privil\u00e8ge r\u00e9serv\u00e9 aux membres de Ludwig van Montr\u00e9al. Pour savoir comment devenir membre, \u00e9crivez-nous \u00e0 caroline@ludwig-van.com\u00a0<\/strong><\/em><\/h3>\n<p>&nbsp;<\/p>\n<h2>NE MANQUEZ PLUS NOS PUBLICATIONS! ABONNEZ-VOUS \u00c0 L&rsquo;INFOLETTRE LUDWIG VAN MONTR\u00c9AL<\/h2>\n","protected":false},"excerpt":{"rendered":"<p>COMMUNIQU\u00c9 &#8211; Montr\u00e9al, 2 mai 2018 &#8211; \u00c0 l\u2019aube de l\u2019\u00e9t\u00e9, la saison 2017-2018 se termine avec de nombreux rendez-vous musicaux d\u2019exception. Mentionnons la pr\u00e9sentation de 3 concerts SCIENCE &#038; FICTION, o\u00f9 l\u2019OSM mettra en lumi\u00e8re des trames sonores inoubliables du 7e art. De plus, sous la direction de Kent Nagano, l\u2019Orchestre ex\u00e9cutera l\u2019ensemble des neuf symphonies de Beethoven lors des cinq programmes diff\u00e9rents et sept concerts du FESTIVAL BEETHOVEN.<\/p>\n","protected":false},"author":7,"featured_media":47118,"comment_status":"open","ping_status":"open","sticky":false,"template":"","format":"standard","meta":{"om_disable_all_campaigns":false,"jetpack_post_was_ever_published":false},"categories":[16745,10956,11944],"tags":[17603,22101,4485],"yst_prominent_words":[10159,14976,13981,18676,22058,22057,22094,22059,14978,14977,22076,22071,22070,22079,9869,22072,22060,22092,22093,22091],"acf":[],"jetpack_featured_media_url":"https:\/\/www.ludwig-van.com\/montreal\/wp-content\/uploads\/sites\/3\/2017\/09\/Kent-Nagano1.jpg","jetpack_sharing_enabled":true,"jetpack_shortlink":"https:\/\/wp.me\/p9bdYt-e0h","amp_enabled":true,"_links":{"self":[{"href":"https:\/\/www.ludwig-van.com\/montreal\/wp-json\/wp\/v2\/posts\/53833"}],"collection":[{"href":"https:\/\/www.ludwig-van.com\/montreal\/wp-json\/wp\/v2\/posts"}],"about":[{"href":"https:\/\/www.ludwig-van.com\/montreal\/wp-json\/wp\/v2\/types\/post"}],"author":[{"embeddable":true,"href":"https:\/\/www.ludwig-van.com\/montreal\/wp-json\/wp\/v2\/users\/7"}],"replies":[{"embeddable":true,"href":"https:\/\/www.ludwig-van.com\/montreal\/wp-json\/wp\/v2\/comments?post=53833"}],"version-history":[{"count":5,"href":"https:\/\/www.ludwig-van.com\/montreal\/wp-json\/wp\/v2\/posts\/53833\/revisions"}],"predecessor-version":[{"id":53861,"href":"https:\/\/www.ludwig-van.com\/montreal\/wp-json\/wp\/v2\/posts\/53833\/revisions\/53861"}],"wp:featuredmedia":[{"embeddable":true,"href":"https:\/\/www.ludwig-van.com\/montreal\/wp-json\/wp\/v2\/media\/47118"}],"wp:attachment":[{"href":"https:\/\/www.ludwig-van.com\/montreal\/wp-json\/wp\/v2\/media?parent=53833"}],"wp:term":[{"taxonomy":"category","embeddable":true,"href":"https:\/\/www.ludwig-van.com\/montreal\/wp-json\/wp\/v2\/categories?post=53833"},{"taxonomy":"post_tag","embeddable":true,"href":"https:\/\/www.ludwig-van.com\/montreal\/wp-json\/wp\/v2\/tags?post=53833"},{"taxonomy":"yst_prominent_words","embeddable":true,"href":"https:\/\/www.ludwig-van.com\/montreal\/wp-json\/wp\/v2\/yst_prominent_words?post=53833"}],"curies":[{"name":"wp","href":"https:\/\/api.w.org\/{rel}","templated":true}]}}