{"id":53588,"date":"2018-04-25T09:02:04","date_gmt":"2018-04-25T13:02:04","guid":{"rendered":"https:\/\/www.ludwig-van.com\/montreal\/?p=53588"},"modified":"2018-04-25T09:15:28","modified_gmt":"2018-04-25T13:15:28","slug":"messages-des-membres-les-temps-modernes-90-ans-des-ondes-martenot-en-hommage-a-gilles-tremblay","status":"publish","type":"post","link":"https:\/\/www.ludwig-van.com\/montreal\/2018\/04\/25\/messages-des-membres-les-temps-modernes-90-ans-des-ondes-martenot-en-hommage-a-gilles-tremblay\/","title":{"rendered":"MESSAGES DES MEMBRES | LES TEMPS MODERNES, 90 ANS DES ONDES MARTENOT &#8211; EN HOMMAGE \u00c0 GILLES TREMBLAY"},"content":{"rendered":"<figure id=\"attachment_53589\" aria-describedby=\"caption-attachment-53589\" style=\"width: 1024px\" class=\"wp-caption aligncenter\"><img decoding=\"async\" loading=\"lazy\" class=\"size-full wp-image-53589\" src=\"https:\/\/www.ludwig-van.com\/montreal\/wp-content\/uploads\/sites\/3\/2018\/04\/Estelle-Lemire-WEB.jpg\" alt=\"Interpr\u00e8te soliste et chambriste, sp\u00e9cialiste des ondes Martenot depuis 25 ans, Estelle Lemire privil\u00e9gie d\u2019abord la cr\u00e9ation de la musique nouvelle et cherche \u00e0 faire mieux conna\u00eetre et appr\u00e9cier son instrument. (Photo: courtoisie du Conservatoire de musique de Montr\u00e9al)\" width=\"1024\" height=\"1276\" srcset=\"https:\/\/www.ludwig-van.com\/montreal\/wp-content\/uploads\/sites\/3\/2018\/04\/Estelle-Lemire-WEB.jpg 1024w, https:\/\/www.ludwig-van.com\/montreal\/wp-content\/uploads\/sites\/3\/2018\/04\/Estelle-Lemire-WEB-241x300.jpg 241w, https:\/\/www.ludwig-van.com\/montreal\/wp-content\/uploads\/sites\/3\/2018\/04\/Estelle-Lemire-WEB-768x957.jpg 768w, https:\/\/www.ludwig-van.com\/montreal\/wp-content\/uploads\/sites\/3\/2018\/04\/Estelle-Lemire-WEB-822x1024.jpg 822w\" sizes=\"(max-width: 1024px) 100vw, 1024px\" \/><figcaption id=\"caption-attachment-53589\" class=\"wp-caption-text\">Interpr\u00e8te soliste et chambriste, sp\u00e9cialiste des ondes Martenot depuis 25 ans, Estelle Lemire privil\u00e9gie d\u2019abord la cr\u00e9ation de la musique nouvelle et cherche \u00e0 faire mieux conna\u00eetre et appr\u00e9cier son instrument. (Photo: courtoisie du Conservatoire de musique de Montr\u00e9al)<\/figcaption><\/figure>\n<p>&nbsp;<\/p>\n<p style=\"text-align: left;\"><img decoding=\"async\" loading=\"lazy\" class=\"aligncenter size-full wp-image-50683\" src=\"https:\/\/www.ludwig-van.com\/montreal\/wp-content\/uploads\/sites\/3\/2018\/01\/Conservatoire-de-musique-de-Montre\u0301al-logo-bg.jpg\" alt=\"Logo du Conservatoire de musique de Montre\u0301al\" width=\"1024\" height=\"300\" srcset=\"https:\/\/www.ludwig-van.com\/montreal\/wp-content\/uploads\/sites\/3\/2018\/01\/Conservatoire-de-musique-de-Montre\u0301al-logo-bg.jpg 1024w, https:\/\/www.ludwig-van.com\/montreal\/wp-content\/uploads\/sites\/3\/2018\/01\/Conservatoire-de-musique-de-Montre\u0301al-logo-bg-300x88.jpg 300w, https:\/\/www.ludwig-van.com\/montreal\/wp-content\/uploads\/sites\/3\/2018\/01\/Conservatoire-de-musique-de-Montre\u0301al-logo-bg-768x225.jpg 768w\" sizes=\"(max-width: 1024px) 100vw, 1024px\" \/><\/p>\n<p>&nbsp;<\/p>\n<p><strong>Montr\u00e9al, le 25 avril 2018<\/strong> \u2014 Le <strong>Conservatoire de musique de Montr\u00e9al<\/strong> a le plaisir de pr\u00e9senter un concert intitul\u00e9 <em><strong>Les Temps modernes, 90 ans des ondes Martenot<\/strong><\/em>, avec l\u2019ondiste <strong>Estelle Lemire<\/strong> et le pianiste <strong>Daniel \u00c1\u00f1ez<\/strong>, en collaboration avec <strong>La Soci\u00e9t\u00e9 pour le d\u00e9veloppement des ondes<\/strong>, le samedi <strong>5 mai \u00e0 19 h 30<\/strong>, dans le cadre de la s\u00e9rie Vivace \u00e0 la salle de concert du Conservatoire.<\/p>\n<p>Ce concert est pr\u00e9sent\u00e9 <strong>en m\u00e9moire du compositeur Gilles Tremblay<\/strong>, professeur d\u2019analyse musicale et de composition, pianiste, ondiste et compositeur, d\u00e9c\u00e9d\u00e9 en 2017. Ce dernier a influenc\u00e9 plusieurs g\u00e9n\u00e9rations de compositeurs et d\u2019interpr\u00e8tes qui sont pass\u00e9s par ses classes au Conservatoire de musique de Montr\u00e9al.<\/p>\n<p><strong>Au programme<\/strong> :<br \/>\n<em>Feuillet in\u00e9dit no 4<\/em>, Olivier Messiaen<br \/>\n<em>Musique de salon<\/em>, Jean Lesage (cr\u00e9ation)<br \/>\n<em>Deux m\u00e9lodies h\u00e9bra\u00efques<\/em>, Maurice Ravel<br \/>\nCr\u00e9ations des Miniatures gagnantes du concours de composition in memoriam Gilles Tremblay<br \/>\nCr\u00e9ation, Marc Patch<br \/>\n<em>Coin des animaux<\/em>, (3 extraits) Georges-L\u00e9once Guinot<br \/>\n<em>Oraison,<\/em> Olivier Messiaen<\/p>\n<p><strong>Estelle Lemire<\/strong><br \/>\nInterpr\u00e8te soliste et chambriste, sp\u00e9cialiste des ondes Martenot depuis 25 ans, elle privil\u00e9gie d\u2019abord la cr\u00e9ation de la musique nouvelle et cherche \u00e0 faire mieux conna\u00eetre et appr\u00e9cier son instrument. Elle a jou\u00e9 pour la radio, pour la t\u00e9l\u00e9vision ainsi que pour diverses soci\u00e9t\u00e9s de musique contemporaine, ensembles et festivals au Canada et aux \u00c9tats-Unis. Elle a enregistr\u00e9 pour la compagnie SNE dont un disque soliste et, plus r\u00e9cemment, un disque Messiaen avec l\u2019Ensemble d\u2019Ondes de Montr\u00e9al sous \u00e9tiquette ATMA. En plus de jouer les classiques des ondes comme Jolivet, Milhaud, Messiaen, Var\u00e8se, Murail, Vivier et Boucher, elle a cr\u00e9\u00e9 des \u0153uvres de nombreux compositeurs contemporains. Elle-m\u00eame compositrice, son catalogue comporte une cinquantaine d\u2019\u0153uvres de concert \u00e9crites pour des solistes, ensembles de musique de chambre et orchestre.<\/p>\n<p><strong>Daniel \u00c1\u00f1ez<\/strong><br \/>\nPianiste colombien, n\u00e9 \u00e0 Carthag\u00e8ne en 1982, Daniel \u00c1\u00f1ez se sp\u00e9cialise dans le r\u00e9pertoire contemporain et latino-am\u00e9ricain. Il fait partie de l\u2019Ensemble CG \u00e0 Bogot\u00e1, et des ensembles Allog\u00e8ne, Wapiti, Ciao Rhino et Ensemble Paramirabo \u00e0 Montr\u00e9al. Il a \u00e9t\u00e9 s\u00e9lectionn\u00e9 pour le cycle de concerts de la Banque de la R\u00e9publique Colombienne en 2002. Laur\u00e9at du Premier Prix du troisi\u00e8me Concours International de Piano Maria Clara Cullell, \u00e0 San Jos\u00e9, au Costa Rica en 2004, il a aussi gagn\u00e9 en 2005 la mention d\u2019honneur au Concours National de Piano de l\u2019Universit\u00e9 Industrielle de Santander, en Colombie. Sa carri\u00e8re de pianiste concertiste l\u2019a amen\u00e9 \u00e0 se produire en Colombie, au Costa Rica, en Uruguay, en Argentine, au Chili, en Bolivie, en Mexique, ainsi qu\u2019au Canada. Il a fait des \u00e9tudes en piano et en ondes Martenot au Conservatoire de musique de Montr\u00e9al. Il a particip\u00e9 aux cr\u00e9ations d\u2019\u0153uvres des compositeurs colombiens Rodolfo Acosta R., Daniel Leguizam\u00f3n, Camilo A. M\u00e9ndez et Ana Mar\u00eda Romano et des compositeurs canadiens Andr\u00e9 Hamel, Adam Basanta, Cassandra Miller et Michael Larocque, entre autres.<\/p>\n<p>&nbsp;<\/p>\n<p><strong>Les Temps modernes, 90 ans des ondes Martenot<\/strong><br \/>\n\u2014 <strong>Sam. 5 mai, 19 h 30<\/strong><br \/>\nSalle de concert<br \/>\nEstelle Lemire, ondiste<br \/>\nDaniel \u00c1\u00f1ez, piano<br \/>\nEn collaboration avec La Soci\u00e9t\u00e9 pour le d\u00e9veloppement des ondes<\/p>\n<p>Conservatoire de musique de Montr\u00e9al<br \/>\n4750, avenue Henri-Julien, Montr\u00e9al (M\u00e9tro Mont-Royal ou Laurier)<\/p>\n<p><strong>Billets : 15 $<\/strong><br \/>\nBilletterie du Conservatoire, du mardi au vendredi, de 14 h \u00e0 18 h | <a href=\"https:\/\/www.admission.com\/event\/serie-vivace-les-temps-modernes-90-ans-des-ondes-martenot-billets\/898831\" target=\"_blank\" rel=\"noopener\">Admission<\/a> (1 855 790-1245)<br \/>\n\u00c0 l\u2019entr\u00e9e, une heure avant l\u2019\u00e9v\u00e9nement | Renseignements : 514 873-4031<\/p>\n<p><a href=\"https:\/\/www.admission.com\/event\/serie-vivace-les-temps-modernes-90-ans-des-ondes-martenot-billets\/898831\" target=\"_blank\" rel=\"noopener\">ACHETER DES BILLETS POUR CE CONCERT<\/a><\/p>\n<p><strong>\u00c0 propos du Conservatoire de musique de Montr\u00e9al<\/strong><br \/>\nFond\u00e9 en 1943, le Conservatoire de musique de Montr\u00e9al est l\u2019un des 9 \u00e9tablissements qui composent le Conservatoire de musique et d\u2019art dramatique du Qu\u00e9bec. Cette institution publique de formation sup\u00e9rieure, vou\u00e9e \u00e0 la poursuite de l\u2019excellence, offre des programmes s\u2019\u00e9chelonnant du primaire jusqu\u2019au second cycle universitaire, favorisant un apprentissage en continuit\u00e9 o\u00f9 l\u2019\u00e9l\u00e8ve et le ma\u00eetre d\u00e9veloppent une relation privil\u00e9gi\u00e9e. Gr\u00e2ce \u00e0 un corps professoral form\u00e9 de musiciens renomm\u00e9s, cette \u00e9cole prestigieuse \u00e0 \u00e9chelle humaine, ancr\u00e9e au c\u0153ur du bouillonnement culturel montr\u00e9alais, est une extraordinaire p\u00e9pini\u00e8re de talents dont les dipl\u00f4m\u00e9s s\u2019illustrent partout \u00e0 travers le monde. La <a href=\"http:\/\/www.conservatoire.gouv.qc.ca\/reseau\/conservatoire-de-musique\/montreal\/programmation\/calendrier\/\" target=\"_blank\" rel=\"noopener\">programmation<\/a> du Conservatoire offre au public une occasion unique de d\u00e9couvrir \u2014 avant tout le monde \u2014 la formidable virtuosit\u00e9 de ses \u00e9l\u00e8ves. Suivez-le aussi sur <a href=\"https:\/\/www.facebook.com\/ConservatoiredemusiquedeMontreal\/\" target=\"_blank\" rel=\"noopener\">Facebook<\/a><\/p>\n<p><em><strong>La publication de ce communiqu\u00e9 est un privil\u00e8ge r\u00e9serv\u00e9 aux membres de Ludwig van Montr\u00e9al. Pour savoir comment devenir membre de notre communaut\u00e9 musicale, \u00e9crivez-nous \u00e0: caroline@ludwig-van.com\u00a0<\/strong><\/em><\/p>\n<p>&nbsp;<\/p>\n<h2>Ne manquez plus nos articles! Abonnez-vous \u00e0 l&rsquo;infolettre de Ludwig van Montr\u00e9al.<\/h2>\n","protected":false},"excerpt":{"rendered":"<p>Montr\u00e9al, le 25 avril 2018 \u2014 Le Conservatoire de musique de Montr\u00e9al a le plaisir de pr\u00e9senter un concert intitul\u00e9 Les Temps modernes, 90 ans des ondes Martenot, avec l\u2019ondiste Estelle Lemire et le pianiste Daniel \u00c1\u00f1ez, en collaboration avec La Soci\u00e9t\u00e9 pour le d\u00e9veloppement des ondes, le samedi 5 mai \u00e0 19 h 30, dans le cadre de la s\u00e9rie Vivace \u00e0 la salle de concert du Conservatoire.<\/p>\n","protected":false},"author":7,"featured_media":53589,"comment_status":"open","ping_status":"open","sticky":false,"template":"","format":"standard","meta":{"om_disable_all_campaigns":false,"jetpack_post_was_ever_published":false},"categories":[16745,10956,11944],"tags":[20777,17603,21652,21653],"yst_prominent_words":[21651,21649,21640,21633,21635,21637,10289,12243,21636,21638,21632,21643,21644,21648,12245,21642,21634,21639,21641,21650],"acf":[],"jetpack_featured_media_url":"https:\/\/www.ludwig-van.com\/montreal\/wp-content\/uploads\/sites\/3\/2018\/04\/Estelle-Lemire-WEB.jpg","jetpack_sharing_enabled":true,"jetpack_shortlink":"https:\/\/wp.me\/p9bdYt-dWk","amp_enabled":true,"_links":{"self":[{"href":"https:\/\/www.ludwig-van.com\/montreal\/wp-json\/wp\/v2\/posts\/53588"}],"collection":[{"href":"https:\/\/www.ludwig-van.com\/montreal\/wp-json\/wp\/v2\/posts"}],"about":[{"href":"https:\/\/www.ludwig-van.com\/montreal\/wp-json\/wp\/v2\/types\/post"}],"author":[{"embeddable":true,"href":"https:\/\/www.ludwig-van.com\/montreal\/wp-json\/wp\/v2\/users\/7"}],"replies":[{"embeddable":true,"href":"https:\/\/www.ludwig-van.com\/montreal\/wp-json\/wp\/v2\/comments?post=53588"}],"version-history":[{"count":4,"href":"https:\/\/www.ludwig-van.com\/montreal\/wp-json\/wp\/v2\/posts\/53588\/revisions"}],"predecessor-version":[{"id":53593,"href":"https:\/\/www.ludwig-van.com\/montreal\/wp-json\/wp\/v2\/posts\/53588\/revisions\/53593"}],"wp:featuredmedia":[{"embeddable":true,"href":"https:\/\/www.ludwig-van.com\/montreal\/wp-json\/wp\/v2\/media\/53589"}],"wp:attachment":[{"href":"https:\/\/www.ludwig-van.com\/montreal\/wp-json\/wp\/v2\/media?parent=53588"}],"wp:term":[{"taxonomy":"category","embeddable":true,"href":"https:\/\/www.ludwig-van.com\/montreal\/wp-json\/wp\/v2\/categories?post=53588"},{"taxonomy":"post_tag","embeddable":true,"href":"https:\/\/www.ludwig-van.com\/montreal\/wp-json\/wp\/v2\/tags?post=53588"},{"taxonomy":"yst_prominent_words","embeddable":true,"href":"https:\/\/www.ludwig-van.com\/montreal\/wp-json\/wp\/v2\/yst_prominent_words?post=53588"}],"curies":[{"name":"wp","href":"https:\/\/api.w.org\/{rel}","templated":true}]}}