{"id":53389,"date":"2018-04-12T09:30:34","date_gmt":"2018-04-12T13:30:34","guid":{"rendered":"https:\/\/www.ludwig-van.com\/montreal\/?p=53389"},"modified":"2018-04-12T09:30:34","modified_gmt":"2018-04-12T13:30:34","slug":"messages-membres-musica-camerata-montreal","status":"publish","type":"post","link":"https:\/\/www.ludwig-van.com\/montreal\/2018\/04\/12\/messages-membres-musica-camerata-montreal\/","title":{"rendered":"MESSAGES DES MEMBRES | Musica Camerata Montr\u00e9al pr\u00e9sente sa 49e saison"},"content":{"rendered":"<figure id=\"attachment_51339\" aria-describedby=\"caption-attachment-51339\" style=\"width: 1024px\" class=\"wp-caption aligncenter\"><img decoding=\"async\" loading=\"lazy\" class=\"size-full wp-image-51339\" src=\"https:\/\/www.ludwig-van.com\/montreal\/wp-content\/uploads\/sites\/3\/2018\/01\/Musica-Camerata-players_on_wood02-photo-Sophie-Lamontagne.jpg\" alt=\"Musica Camerata (Cr\u00e9dit : Sophie-Lamontagne)\" width=\"1024\" height=\"1024\" srcset=\"https:\/\/www.ludwig-van.com\/montreal\/wp-content\/uploads\/sites\/3\/2018\/01\/Musica-Camerata-players_on_wood02-photo-Sophie-Lamontagne.jpg 1024w, https:\/\/www.ludwig-van.com\/montreal\/wp-content\/uploads\/sites\/3\/2018\/01\/Musica-Camerata-players_on_wood02-photo-Sophie-Lamontagne-150x150.jpg 150w, https:\/\/www.ludwig-van.com\/montreal\/wp-content\/uploads\/sites\/3\/2018\/01\/Musica-Camerata-players_on_wood02-photo-Sophie-Lamontagne-300x300.jpg 300w, https:\/\/www.ludwig-van.com\/montreal\/wp-content\/uploads\/sites\/3\/2018\/01\/Musica-Camerata-players_on_wood02-photo-Sophie-Lamontagne-768x768.jpg 768w\" sizes=\"(max-width: 1024px) 100vw, 1024px\" \/><figcaption id=\"caption-attachment-51339\" class=\"wp-caption-text\">Musica Camerata (Cr\u00e9dit : Sophie-Lamontagne)<\/figcaption><\/figure>\n<p>&nbsp;<\/p>\n<p><strong>Musica Camerata Montr\u00e9al a d\u00e9voil\u00e9 cette semaine sa programmation pour sa prochaine saison. Pour son 49e anniversaire, l&rsquo;ensemble de musique de chambre prouvera une fois de plus l&rsquo;\u00e9tendue de son r\u00e9pertoire et son originalit\u00e9. \u00c0 son habitude, les musiciens pr\u00e9senteront \u00e9galement quelques premi\u00e8res canadiennes, le tout \u00e0 la Chapelle historique du Bon-Pasteur.\u00a0<\/strong><\/p>\n<p>&nbsp;<\/p>\n<p><strong>22 septembre, 18 h<\/strong><\/p>\n<p><strong>TRIOS ROMANTIQUES<\/strong><\/p>\n<p>Horatio Parker Suite Op 35 (premi\u00e8re canadienne)<\/p>\n<p>Franz Schubert\u00a0: Trio no. 2 en Mi b\u00e9mol majeur op 100 D 929<\/p>\n<p><strong>\u00a0<\/strong><\/p>\n<p><strong>17 novembre, 18 h<\/strong><\/p>\n<p><strong>QUINTETTES POUR PIANO ET CORDES DE L\u2019HONGRIE ET LA FINLANDE<\/strong><\/p>\n<p>Ern\u00f6 von Dohnanyi\u00a0: Quintette no. 2 op 26<\/p>\n<p>Jean Sibelius\u00a0: Quintette en Sol mineur<\/p>\n<p><strong>\u00a0<\/strong><\/p>\n<p><strong>6 avril 2019, 18 h<\/strong><\/p>\n<p><strong>D\u00c9COUVERTES (Piano et cordes)<\/strong><\/p>\n<p>George Onslow: Quintette no. 1 en Si mineur op 70 (Premi\u00e8re canadienne)<\/p>\n<p>Mozart-Bach\u00a0: Pr\u00e9lude et Fugue en fa mineur K 404a<\/p>\n<p>Ian Ladislav Dussek\u00a0: Quintette en Fa mineur op 41<\/p>\n<p><strong>\u00a0<\/strong><\/p>\n<p><strong>18 mai, 18 h<\/strong><\/p>\n<p><strong>MUSIQUE DES AM\u00c9RIQUES<\/strong><\/p>\n<p>Icli Zitella (Venezuela): Imaginary gallery pour violoncelle et piano(premi\u00e8re Canadienne)<\/p>\n<p>Yalil Guerra\u00a0(Cuba): Suite Cubana pour piano et quatuor \u00e0 cordes<\/p>\n<p>Anne Lauber (Canada)\u00a0: Suite pour Quintette<\/p>\n<p>George Gershwin (USA)\u00a0; Lullaby pour quatuor \u00e0 cordes<\/p>\n<p>Astor Piazzolla (Argentina)\u00a0: Quatre pi\u00e8ces en forme de Tango<\/p>\n<p><strong>\u00a0<\/strong><\/p>\n<p><strong>Musiciens\u00a0:<\/strong><\/p>\n<p>Berta Rosenohl, piano\u00a0; Luis Grinhauz et Van Armenian, violons\u00a0; Victor Fournelle-Blain, alto\u00a0; Sylvain Murray, L\u00e9o Grinhauz et Bruno Tobon, violoncelles\u00a0; Eric Chappell, contrebasse.<\/p>\n<p><strong>\u00a0<\/strong><\/p>\n<p><strong>Abonnement \u00e0 quatre concerts\u00a0: 130$ (r\u00e9gulier). 85$ (a\u00een\u00e9s et \u00e9tudiants)<\/strong><\/p>\n<p><strong>Billet individuel\u00a0: 40$ (r\u00e9g) et 28$ (a\u00een\u00e9s et \u00e9tudiants)<\/strong><\/p>\n<p><b>Pour plus d&rsquo;informations sur la saison 2018-2019 de l&rsquo;ensemble, rendez-vous sur le <\/b><a href=\"http:\/\/www.cameratamontreal.com\" target=\"_blank\" rel=\"noopener\">site Internet de Camerata Montr\u00e9al<\/a>.<\/p>\n<p>&nbsp;<\/p>\n<p><strong>\u00c0 propos de Musica Camerata Montr\u00e9al:\u00a0<\/strong>Reconnu comme un des premiers ensembles de musique de chambre au Canada, Musica Camerata Montr\u00e9al c\u00e9l\u00e8bre cette saison son 48e anniversaire. Depuis sa cr\u00e9ation en 1971, Musica Camerata Montr\u00e9al offre \u00e0 son public des programmes d\u2019une rare originalit\u00e9. Il accorde une place de choix aux compositeurs d\u2019ici et s\u2019attache \u00e0 faire d\u00e9couvrir, souvent en premi\u00e8re canadienne, des \u0153uvres peu connues.<\/p>\n<p>Musica Camerata Montr\u00e9al se d\u00e9marque notamment par la qualit\u00e9 de ses interpr\u00e9tations d\u2019un r\u00e9pertoire riche de plus de 350 \u0153uvres, du 18e jusqu\u2019au 21e si\u00e8cles. Le plaisir manifeste que ses membres ont \u00e0 faire de la musique ensemble touche un public fid\u00e8le avec qui il a su, au fil des ans, d\u00e9velopper une complicit\u00e9 unique. L&rsquo;ensemble s\u2019est produit au Canada, aux \u00c9tats-Unis, au Costa-Rica et en Argentine, s\u2019attirant \u00e0 chaque occasion l\u2019\u00e9loge de la critique. Il a de plus enregistr\u00e9 de nombreux disques.<\/p>\n<p><strong>Pour en savoir plus sur Musica Camerata Montr\u00e9al, visitez<\/strong> <a href=\"https:\/\/www.ludwig-van.com\/montreal\/directory\/musica-camerata-montreal\/\" target=\"_blank\" rel=\"noopener\">leur page-membre dans notre Communaut\u00e9 musicale.\u00a0<\/a><\/p>\n<p><em>La publication de ce communiqu\u00e9 de presse est un privil\u00e8ge r\u00e9serv\u00e9 aux membres de la Communaut\u00e9 musicale de <strong>Ludwig van Montr\u00e9al<\/strong>. Pour savoir comment devenir membre, \u00e9crivez-nous \u00e0 caroline@ludwig-van.com<\/em><\/p>\n<p>&nbsp;<\/p>\n<h2>LISEZ AUSSI:<\/h2>\n<p><a href=\"https:\/\/www.ludwig-van.com\/montreal\/2018\/02\/10\/mois-du-piano-cinq-oeuvres-pour-piano-a-redecouvrir-sur-instruments-depoque\/\" target=\"_blank\" rel=\"noopener\">Cinq oeuvres pour piano \u00e0 red\u00e9couvrir sur instruments d&rsquo;\u00e9poque<\/a><\/p>\n<p><a href=\"https:\/\/www.ludwig-van.com\/montreal\/2018\/03\/24\/liszt-des-compositeurs-et-compositrices-dont-les-medias-parlent-pas-assez\/\" target=\"_blank\" rel=\"noopener\">26 compositeurs et compositrices d&rsquo;ici dont les m\u00e9dias ne parlent pas assez<\/a><\/p>\n<p>&nbsp;<\/p>\n","protected":false},"excerpt":{"rendered":"<p>Musica Camerata Montr\u00e9al a d\u00e9voil\u00e9 cette semaine sa programmation pour sa prochaine saison. Pour son 49e anniversaire, l&rsquo;ensemble de musique de chambre prouvera une fois de plus l&rsquo;\u00e9tendue de son r\u00e9pertoire et son originalit\u00e9. \u00c0 son habitude, les musiciens pr\u00e9senteront \u00e9galement quelques premi\u00e8res canadiennes, le tout, \u00e0 la Chapelle historique du Bon-Pasteur.\u00a0<\/p>\n","protected":false},"author":7,"featured_media":51339,"comment_status":"open","ping_status":"open","sticky":false,"template":"","format":"standard","meta":{"om_disable_all_campaigns":false,"jetpack_post_was_ever_published":false},"categories":[16745,11944],"tags":[17332],"yst_prominent_words":[15261,11990,21222,9968,18181,10854,18549,12881,7694,9942,13264,18180,12698,10000,7141,13960,13141,10015,18023,21223],"acf":[],"jetpack_featured_media_url":"https:\/\/www.ludwig-van.com\/montreal\/wp-content\/uploads\/sites\/3\/2018\/01\/Musica-Camerata-players_on_wood02-photo-Sophie-Lamontagne.jpg","jetpack_sharing_enabled":true,"jetpack_shortlink":"https:\/\/wp.me\/p9bdYt-dT7","amp_enabled":true,"_links":{"self":[{"href":"https:\/\/www.ludwig-van.com\/montreal\/wp-json\/wp\/v2\/posts\/53389"}],"collection":[{"href":"https:\/\/www.ludwig-van.com\/montreal\/wp-json\/wp\/v2\/posts"}],"about":[{"href":"https:\/\/www.ludwig-van.com\/montreal\/wp-json\/wp\/v2\/types\/post"}],"author":[{"embeddable":true,"href":"https:\/\/www.ludwig-van.com\/montreal\/wp-json\/wp\/v2\/users\/7"}],"replies":[{"embeddable":true,"href":"https:\/\/www.ludwig-van.com\/montreal\/wp-json\/wp\/v2\/comments?post=53389"}],"version-history":[{"count":3,"href":"https:\/\/www.ludwig-van.com\/montreal\/wp-json\/wp\/v2\/posts\/53389\/revisions"}],"predecessor-version":[{"id":53412,"href":"https:\/\/www.ludwig-van.com\/montreal\/wp-json\/wp\/v2\/posts\/53389\/revisions\/53412"}],"wp:featuredmedia":[{"embeddable":true,"href":"https:\/\/www.ludwig-van.com\/montreal\/wp-json\/wp\/v2\/media\/51339"}],"wp:attachment":[{"href":"https:\/\/www.ludwig-van.com\/montreal\/wp-json\/wp\/v2\/media?parent=53389"}],"wp:term":[{"taxonomy":"category","embeddable":true,"href":"https:\/\/www.ludwig-van.com\/montreal\/wp-json\/wp\/v2\/categories?post=53389"},{"taxonomy":"post_tag","embeddable":true,"href":"https:\/\/www.ludwig-van.com\/montreal\/wp-json\/wp\/v2\/tags?post=53389"},{"taxonomy":"yst_prominent_words","embeddable":true,"href":"https:\/\/www.ludwig-van.com\/montreal\/wp-json\/wp\/v2\/yst_prominent_words?post=53389"}],"curies":[{"name":"wp","href":"https:\/\/api.w.org\/{rel}","templated":true}]}}