{"id":53166,"date":"2018-04-04T16:09:24","date_gmt":"2018-04-04T20:09:24","guid":{"rendered":"https:\/\/www.ludwig-van.com\/montreal\/?p=53166"},"modified":"2018-04-04T16:09:24","modified_gmt":"2018-04-04T20:09:24","slug":"loum-fait-sa-revolution","status":"publish","type":"post","link":"https:\/\/www.ludwig-van.com\/montreal\/2018\/04\/04\/loum-fait-sa-revolution\/","title":{"rendered":"L&rsquo;AVANT-CONCERT | L\u2019Orchestre de l&rsquo;UdeM fait sa r\u00e9volution"},"content":{"rendered":"<figure id=\"attachment_53167\" aria-describedby=\"caption-attachment-53167\" style=\"width: 1024px\" class=\"wp-caption aligncenter\"><img decoding=\"async\" loading=\"lazy\" class=\"size-full wp-image-53167\" src=\"https:\/\/www.ludwig-van.com\/montreal\/wp-content\/uploads\/sites\/3\/2018\/04\/OUM_Revolution_Repetition_26mars18-1.jpg\" alt=\"OUM Revolution (Cr\u00e9dit photo : Am\u00e9lie Philibert)\" width=\"1024\" height=\"747\" srcset=\"https:\/\/www.ludwig-van.com\/montreal\/wp-content\/uploads\/sites\/3\/2018\/04\/OUM_Revolution_Repetition_26mars18-1.jpg 1024w, https:\/\/www.ludwig-van.com\/montreal\/wp-content\/uploads\/sites\/3\/2018\/04\/OUM_Revolution_Repetition_26mars18-1-300x219.jpg 300w, https:\/\/www.ludwig-van.com\/montreal\/wp-content\/uploads\/sites\/3\/2018\/04\/OUM_Revolution_Repetition_26mars18-1-768x560.jpg 768w\" sizes=\"(max-width: 1024px) 100vw, 1024px\" \/><figcaption id=\"caption-attachment-53167\" class=\"wp-caption-text\">OUM Revolution (Cr\u00e9dit photo : Am\u00e9lie Philibert)<\/figcaption><\/figure>\n<p><strong>Pour souligner le centenaire de la r\u00e9volution d\u2019Octobre, l\u2019OUM consacre son dernier grand concert de l\u2019ann\u00e9e \u00e0 la musique russe. Au programme : Prokofiev, Chostakovitch et Airat Ichmouratov.<\/strong><\/p>\n<p>Cent ans apr\u00e8s la chute du tsar et l\u2019arriv\u00e9e des bolch\u00e9viques au pouvoir \u00e0 Moscou, Chostakovitch s\u2019imposait pour ce concert de cl\u00f4ture de l\u2019Orchestre de l\u2019Universit\u00e9 de Montr\u00e9al (OUM), d\u00e9clare le directeur artistique de l\u2019OUM, le chef<strong> Jean-Fran\u00e7ois Rivest<\/strong>.<\/p>\n<p>\u00ab Le po\u00e8me symphonique <strong>Octobre<\/strong> lui a \u00e9t\u00e9 command\u00e9 en 1967, \u00e0 l\u2019occasion du 50e anniversaire de la r\u00e9volution, explique-t-il. Or, cette r\u00e9volution a eu pour cons\u00e9quence la formation de l\u2019Union sovi\u00e9tique et plus tard l\u2019arriv\u00e9e au pouvoir de Staline, auquel Chostakovitch s\u2019est constamment oppos\u00e9, mais de mani\u00e8re subtile, puisqu\u2019il n\u2019a pas \u00e9t\u00e9 envoy\u00e9 au goulag, contrairement \u00e0 bon nombre de compositeurs et d\u2019\u00e9crivains. \u00bb<\/p>\n<p>Il compose ainsi une \u0153uvre tout en sarcasme \u00e0 une \u00e9poque o\u00f9, certes, Staline est mort et enterr\u00e9, mais o\u00f9 l\u2019on ne parle pas encore de d\u00e9tente. Une \u0153uvre qui, en apparence, c\u00e9l\u00e8bre le triomphe de la r\u00e9volution, mais qui en r\u00e9alit\u00e9 d\u00e9nonce l\u2019oppression du peuple et les milliers de morts qu\u2019a fait le r\u00e9gime. Et cela, sans que l\u2019intelligentsia sovi\u00e9tique d\u2019alors s\u2019en rende compte.<\/p>\n<p>\u00ab Chostakovitch a toujours d\u00e9fendu les opprim\u00e9s, pr\u00e9cise <strong>Jean-Fran\u00e7ois Rivest<\/strong>. Il est all\u00e9 puiser dans la complexit\u00e9 humaine pour essayer de r\u00e9pondre \u00e0 cette question irr\u00e9solue, \u00e0 savoir pourquoi les hommes s\u2019entretuent? \u00bb<\/p>\n<p>&nbsp;<\/p>\n<p><strong>Ode \u00e0 la jeunesse<\/strong><\/p>\n<p>Cette grande question se retrouve \u00e9galement dans le Quatuor \u00e0 cordes no 8 en do mineur ou Symphonie de chambre, l\u2019autre pi\u00e8ce de Chostakovitch au programme de ce concert. Cette fois, pas de double sens. La d\u00e9nonciation du nazisme et de l\u2019antis\u00e9mitisme est \u00e9vidente.<\/p>\n<p>&nbsp;<\/p>\n<figure id=\"attachment_47990\" aria-describedby=\"caption-attachment-47990\" style=\"width: 700px\" class=\"wp-caption aligncenter\"><img decoding=\"async\" loading=\"lazy\" class=\"size-full wp-image-47990\" src=\"https:\/\/www.ludwig-van.com\/montreal\/wp-content\/uploads\/sites\/3\/2017\/09\/OUM_AngeDestin_Rivest_UdeM_14oct17-1.jpg\" alt=\"Jean-Fran\u00e7ois Rivest (Photo courtoisie)\" width=\"700\" height=\"467\" srcset=\"https:\/\/www.ludwig-van.com\/montreal\/wp-content\/uploads\/sites\/3\/2017\/09\/OUM_AngeDestin_Rivest_UdeM_14oct17-1.jpg 700w, https:\/\/www.ludwig-van.com\/montreal\/wp-content\/uploads\/sites\/3\/2017\/09\/OUM_AngeDestin_Rivest_UdeM_14oct17-1-300x200.jpg 300w\" sizes=\"(max-width: 700px) 100vw, 700px\" \/><figcaption id=\"caption-attachment-47990\" class=\"wp-caption-text\">Jean-Fran\u00e7ois Rivest (Photo courtoisie)<\/figcaption><\/figure>\n<p>\u00ab C\u2019est sans doute l\u2019\u0153uvre la plus personnelle du compositeur, indique <strong>Jean-Fran\u00e7ois Rivest<\/strong>. Le cahier est tr\u00e8s mince, il semble ne rien y avoir l\u00e0-dedans et, pourtant, il y a une telle intensit\u00e9! C\u2019est d\u2019ailleurs ce qui la rend complexe pour les \u00e9tudiants. Ils doivent aller chercher des ressources en eux pour les communiquer au public. Alors m\u00eame que pour nombre d\u2019entre eux ces tourments du pass\u00e9 sont tr\u00e8s loin de leur r\u00e9alit\u00e9. \u00bb<\/p>\n<p>Un pass\u00e9, une histoire qui sont en revanche ceux d\u2019<strong>Airat Ichmouratov<\/strong>, jeune compositeur ayant en effet grandi en Russie avant de s\u2019installer au Qu\u00e9bec au d\u00e9but des ann\u00e9es 2000. Alors inscrit \u00e0 la ma\u00eetrise en clarinette \u00e0 la Facult\u00e9 de musique de l\u2019UdeM, il entreprendra par la suite un doctorat en direction d\u2019orchestre avant de se consacrer \u00e0 la composition. Son Ouverture pour la jeunesse, jou\u00e9e depuis 2015 par divers orchestres dans le monde, sera cette fois interpr\u00e9t\u00e9e par l\u2019OUM, l\u2019orchestre dans lequel il a commenc\u00e9 comme clarinettiste et qu\u2019il a ensuite dirig\u00e9.<\/p>\n<blockquote><p>\u00ab C\u2019est une grande fiert\u00e9, lance-t-il. J\u2019ai \u00e9tudi\u00e9 ici pendant sept ans. J\u2019adore cet orchestre et Jean-Fran\u00e7ois Rivest est un mod\u00e8le pour moi. C\u2019est un grand cadeau qu\u2019il me fait de jouer ma pi\u00e8ce. \u00bb &#8211; Airat Ichmouratov<\/p><\/blockquote>\n<p>Une \u0153uvre en forme d\u2019ode \u00e0 la jeunesse, cette p\u00e9riode magique o\u00f9 tout est encore possible et o\u00f9 l\u2019on est assez fort pour affronter les \u00e9l\u00e9ments. D\u2019o\u00f9 l\u2019image de ce voilier qui traverse l\u2019oc\u00e9an, affrontant des vents forts et des vagues brutales, s\u2019\u00e9chouant parfois, mais pers\u00e9v\u00e9rant encore et encore afin d\u2019atteindre sa destination\u2026<\/p>\n<p>&nbsp;<\/p>\n<p><strong>D\u00e9fi passionnant pour un soliste<\/strong><\/p>\n<p>Le jeune pianiste <strong>Martin Jacobs<\/strong> concr\u00e9tisera lui aussi un r\u00eave, le samedi 14 avril \u00e0 la <strong>salle Claude-Champagne<\/strong>, lorsqu\u2019il interpr\u00e9tera avec l\u2019Orchestre de l\u2019Universit\u00e9 de Montr\u00e9al le Concerto pour piano n\u00b0 2 en sol mineur, de Prokofiev. Une \u0153uvre avec laquelle il a remport\u00e9 l\u2019an dernier le premier prix du Concours de concerto de l\u2019OUM.<\/p>\n<p>\u00ab C\u2019est l\u2019\u00e9motion de ma vie! confie-t-il. Quand j\u2019assistais \u00e0 des concerts dans cette salle, je ne pouvais m&#8217;emp\u00eacher de m&rsquo;imaginer sur sc\u00e8ne avec l&rsquo;Orchestre. Jean-Fran\u00e7ois Rivest est un chef inspirant et sa r\u00e9putation n\u2019est plus \u00e0 faire. Je suis vraiment chanceux de jouer cette pi\u00e8ce magnifique dans ces conditions. \u00bb<\/p>\n<p>Pour le r\u00e9sidant de New York, Montr\u00e9al est \u00abune deuxi\u00e8me maison\u00bb. Il se r\u00e9jouit \u00e0 l\u2019id\u00e9e de jouer avec ses coll\u00e8gues de l\u2019UdeM, m\u00eame s\u2019il reconna\u00eet que la pi\u00e8ce qu\u2019il a choisie n\u2019est pas simple \u00e0 mettre en place.<\/p>\n<blockquote><p>\u00ab Il y a beaucoup de moments qui demandent une collaboration \u00e9troite entre le soliste et l&rsquo;Orchestre, note-t-il. D\u00e9finir la texture et chacun de nos r\u00f4les et g\u00e9rer les rythmes exigeants et la puissance de la pi\u00e8ce repr\u00e9sentent un d\u00e9fi passionnant pour nous tous.\u00bb &#8211; Martin Jacobs<\/p><\/blockquote>\n<p>Jean-Fran\u00e7ois Rivest se souvient quant \u00e0 lui de la prestation de Martin Jacobs au concours d\u2019interpr\u00e9tation et il n\u2019a aucun doute sur la qualit\u00e9 de l\u2019ex\u00e9cution qu\u2019offriront les musiciens \u00e9tudiants.<\/p>\n<p>Des \u00e9tudiants qui, croit-il, sortiront tous grandis de ce concert.<\/p>\n<p>\u00ab Toutes les \u0153uvres jou\u00e9es sont redoutables \u00e0 leur fa\u00e7on et pr\u00e9sentent de r\u00e9els d\u00e9fis pour de jeunes musiciens, avoue-t-il. Techniquement et sur le plan des \u00e9motions qu\u2019ils doivent transmettre. \u00c0 l\u2019issue du concert, ils seront assur\u00e9ment de meilleurs professionnels. \u00bb<\/p>\n<p><em><strong>Le concert R\u00e9volution sera pr\u00e9sent\u00e9 le samedi 14 avril \u00e0 19 h 30 \u00e0 la salle Claude-Champagne de la Facult\u00e9 de musique de l\u2019UdeM, <a href=\"https:\/\/maps.google.com\/?q=220,+avenue+Vincent-D%27Indy&amp;entry=gmail&amp;source=g\" target=\"_blank\" rel=\"noopener\">220, avenue Vincent-D&rsquo;Indy<\/a>, \u00e0 Montr\u00e9al.<\/strong><\/em><\/p>\n<p><em><strong>Billets en vente sur <a href=\"http:\/\/admission.com\/\" target=\"_blank\" rel=\"noopener\">admission.com<\/a> au prix de 12 $; entr\u00e9e gratuite pour les \u00e9tudiants.<\/strong><\/em><\/p>\n<p>Journaliste\u00a0: H\u00e9l\u00e8ne Roulot-Ganzmann, UdeMNouvelles<\/p>\n<p>Source :\u00a0<a href=\"http:\/\/nouvelles.umontreal.ca\/article\/2018\/04\/04\/l-oum-fait-sa-revolution\/\" target=\"_blank\" rel=\"noopener\">http:\/\/nouvelles.umontreal.ca\/article\/2018\/04\/04\/l-oum-fait-sa-revolution\/<\/a><\/p>\n<p><strong>VOUS AVEZ AIM\u00c9 CET ARTICLE? Lisez aussi:<\/strong><\/p>\n<p class=\"entry-title\"><a href=\"https:\/\/www.ludwig-van.com\/montreal\/2018\/02\/26\/lavant-concert-songe-dune-nuit-dete-reve-lyrique-dejante-creatif\/\" target=\"_blank\" rel=\"noopener\">L&rsquo;AVANT-CONCERT | Le Songe d&rsquo;une nuit d&rsquo;\u00e9t\u00e9: un r\u00eave lyrique d\u00e9jant\u00e9 et cr\u00e9atif<\/a><\/p>\n<p class=\"entry-title\"><a href=\"https:\/\/www.ludwig-van.com\/montreal\/2018\/03\/13\/festivals-festival-classica-annonce-programmation-theme-de-schubert-aux-stones\/\" target=\"_blank\" rel=\"noopener\">FESTIVALS | Le Festival Classica annonce une programmation sous le th\u00e8me \u00ab\u00a0De Schubert aux Stones\u00a0\u00bb<\/a><\/p>\n","protected":false},"excerpt":{"rendered":"<p>Pour souligner le centenaire de la r\u00e9volution d\u2019Octobre, l\u2019OUM consacre son dernier grand concert de l\u2019ann\u00e9e \u00e0 la musique russe. Au programme : Prokofiev, Chostakovitch et Airat Ichmouratov.<\/p>\n","protected":false},"author":7,"featured_media":53167,"comment_status":"open","ping_status":"open","sticky":false,"template":"","format":"standard","meta":{"om_disable_all_campaigns":false,"jetpack_post_was_ever_published":false},"categories":[16745,10998,10995,11017],"tags":[17332],"yst_prominent_words":[20847,20056,9915,7202,20844,9797,19475,11236,11490,9813,10595,10593,10207,20845,19477,18409,11491,10600,20846,20843],"acf":[],"jetpack_featured_media_url":"https:\/\/www.ludwig-van.com\/montreal\/wp-content\/uploads\/sites\/3\/2018\/04\/OUM_Revolution_Repetition_26mars18-1.jpg","jetpack_sharing_enabled":true,"jetpack_shortlink":"https:\/\/wp.me\/p9bdYt-dPw","amp_enabled":true,"_links":{"self":[{"href":"https:\/\/www.ludwig-van.com\/montreal\/wp-json\/wp\/v2\/posts\/53166"}],"collection":[{"href":"https:\/\/www.ludwig-van.com\/montreal\/wp-json\/wp\/v2\/posts"}],"about":[{"href":"https:\/\/www.ludwig-van.com\/montreal\/wp-json\/wp\/v2\/types\/post"}],"author":[{"embeddable":true,"href":"https:\/\/www.ludwig-van.com\/montreal\/wp-json\/wp\/v2\/users\/7"}],"replies":[{"embeddable":true,"href":"https:\/\/www.ludwig-van.com\/montreal\/wp-json\/wp\/v2\/comments?post=53166"}],"version-history":[{"count":5,"href":"https:\/\/www.ludwig-van.com\/montreal\/wp-json\/wp\/v2\/posts\/53166\/revisions"}],"predecessor-version":[{"id":53172,"href":"https:\/\/www.ludwig-van.com\/montreal\/wp-json\/wp\/v2\/posts\/53166\/revisions\/53172"}],"wp:featuredmedia":[{"embeddable":true,"href":"https:\/\/www.ludwig-van.com\/montreal\/wp-json\/wp\/v2\/media\/53167"}],"wp:attachment":[{"href":"https:\/\/www.ludwig-van.com\/montreal\/wp-json\/wp\/v2\/media?parent=53166"}],"wp:term":[{"taxonomy":"category","embeddable":true,"href":"https:\/\/www.ludwig-van.com\/montreal\/wp-json\/wp\/v2\/categories?post=53166"},{"taxonomy":"post_tag","embeddable":true,"href":"https:\/\/www.ludwig-van.com\/montreal\/wp-json\/wp\/v2\/tags?post=53166"},{"taxonomy":"yst_prominent_words","embeddable":true,"href":"https:\/\/www.ludwig-van.com\/montreal\/wp-json\/wp\/v2\/yst_prominent_words?post=53166"}],"curies":[{"name":"wp","href":"https:\/\/api.w.org\/{rel}","templated":true}]}}