{"id":52601,"date":"2018-03-19T18:08:41","date_gmt":"2018-03-19T22:08:41","guid":{"rendered":"https:\/\/www.ludwig-van.com\/montreal\/?p=52601"},"modified":"2018-03-19T18:08:41","modified_gmt":"2018-03-19T22:08:41","slug":"choix-de-redaction-2","status":"publish","type":"post","link":"https:\/\/www.ludwig-van.com\/montreal\/2018\/03\/19\/choix-de-redaction-2\/","title":{"rendered":"CHOIX DE LA R\u00c9DACTION | 15 concerts \u00e0 Montr\u00e9al pour m\u00e9lomanes tr\u00e8s occup\u00e9s"},"content":{"rendered":"<figure id=\"attachment_50827\" aria-describedby=\"caption-attachment-50827\" style=\"width: 1024px\" class=\"wp-caption aligncenter\"><img decoding=\"async\" loading=\"lazy\" class=\"size-full wp-image-50827\" src=\"https:\/\/www.ludwig-van.com\/montreal\/wp-content\/uploads\/sites\/3\/2018\/01\/Ope\u0301ra-McGill-Candide-full.jpg\" alt=\"Ope\u0301ra McGill Candide\" width=\"1024\" height=\"683\" srcset=\"https:\/\/www.ludwig-van.com\/montreal\/wp-content\/uploads\/sites\/3\/2018\/01\/Ope\u0301ra-McGill-Candide-full.jpg 1024w, https:\/\/www.ludwig-van.com\/montreal\/wp-content\/uploads\/sites\/3\/2018\/01\/Ope\u0301ra-McGill-Candide-full-300x200.jpg 300w, https:\/\/www.ludwig-van.com\/montreal\/wp-content\/uploads\/sites\/3\/2018\/01\/Ope\u0301ra-McGill-Candide-full-768x512.jpg 768w\" sizes=\"(max-width: 1024px) 100vw, 1024px\" \/><figcaption id=\"caption-attachment-50827\" class=\"wp-caption-text\">Candide, de Leonard Bernstein, sera pr\u00e9sent\u00e9 par Op\u00e9ra McGill \u00e0 la salle Pollack, du 23 au 25 mars. (Photo: courtoisie)<\/figcaption><\/figure>\n<p>Il y a tellement de concerts cette semaine que nous avons eu de la difficult\u00e9 \u00e0 nous limiter \u00e0 quinze! Certains soirs, jusqu&rsquo;\u00e0 huit \u00e9v\u00e9nements figurent \u00e0 notre <a href=\"https:\/\/www.ludwig-van.com\/montreal\/events\/\" target=\"_blank\" rel=\"noopener\">calendrier de concerts<\/a>. Voici tout de m\u00eame nos choix pour une semaine tr\u00e8s occup\u00e9e.<\/p>\n<p><strong>CHOIX DE LA R\u00c9DACTRICE EN CHEF: <em>Candide<\/em>, de Bernstein, avec Op\u00e9ra McGill.\u00a0<\/strong><\/p>\n<p>Le chef d\u2019orchestre Boris Brott dirigera <em>Candide <\/em>de Leonard Bernstein. L\u2019op\u00e9ra sera pr\u00e9sent\u00e9 par les membres d\u2019Op\u00e9ra McGill en collaboration avec l\u2019Orchestre de chambre McGill. Patrick Hansen signe la mise en sc\u00e8ne et la production est pr\u00e9sent\u00e9e dans le cadre du Festival Lisl Wirth bo\u00eete noire.\u00a0<strong><em>Les 23 et 24 mars, 19 h 30; le 25 mars, 14 h 00; salle Pollack. <\/em><\/strong><a href=\"https:\/\/www.ludwig-van.com\/montreal\/event\/ecole-de-musique-schulich-opera-mcgill-candide\/2018-03-23\/\" target=\"_blank\" rel=\"noopener\">PLUS DE D\u00c9TAILS DANS NOTRE CALENDRIER DE CONCERTS<\/a><\/p>\n<p>&nbsp;<\/p>\n<figure id=\"attachment_52080\" aria-describedby=\"caption-attachment-52080\" style=\"width: 700px\" class=\"wp-caption aligncenter\"><img decoding=\"async\" loading=\"lazy\" class=\"size-full wp-image-52080\" src=\"https:\/\/www.ludwig-van.com\/montreal\/wp-content\/uploads\/sites\/3\/2018\/02\/Clemens-Hagen-Kirill-Gerstein.jpg\" alt=\"Clemens Hagen - Kirill Gerstein\" width=\"700\" height=\"549\" srcset=\"https:\/\/www.ludwig-van.com\/montreal\/wp-content\/uploads\/sites\/3\/2018\/02\/Clemens-Hagen-Kirill-Gerstein.jpg 700w, https:\/\/www.ludwig-van.com\/montreal\/wp-content\/uploads\/sites\/3\/2018\/02\/Clemens-Hagen-Kirill-Gerstein-300x235.jpg 300w\" sizes=\"(max-width: 700px) 100vw, 700px\" \/><figcaption id=\"caption-attachment-52080\" class=\"wp-caption-text\">Cl\u00e9ment Hagen et Kirill Gerstein. (Photo: courtoisie)<\/figcaption><\/figure>\n<p><strong>Le violoncelle et le piano de Beethoven<\/strong><\/p>\n<p>La Fondation Arte Musica a invit\u00e9 Clemens Hagen (violoncelle) et Kirill Gerstein (piano). Le duo interpr\u00e9tera l\u2019int\u00e9grale des Sonates pour violoncelle et piano de Beethoven. <strong><em>Le mardi 20 mars, 19 h 30, salle Bourgie. <\/em><\/strong><a href=\"https:\/\/www.ludwig-van.com\/montreal\/event\/fondation-arte-musica-clemens-hagen-kirill-gerstein\/\" target=\"_blank\" rel=\"noopener\">PLUS DE D\u00c9TAILS DANS NOTRE CALENDRIER DE CONCERTS<\/a><\/p>\n<p>&nbsp;<\/p>\n<figure id=\"attachment_52602\" aria-describedby=\"caption-attachment-52602\" style=\"width: 1024px\" class=\"wp-caption aligncenter\"><img decoding=\"async\" loading=\"lazy\" class=\"size-full wp-image-52602\" src=\"https:\/\/www.ludwig-van.com\/montreal\/wp-content\/uploads\/sites\/3\/2018\/03\/Vox-populi-cr-Vivian-Doan-web.jpg\" alt=\"Le quatuor Vox Populi (Cr\u00e9dit: Vivian Doan)\" width=\"1024\" height=\"682\" srcset=\"https:\/\/www.ludwig-van.com\/montreal\/wp-content\/uploads\/sites\/3\/2018\/03\/Vox-populi-cr-Vivian-Doan-web.jpg 1024w, https:\/\/www.ludwig-van.com\/montreal\/wp-content\/uploads\/sites\/3\/2018\/03\/Vox-populi-cr-Vivian-Doan-web-300x200.jpg 300w, https:\/\/www.ludwig-van.com\/montreal\/wp-content\/uploads\/sites\/3\/2018\/03\/Vox-populi-cr-Vivian-Doan-web-768x512.jpg 768w\" sizes=\"(max-width: 1024px) 100vw, 1024px\" \/><figcaption id=\"caption-attachment-52602\" class=\"wp-caption-text\">Le quatuor Vox Populi (Cr\u00e9dit: Vivian Doan)<\/figcaption><\/figure>\n<p><strong>Le cas Mozart \u2013 Le Quatuor Voxpopuli<\/strong><\/p>\n<p>Le Quatuor Voxpopuli pr\u00e9sentera une s\u00e9rie de trois concerts sur Mozart. L\u2019ensemble est compos\u00e9 d\u2019Antoine Bareil, 1er violon, Uliana Drugova 2e violon, Bojana Milinov, alto et d\u2019Ioav Bronchti, violoncelle. Pour ce premier concert, on invite Jean-Fran\u00e7ois Normand, \u00e0 la clarinette ainsi que Patrick Mathieu au piano et pour la conf\u00e9rence. <strong><em>Le mardi 20 mars, 19 h 00, salle Marie-St\u00e9phane de l\u2019\u00c9cole de musique Vincent-d\u2019Indy.<\/em><\/strong><\/p>\n<p>&nbsp;<\/p>\n<figure id=\"attachment_51749\" aria-describedby=\"caption-attachment-51749\" style=\"width: 1024px\" class=\"wp-caption aligncenter\"><img decoding=\"async\" loading=\"lazy\" class=\"size-full wp-image-51749\" src=\"https:\/\/www.ludwig-van.com\/montreal\/wp-content\/uploads\/sites\/3\/2018\/02\/Duo-Amie\u0300le-Larivie\u0300re-Jeanne-Amie\u0300le-Simon-Larivie\u0300re-photo-Andree-Lanthier.jpg\" alt=\"Duo Ami\u00e8le-Larivi\u00e8re Jeanne Ami\u00e8le Simon Larivi\u00e8re photo Andree Lanthier\" width=\"1024\" height=\"625\" srcset=\"https:\/\/www.ludwig-van.com\/montreal\/wp-content\/uploads\/sites\/3\/2018\/02\/Duo-Amie\u0300le-Larivie\u0300re-Jeanne-Amie\u0300le-Simon-Larivie\u0300re-photo-Andree-Lanthier.jpg 1024w, https:\/\/www.ludwig-van.com\/montreal\/wp-content\/uploads\/sites\/3\/2018\/02\/Duo-Amie\u0300le-Larivie\u0300re-Jeanne-Amie\u0300le-Simon-Larivie\u0300re-photo-Andree-Lanthier-300x183.jpg 300w, https:\/\/www.ludwig-van.com\/montreal\/wp-content\/uploads\/sites\/3\/2018\/02\/Duo-Amie\u0300le-Larivie\u0300re-Jeanne-Amie\u0300le-Simon-Larivie\u0300re-photo-Andree-Lanthier-768x469.jpg 768w\" sizes=\"(max-width: 1024px) 100vw, 1024px\" \/><figcaption id=\"caption-attachment-51749\" class=\"wp-caption-text\">Le duo Ami\u00e8le-Larivi\u00e8re. (Cr\u00e9dit: Andr\u00e9e Lanthier)<\/figcaption><\/figure>\n<p><strong>La Russie chevaleresque en piano<\/strong><\/p>\n<p>Jeanne Ami\u00e8le et Simon Larivi\u00e8re proposent une escapade musicale en Russie \u00e0 l\u2019\u00e9poque chevaleresque. Ils joueront des pi\u00e8ces \u00e9vocatrices, dont celles de Tcha\u00efkovsky et Rachmaninov, dans le cadre des Concerts Ap\u00e9ro des Jeunesses musicales du Canada. <strong><em>Le mercredi 21 mars, 18 h 00, salle Joseph-Rouleau. <\/em><\/strong><a href=\"https:\/\/www.ludwig-van.com\/montreal\/event\/jeunesses-musicales-piano-rouge\/\" target=\"_blank\" rel=\"noopener\">PLUS DE D\u00c9TAILS DANS NOTRE CALENDRIER DE CONCERTS<\/a><\/p>\n<p>&nbsp;<\/p>\n<figure id=\"attachment_52083\" aria-describedby=\"caption-attachment-52083\" style=\"width: 700px\" class=\"wp-caption aligncenter\"><img decoding=\"async\" loading=\"lazy\" class=\"size-full wp-image-52083\" src=\"https:\/\/www.ludwig-van.com\/montreal\/wp-content\/uploads\/sites\/3\/2018\/02\/Benedetto-Lupo-joue-Mozart.jpg\" alt=\"Benedetto Lupo joue Mozart\" width=\"700\" height=\"458\" srcset=\"https:\/\/www.ludwig-van.com\/montreal\/wp-content\/uploads\/sites\/3\/2018\/02\/Benedetto-Lupo-joue-Mozart.jpg 700w, https:\/\/www.ludwig-van.com\/montreal\/wp-content\/uploads\/sites\/3\/2018\/02\/Benedetto-Lupo-joue-Mozart-300x196.jpg 300w\" sizes=\"(max-width: 700px) 100vw, 700px\" \/><figcaption id=\"caption-attachment-52083\" class=\"wp-caption-text\">Benedetto Lupo. (Photo: courtoisie)<\/figcaption><\/figure>\n<p><strong>Benedetto Lupo<\/strong><\/p>\n<p>Le pianiste Benedetto Lupo jouera Mozart cette semaine \u00e0 la Fondation Arte Musica. Il collaborera avec Charles-Richard Hamelin dans un duo de piano et fera \u00e9galement de la musique de chambre avec Axel Strauss et Joshua Peters au violon, Douglas McNabney et Marina Thibeault \u00e0 l\u2019alto ainsi que Matt Haimovitz au violoncelle<strong><em>. Le mercredi 21 mars, 19 h 30, salle Bourgie. R\u00e9cital solo le jeudi 22 mars, 19 h 30. <\/em><\/strong><a href=\"https:\/\/www.ludwig-van.com\/montreal\/event\/fondation-arte-musica-benedetto-lupo-joue-mozart\/\" target=\"_blank\" rel=\"noopener\">PLUS DE D\u00c9TAILS DANS NOTRE CALENDRIER DE CONCERTS<\/a><\/p>\n<p>&nbsp;<\/p>\n<figure id=\"attachment_47116\" aria-describedby=\"caption-attachment-47116\" style=\"width: 1024px\" class=\"wp-caption aligncenter\"><img decoding=\"async\" loading=\"lazy\" class=\"size-full wp-image-47116\" src=\"https:\/\/www.ludwig-van.com\/montreal\/wp-content\/uploads\/sites\/3\/2017\/09\/OSM-Antoine-Saito.jpg\" alt=\"L'OSM. (Cr\u00e9dit: Antoine Saito)\" width=\"1024\" height=\"683\" srcset=\"https:\/\/www.ludwig-van.com\/montreal\/wp-content\/uploads\/sites\/3\/2017\/09\/OSM-Antoine-Saito.jpg 1024w, https:\/\/www.ludwig-van.com\/montreal\/wp-content\/uploads\/sites\/3\/2017\/09\/OSM-Antoine-Saito-300x200.jpg 300w, https:\/\/www.ludwig-van.com\/montreal\/wp-content\/uploads\/sites\/3\/2017\/09\/OSM-Antoine-Saito-768x512.jpg 768w\" sizes=\"(max-width: 1024px) 100vw, 1024px\" \/><figcaption id=\"caption-attachment-47116\" class=\"wp-caption-text\">L&rsquo;OSM. (Cr\u00e9dit: Antoine Saito)<\/figcaption><\/figure>\n<p><strong>L\u2019OSM et le Requiem de Verdi<\/strong><\/p>\n<p><strong>Kent Nagano<\/strong> dirigera l\u2019OSM pour ce Requiem du compositeur italien. On pourra entendre l\u2019octobasse pour l\u2019occasion. Solistes\u00a0: <strong>Patrizia Ciofi<\/strong>, soprano; <strong>Marie-Nicole Lemieux<\/strong>, mezzo-soprano; <strong>Ovidiu Purcel<\/strong>, t\u00e9nor; <strong>Nicholas Brownlee<\/strong>, basse et le Ch\u0153ur de l\u2019OSM. <strong><em>Le mercredi 21 mars et le samedi 24 mars, 20 h 00; le dimanche 25 mars, 14 h 30, Maison symphonique. <\/em><\/strong><a href=\"https:\/\/www.ludwig-van.com\/montreal\/event\/osm-nagano-dirige-requiem-de-verdi\/2018-03-21\/\" target=\"_blank\" rel=\"noopener\">PLUS DE D\u00c9TAILS DANS NOTRE CALENDRIER DE CONCERTS<\/a><\/p>\n<p>&nbsp;<\/p>\n<p style=\"text-align: center;\"><img decoding=\"async\" loading=\"lazy\" class=\"aligncenter size-full wp-image-51767\" src=\"https:\/\/www.ludwig-van.com\/montreal\/wp-content\/uploads\/sites\/3\/2018\/02\/Vivier-Cannibale.jpg\" alt=\"Cannibale au Vivier\" width=\"700\" height=\"350\" srcset=\"https:\/\/www.ludwig-van.com\/montreal\/wp-content\/uploads\/sites\/3\/2018\/02\/Vivier-Cannibale.jpg 700w, https:\/\/www.ludwig-van.com\/montreal\/wp-content\/uploads\/sites\/3\/2018\/02\/Vivier-Cannibale-300x150.jpg 300w\" sizes=\"(max-width: 700px) 100vw, 700px\" \/><\/p>\n<p><strong>Le Vivier\u00a0: Cannibale<\/strong><\/p>\n<p>Le Vivier propose Cannibale, un pamphlet musical ironique sur le cannibalisme, ou la fa\u00e7on dont l\u2019humain se d\u00e9vore et an\u00e9antit son univers. La trame est compos\u00e9e de chansons dont les textes sont \u00e9crits par Danielle Parlardy Roger. Elle signe aussi la musique, en collaboration avec quatre autres compositeurs et compositrices invit\u00e9s. <strong><em>Le jeudi 22 mars, 20 h 00, Le Ges\u00f9. <\/em><\/strong><a href=\"https:\/\/www.ludwig-van.com\/montreal\/event\/le-vivier-cannibale\/\" target=\"_blank\" rel=\"noopener\">PLUS DE D\u00c9TAILS DANS NOTRE CALENDRIER DE CONCERTS<\/a><\/p>\n<p>&nbsp;<\/p>\n<p>&nbsp;<\/p>\n<p style=\"text-align: center;\"><img decoding=\"async\" loading=\"lazy\" class=\"aligncenter size-full wp-image-51533\" src=\"https:\/\/www.ludwig-van.com\/montreal\/wp-content\/uploads\/sites\/3\/2018\/02\/caspar-david-friedrich-moonrise-by-the-sea.jpg\" alt=\"\" width=\"700\" height=\"517\" srcset=\"https:\/\/www.ludwig-van.com\/montreal\/wp-content\/uploads\/sites\/3\/2018\/02\/caspar-david-friedrich-moonrise-by-the-sea.jpg 700w, https:\/\/www.ludwig-van.com\/montreal\/wp-content\/uploads\/sites\/3\/2018\/02\/caspar-david-friedrich-moonrise-by-the-sea-300x222.jpg 300w\" sizes=\"(max-width: 700px) 100vw, 700px\" \/><\/p>\n<p><strong>Concert de r\u00e9ouverture de la salle Serge-Garant<\/strong><\/p>\n<p>L\u2019Universit\u00e9 de Montr\u00e9al c\u00e9l\u00e8bre la r\u00e9ouverture de sa salle Serge-Garant avec un concert intime. L\u2019\u00e9v\u00e9nement met \u00e0 l\u2019avant-sc\u00e8ne les talents les plus prometteurs de la facult\u00e9 en voix et en piano. Jean-Eudes Vaillancourt, directeur artistique, a choisi des \u0153uvres romantiques du XIXe si\u00e8cle, dont celles de Brahms, Schumann et Liszt. <strong><em>Le vendredi 23 mars, 19 h 30, salle Serge-Garant. <\/em><\/strong><a href=\"https:\/\/www.ludwig-van.com\/montreal\/event\/universite-de-montreal-aux-confins-romantisme-concert-de-reouverture-de-salle-serge-garant\/\" target=\"_blank\" rel=\"noopener\">PLUS DE D\u00c9TAILS DANS NOTRE CALENDRIER DE CONCERTS<\/a><\/p>\n<p>&nbsp;<\/p>\n<div class=\"jetpack-video-wrapper\"><span class=\"embed-youtube\" style=\"text-align:center; display: block;\"><iframe loading=\"lazy\" class=\"youtube-player\" width=\"640\" height=\"360\" src=\"https:\/\/www.youtube.com\/embed\/A-IO3tTy88g?version=3&#038;rel=1&#038;showsearch=0&#038;showinfo=1&#038;iv_load_policy=1&#038;fs=1&#038;hl=fr-FR&#038;autohide=2&#038;wmode=transparent\" allowfullscreen=\"true\" style=\"border:0;\" sandbox=\"allow-scripts allow-same-origin allow-popups allow-presentation\"><\/iframe><\/span><\/div>\n<p><strong>Les 60 ans du Concours de musique du Canada-Canimex<\/strong><\/p>\n<p>Le Concours de musique du Canada-Canimex c\u00e9l\u00e8bre ses 60 ans avec un concert \u00e9talant les prouesses du pianiste Tristan Longval-Gagn\u00e9 et du fl\u00fbtiste Robert Langevin. Le duo pr\u00e9sentera des \u0153uvres de Bonis, Debussy, H\u00e9tu, et Reinecke. <strong><em>Le vendredi 23 mars, 20 h 00, salle Gilles-Lefebvre d\u2019Orford Musique.<\/em><\/strong><\/p>\n<p>&nbsp;<\/p>\n<figure id=\"attachment_50061\" aria-describedby=\"caption-attachment-50061\" style=\"width: 1024px\" class=\"wp-caption aligncenter\"><img decoding=\"async\" loading=\"lazy\" class=\"size-full wp-image-50061\" src=\"https:\/\/www.ludwig-van.com\/montreal\/wp-content\/uploads\/sites\/3\/2017\/12\/OPCM2_MichaelHemingway.jpg\" alt=\"OPCM L'Orchestre Philharmonique et Ch\u0153ur des M\u00e9lomanes\" width=\"1024\" height=\"683\" srcset=\"https:\/\/www.ludwig-van.com\/montreal\/wp-content\/uploads\/sites\/3\/2017\/12\/OPCM2_MichaelHemingway.jpg 1024w, https:\/\/www.ludwig-van.com\/montreal\/wp-content\/uploads\/sites\/3\/2017\/12\/OPCM2_MichaelHemingway-300x200.jpg 300w, https:\/\/www.ludwig-van.com\/montreal\/wp-content\/uploads\/sites\/3\/2017\/12\/OPCM2_MichaelHemingway-768x512.jpg 768w\" sizes=\"(max-width: 1024px) 100vw, 1024px\" \/><figcaption id=\"caption-attachment-50061\" class=\"wp-caption-text\">L&rsquo;OPCM. (Cr\u00e9dit: Michael Hemingway)<\/figcaption><\/figure>\n<p><strong>L\u2019OPCM et Durufl\u00e9<\/strong><\/p>\n<p>L\u2019Orchestre philharmonique et Ch\u0153ur des m\u00e9lomanes pr\u00e9sentera le Requiem de Durufl\u00e9. Dirig\u00e9 par le chef Francis Choini\u00e8re, l\u2019organisme cr\u00e9\u00e9 en 2014 vise le d\u00e9veloppement d\u2019une communaut\u00e9 de jeunes talents musicaux. <strong><em>Le samedi 24 mars, 19 h 00, \u00c9glise St.Andrew &amp; St.Paul. <\/em><\/strong><a href=\"https:\/\/www.ludwig-van.com\/montreal\/event\/opcm-requiem-de-durufle\/\" target=\"_blank\" rel=\"noopener\">PLUS DE D\u00c9TAILS DANS NOTRE CALENDRIER DE CONCERTS<\/a><\/p>\n<p>&nbsp;<\/p>\n<p style=\"text-align: center;\"><img decoding=\"async\" loading=\"lazy\" class=\"aligncenter size-full wp-image-51474\" src=\"https:\/\/www.ludwig-van.com\/montreal\/wp-content\/uploads\/sites\/3\/2018\/02\/7.NEM_Jose_Evangelista_CREDIT_-Bernard-Pre\u0301fontaine-Concert-En-hommage-a\u0300-Jose\u0301-Evangelista.jpg\" alt=\"Jose Evangelista\" width=\"1024\" height=\"683\" srcset=\"https:\/\/www.ludwig-van.com\/montreal\/wp-content\/uploads\/sites\/3\/2018\/02\/7.NEM_Jose_Evangelista_CREDIT_-Bernard-Pre\u0301fontaine-Concert-En-hommage-a\u0300-Jose\u0301-Evangelista.jpg 1024w, https:\/\/www.ludwig-van.com\/montreal\/wp-content\/uploads\/sites\/3\/2018\/02\/7.NEM_Jose_Evangelista_CREDIT_-Bernard-Pre\u0301fontaine-Concert-En-hommage-a\u0300-Jose\u0301-Evangelista-300x200.jpg 300w, https:\/\/www.ludwig-van.com\/montreal\/wp-content\/uploads\/sites\/3\/2018\/02\/7.NEM_Jose_Evangelista_CREDIT_-Bernard-Pre\u0301fontaine-Concert-En-hommage-a\u0300-Jose\u0301-Evangelista-768x512.jpg 768w\" sizes=\"(max-width: 1024px) 100vw, 1024px\" \/><\/p>\n<p><strong>Le NEM rend hommage \u00e0 Jos\u00e9 Evangelista<\/strong><\/p>\n<p>Le Nouvel ensemble moderne contribuera \u00e0 la s\u00e9rie Hommage \u00e0 Jos\u00e9 Evangelista par un concert qui se veut une porte-ouverte sur l\u2019univers du compositeur. L\u2019ensemble est dirig\u00e9 par la chef Lorraine Vaillancourt, avec Louise Bessette au piano et Kristin Hoff, mezzo-soprano. <strong><em>Le samedi 24 mars, 19 h 30, salle Claude-Champagne. <\/em><\/strong><a href=\"https:\/\/www.ludwig-van.com\/montreal\/event\/nem-hommage-a-jose-evangelista\/\" target=\"_blank\" rel=\"noopener\">PLUS DE D\u00c9TAILS DANS NOTRE CALENDRIER DE CONCERTS<\/a><\/p>\n<p>&nbsp;<\/p>\n<figure id=\"attachment_52225\" aria-describedby=\"caption-attachment-52225\" style=\"width: 1024px\" class=\"wp-caption aligncenter\"><img decoding=\"async\" loading=\"lazy\" class=\"size-full wp-image-52225\" src=\"https:\/\/www.ludwig-van.com\/montreal\/wp-content\/uploads\/sites\/3\/2018\/03\/Joseph-Rouleau_Jacquelines-Desmarais_Stephane-Tetreault-courtoisie-CMIM.jpg\" alt=\"Mme Jacqueline Desmarais en compagnie de Joseph Rouleau et de St\u00e9phane T\u00e9treault \u00e0 l'occasion d'un \u00e9v\u00e9nement b\u00e9n\u00e9fice pour le Concours musical international de Montr\u00e9al. (Photo: courtoisie CMIM)\" width=\"1024\" height=\"683\" srcset=\"https:\/\/www.ludwig-van.com\/montreal\/wp-content\/uploads\/sites\/3\/2018\/03\/Joseph-Rouleau_Jacquelines-Desmarais_Stephane-Tetreault-courtoisie-CMIM.jpg 1024w, https:\/\/www.ludwig-van.com\/montreal\/wp-content\/uploads\/sites\/3\/2018\/03\/Joseph-Rouleau_Jacquelines-Desmarais_Stephane-Tetreault-courtoisie-CMIM-300x200.jpg 300w, https:\/\/www.ludwig-van.com\/montreal\/wp-content\/uploads\/sites\/3\/2018\/03\/Joseph-Rouleau_Jacquelines-Desmarais_Stephane-Tetreault-courtoisie-CMIM-768x512.jpg 768w\" sizes=\"(max-width: 1024px) 100vw, 1024px\" \/><figcaption id=\"caption-attachment-52225\" class=\"wp-caption-text\">Mme Jacqueline Desmarais en compagnie de Joseph Rouleau et de St\u00e9phane T\u00e9treault \u00e0 l&rsquo;occasion d&rsquo;un \u00e9v\u00e9nement b\u00e9n\u00e9fice pour le Concours musical international de Montr\u00e9al. (Photo: courtoisie CMIM)<\/figcaption><\/figure>\n<p><strong>Hommage \u00e0 Mme Jacqueline Desmarais<\/strong><\/p>\n<p>Le Conservatoire de musique de Montr\u00e9al donnera un concert en souvenir de Mme Jacqueline Desmarais, d\u00e9c\u00e9d\u00e9e r\u00e9cemment. Le public entendra le Grand orchestre \u00e0 cordes de l\u2019institution, dirig\u00e9 par Denis Brott. Soliste invit\u00e9: St\u00e9phane T\u00e9treault. <strong><em>Le samedi 24 mars, 19 h 30; le dimanche 25 mars, 15 h 00; salle de concert du Conservatoire de musique de Montr\u00e9al. <\/em><\/strong><a href=\"https:\/\/www.ludwig-van.com\/montreal\/event\/conservatoire-de-musique-de-montreal-grand-orchestre-a-cordes\/2018-03-24\/\" target=\"_blank\" rel=\"noopener\">PLUS DE D\u00c9TAILS DANS NOTRE CALENDRIER DE CONCERTS<\/a><\/p>\n<p>&nbsp;<\/p>\n<figure id=\"attachment_50895\" aria-describedby=\"caption-attachment-50895\" style=\"width: 1024px\" class=\"wp-caption aligncenter\"><img decoding=\"async\" loading=\"lazy\" class=\"size-full wp-image-50895\" src=\"https:\/\/www.ludwig-van.com\/montreal\/wp-content\/uploads\/sites\/3\/2018\/01\/25-mars-Olivier-Godin-Franc\u0327ois-Zeitouni.jpg\" alt=\"Olivier Godin et Fran\u00e7ois Zeitouni. (Photo: courtoisie)\" width=\"1024\" height=\"683\" srcset=\"https:\/\/www.ludwig-van.com\/montreal\/wp-content\/uploads\/sites\/3\/2018\/01\/25-mars-Olivier-Godin-Franc\u0327ois-Zeitouni.jpg 1024w, https:\/\/www.ludwig-van.com\/montreal\/wp-content\/uploads\/sites\/3\/2018\/01\/25-mars-Olivier-Godin-Franc\u0327ois-Zeitouni-300x200.jpg 300w, https:\/\/www.ludwig-van.com\/montreal\/wp-content\/uploads\/sites\/3\/2018\/01\/25-mars-Olivier-Godin-Franc\u0327ois-Zeitouni-768x512.jpg 768w\" sizes=\"(max-width: 1024px) 100vw, 1024px\" \/><figcaption id=\"caption-attachment-50895\" class=\"wp-caption-text\">Olivier Godin et Fran\u00e7ois Zeitouni. (Photo: courtoisie)<\/figcaption><\/figure>\n<p><strong>Debussy \u00e0 la Chapelle<\/strong><\/p>\n<p>Pour comm\u00e9morer le centenaire de la mort de Claude Debussy, les pianistes Fran\u00e7ois Zeitouni et Olivier Godin joueront en duo. L\u2019\u00e9v\u00e9nement introduira aussi une pi\u00e8ce de Dukas et des transcriptions d\u2019\u0153uvres de Debussy pour deux pianos. <strong><em>Le dimanche 25 mars, 15 h 00, Chapelle historique du Bon-Pasteur. <\/em><\/strong><a href=\"https:\/\/www.ludwig-van.com\/montreal\/event\/chapelle-historique-pasteur-concert-debussy\/\" target=\"_blank\" rel=\"noopener\">PLUS DE D\u00c9TAILS DANS NOTRE CALENDRIER DE CONCERTS<\/a><\/p>\n<p>&nbsp;<\/p>\n<figure id=\"attachment_51775\" aria-describedby=\"caption-attachment-51775\" style=\"width: 700px\" class=\"wp-caption aligncenter\"><img decoding=\"async\" loading=\"lazy\" class=\"size-full wp-image-51775\" src=\"https:\/\/www.ludwig-van.com\/montreal\/wp-content\/uploads\/sites\/3\/2018\/02\/JonathanCohen_PhotoMarcoBorggreve-calendrier.jpg\" alt=\"Jonathan Cohen\" width=\"700\" height=\"517\" srcset=\"https:\/\/www.ludwig-van.com\/montreal\/wp-content\/uploads\/sites\/3\/2018\/02\/JonathanCohen_PhotoMarcoBorggreve-calendrier.jpg 700w, https:\/\/www.ludwig-van.com\/montreal\/wp-content\/uploads\/sites\/3\/2018\/02\/JonathanCohen_PhotoMarcoBorggreve-calendrier-300x222.jpg 300w\" sizes=\"(max-width: 700px) 100vw, 700px\" \/><figcaption id=\"caption-attachment-51775\" class=\"wp-caption-text\">Jonathan Cohen. (Cr\u00e9dit: Marco Borggreve)<\/figcaption><\/figure>\n<p><strong>Les Violons du Roy \u2013 Cantates de Bach<\/strong><\/p>\n<p>Le chef Jonathan Cohen dirigera les Violons du Roy pour la suite de l\u2019int\u00e9grale des Cantates de Bach. Cette fois-ci, on entendra Jo\u00e9lle Harvey, soprano; Andrew Tortise, t\u00e9nor et Neal Davies, baryton. <strong><em>Le dimanche 25 mars, 14 h 00, salle Bourgie; le jeudi 22 mars, 20 h 00, Palais Montcalm de Qu\u00e9bec. <\/em><\/strong><a href=\"https:\/\/www.ludwig-van.com\/montreal\/event\/fondation-arte-musica-violons-du-roy-cantates-de-bach-letoile-matin\/\" target=\"_blank\" rel=\"noopener\">PLUS DE D\u00c9TAILS DANS NOTRE CALENDRIER DE CONCERTS<\/a><\/p>\n<p>&nbsp;<\/p>\n<p style=\"text-align: center;\"><img decoding=\"async\" loading=\"lazy\" class=\"aligncenter size-full wp-image-51978\" src=\"https:\/\/www.ludwig-van.com\/montreal\/wp-content\/uploads\/sites\/3\/2018\/02\/oratoire-concerts-orgue-musique-sacree-2017.jpg\" alt=\"Montr\u00e9al musique sacr\u00e9e \u00e0 l'Oratoire Saint-Joseph\" width=\"700\" height=\"394\" srcset=\"https:\/\/www.ludwig-van.com\/montreal\/wp-content\/uploads\/sites\/3\/2018\/02\/oratoire-concerts-orgue-musique-sacree-2017.jpg 700w, https:\/\/www.ludwig-van.com\/montreal\/wp-content\/uploads\/sites\/3\/2018\/02\/oratoire-concerts-orgue-musique-sacree-2017-300x169.jpg 300w\" sizes=\"(max-width: 700px) 100vw, 700px\" \/><\/p>\n<p><strong>S\u00e9rie Montr\u00e9al Musique Sacr\u00e9e<\/strong><\/p>\n<p>Du 4 mars au 29 avril, l\u2019Oratoire fait place aux m\u00e9lomanes tous les dimanches avec sa s\u00e9rie de musique sacr\u00e9e. Cette semaine, on entendra le baryton Geoffroy Salvas et l\u2019organiste Christophe Gauthier. <strong><em>Le dimanche 25 mars, 15 h 30, Oratoire Saint-Joseph du Mont-Royal. <\/em><\/strong><a href=\"https:\/\/www.ludwig-van.com\/montreal\/event\/oratoire-saint-joseph-montreal-musique-sacree-geoffroy-salvas-baryton-christophe-gauthier-orgue\/\" target=\"_blank\" rel=\"noopener\">PLUS DE D\u00c9TAILS DANS NOTRE CALENDRIER DE CONCERTS<\/a><\/p>\n<p><strong>VOUS AVEZ AIM\u00c9 CET ARTICLE? Lisez aussi:<\/strong><\/p>\n<p><a href=\"https:\/\/www.ludwig-van.com\/montreal\/2018\/03\/13\/festivals-festival-classica-annonce-programmation-theme-de-schubert-aux-stones\/\" target=\"_blank\" rel=\"noopener\">Le Festival Classica annonce sa programmation<\/a><\/p>\n<p><a href=\"https:\/\/www.ludwig-van.com\/montreal\/2018\/03\/17\/critique-nouveau-quatuor-a-cordes-orford-les-nouveaux-chemins-de-la-musique-dici\/\" target=\"_blank\" rel=\"noopener\">Nouveau quatuor \u00e0 cordes Orford: les nouveaux chemins de la musique d&rsquo;ici. <\/a><\/p>\n","protected":false},"excerpt":{"rendered":"<p>Il y a tellement de concerts cette semaine que nous avons eu de la difficult\u00e9 \u00e0 nous limiter \u00e0 quinze! Certains soirs, jusqu&rsquo;\u00e0 huit \u00e9v\u00e9nements figurent \u00e0 notre calendrier de concerts. Voici tout de m\u00eame nos choix pour une semaine tr\u00e8s occup\u00e9e. <\/p>\n","protected":false},"author":63,"featured_media":50827,"comment_status":"open","ping_status":"open","sticky":false,"template":"","format":"standard","meta":{"om_disable_all_campaigns":false,"jetpack_post_was_ever_published":false},"categories":[16745,10956,10994],"tags":[11882,17332,11454],"yst_prominent_words":[9863,13120,20065,20061,20067,20076,20070,19620,18849,20066,20069,20063,16878,20071,18274,18272,19229,20064,20068,20062],"acf":[],"jetpack_featured_media_url":"https:\/\/www.ludwig-van.com\/montreal\/wp-content\/uploads\/sites\/3\/2018\/01\/Ope\u0301ra-McGill-Candide-full.jpg","jetpack_sharing_enabled":true,"jetpack_shortlink":"https:\/\/wp.me\/p9bdYt-dGp","amp_enabled":true,"_links":{"self":[{"href":"https:\/\/www.ludwig-van.com\/montreal\/wp-json\/wp\/v2\/posts\/52601"}],"collection":[{"href":"https:\/\/www.ludwig-van.com\/montreal\/wp-json\/wp\/v2\/posts"}],"about":[{"href":"https:\/\/www.ludwig-van.com\/montreal\/wp-json\/wp\/v2\/types\/post"}],"author":[{"embeddable":true,"href":"https:\/\/www.ludwig-van.com\/montreal\/wp-json\/wp\/v2\/users\/63"}],"replies":[{"embeddable":true,"href":"https:\/\/www.ludwig-van.com\/montreal\/wp-json\/wp\/v2\/comments?post=52601"}],"version-history":[{"count":4,"href":"https:\/\/www.ludwig-van.com\/montreal\/wp-json\/wp\/v2\/posts\/52601\/revisions"}],"predecessor-version":[{"id":52606,"href":"https:\/\/www.ludwig-van.com\/montreal\/wp-json\/wp\/v2\/posts\/52601\/revisions\/52606"}],"wp:featuredmedia":[{"embeddable":true,"href":"https:\/\/www.ludwig-van.com\/montreal\/wp-json\/wp\/v2\/media\/50827"}],"wp:attachment":[{"href":"https:\/\/www.ludwig-van.com\/montreal\/wp-json\/wp\/v2\/media?parent=52601"}],"wp:term":[{"taxonomy":"category","embeddable":true,"href":"https:\/\/www.ludwig-van.com\/montreal\/wp-json\/wp\/v2\/categories?post=52601"},{"taxonomy":"post_tag","embeddable":true,"href":"https:\/\/www.ludwig-van.com\/montreal\/wp-json\/wp\/v2\/tags?post=52601"},{"taxonomy":"yst_prominent_words","embeddable":true,"href":"https:\/\/www.ludwig-van.com\/montreal\/wp-json\/wp\/v2\/yst_prominent_words?post=52601"}],"curies":[{"name":"wp","href":"https:\/\/api.w.org\/{rel}","templated":true}]}}