{"id":52120,"date":"2018-03-01T14:47:45","date_gmt":"2018-03-01T19:47:45","guid":{"rendered":"https:\/\/www.ludwig-van.com\/montreal\/?p=52120"},"modified":"2018-03-01T14:47:45","modified_gmt":"2018-03-01T19:47:45","slug":"festival-jeux-chaises-schulich-musique-chambre","status":"publish","type":"post","link":"https:\/\/www.ludwig-van.com\/montreal\/2018\/03\/01\/festival-jeux-chaises-schulich-musique-chambre\/","title":{"rendered":"FESTIVAL | Jeux de chaises: deux semaines intensives de musique de chambre \u00e0 McGill"},"content":{"rendered":"<figure id=\"attachment_52121\" aria-describedby=\"caption-attachment-52121\" style=\"width: 1024px\" class=\"wp-caption aligncenter\"><img decoding=\"async\" loading=\"lazy\" class=\"size-full wp-image-52121\" src=\"https:\/\/www.ludwig-van.com\/montreal\/wp-content\/uploads\/sites\/3\/2018\/03\/Jeux-de-chaises-web.jpg\" alt=\"Le Festival Jeux de chaises se d\u00e9roule \u00e0 McGill du 25 f\u00e9vrier au 4 mars et du 12 au 17 mars. \" width=\"1024\" height=\"576\" srcset=\"https:\/\/www.ludwig-van.com\/montreal\/wp-content\/uploads\/sites\/3\/2018\/03\/Jeux-de-chaises-web.jpg 1024w, https:\/\/www.ludwig-van.com\/montreal\/wp-content\/uploads\/sites\/3\/2018\/03\/Jeux-de-chaises-web-300x169.jpg 300w, https:\/\/www.ludwig-van.com\/montreal\/wp-content\/uploads\/sites\/3\/2018\/03\/Jeux-de-chaises-web-768x432.jpg 768w\" sizes=\"(max-width: 1024px) 100vw, 1024px\" \/><figcaption id=\"caption-attachment-52121\" class=\"wp-caption-text\">Le Festival Jeux de chaises se d\u00e9roule \u00e0 McGill du 25 f\u00e9vrier au 4 mars et du 12 au 17 mars.<\/figcaption><\/figure>\n<p>&nbsp;<\/p>\n<p style=\"text-align: center;\"><img decoding=\"async\" loading=\"lazy\" class=\"aligncenter size-full wp-image-47080\" src=\"https:\/\/www.ludwig-van.com\/montreal\/wp-content\/uploads\/sites\/3\/2017\/09\/MCGILL_LOGO-bg.jpg\" alt=\"\" width=\"1024\" height=\"229\" srcset=\"https:\/\/www.ludwig-van.com\/montreal\/wp-content\/uploads\/sites\/3\/2017\/09\/MCGILL_LOGO-bg.jpg 1024w, https:\/\/www.ludwig-van.com\/montreal\/wp-content\/uploads\/sites\/3\/2017\/09\/MCGILL_LOGO-bg-300x67.jpg 300w, https:\/\/www.ludwig-van.com\/montreal\/wp-content\/uploads\/sites\/3\/2017\/09\/MCGILL_LOGO-bg-768x172.jpg 768w\" sizes=\"(max-width: 1024px) 100vw, 1024px\" \/><\/p>\n<p style=\"text-align: center;\"><strong>Deux semaines intensives de musique de chambre<\/strong><\/p>\n<p style=\"text-align: center;\"><strong>Du 25 f\u00e9vrier au 4 mars &amp; du 12 au 17 mars<\/strong><\/p>\n<p style=\"text-align: center;\">METTANT EN VEDETTE DES ENSEMBLES \u00c9TUDIANTS DE BEIJING,<\/p>\n<p style=\"text-align: center;\">SALZBOURG, OSLO, BRISBANE, HELSINKI &amp; SINGAPOUR<\/p>\n<p style=\"text-align: center;\">DES ARTISTES INVIT\u00c9S DE PRESTIGE<\/p>\n<p style=\"text-align: center;\">JOHANNES MOSER, violoncelle; RAFAEL ROSENFELD, violoncelle;<\/p>\n<p style=\"text-align: center;\">DAVID DOLAN, improvisation &amp; AUTRES<\/p>\n<p>&nbsp;<\/p>\n<p><strong>Montr\u00e9al, 28 f\u00e9vrier 2018 &#8211; <\/strong>L\u2019\u00c9cole de musique Schulich de l\u2019Universit\u00e9 McGill souhaite la bienvenue \u00e0 une panoplie d\u2019artistes invit\u00e9s et d\u2019ensembles \u00e9tudiants pour le <strong><em>Festival de musique de chambre \u00ab\u00a0Jeux de chaises\u00a0\u00bb<\/em><\/strong><em>, <\/em>deux semaines remplies d\u2019ateliers, de cours de ma\u00eetre et de concerts, le tout ouvert au public. Inspir\u00e9 par une passion pour les exp\u00e9riences musicales uniques que la musique de chambre permet d\u2019offrir, <em>Jeux de chaises<\/em> rassemble <strong>10 artistes invit\u00e9s<\/strong> et <strong>6 ensembles \u00e9tudiants invit\u00e9s<\/strong> de <strong>4 continents<\/strong>, ainsi que 52 \u00e9tudiants et 12 professeurs de l\u2019\u00c9cole de musique Schulich.<\/p>\n<p>Tous ces \u00e9v\u00e9nements auront lieu du <strong>25 f\u00e9vrier au 4 mars<\/strong>, et du <strong>12 au 17 mars<\/strong>. Les concerts <em>Jeux de chaises<\/em>, dans lesquels joueront des ensembles fraichement form\u00e9s d\u2019un m\u00e9lange d\u2019\u00e9tudiants provenant de conservatoires des quatre coins de la plan\u00e8te, se tiendront lors de deux samedis apr\u00e8s-midi, soit le <strong>3 mars \u00e0 15h <\/strong>et le <strong>17 mars \u00e0 midi<\/strong>. Les concerts d\u2019ouverture et de cl\u00f4ture seront \u00e9galement <strong>diffus\u00e9s sur le web<\/strong>. Les concerts du mardi 27 f\u00e9vrier, mettant en vedette le violoncelliste Johannes Moser, et celui du vendredi 2 mars, mettant en vedette le violoncelliste Rafael Rosenfeld (tous deux \u00e0 la Salle Pollack \u00e0 19h30), sont pr\u00e9sent\u00e9s en collaboration avec <strong>Montr\u00e9al en Lumi\u00e8re. <\/strong><\/p>\n<p><b><span lang=\"FR-CA\">St\u00e9phane Lemelin<\/span><\/b><span lang=\"FR-CA\">, directeur du d\u00e9partement d\u2019interpr\u00e9tation de l\u2019\u00c9cole de musique Schulich, souligne\u00a0: \u00ab\u00a0<i>Jeux de chaises <\/i>est le reflet de notre engagement envers la musique de chambre, et l\u2019importance que nous y octroyons au sein de la formation de chaque interpr\u00e8te. Nous croyons fermement au pouvoir de la musique de chambre en tant qu\u2019outil d\u2019apprentissage pour les \u00e9tudiants en musique. Ils y apprennent le travail d\u2019\u00e9quipe, la coop\u00e9ration et la communication \u2013 qualit\u00e9s essentielles lorsqu\u2019on parle d\u2019une carri\u00e8re de musicien.\u00a0\u00bb <b>Douglas McNabney<\/b>, responsable du programme de musique de chambre, ajoute\u00a0: \u00ab\u00a0Cet \u00e9v\u00e9nement est une opportunit\u00e9 incroyable pour nos \u00e9tudiants de rencontrer et de travailler avec des coll\u00e8gues de partout dans le monde. Il est essentiel pour un jeune musicien de se positionner au sein d\u2019un contexte plus large.\u00a0\u00bb <\/span><\/p>\n<p>Les ensembles \u00e9tudiants qui arriveront \u00e0 Montr\u00e9al pour rejoindre leurs coll\u00e8gues de l\u2019\u00c9cole de musique Schulich proviennent du Conservatoire central de musique \u00e0 Beijing; de l\u2019Universit\u00e9 Mozarteum \u00e0 Salzbourg en Autriche; de l\u2019Acad\u00e9mie norv\u00e9gienne de Musique \u00e0 Oslo; du Queensland Conservatorium de l\u2019Universit\u00e9 Griffith \u00e0 Brisbane, Australie; de l\u2019Acad\u00e9mie Sibelius \u00e0 Helsinki, Finlande; et du Conservatoire de musique Yong Siew Toh \u00e0 Singapour.<\/p>\n<p>Les artistes invit\u00e9s \u2013 qui offriront des cours de ma\u00eetre, des ateliers, et qui joueront en concert avec les ensembles \u00e9tudiants \u2013 incluent : le pianiste <strong>Vebj\u00f8rn Anvik<\/strong> de la Norv\u00e8ge; <strong>David Dolan<\/strong> de Londres (R-U) qui enseignera \u00e9galement l\u2019improvisation; le pianiste finlandais Juhani Lagerspetz; <strong>Fan Lei<\/strong>, clarinettiste, et le violoniste <strong>Xie Nan<\/strong>, tous deux professeurs \u00e0 Beijing; le violoncelliste canado-allemand <strong>Johannes Moser<\/strong>; <strong>Wolfgang Redik<\/strong>, violoniste du Mozarteum; le violoncelliste suisse <strong>Rafael Rosenfeld<\/strong>; <strong>Meta Weiss<\/strong>, une violoncelliste am\u00e9ricaine qui enseigne \u00e0 Brisbane; et le pianiste <strong>Lim Yan<\/strong> de Singapour.<\/p>\n<p style=\"text-align: center;\"><strong>CONCERTS &amp; \u00c9V\u00c9NEMENTS JEUX DE CHAISES<\/strong><\/p>\n<p style=\"text-align: center;\">Les artistes et la programmation sont sujets \u00e0 changement<\/p>\n<p><strong>Jeudi, 1er mars \u00e0 16h30 | Salle Tanna Schulich | Entr\u00e9e libre<\/strong><\/p>\n<p>Cours de ma\u00eetre \u2013 Rafael Rosenfeld<\/p>\n<p><strong>Vendredi, 2 mars \u00e0 16h30 | Salle Tanna Schulich | Entr\u00e9e libre<\/strong><\/p>\n<p>Cours de ma\u00eetre \u2013 Lim Yan<\/p>\n<p><strong>Vendredi, 2 mars \u00e0 19h30 | Salle Pollack | 12$\/ 18$<\/strong><\/p>\n<p>Rafael Rosenfeld, violoncelle<\/p>\n<p>Wolfgang Redik, violon<\/p>\n<p>Elizabeth Manafova, alto<\/p>\n<p>Professeurs de l\u2019\u00c9cole de musique Schulich : Kyoko Hashimoto, Ilya Poletaev<\/p>\n<p>\u00c9tudiants de l\u2019\u00c9cole de musique Schulich : Amy Hillis, Nune Melikyan, Lauren Tyros, Ladusa Chang-Ou, Justin Almazan, Joshua Morris, Renaud Boucher-Browning<\/p>\n<p>Beethoven : Sonate pour piano et violoncelle la majeur, Op. 69<\/p>\n<p>Schumann : Quintette pour piano, Op. 44<\/p>\n<p>Strauss: <em>Metamorphosen<\/em><\/p>\n<p><strong>Samedi, 3 mars \u00e0 10h | Salle Tanna Schulich | Entr\u00e9e libre<\/strong><\/p>\n<p>Cours de ma\u00eetre \u2013 Wolfgang Redik<\/p>\n<p><strong>Samedi, 3 mars \u00e0 15h | Salle Redpath | Entr\u00e9e libre<\/strong><\/p>\n<p>Atelier-concerts par les groupes Jeux de Chaises<\/p>\n<p>Faur\u00e9 : Quintette pour piano No. 2<\/p>\n<p>Mozart : Quintette pour cordes en r\u00e9 majeur, K. 593<\/p>\n<p>Beethoven : Quatuor pour piano et cordes, Op. 16<\/p>\n<p>Dohn\u00e1nyi : Quintette pour piano No. 1<\/p>\n<p><strong>Dimanche, 4 mars \u00e0 15h | Chapelle historique du Bon-Pasteur | Entr\u00e9e libre *<\/strong><\/p>\n<p>Alexandre Guy, Stepan Frolov, Kai-Hsun Lin, Johannes Borchgrevink (Oslo)<\/p>\n<p>Professeurs de l\u2019\u00c9cole de musique Schulich Axel Strauss, St\u00e9phane Lemelin, Mark Fewer<\/p>\n<p>\u00c9tudiants de l\u2019\u00c9cole de musique Schulich : Teresa Wang, Yan Li, David Montreuil, Kendra Grittani, Eleonore Soucy-Gigu\u00e8re, Evan Robinson, Carmen Bruno, Bobby Lajoie, Yewon Kim, Jacob Struzik, Samuel Rouleau, Joseph Moore, Paul Finckel, Christophe Alvarez, Jean-Philippe Lupien<\/p>\n<p>Chausson : Concerto pour violon, piano et quatuor \u00e0 cordes<\/p>\n<p>Golijov : <em>Last Round<\/em><\/p>\n<p>Poulenc : <em>Le Bal masqu\u00e9<\/em><\/p>\n<p>* Laissez-passer gratuit, disponible en ligne avec frais de service sur ville.montreal.qc.ca\/chapellebonpasteur<\/p>\n<p style=\"text-align: center;\"><strong>DEUXI\u00c8ME SEMAINE<br \/>\n<\/strong><\/p>\n<p><strong>Mardi, 13 mars \u00e0 10h30 | Salle Tanna Schulich | 12 $\/ 18 $<\/strong><\/p>\n<p>Queensland String Quartet (Brisbane)<\/p>\n<p>Sibelius Trio (Helsinki)<\/p>\n<p>Debussy : Quatuor \u00e0 cordes<\/p>\n<p>Zemlinsky : Trio en r\u00e9 mineur, Op. 3<\/p>\n<p><strong>Mardi, 13 mars \u00e0 19h30 | Salle Clara Lichtenstein | Entr\u00e9e libre<\/strong><\/p>\n<p>Cours de ma\u00eetre \u2013 David Dolan<\/p>\n<p><strong>Mercredi, 14 mars \u00e0 16h30 | Salle Clara Lichtenstein | Entr\u00e9e libre<\/strong><\/p>\n<p>Cours de ma\u00eetre \u2013 Fan Lei<\/p>\n<p><strong>Mercredi, 14 mars \u00e0 19h30 | Salle Clara Lichtenstein | Entr\u00e9e libre<\/strong><\/p>\n<p>Cours de ma\u00eetre \u2013 Meta Weiss<\/p>\n<p><strong>Jeudi, 15 mars \u00e0 19h30 | Salle Pollack | 12$ \/ 18$<\/strong><\/p>\n<p>Juhani Lagerspetz, piano<\/p>\n<p>Fan Lei, clarinette<\/p>\n<p>Xie Nan, violin<\/p>\n<p>Meta Weiss, violoncelle<\/p>\n<p>Professeurs de l\u2019\u00c9cole de musique Schulich Kyoko Hashimoto, Mark Fewer, Douglas McNabney<\/p>\n<p>\u00c9tudiants de l\u2019\u00c9cole de musique Schulich Florence Rousseau, Samuel Rouleau, Sienna Cho, Suren Barry, , Yewon Kim<\/p>\n<p>Hass : Suite pour hautbois<\/p>\n<p>Mozart : Sonate en sol majeur, K 301\/293a<\/p>\n<p>Bloch : Quintette pour piano No. 1<\/p>\n<p><strong>Vendredi, 16 mars \u00e0 17h30 | Hall d\u2019entr\u00e9e du Elizabeth Wirth Music Building | Entr\u00e9e libre<\/strong><\/p>\n<p>David Dolan, Improvisation en musique de chambre<\/p>\n<p>Vendredi, 16 mars \u00e0 19h30 | Salle Tanna Schulich | Entr\u00e9e libre<\/p>\n<p>Cours de ma\u00eetre \u2013 Juhani Lagerspetz<\/p>\n<p><strong>Samedi, 17 mars \u00e0 13h | Salle Tanna Schulich | Entr\u00e9e libre<\/strong><\/p>\n<p>Atelier-concerts par les groupes Jeux de Chaises<\/p>\n<p>Schumann : Quatuor pour piano, Op. 47<\/p>\n<p>Weber : Quintette pour clarinette<\/p>\n<p>Faur\u00e9 : Quatuor pour piano No. 1<\/p>\n<p>Frank Bridge : Phantasy for Piano Quartet<\/p>\n<p><strong>Samedi, 17 mars \u00e0 19h30 | Salle Pollack | 12$ \/18$<\/strong><\/p>\n<p>Beijing Central Conservatory of Music Trio (Chine)<\/p>\n<p>Henri Malmgren (Helsinki)<\/p>\n<p>Professeurs de l\u2019\u00c9cole de musique Schulich Alex Read, Victor Fournelle-Blain, Sara Laimon, Axel Strauss<\/p>\n<p>\u00c9tudiants de l\u2019\u00c9cole de musique Schulich Teresa Wang, Thomas Beard, Tim Ledger, Hannah Darroch, Antoine St-Onge, Alicia Choi, Amy Hillis, Ladusa Chang-Ou, Chung Han Hsiao, Julien Altmann, Joshua Morris, Jacob Efthimiou<\/p>\n<p>Chostakovitch : Quintette pour piano<\/p>\n<p>Beethoven : Trio Op. 11<\/p>\n<p>Copland : Appalachian Spring<\/p>\n<p style=\"text-align: center;\"><strong>Billets disponibles en ligne<\/strong><\/p>\n<p style=\"text-align: center;\">ou en personne au 555 rue Sherbrooke O<\/p>\n<p style=\"text-align: center;\">ou par t\u00e9l\u00e9phone au 514-398-4547 \u2013 du lundi au vendredi, de midi \u00e0 18h<\/p>\n<p><em><strong>La publication de ce communiqu\u00e9 est un privil\u00e8ge r\u00e9serv\u00e9 aux membres de la communaut\u00e9 musicale de Ludwig van Montr\u00e9al. Pour savoir comment devenir membre, \u00e9crivez-nous \u00e0 caroline@ludwig-van.com<\/strong> <\/em><\/p>\n<p><strong>\u00c0 LIRE AUSSI:<\/strong><\/p>\n<p><a href=\"https:\/\/www.ludwig-van.com\/montreal\/2018\/01\/17\/cinq-grands-rendez-vous-pas-manquer-ecole-de-musique-schulich\/\" target=\"_blank\" rel=\"noopener\">Cinq grands rendez-vous \u00e0 ne pas manquer avec l&rsquo;\u00c9cole de musique Schulich<\/a><\/p>\n<p><a href=\"https:\/\/www.ludwig-van.com\/montreal\/2018\/01\/27\/critique-lucia-di-lammermoor-production-folle-de-talent\/\" target=\"_blank\" rel=\"noopener\">Lucia di Lammermoor \u00e0 McGill: une production \u00ab\u00a0folle\u00a0\u00bb de talent. <\/a><\/p>\n<p>&nbsp;<\/p>\n<p>&nbsp;<\/p>\n","protected":false},"excerpt":{"rendered":"<p>L\u2019\u00c9cole de musique Schulich de l\u2019Universit\u00e9 McGill souhaite la bienvenue \u00e0 une panoplie d\u2019artistes invit\u00e9s et d\u2019ensembles \u00e9tudiants pour le Festival de musique de chambre \u00ab Jeux de chaises \u00bb, deux semaines remplies d\u2019ateliers, de cours de ma\u00eetre et de concerts, le tout ouvert au public.<\/p>\n","protected":false},"author":7,"featured_media":52121,"comment_status":"open","ping_status":"open","sticky":false,"template":"","format":"standard","meta":{"om_disable_all_campaigns":false,"jetpack_post_was_ever_published":false},"categories":[16745,11020,11944],"tags":[],"yst_prominent_words":[19421,19419,19418,10700,19432,19430,19420,17012,10386,10376,19435,12698,10571,19433,19429,19434,19438,19436,19431,19442],"acf":[],"jetpack_featured_media_url":"https:\/\/www.ludwig-van.com\/montreal\/wp-content\/uploads\/sites\/3\/2018\/03\/Jeux-de-chaises-web.jpg","jetpack_sharing_enabled":true,"jetpack_shortlink":"https:\/\/wp.me\/p9bdYt-dyE","amp_enabled":true,"_links":{"self":[{"href":"https:\/\/www.ludwig-van.com\/montreal\/wp-json\/wp\/v2\/posts\/52120"}],"collection":[{"href":"https:\/\/www.ludwig-van.com\/montreal\/wp-json\/wp\/v2\/posts"}],"about":[{"href":"https:\/\/www.ludwig-van.com\/montreal\/wp-json\/wp\/v2\/types\/post"}],"author":[{"embeddable":true,"href":"https:\/\/www.ludwig-van.com\/montreal\/wp-json\/wp\/v2\/users\/7"}],"replies":[{"embeddable":true,"href":"https:\/\/www.ludwig-van.com\/montreal\/wp-json\/wp\/v2\/comments?post=52120"}],"version-history":[{"count":2,"href":"https:\/\/www.ludwig-van.com\/montreal\/wp-json\/wp\/v2\/posts\/52120\/revisions"}],"predecessor-version":[{"id":52123,"href":"https:\/\/www.ludwig-van.com\/montreal\/wp-json\/wp\/v2\/posts\/52120\/revisions\/52123"}],"wp:featuredmedia":[{"embeddable":true,"href":"https:\/\/www.ludwig-van.com\/montreal\/wp-json\/wp\/v2\/media\/52121"}],"wp:attachment":[{"href":"https:\/\/www.ludwig-van.com\/montreal\/wp-json\/wp\/v2\/media?parent=52120"}],"wp:term":[{"taxonomy":"category","embeddable":true,"href":"https:\/\/www.ludwig-van.com\/montreal\/wp-json\/wp\/v2\/categories?post=52120"},{"taxonomy":"post_tag","embeddable":true,"href":"https:\/\/www.ludwig-van.com\/montreal\/wp-json\/wp\/v2\/tags?post=52120"},{"taxonomy":"yst_prominent_words","embeddable":true,"href":"https:\/\/www.ludwig-van.com\/montreal\/wp-json\/wp\/v2\/yst_prominent_words?post=52120"}],"curies":[{"name":"wp","href":"https:\/\/api.w.org\/{rel}","templated":true}]}}