{"id":51657,"date":"2018-02-16T13:22:10","date_gmt":"2018-02-16T18:22:10","guid":{"rendered":"https:\/\/www.ludwig-van.com\/montreal\/?p=51657"},"modified":"2018-02-17T17:55:29","modified_gmt":"2018-02-17T22:55:29","slug":"handel-haydn-chapelle-de-quebec-deux-chefs-doeuvre-de-musique-pour-choeur","status":"publish","type":"post","link":"https:\/\/www.ludwig-van.com\/montreal\/2018\/02\/16\/handel-haydn-chapelle-de-quebec-deux-chefs-doeuvre-de-musique-pour-choeur\/","title":{"rendered":"HANDEL, HAYDN ET LA CHAPELLE DE QU\u00c9BEC : Deux chefs-d\u2019\u0153uvre de la musique pour ch\u0153ur"},"content":{"rendered":"<figure id=\"attachment_51760\" aria-describedby=\"caption-attachment-51760\" style=\"width: 1024px\" class=\"wp-caption aligncenter\"><img decoding=\"async\" loading=\"lazy\" class=\"size-full wp-image-51760\" src=\"https:\/\/www.ludwig-van.com\/montreal\/wp-content\/uploads\/sites\/3\/2018\/02\/PhotoHandelHaydnPourArticleLudwig.jpg\" alt=\"Photos : Bernard Labadie par Fran\u00e7ois Rivard, Lydia Teuscher par Shirley Suarez, James Gilchrist par operaomnia.co.uk, Tyler Duncan par Colin Mills \" width=\"1024\" height=\"614\" srcset=\"https:\/\/www.ludwig-van.com\/montreal\/wp-content\/uploads\/sites\/3\/2018\/02\/PhotoHandelHaydnPourArticleLudwig.jpg 1024w, https:\/\/www.ludwig-van.com\/montreal\/wp-content\/uploads\/sites\/3\/2018\/02\/PhotoHandelHaydnPourArticleLudwig-300x180.jpg 300w, https:\/\/www.ludwig-van.com\/montreal\/wp-content\/uploads\/sites\/3\/2018\/02\/PhotoHandelHaydnPourArticleLudwig-768x461.jpg 768w\" sizes=\"(max-width: 1024px) 100vw, 1024px\" \/><figcaption id=\"caption-attachment-51760\" class=\"wp-caption-text\">Photos : Bernard Labadie par Fran\u00e7ois Rivard, Lydia Teuscher par Shirley Suarez, James Gilchrist par operaomnia.co.uk, Tyler Duncan par Colin Mills.<\/figcaption><\/figure>\n<p>&nbsp;<\/p>\n<p>&nbsp;<\/p>\n<p style=\"text-align: center;\"><img decoding=\"async\" loading=\"lazy\" class=\"aligncenter size-full wp-image-47025\" src=\"https:\/\/www.ludwig-van.com\/montreal\/wp-content\/uploads\/sites\/3\/2017\/09\/Les-Violons-du-Roy-RGB-bg.jpg\" alt=\"\" width=\"1024\" height=\"135\" srcset=\"https:\/\/www.ludwig-van.com\/montreal\/wp-content\/uploads\/sites\/3\/2017\/09\/Les-Violons-du-Roy-RGB-bg.jpg 1024w, https:\/\/www.ludwig-van.com\/montreal\/wp-content\/uploads\/sites\/3\/2017\/09\/Les-Violons-du-Roy-RGB-bg-300x40.jpg 300w, https:\/\/www.ludwig-van.com\/montreal\/wp-content\/uploads\/sites\/3\/2017\/09\/Les-Violons-du-Roy-RGB-bg-768x101.jpg 768w\" sizes=\"(max-width: 1024px) 100vw, 1024px\" \/><\/p>\n<p>&nbsp;<\/p>\n<p style=\"text-align: center;\"><strong>HANDEL, HAYDN ET LA CHAPELLE DE QU\u00c9BEC<\/strong><\/p>\n<p style=\"text-align: center;\">DEUX CHEFS-D\u2019\u0152UVRE DE LA MUSIQUE POUR CH\u0152UR<\/p>\n<p><strong>Qu\u00e9bec, le 15 f\u00e9vrier 2018<\/strong> \u2013 <strong>Les Violons du Roy et La Chapelle de Qu\u00e9bec<\/strong> pr\u00e9senteront deux des plus grands chefs\u2011d\u2019\u0153uvre de la musique pour ch\u0153ur : <em>Ode for St. Cecilia\u2019s Day<\/em>, HWV 76 de Handel et la Messe en si b\u00e9mol majeur Hob. XXII:10 <em>Heiligmesse<\/em> de Haydn. Sous la direction du chef fondateur <strong>Bernard Labadie<\/strong>, ils interpr\u00e9teront ce grandiose programme en compagnie de quatre solistes exceptionnels\u00a0: la soprano Lydia Teuscher, la mezzo-soprano Allyson McHardy, le t\u00e9nor James Gilchrist et le baryton Tyler Duncan.<\/p>\n<p>Le concert sera pr\u00e9sent\u00e9 <strong>le mercredi 28 f\u00e9vrier 2018 \u00e0 20h<\/strong> et <strong>le jeudi 1<sup>er<\/sup> mars 2018 \u00e0 20h \u00e0 la salle Raoul-Jobin du Palais Montcalm &#8211; Maison de la musique \u00e0 Qu\u00e9bec<\/strong> et <strong>le samedi 3 mars 2018 \u00e0 19h30 \u00e0 la Maison symphonique de Montr\u00e9al.<\/strong><\/p>\n<p>La Messe en si b\u00e9mol majeur de Haydn constitue une des messes les plus significatives du 18<sup>e<\/sup> si\u00e8cle. Elle fait partie des six magnifiques messes de la maturit\u00e9 de Haydn qui se d\u00e9marquent par la splendeur des ch\u0153urs. Les ch\u0153urs solennels de l\u2019<em>Ode for St. Cecilia\u2019s Day <\/em>de Handel ne manquent pas d&rsquo;audace. Ils correspondent chacun \u00e0 une \u00e9motion particuli\u00e8re et, ce faisant, sont caract\u00e9ristiques du plus pure style baroque. Ce spectacle promet d\u2019\u00eatre un rendez-vous incontournable de la saison d\u2019hiver 2018.<\/p>\n<figure id=\"attachment_51659\" aria-describedby=\"caption-attachment-51659\" style=\"width: 1024px\" class=\"wp-caption aligncenter\"><img decoding=\"async\" loading=\"lazy\" class=\"size-full wp-image-51659\" src=\"https:\/\/www.ludwig-van.com\/montreal\/wp-content\/uploads\/sites\/3\/2018\/02\/HandelHaydn-LaChapelledeQu\u00e9bec-web.jpg\" alt=\"Les Violons du Roy et la Chapelle de Qu\u00e9bec. (Photo: courtoisie)\" width=\"1024\" height=\"614\" srcset=\"https:\/\/www.ludwig-van.com\/montreal\/wp-content\/uploads\/sites\/3\/2018\/02\/HandelHaydn-LaChapelledeQu\u00e9bec-web.jpg 1024w, https:\/\/www.ludwig-van.com\/montreal\/wp-content\/uploads\/sites\/3\/2018\/02\/HandelHaydn-LaChapelledeQu\u00e9bec-web-300x180.jpg 300w, https:\/\/www.ludwig-van.com\/montreal\/wp-content\/uploads\/sites\/3\/2018\/02\/HandelHaydn-LaChapelledeQu\u00e9bec-web-768x461.jpg 768w\" sizes=\"(max-width: 1024px) 100vw, 1024px\" \/><figcaption id=\"caption-attachment-51659\" class=\"wp-caption-text\">Les Violons du Roy et la Chapelle de Qu\u00e9bec. (Photo: courtoisie)<\/figcaption><\/figure>\n<p>PROGRAMME :<\/p>\n<p><strong>F.J. HAYDN (1732-1809)<\/strong><\/p>\n<p>Messe en si b\u00e9mol majeur, Hob. XXII:10 <em>Heiligmesse<\/em><\/p>\n<p><strong>G.F. HANDEL (1685-1759)<\/strong><\/p>\n<p><em>Ode for St. Cecilia\u2019s Day<\/em>, HWV 76<\/p>\n<p><strong>Bernard Labadie<\/strong>, chef<\/p>\n<p><strong>Lydia Teuscher<\/strong>, soprano<\/p>\n<p><strong>Allyson McHardy<\/strong>, mezzo-soprano<\/p>\n<p><strong>James Gilchrist<\/strong>, t\u00e9nor<\/p>\n<p><strong>Tyler Duncan<\/strong>, baryton<\/p>\n<p><strong>La Chapelle de Qu\u00e9bec<\/strong>, ch\u0153ur<\/p>\n<p><strong>Les Violons du Roy<\/strong><\/p>\n<p>Pour l\u2019occasion, <strong>Les Violons du Roy et La Chapelle de Qu\u00e9bec<\/strong> sont heureux d\u2019accueillir la prestigieuse \u00e9quipe de <strong>medici.tv<\/strong> pour l\u2019enregistrement du concert du 28 f\u00e9vrier. Medici.tv assurera aussi la webdiffusion du concert gratuitement en direct, ainsi que dans les 90 jours suivant la prestation sur sa plateforme en ligne. En plus de contribuer \u00e0 rendre la musique classique accessible au plus grand nombre, cette initiative contribuera \u00e0 faire connaitre Les Violons du Roy et La Chapelle de Qu\u00e9bec partout dans le monde.<\/p>\n<p>Billets en vente aux <strong>billetteries<\/strong> du<strong> Palais Montcalm &#8211; Maison de la musique<\/strong> au <strong>1-877-641-6040<\/strong> et de la <strong>Place des Arts<\/strong> au <strong>1-866-842-2112<\/strong>.<\/p>\n<p><a href=\"https:\/\/www.billetech.com\/event\/handel-haydn-et-la-chapelle-de-quebec-billets\/883115\" target=\"_blank\" rel=\"noopener\">ACHETER DES BILLETS POUR QU\u00c9BEC <\/a>(28 F\u00c9VRIER)<\/p>\n<p><a href=\"https:\/\/www.billetech.com\/event\/handel-haydn-et-la-chapelle-de-quebec-billets\/883117\" target=\"_blank\" rel=\"noopener\">ACHETER DES BILLETS POUR QU\u00c9BEC<\/a> (1er MARS)<\/p>\n<p><a href=\"https:\/\/placedesarts.com\/fr\/evenement\/les-violons-du-roy-handel-haydn-et-la-chapelle-de-qu%C3%A9bec\" target=\"_blank\" rel=\"noopener\">ACHETER DES BILLETS POUR MONTR\u00c9AL (3 MARS)<\/a><\/p>\n<p>La saison des Violons du Roy \u00e0 Qu\u00e9bec est pr\u00e9sent\u00e9e par <strong>Hydro-Qu\u00e9bec<\/strong>.<\/p>\n<p>La saison des Violons du Roy \u00e0 Montr\u00e9al est pr\u00e9sent\u00e9e par <strong>La Capitale Assurance et services financiers.<\/strong><\/p>\n<p>Les concerts Handel, Haydn et La Chapelle de Qu\u00e9bec sont pr\u00e9sent\u00e9s en collaboration avec la <strong>Caisse de d\u00e9p\u00f4t et placement du Qu\u00e9bec.<\/strong><\/p>\n<p style=\"text-align: center;\"><img decoding=\"async\" loading=\"lazy\" class=\"aligncenter size-full wp-image-51662\" src=\"https:\/\/www.ludwig-van.com\/montreal\/wp-content\/uploads\/sites\/3\/2018\/02\/bandeau-Violons-web.jpg\" alt=\"\" width=\"1024\" height=\"126\" srcset=\"https:\/\/www.ludwig-van.com\/montreal\/wp-content\/uploads\/sites\/3\/2018\/02\/bandeau-Violons-web.jpg 1024w, https:\/\/www.ludwig-van.com\/montreal\/wp-content\/uploads\/sites\/3\/2018\/02\/bandeau-Violons-web-300x37.jpg 300w, https:\/\/www.ludwig-van.com\/montreal\/wp-content\/uploads\/sites\/3\/2018\/02\/bandeau-Violons-web-768x95.jpg 768w\" sizes=\"(max-width: 1024px) 100vw, 1024px\" \/><\/p>\n<p><em>La publication de ce communiqu\u00e9 est un privil\u00e8ge r\u00e9serv\u00e9 aux membres de la Communaut\u00e9 musicale de <\/em><strong>Ludwig van Montr\u00e9al<\/strong>.<em> Pour savoir comment devenir membre, \u00e9crivez-nous \u00e0 <\/em><strong>caroline@ludwig-van.com<\/strong><\/p>\n","protected":false},"excerpt":{"rendered":"<p>Les Violons du Roy et La Chapelle de Qu\u00e9bec pr\u00e9senteront deux des plus grands chefs\u2011d\u2019\u0153uvre de la musique pour ch\u0153ur sous la direction de Bernard Labadie en compagnie de quatre solistes exceptionnels : la soprano Lydia Teuscher, la mezzo-soprano Allyson McHardy, le t\u00e9nor James Gilchrist et le baryton Tyler Duncan.<\/p>\n","protected":false},"author":7,"featured_media":51760,"comment_status":"open","ping_status":"open","sticky":false,"template":"","format":"standard","meta":{"om_disable_all_campaigns":false,"jetpack_post_was_ever_published":false},"categories":[16745,10956,11944],"tags":[17603,12497],"yst_prominent_words":[18674,18676,18675,16910,18665,18664,10296,18666,18671,18673,18662,18660,15805,15803,18655,15804,9838,17753,18672,9974],"acf":[],"jetpack_featured_media_url":"https:\/\/www.ludwig-van.com\/montreal\/wp-content\/uploads\/sites\/3\/2018\/02\/PhotoHandelHaydnPourArticleLudwig.jpg","jetpack_sharing_enabled":true,"jetpack_shortlink":"https:\/\/wp.me\/p9bdYt-drb","amp_enabled":true,"_links":{"self":[{"href":"https:\/\/www.ludwig-van.com\/montreal\/wp-json\/wp\/v2\/posts\/51657"}],"collection":[{"href":"https:\/\/www.ludwig-van.com\/montreal\/wp-json\/wp\/v2\/posts"}],"about":[{"href":"https:\/\/www.ludwig-van.com\/montreal\/wp-json\/wp\/v2\/types\/post"}],"author":[{"embeddable":true,"href":"https:\/\/www.ludwig-van.com\/montreal\/wp-json\/wp\/v2\/users\/7"}],"replies":[{"embeddable":true,"href":"https:\/\/www.ludwig-van.com\/montreal\/wp-json\/wp\/v2\/comments?post=51657"}],"version-history":[{"count":8,"href":"https:\/\/www.ludwig-van.com\/montreal\/wp-json\/wp\/v2\/posts\/51657\/revisions"}],"predecessor-version":[{"id":51831,"href":"https:\/\/www.ludwig-van.com\/montreal\/wp-json\/wp\/v2\/posts\/51657\/revisions\/51831"}],"wp:featuredmedia":[{"embeddable":true,"href":"https:\/\/www.ludwig-van.com\/montreal\/wp-json\/wp\/v2\/media\/51760"}],"wp:attachment":[{"href":"https:\/\/www.ludwig-van.com\/montreal\/wp-json\/wp\/v2\/media?parent=51657"}],"wp:term":[{"taxonomy":"category","embeddable":true,"href":"https:\/\/www.ludwig-van.com\/montreal\/wp-json\/wp\/v2\/categories?post=51657"},{"taxonomy":"post_tag","embeddable":true,"href":"https:\/\/www.ludwig-van.com\/montreal\/wp-json\/wp\/v2\/tags?post=51657"},{"taxonomy":"yst_prominent_words","embeddable":true,"href":"https:\/\/www.ludwig-van.com\/montreal\/wp-json\/wp\/v2\/yst_prominent_words?post=51657"}],"curies":[{"name":"wp","href":"https:\/\/api.w.org\/{rel}","templated":true}]}}