{"id":51358,"date":"2018-02-01T18:39:04","date_gmt":"2018-02-01T23:39:04","guid":{"rendered":"https:\/\/www.ludwig-van.com\/montreal\/?p=51358"},"modified":"2018-02-01T18:39:04","modified_gmt":"2018-02-01T23:39:04","slug":"jfk-reve-interrompu","status":"publish","type":"post","link":"https:\/\/www.ludwig-van.com\/montreal\/2018\/02\/01\/jfk-reve-interrompu\/","title":{"rendered":"ESSAI | JFK, le r\u00eave interrompu"},"content":{"rendered":"<figure id=\"attachment_51190\" aria-describedby=\"caption-attachment-51190\" style=\"width: 1024px\" class=\"wp-caption aligncenter\"><img decoding=\"async\" loading=\"lazy\" class=\"size-full wp-image-51190\" src=\"https:\/\/www.ludwig-van.com\/montreal\/wp-content\/uploads\/sites\/3\/2018\/01\/JFK-YvesRenaud-web.jpg\" alt=\"Jackie Kennedy (Daniela Mack) et JFK (Matthew Worth) dans la production JFK de l'Op\u00e9ra de Montr\u00e9al, pr\u00e9sent\u00e9e du 27 janvier au 3 f\u00e9vrier. (Cr\u00e9dit: Yves Renaud)\" width=\"1024\" height=\"666\" srcset=\"https:\/\/www.ludwig-van.com\/montreal\/wp-content\/uploads\/sites\/3\/2018\/01\/JFK-YvesRenaud-web.jpg 1024w, https:\/\/www.ludwig-van.com\/montreal\/wp-content\/uploads\/sites\/3\/2018\/01\/JFK-YvesRenaud-web-300x195.jpg 300w, https:\/\/www.ludwig-van.com\/montreal\/wp-content\/uploads\/sites\/3\/2018\/01\/JFK-YvesRenaud-web-768x500.jpg 768w\" sizes=\"(max-width: 1024px) 100vw, 1024px\" \/><figcaption id=\"caption-attachment-51190\" class=\"wp-caption-text\">Jackie Kennedy (Daniela Mack) et John F. Kennedy (Matthew Worth) dans la production JFK de l&rsquo;Op\u00e9ra de Montr\u00e9al, pr\u00e9sent\u00e9e jusqu&rsquo;au 3 f\u00e9vrier. (Cr\u00e9dit: Yves Renaud)<\/figcaption><\/figure>\n<p>Il y a des moments si marquants dans l\u2019histoire que l\u2019on se souvient pr\u00e9cis\u00e9ment o\u00f9 l\u2019on \u00e9tait et ce que l\u2019on faisait quand ils se sont produits. L\u2019assassinat de <strong>John F. Kennedy<\/strong> est l\u2019un d\u2019eux.\u00a0\u00a0 J\u2019avais cinq ans, j\u2019\u00e9tais en train de jouer dans ma chambre. Ma m\u00e8re, qui se trouvait dans le salon, a tout \u00e0 coup pouss\u00e9 un cri. Je me rappelle m\u2019\u00eatre approch\u00e9e du t\u00e9l\u00e9viseur en fixant sans comprendre ces images qui tournaient en boucle. Une voiture acc\u00e9l\u00e9rait brusquement alors qu\u2019une femme essayait de saisir quelque chose derri\u00e8re la t\u00eate de l\u2019homme qui \u00e9tait \u00e0 ses c\u00f4t\u00e9s.<\/p>\n<p>Je n\u2019ai jamais oubli\u00e9 cette sc\u00e8ne. Et tous ceux qui l\u2019ont revue durant des jours, des semaines, ne l\u2019ont jamais oubli\u00e9e. Le pr\u00e9sident Kennedy avait \u00e9t\u00e9 assassin\u00e9. Le plus jeune et le plus charismatique des pr\u00e9sidents am\u00e9ricains, celui qui a serr\u00e9 la main de Khroutchev et amorc\u00e9 la d\u00e9tente de la guerre froide, celui qui incarnait le renouveau du XXe si\u00e8cle am\u00e9ricain, qui avait promis la conqu\u00eate de la Lune, la fin de la s\u00e9gr\u00e9gation raciale et l\u2019\u00e9galit\u00e9 des droits civiques, celui qui a inspir\u00e9 toute une g\u00e9n\u00e9ration, et dont le nom continue de r\u00e9sonner aujourd\u2019hui, ce pr\u00e9sident avait \u00e9t\u00e9 assassin\u00e9.<\/p>\n<blockquote><p>Le destin \u2013 comme on appelle ce chemin inconnu devant soi \u2013 en avait d\u00e9cid\u00e9 ainsi. Et avec la mort de ce pr\u00e9sident s\u2019\u00e9taient bris\u00e9s des r\u00eaves, s\u2019\u00e9taient \u00e9cras\u00e9s des espoirs.<\/p><\/blockquote>\n<p>Cependant, derri\u00e8re le rideau de la sc\u00e8ne publique o\u00f9 <strong>John F. Kennedy<\/strong> est devenu un mythe, mais rest\u00e9 une \u00e9nigme, se trouve une vie humaine. C\u2019est cette intimit\u00e9 que le librettiste Royce Vavrek et le compositeur David T. Little ont voulu faire revivre dans l\u2019op\u00e9ra JFK. Ils nous invitent donc \u00e0 entrer dans la vie priv\u00e9e de John et de son \u00e9pouse Jackie en recr\u00e9ant de mani\u00e8re imaginative \u2013 et \u00e0 travers des tableaux parfois m\u00eame surr\u00e9alistes \u2013 la nuit qui a pr\u00e9c\u00e9d\u00e9 l\u2019assassinat, nous livrant ainsi une adaptation tr\u00e8s libre de ce que l\u2019on conna\u00eet d\u2019eux.<\/p>\n<p>On ne manquera pas de s\u2019\u00e9tonner que le librettiste ait choisi de transmettre l\u2019image d\u2019un JFK plut\u00f4t fade, un homme sans personnalit\u00e9, faible et plus hant\u00e9 par ses angoisses qu\u2019habit\u00e9 par ses aspirations et par la volont\u00e9 de servir le peuple qui l\u2019a \u00e9lu \u2013 une image on ne peut plus \u00e9loign\u00e9e de la <em>r\u00e9alit\u00e9<\/em>, et qui le r\u00e9duit \u00e0 n\u2019\u00eatre qu\u2019une sorte de pantin accabl\u00e9 par un destin mal\u00e9fique.<\/p>\n<p>Devant cette image d\u2019un couple bris\u00e9 par la perte de deux enfants et d\u00e9chir\u00e9 par les infid\u00e9lit\u00e9s de John, devant ce tableau quasi parodique d\u2019un Lyndon B. Johnson et de ses acolytes d\u00e9guis\u00e9s en cowboys texans avides de pouvoir et de sexe, devant l\u2019\u00e9vocation de la jeune s\u0153ur, Rose, lobotomis\u00e9e \u00e0 23 ans, le rideau tombe et laisse voir les promesses rompues, les leurres et les d\u00e9sillusions, les id\u00e9aux que le destin a brutalement interrompus. Car en m\u00eame temps que se r\u00e9v\u00e8le l\u2019intimit\u00e9 de cet homme abattu, presque t\u00e9n\u00e9breux, d\u00e9pendant de la morphine et tourment\u00e9 par des cauchemars qui le projettent \u00e0 la fois dans un pass\u00e9 douloureux et dans ses pires appr\u00e9hensions se dessine le pr\u00e9cipice dans lequel s\u2019engloutissent nos r\u00eaves et nos espoirs souvent trop \u00e9ph\u00e9m\u00e8res.<\/p>\n<p>O\u00f9 est ce monde qui <em>nous promettait la lune<\/em> ?<\/p>\n<p><strong>VOUS AVEZ AIM\u00c9 CET ARTICLE? Lisez aussi:<\/strong><\/p>\n<p><a href=\"https:\/\/www.ludwig-van.com\/montreal\/2018\/01\/28\/critique-jfk-letrange-reve-de-monsieur-jack\/\" target=\"_blank\" rel=\"noopener\">Critique &#8211; JFK \u00e0 l&rsquo;Op\u00e9ra de Montr\u00e9al: l&rsquo;\u00e9trange r\u00eave de Monsieur Jack<\/a><\/p>\n<p style=\"text-align: left;\"><a href=\"https:\/\/www.ludwig-van.com\/montreal\/2018\/01\/20\/nouvelle-lopera-de-montreal-de-politique\/\" target=\"_blank\" rel=\"noopener\">L&rsquo;Op\u00e9ra de Montr\u00e9al fait de la politique. <\/a><\/p>\n","protected":false},"excerpt":{"rendered":"<p>Il y a des moments si marquants dans l\u2019histoire que l\u2019on se souvient pr\u00e9cis\u00e9ment o\u00f9 l\u2019on \u00e9tait et ce que l\u2019on faisait quand ils se sont produits. L\u2019assassinat de John F. Kennedy est l\u2019un d\u2019eux. <\/p>\n","protected":false},"author":56,"featured_media":51190,"comment_status":"open","ping_status":"open","sticky":false,"template":"","format":"standard","meta":{"om_disable_all_campaigns":false,"jetpack_post_was_ever_published":false},"categories":[16745,11007,11844,43],"tags":[17444,6467,2498],"yst_prominent_words":[10426,18200,18198,18196,17956,13154,17422,11497,16023,16024,18197,11160,18199,10538,10519,16781,7694,17429,14357,10541],"acf":[],"jetpack_featured_media_url":"https:\/\/www.ludwig-van.com\/montreal\/wp-content\/uploads\/sites\/3\/2018\/01\/JFK-YvesRenaud-web.jpg","jetpack_sharing_enabled":true,"jetpack_shortlink":"https:\/\/wp.me\/p9bdYt-dmm","amp_enabled":true,"_links":{"self":[{"href":"https:\/\/www.ludwig-van.com\/montreal\/wp-json\/wp\/v2\/posts\/51358"}],"collection":[{"href":"https:\/\/www.ludwig-van.com\/montreal\/wp-json\/wp\/v2\/posts"}],"about":[{"href":"https:\/\/www.ludwig-van.com\/montreal\/wp-json\/wp\/v2\/types\/post"}],"author":[{"embeddable":true,"href":"https:\/\/www.ludwig-van.com\/montreal\/wp-json\/wp\/v2\/users\/56"}],"replies":[{"embeddable":true,"href":"https:\/\/www.ludwig-van.com\/montreal\/wp-json\/wp\/v2\/comments?post=51358"}],"version-history":[{"count":3,"href":"https:\/\/www.ludwig-van.com\/montreal\/wp-json\/wp\/v2\/posts\/51358\/revisions"}],"predecessor-version":[{"id":51360,"href":"https:\/\/www.ludwig-van.com\/montreal\/wp-json\/wp\/v2\/posts\/51358\/revisions\/51360"}],"wp:featuredmedia":[{"embeddable":true,"href":"https:\/\/www.ludwig-van.com\/montreal\/wp-json\/wp\/v2\/media\/51190"}],"wp:attachment":[{"href":"https:\/\/www.ludwig-van.com\/montreal\/wp-json\/wp\/v2\/media?parent=51358"}],"wp:term":[{"taxonomy":"category","embeddable":true,"href":"https:\/\/www.ludwig-van.com\/montreal\/wp-json\/wp\/v2\/categories?post=51358"},{"taxonomy":"post_tag","embeddable":true,"href":"https:\/\/www.ludwig-van.com\/montreal\/wp-json\/wp\/v2\/tags?post=51358"},{"taxonomy":"yst_prominent_words","embeddable":true,"href":"https:\/\/www.ludwig-van.com\/montreal\/wp-json\/wp\/v2\/yst_prominent_words?post=51358"}],"curies":[{"name":"wp","href":"https:\/\/api.w.org\/{rel}","templated":true}]}}