{"id":51348,"date":"2018-02-01T11:44:04","date_gmt":"2018-02-01T16:44:04","guid":{"rendered":"https:\/\/www.ludwig-van.com\/montreal\/?p=51348"},"modified":"2018-02-01T11:44:04","modified_gmt":"2018-02-01T16:44:04","slug":"mois-du-piano-critique-philippe-cassard-dialogue-avec-debussy","status":"publish","type":"post","link":"https:\/\/www.ludwig-van.com\/montreal\/2018\/02\/01\/mois-du-piano-critique-philippe-cassard-dialogue-avec-debussy\/","title":{"rendered":"MOIS DU PIANO | Critique &#8211; Philippe Cassard: dialogue avec Debussy"},"content":{"rendered":"<figure id=\"attachment_50322\" aria-describedby=\"caption-attachment-50322\" style=\"width: 1024px\" class=\"wp-caption aligncenter\"><img decoding=\"async\" loading=\"lazy\" class=\"size-full wp-image-50322\" src=\"https:\/\/www.ludwig-van.com\/montreal\/wp-content\/uploads\/sites\/3\/2017\/12\/Philippe-Cassard-6-photo-Jean-Baptiste-Millot-full.jpg\" alt=\"Philippe Cassard (Cr\u00e9dit: Jean-Baptiste Millot)\" width=\"1024\" height=\"683\" srcset=\"https:\/\/www.ludwig-van.com\/montreal\/wp-content\/uploads\/sites\/3\/2017\/12\/Philippe-Cassard-6-photo-Jean-Baptiste-Millot-full.jpg 1024w, https:\/\/www.ludwig-van.com\/montreal\/wp-content\/uploads\/sites\/3\/2017\/12\/Philippe-Cassard-6-photo-Jean-Baptiste-Millot-full-300x200.jpg 300w, https:\/\/www.ludwig-van.com\/montreal\/wp-content\/uploads\/sites\/3\/2017\/12\/Philippe-Cassard-6-photo-Jean-Baptiste-Millot-full-768x512.jpg 768w\" sizes=\"(max-width: 1024px) 100vw, 1024px\" \/><figcaption id=\"caption-attachment-50322\" class=\"wp-caption-text\">Philippe Cassard (Cr\u00e9dit: Jean-Baptiste Millot)<\/figcaption><\/figure>\n<p>L\u2019ann\u00e9e 2018 marque le centenaire de la mort de <strong>Claude Debussy<\/strong>, ce grand compositeur impressionniste fran\u00e7ais qui ne cesse de fasciner. Il ne fallait pas moins qu\u2019un sp\u00e9cialiste du musicien pour inaugurer la s\u00e9rie des <strong>Journ\u00e9es Debussy<\/strong> de la <a href=\"https:\/\/www.ludwig-van.com\/montreal\/directory\/fondation-arte-musica-salle-bourgie\/\" target=\"_blank\" rel=\"noopener\">Fondation Arte Musica <\/a>\u00e0 la salle Bourgie, qui lui rendront hommage au cours de la saison. C\u2019est donc le pianiste fran\u00e7ais <strong>Philippe Cassard<\/strong>, dont c\u2019est la premi\u00e8re venue \u00e0 titre de soliste \u00e0 Montr\u00e9al &#8211; lui qui est un chambriste reconnu &#8211; qui est venu partager un programme de presque deux heures intitul\u00e9 <em>Debussy, inspiration et influences<\/em>.<\/p>\n<p>La particularit\u00e9 de ce concert fut sans doute le choix du pianiste de l\u2019entamer en jouant le magnifique \u00c9rard 1859 de la salle Bourgie. Un bon moyen pour l\u2019auditeur d\u2019entendre r\u00e9ellement comment pouvaient sonner les \u0153uvres de <strong>Debussy<\/strong> sur des pianos de son \u00e9poque, de bien mieux comprendre son imaginaire musical et d\u2019entrer intimement dans sa vision de l\u2019instrument.<\/p>\n<blockquote><p><strong>Philippe Cassard<\/strong> parut prendre un immense plaisir \u00e0 jouer sur ce vieux piano dont la r\u00e9sonance naturelle n\u2019a que peu besoin d\u2019un appui soutenu de la p\u00e9dale.<\/p><\/blockquote>\n<p>On red\u00e9couvre les vraies sonorit\u00e9s debussystes et on regrette presque le changement de piano pour la suite du r\u00e9cital au milieu de la premi\u00e8re partie, un Steinway am\u00e9ricain aux aigus \u00e9touff\u00e9s.<\/p>\n<p>Les nombreuses pi\u00e8ces de <strong>Debussy<\/strong> (<em>la suite bergamasque<\/em>, <em>Reflets dans l\u2019eau<\/em>, <em>l\u2019Isle Joyeuse<\/em>, quatre <em>Pr\u00e9ludes<\/em>, trois <em>\u00c9tudes<\/em> et une transcription du <em>Pr\u00e9lude \u00e0 l\u2019apr\u00e8s-midi d\u2019un faune<\/em> par l\u2019interpr\u00e8te lui-m\u00eame) ont permis au public de d\u00e9couvrir le jeu sensible, color\u00e9 avec un grand souci des timbres orchestraux et de la m\u00e9lodie de <strong>Philippe Cassard<\/strong>. Nombreux ont \u00e9t\u00e9 les moments o\u00f9 l\u2019on a pu entendre l\u2019eau ruisseler sur les touches, le vent souffler dans les cordes et les feux d\u2019artifice jaillir de ses doigts.<\/p>\n<blockquote><p>Pour accompagner la palette du coloriste fran\u00e7ais, le pianiste a choisi des compositeurs qui l\u2019ont inspir\u00e9 dans leur mani\u00e8re de traiter le piano et ses timbres.<\/p><\/blockquote>\n<p>Rameau et sa c\u00e9l\u00e8bre <em>Gavotte et six Doubles de la gavotte<\/em> dans une interpr\u00e9tation v\u00e9loce ; Grieg et son <em>Notturno<\/em> extrait des <em>Pi\u00e8ces Lyriques<\/em> op.54, un moment rempli d\u2019\u00e9motions ; Chopin et sa <em>Berceuse en r\u00e9 b\u00e9mol majeur<\/em> op.57 o\u00f9 le temps s\u2019est suspendu, planant dans la salle ; Liszt et sa pi\u00e8ce <em>Au bord d\u2019une source<\/em>, plus opaque et insaisissable ; Stravinsky et son c\u00e9l\u00e8bre <em>Petrouchka<\/em> aux accents cuivr\u00e9s.<\/p>\n<p><strong>Philippe Cassard<\/strong> avait \u00e9galement command\u00e9, pour l\u2019occasion, une pi\u00e8ce au pianiste de jazz et compositeur fran\u00e7ais <strong>Baptiste Trotignon<\/strong> afin de cr\u00e9er un lien plus actuel avec l\u2019h\u00e9ritage que Debussy a laiss\u00e9 aux g\u00e9n\u00e9rations post\u00e9rieures. La pi\u00e8ce <em>Pr\u00e9lude\u00a0: une libre \u00e9vocation de Monsieur Debussy<\/em> a donc \u00e9t\u00e9 donn\u00e9e en premi\u00e8re mondiale et nous a transport\u00e9s dans une atmosph\u00e8re postimpressionniste o\u00f9 l\u2019on pouvait ais\u00e9ment d\u00e9celer quelques proc\u00e9d\u00e9s typiquement debussystes.<\/p>\n<p>Ce vaste programme a \u00e9t\u00e9 interpr\u00e9t\u00e9 avec un grand lyrisme dans le jeu de <strong>Philippe Cassard<\/strong> que l\u2019on esp\u00e8re r\u00e9entendre bient\u00f4t. Po\u00e8te des notes comme Debussy le fut dans son temps avec ses compositions, on a pu regretter quelques accidents dans les endroits plus pr\u00e9cipit\u00e9s et les pi\u00e8ces plus vives o\u00f9 cela manquait de respiration, mais ce fut rapidement oubli\u00e9 tant les timbres et les images qui sortirent des deux instruments furent magiques, par moments.<\/p>\n<p><strong>VOUS AVEZ AIM\u00c9 CET ARTICLE? Lisez aussi:<\/strong><\/p>\n<p><a href=\"https:\/\/www.ludwig-van.com\/montreal\/2018\/01\/18\/nouvelles-mois-piano-a-ludwig-van-montreal-autres-nouvelles-musique-classique\/\" target=\"_blank\" rel=\"noopener\">Le Mois du piano \u00e0 Ludwig van Montr\u00e9al et autres nouvelles en musique classique<\/a><\/p>\n<p><a href=\"https:\/\/www.ludwig-van.com\/montreal\/2018\/01\/29\/bulletin-marie-nicole-lemieux-a-bourgie-grammys-avalanche-de-nouvelles-musique-classique\/\" target=\"_blank\" rel=\"noopener\">Marie-Nicole Lemieux \u00e0 Bourgie et une avalanche de nouvelles en musique classique<\/a><\/p>\n<p>&nbsp;<\/p>\n<p>&nbsp;<\/p>\n<p>&nbsp;<\/p>\n","protected":false},"excerpt":{"rendered":"<p>L\u2019ann\u00e9e 2018 marque le centenaire de la mort de Claude Debussy, ce grand compositeur impressionniste fran\u00e7ais qui ne cesse de fasciner. Il ne fallait pas moins qu\u2019un sp\u00e9cialiste du musicien pour inaugurer la s\u00e9rie des Journ\u00e9es Debussy de la Fondation Arte Musica.<\/p>\n","protected":false},"author":54,"featured_media":50322,"comment_status":"open","ping_status":"open","sticky":false,"template":"","format":"standard","meta":{"om_disable_all_campaigns":false,"jetpack_post_was_ever_published":false},"categories":[16745,76,19,52],"tags":[983,18150,18179,17332,18178],"yst_prominent_words":[9943,9842,16135,10097,9898,9896,11823,11160,7694,10167,15231,15230,11556,18174,10430,7141,9323,10710,9956,18175],"acf":[],"jetpack_featured_media_url":"https:\/\/www.ludwig-van.com\/montreal\/wp-content\/uploads\/sites\/3\/2017\/12\/Philippe-Cassard-6-photo-Jean-Baptiste-Millot-full.jpg","jetpack_sharing_enabled":true,"jetpack_shortlink":"https:\/\/wp.me\/p9bdYt-dmc","amp_enabled":true,"_links":{"self":[{"href":"https:\/\/www.ludwig-van.com\/montreal\/wp-json\/wp\/v2\/posts\/51348"}],"collection":[{"href":"https:\/\/www.ludwig-van.com\/montreal\/wp-json\/wp\/v2\/posts"}],"about":[{"href":"https:\/\/www.ludwig-van.com\/montreal\/wp-json\/wp\/v2\/types\/post"}],"author":[{"embeddable":true,"href":"https:\/\/www.ludwig-van.com\/montreal\/wp-json\/wp\/v2\/users\/54"}],"replies":[{"embeddable":true,"href":"https:\/\/www.ludwig-van.com\/montreal\/wp-json\/wp\/v2\/comments?post=51348"}],"version-history":[{"count":4,"href":"https:\/\/www.ludwig-van.com\/montreal\/wp-json\/wp\/v2\/posts\/51348\/revisions"}],"predecessor-version":[{"id":51352,"href":"https:\/\/www.ludwig-van.com\/montreal\/wp-json\/wp\/v2\/posts\/51348\/revisions\/51352"}],"wp:featuredmedia":[{"embeddable":true,"href":"https:\/\/www.ludwig-van.com\/montreal\/wp-json\/wp\/v2\/media\/50322"}],"wp:attachment":[{"href":"https:\/\/www.ludwig-van.com\/montreal\/wp-json\/wp\/v2\/media?parent=51348"}],"wp:term":[{"taxonomy":"category","embeddable":true,"href":"https:\/\/www.ludwig-van.com\/montreal\/wp-json\/wp\/v2\/categories?post=51348"},{"taxonomy":"post_tag","embeddable":true,"href":"https:\/\/www.ludwig-van.com\/montreal\/wp-json\/wp\/v2\/tags?post=51348"},{"taxonomy":"yst_prominent_words","embeddable":true,"href":"https:\/\/www.ludwig-van.com\/montreal\/wp-json\/wp\/v2\/yst_prominent_words?post=51348"}],"curies":[{"name":"wp","href":"https:\/\/api.w.org\/{rel}","templated":true}]}}