{"id":51085,"date":"2018-01-24T10:30:38","date_gmt":"2018-01-24T15:30:38","guid":{"rendered":"https:\/\/www.ludwig-van.com\/montreal\/?p=51085"},"modified":"2018-01-24T10:30:38","modified_gmt":"2018-01-24T15:30:38","slug":"51085-da-ponte-bien-culotte-spectacle-decoiffant-operaphiles-decoinces","status":"publish","type":"post","link":"https:\/\/www.ludwig-van.com\/montreal\/2018\/01\/24\/51085-da-ponte-bien-culotte-spectacle-decoiffant-operaphiles-decoinces\/","title":{"rendered":"ENTRETIEN | Da Ponte bien culott\u00e9: spectacle d\u00e9coiffant pour op\u00e9raphiles d\u00e9coinc\u00e9s"},"content":{"rendered":"<figure id=\"attachment_50915\" aria-describedby=\"caption-attachment-50915\" style=\"width: 1024px\" class=\"wp-caption aligncenter\"><img decoding=\"async\" loading=\"lazy\" class=\"size-full wp-image-50915\" src=\"https:\/\/www.ludwig-van.com\/montreal\/wp-content\/uploads\/sites\/3\/2018\/01\/Isabeau-Proulx-Lemire-cr-Brent-Callis-web.jpg\" alt=\"Isabeau Proulx-Lemire. (Cr\u00e9dit: Brent Callis)\" width=\"1024\" height=\"683\" srcset=\"https:\/\/www.ludwig-van.com\/montreal\/wp-content\/uploads\/sites\/3\/2018\/01\/Isabeau-Proulx-Lemire-cr-Brent-Callis-web.jpg 1024w, https:\/\/www.ludwig-van.com\/montreal\/wp-content\/uploads\/sites\/3\/2018\/01\/Isabeau-Proulx-Lemire-cr-Brent-Callis-web-300x200.jpg 300w, https:\/\/www.ludwig-van.com\/montreal\/wp-content\/uploads\/sites\/3\/2018\/01\/Isabeau-Proulx-Lemire-cr-Brent-Callis-web-768x512.jpg 768w\" sizes=\"(max-width: 1024px) 100vw, 1024px\" \/><figcaption id=\"caption-attachment-50915\" class=\"wp-caption-text\">Isabeau Proulx-Lemire. (Cr\u00e9dit: Brent Callis)<\/figcaption><\/figure>\n<p>Le 3 f\u00e9vrier prochain sera cr\u00e9\u00e9 au <strong>Th\u00e9\u00e2tre Corona<\/strong> \u00e0 Montr\u00e9al un \u00ab\u00a0op\u00e9ra-th\u00e9\u00e2tre-comique\u00a0\u00bb bas\u00e9 sur la vie de <strong>Lorenzo Da Ponte<\/strong>, librettiste des plus grands op\u00e9ras de Mozart.<strong> <em>Da Ponte bien culott\u00e9<\/em><\/strong> (dont les profits seront remis \u00e0 l\u2019organisme <a href=\"https:\/\/www.facebook.com\/pg\/carrefourmusicallaval\/about\/?ref=page_internal\" target=\"_blank\" rel=\"noopener\">Carrefour musical de Laval<\/a>) mettra en sc\u00e8ne ce personnage historique haut en couleur, avant-gardiste irr\u00e9v\u00e9rencieux, gr\u00e2ce \u00e0 un m\u00e9lange de textes inspir\u00e9s de ses m\u00e9moires truculents et d\u2019airs (les plus beaux) tir\u00e9s des op\u00e9ras de Mozart.<\/p>\n<p>J\u2019ai rencontr\u00e9 <strong>Isabeau Proulx-Lemire<\/strong>, membre de l\u2019<strong>Atelier lyrique de l\u2019Op\u00e9ra de Montr\u00e9al <\/strong>et metteur en sc\u00e8ne de ce spectacle qui souhaite \u00ab\u00a0d\u00e9coincer\u00a0\u00bb l\u2019univers de la musique classique en g\u00e9n\u00e9ral et de l\u2019op\u00e9ra en particulier.<\/p>\n<p><strong>Q-Isabeau Proulx-Lemire, que raconte <em>Da Ponte bien culott\u00e9<\/em>?<\/strong><\/p>\n<p><strong>R- <\/strong>\u00ab Le sc\u00e9nario est simple\u00a0: il s\u2019agit d\u2019une conversation entre le Cr\u00e9ateur et Adam. Les deux discutent des contrastes qui se bousculent en <strong>Da Ponte<\/strong>. Le Cr\u00e9ateur est la voix de la Raison, Adam, celle de la Nature. Ces deux extr\u00eames se retrouvent dans le personnage de Lorenzo Da Ponte et se manifestent \u00e0 travers sa vie et ses r\u00e9alisations. C\u2019est une sorte de conversation entre la lumi\u00e8re et l\u2019ombre, mais faite avec beaucoup d\u2019humour, puisque <strong>Da Ponte<\/strong> \u00e9tait un homme assez truculent. La conversation est illustr\u00e9e sur sc\u00e8ne par des \u00e9l\u00e9ments de la vie de <strong>Da Ponte<\/strong> et des airs d\u2019op\u00e9ras de <strong>Mozart<\/strong>, avec lequel l\u2019artiste a \u00e9troitement travaill\u00e9. Il y a un \u00e9troit \u00e9quilibre entre dialogues, comme au th\u00e9\u00e2tre, et chant, comme \u00e0 l\u2019op\u00e9ra.\u00a0\u00bb<\/p>\n<p><strong>Pourquoi avez-vous eu envie de faire ce spectacle hors norme?<\/strong><\/p>\n<p><strong>R-<\/strong> \u00ab\u00a0Avec <strong>Xavier Roy<\/strong> et <strong>Nicolas Ellis<\/strong> de l\u2019<a href=\"https:\/\/www.ludwig-van.com\/montreal\/directory\/orchestre-symphonique-de-lagora\/\" target=\"_blank\" rel=\"noopener\"><strong>Orchestre symphonique de l\u2019Agora <\/strong><\/a>(OSA), nous avons pris conscience qu\u2019en tant que jeunes musiciens classiques, nous faisons tr\u00e8s souvent de la musique et de l\u2019op\u00e9ra, pour des vieux, du moins bien plus vieux que nous! Nous avons eu envie de faire un show d\u00e9coiffant pour des jeunes, disons entre 25 et 45 ans, et avec de la musique classique.\u00a0\u00bb<\/p>\n<p><strong>La forme du spectacle est donc un m\u00e9lange de th\u00e9\u00e2tre et d\u2019op\u00e9ra?<\/strong><\/p>\n<blockquote><p>\u00ab\u00a0C\u2019est une sorte de collage d\u2019airs de <strong>Mozart<\/strong>, th\u00e9\u00e2tralis\u00e9. Les airs ont \u00e9t\u00e9 d\u00e9contextualis\u00e9s pour s\u2019int\u00e9grer dans le sc\u00e9nario, qui raconte, grosso modo, la vie de Lorenzo Da Ponte.\u00a0\u00bb &#8211; Isabeau Proulx-Lemire<\/p><\/blockquote>\n<p><strong>Qui \u00e9tait Da Ponte? Quel int\u00e9r\u00eat pour les gens d\u2019aujourd\u2019hui \u00e0 le conna\u00eetre?<\/strong><\/p>\n<p><strong>R-<\/strong> \u00ab\u00a0Parce qu\u2019il est fascinant! Il est, \u00e0 nos yeux, un antih\u00e9ros tr\u00e8s actuel. M\u00e9galomane sur les bords, opportuniste narcissique, mais cr\u00e9ateur de g\u00e9nie. Il \u00e9tait un homme d\u00e9chir\u00e9 entre sa raison et ses passions, \u00e0 l\u2019exemple de ce qu\u2019en disait Jean-Jacques Rousseau. Il a flou\u00e9 des tonnes de gens\u00a0: le syst\u00e8me pour commencer, mais aussi ses cr\u00e9anciers, et des femmes (les pauvres!). Il \u00e9tait joueur compulsif, tra\u00eetre, et juif converti au catholicisme par opportunisme.<\/p>\n<p>Il disait ne pas r\u00e9sister aux tentations, car l\u2019\u00e9tat de nature est le plus satisfaisant.<\/p>\n<p>L\u2019ambiance de rectitude politique tr\u00e8s forte qui r\u00e8gne en ce d\u00e9but de 21<sup>e<\/sup> si\u00e8cle nous am\u00e8ne ironiquement \u00e0 appr\u00e9cier, ou \u00e0 tout le moins \u00e0 \u00eatre fascin\u00e9s par les anticonformistes, les gens qui ont la langue bien pendue, au d\u00e9triment des convenances, et qui sont surtout capables de d\u00e9fendre habilement leurs id\u00e9es. <strong>Da Ponte<\/strong> \u00e9tait ce genre d\u2019homme.\u00a0 Il ne cachait pas et n\u2019avait pas honte de son c\u00f4t\u00e9 homme pr\u00e9historique. Le titre <em>Da Ponte bien culott\u00e9 <\/em>est enti\u00e8rement appropri\u00e9!\u00a0\u00bb<\/p>\n<p><strong>Sur quoi vous \u00eates-vous bas\u00e9 pour construire le spectacle?<\/strong><\/p>\n<p><strong>R-<\/strong> \u00ab\u00a0Des \u00e9tudes historiques, des th\u00e8ses de doctorat et bien d\u2019autres documents, mais principalement les <em>M\u00e9moires<\/em> de <strong>Da Ponte<\/strong>. Il s\u2019agit d\u2019une lecture essentielle pour quiconque s\u2019int\u00e9resse au Si\u00e8cle des Lumi\u00e8res. C\u2019est truculent \u00e0 souhait, et souvent tr\u00e8s cru!\u00a0\u00bb<\/p>\n<div class=\"jetpack-video-wrapper\"><span class=\"embed-youtube\" style=\"text-align:center; display: block;\"><iframe loading=\"lazy\" class=\"youtube-player\" width=\"640\" height=\"360\" src=\"https:\/\/www.youtube.com\/embed\/zH1WtxLi_k4?version=3&#038;rel=1&#038;showsearch=0&#038;showinfo=1&#038;iv_load_policy=1&#038;fs=1&#038;hl=fr-FR&#038;autohide=2&#038;wmode=transparent\" allowfullscreen=\"true\" style=\"border:0;\" sandbox=\"allow-scripts allow-same-origin allow-popups allow-presentation\"><\/iframe><\/span><\/div>\n<p><strong>Vous avez choisi le Th\u00e9\u00e2tre Corona pour la pr\u00e9sentation. Pourquoi?<\/strong><\/p>\n<p><strong>R-<\/strong> \u00ab\u00a0Nous avions envie d\u2019une ambiance de cabaret. On ne voulait pas se sentir coinc\u00e9 dans une salle o\u00f9 l\u2019on se cogne les genoux et o\u00f9 l\u2019on doit rester silencieux. Au <strong>Corona<\/strong>, les gens pourront boire, manger et m\u00eame ouvrir leur t\u00e9l\u00e9phone! Je serais m\u00eame heureux qu\u2019ils fassent du bruit, qu\u2019ils applaudissent, qu\u2019ils sifflent, bref qu\u2019ils s\u2019amusent et qu\u2019ils le montrent, tel que \u00e7a se faisait, d\u2019ailleurs, \u00e0 l\u2019\u00e9poque de <strong>Da Ponte<\/strong>!\u00a0\u00bb<\/p>\n<p><strong>Comment se d\u00e9roule la construction du projet jusqu\u2019\u00e0 maintenant?<\/strong><\/p>\n<p><strong>R-<\/strong> \u00ab\u00a0C\u2019est un pur bonheur! J\u2019ai des coll\u00e8gues (de l\u2019<strong>Atelier lyrique de l\u2019Op\u00e9ra de Montr\u00e9al<\/strong>) qui sont exceptionnels. Les musiciens de l\u2019<strong>OSA<\/strong> sont merveilleux. Tout le monde est passionn\u00e9, totalement impliqu\u00e9 dans l\u2019aventure. C\u2019est ma premi\u00e8re mise en sc\u00e8ne d\u2019op\u00e9ra, et j\u2019en retire jusqu\u2019\u00e0 maintenant un enrichissement extraordinaire.\u00a0\u00bb<\/p>\n<p>&nbsp;<\/p>\n<blockquote><p><strong>RAPPEL<\/strong> : les profits du spectacle seront vers\u00e9s au <a href=\"https:\/\/www.facebook.com\/pg\/carrefourmusicallaval\/about\/?ref=page_internal\" target=\"_blank\" rel=\"noopener\">Carrefour musical de Laval<\/a>, un organisme social li\u00e9 au Centre de P\u00e9diatrie sociale de Laval (CPSL), lui-m\u00eame inspir\u00e9 par le mod\u00e8le du \u00abGarage \u00e0 musique\u00bb dans Hochelaga-Maisonneuve. Gr\u00e2ce \u00e0 la musique, l\u2019organisme intervient aupr\u00e8s d\u2019enfants et d\u2019adolescents en difficult\u00e9.<\/p><\/blockquote>\n<p><strong>\u00a0<\/strong><\/p>\n<p><strong>Pendant que je vous ai sous la main, j\u2019aimerais vous demander quel bilan vous faites de votre participation \u00e0 la production <em>Mary Poppins<\/em> de Serge Postigo?<\/strong><\/p>\n<p><strong>R-<\/strong> Je me sens privil\u00e9gi\u00e9 d\u2019avoir fait partie de cette production. C\u2019est la plus grande de <em>Juste pour rire<\/em>, et un succ\u00e8s unanime. Pas une seule mauvaise critique, c\u2019est tout un honneur de pouvoir y accoler mon nom. Je me suis aper\u00e7u \u00e9galement que j\u2019ai un immense plaisir \u00e0 jouer la com\u00e9die et chanter en m\u00eame temps. La com\u00e9die musicale est mon v\u00e9hicule privil\u00e9gi\u00e9 pour exprimer ces deux passions en m\u00eame temps.\u00a0\u00bb<\/p>\n<div class=\"jetpack-video-wrapper\"><span class=\"embed-youtube\" style=\"text-align:center; display: block;\"><iframe loading=\"lazy\" class=\"youtube-player\" width=\"640\" height=\"360\" src=\"https:\/\/www.youtube.com\/embed\/iGneXYhoR2U?version=3&#038;rel=1&#038;showsearch=0&#038;showinfo=1&#038;iv_load_policy=1&#038;fs=1&#038;hl=fr-FR&#038;autohide=2&#038;wmode=transparent\" allowfullscreen=\"true\" style=\"border:0;\" sandbox=\"allow-scripts allow-same-origin allow-popups allow-presentation\"><\/iframe><\/span><\/div>\n<p>&nbsp;<\/p>\n<p><strong>Croyez-vous que le temps est venu de monter de grandes com\u00e9dies musicales \u00e0 l\u2019op\u00e9ra?<\/strong><\/p>\n<p><strong>R-<\/strong> \u00ab\u00a0Oui! J\u2019en parle souvent. Je crois qu\u2019il y a un public pour \u00e7a. \u00c7a arrivera peut-\u00eatre un jour ici, et ce jour-l\u00e0, je serai le premier \u00e0 cogner \u00e0 la porte pour y participer!\u00a0\u00bb<\/p>\n<p><strong>Les chanteurs d\u2019op\u00e9ra traditionnels n\u2019ont-ils pas des voix trop \u00ab\u00a0amples\u00a0\u00bb pour ce genre de r\u00e9pertoire?<\/strong><\/p>\n<p><strong>R-<\/strong> \u00ab\u00a0La grosseur de la voix n\u2019est pas un enjeu, selon moi. Le fond du probl\u00e8me, c\u2019est le jeu d\u2019acteur. Nous n\u2019avons pas de traditions bien \u00e9tablies de com\u00e9die musicale ici. Nous formons des chanteurs pouss\u00e9s \u00e0 bien remplir l\u2019espace sonore, mais pas suffisamment \u00e0 jouer la com\u00e9die. De l\u2019autre c\u00f4t\u00e9, des acteurs aguerris, mais qui ne savent pas assez bien chanter (tout cela dit en rappelant qu\u2019il y a de notables exceptions). L\u00e0 est le v\u00e9ritable enjeu.<\/p>\n<p>Il est vrai, cela dit, que la com\u00e9die musicale n\u2019invite pas \u00e0 utiliser le vibrato tr\u00e8s ample et sonore. Cela r\u00e9duit la limpidit\u00e9 des mots et la clart\u00e9 de la diction.<\/p>\n<p>Pour ma part, j\u2019aimerais que les chanteurs classiques, dans ce r\u00e9pertoire bien s\u00fbr, chantent avec plus de pr\u00e9cision, quitte \u00e0 perdre en puissance et en sonorit\u00e9. Quitte, aussi, \u00e0 \u00eatre l\u00e9g\u00e8rement \u00ab\u00a0microphon\u00e9s\u00a0\u00bb. Je ne suis pas du tout hostile \u00e0 cette m\u00e9thode, pourvu que cela se fasse en respect de la qualit\u00e9 des textures vocales et en visant la conservation d\u2019une ambiance et d\u2019une acoustique tr\u00e8s naturelle.\u00a0\u00bb<\/p>\n<p><strong>Quel \u00e9quilibre y a-t-il entre l\u2019op\u00e9ra et la com\u00e9die musicale dans votre vie, dans votre c\u0153ur?<\/strong><\/p>\n<p><strong>R-<\/strong> \u00ab\u00a0L\u2019op\u00e9ra, et la musique classique en g\u00e9n\u00e9ral, ce sont mes premi\u00e8res amours! C\u2019est la musique que j\u2019\u00e9coute principalement dans ma vie quotidienne. J\u2019aime la texture, la sonorit\u00e9 de la musique classique, de l\u2019orchestre, du chant lyrique. Je me sens envelopp\u00e9 par cet univers.<\/p>\n<p>\u00ab\u00a0La com\u00e9die musicale, elle, s\u2019adresse \u00e0 l\u2019enfant en moi et \u00e0 mon besoin de l\u00e9g\u00e8ret\u00e9. Elle me satisfait \u00e9galement en termes d\u2019authenticit\u00e9 th\u00e9\u00e2trale et d\u2019expression naturelle d\u2019un texte.<\/p>\n<p>L\u2019op\u00e9ra r\u00e9pond \u00e0 la question <em>prima la musica<\/em>, la com\u00e9die musicale r\u00e9pond \u00e0 la question <em>prima la parole<\/em>.\u00a0\u00bb<\/p>\n<div class=\"jetpack-video-wrapper\">\n<div class=\"embed-vimeo\" style=\"text-align: center;\"><iframe loading=\"lazy\" src=\"https:\/\/player.vimeo.com\/video\/130544819\" width=\"640\" height=\"360\" frameborder=\"0\" webkitallowfullscreen mozallowfullscreen allowfullscreen><\/iframe><\/div>\n<\/div>\n<p><strong>Les metteurs en sc\u00e8ne de th\u00e9\u00e2tre apportent quelque chose de diff\u00e9rent, et souvent bienvenu, \u00e0 l\u2019op\u00e9ra. Que pensez-vous que les metteurs en sc\u00e8ne d\u2019op\u00e9ra peuvent apporter au th\u00e9\u00e2tre, quand ils en font?<\/strong><\/p>\n<p><strong>R-<\/strong> \u00ab\u00a0C\u2019est une bonne question. Il m\u2019arrive de faire des mises en sc\u00e8ne pour le th\u00e9\u00e2tre, je suis donc concern\u00e9. Mais j\u2019avoue ne pas m\u2019\u00eatre pos\u00e9 la question. Spontan\u00e9ment, je r\u00e9pondrais que les habitu\u00e9s de l\u2019op\u00e9ra, et de la musique classique en g\u00e9n\u00e9ral, se doivent d\u2019\u00eatre parfaitement pr\u00e9par\u00e9s lorsqu\u2019ils se pr\u00e9sentent \u00e0 des r\u00e9p\u00e9titions. Ils n\u2019ont pas le choix\u00a0: il y a tellement peu de temps pour monter un spectacle (op\u00e9ra) ou un concert, que chaque artiste, metteur en sc\u00e8ne compris, doit arriver \u00e0 la premi\u00e8re r\u00e9p\u00e9tition presque comme s\u2019il pouvait d\u00e9j\u00e0 \u00eatre devant le public!<\/p>\n<p>Au th\u00e9\u00e2tre, ce n\u2019est pas le cas. Du moins, la plupart du temps. Je pense, donc, qu\u2019un metteur en sc\u00e8ne d\u2019op\u00e9ra aura le r\u00e9flexe naturel d\u2019arriver mieux pr\u00e9par\u00e9 que d\u2019autres, qui n\u2019ont pas cette exp\u00e9rience contraignante impos\u00e9e \u00e0 tous les musiciens classiques.\u00a0\u00bb<\/p>\n<p><strong>Quels projets vous attendent ensuite?<\/strong><\/p>\n<p><strong>R-<\/strong> \u00ab\u00a0J\u2019assisterai Martine Beaulne \u00e0 la mise en sc\u00e8ne de l\u2019op\u00e9ra <a href=\"http:\/\/www.operademontreal.com\/programmation\/svadba\" target=\"_blank\" rel=\"noopener\"><strong><em>Svadba<\/em><\/strong><\/a> d\u2019Ana Sokolovic (du 24 au 31 mars 2018 \u00e0 l\u2019<strong>Espace Go<\/strong>), et je monterai, en version de concert semi-sc\u00e9nique, <a href=\"http:\/\/www.sinfonia-lanaudiere.org\/concert\/la-veuve-joyeuse\/\" target=\"_blank\" rel=\"noopener\"><strong><em>La Veuve Joyeuse<\/em><\/strong> de <strong>Lehar<\/strong><\/a> avec la <strong>Sinfonia de Lanaudi\u00e8re<\/strong>, dirig\u00e9e par <strong>St\u00e9phane Laforest<\/strong>, le 15 avril 2018 \u00e0 L\u2019Assomption. Les membres de l\u2019Atelier lyrique seront encore pr\u00e9sents.\u00a0\u00bb<\/p>\n<p><em>Avec les chanteurs de l&rsquo;Atelier lyrique de l&rsquo;Op\u00e9ra de Montr\u00e9al: Lauren Margison, Chelsea Rus, Katie Miller, Nathan Keoughan, Max van Wyck et Scott Brooks.<\/em><\/p>\n<p><em><strong>Da Ponte bien culott\u00e9, 3 f\u00e9vrier, 19 h 30, Th\u00e9\u00e2tre Corona<\/strong><\/em><\/p>\n<p><a href=\"https:\/\/osagora.ca\/2017\/09\/21\/da-ponte-bien-culotte\/\" target=\"_blank\" rel=\"noopener\">POUR ACHETER DES BILLETS.<\/a><\/p>\n<p><strong>VOUS AVEZ AIM\u00c9 CET ARTICLE? Lisez aussi: <\/strong><\/p>\n<p><a href=\"https:\/\/www.ludwig-van.com\/montreal\/2018\/01\/17\/liszts-douze-operas-a-voir-lete-a-montreal\/\" target=\"_blank\" rel=\"noopener\">Douze op\u00e9ras \u00e0 voir avant l&rsquo;\u00e9t\u00e9 \u00e0 Montr\u00e9al<\/a><\/p>\n<p>&nbsp;<\/p>\n<p>&nbsp;<\/p>\n<p>&nbsp;<\/p>\n<p>&nbsp;<\/p>\n<p>&nbsp;<\/p>\n<p>&nbsp;<\/p>\n","protected":false},"excerpt":{"rendered":"<p>Le 3 f\u00e9vrier prochain sera cr\u00e9\u00e9 au Th\u00e9\u00e2tre Corona \u00e0 Montr\u00e9al un \u00ab op\u00e9ra-th\u00e9\u00e2tre-comique \u00bb bas\u00e9 sur la vie de Lorenzo Da Ponte, librettiste des plus grands op\u00e9ras de Mozart. Da Ponte bien culott\u00e9 (dont les profits seront remis \u00e0 l\u2019organisme Carrefour musical de Laval) mettra en sc\u00e8ne ce personnage historique haut en couleur, avant-gardiste irr\u00e9v\u00e9rencieux, gr\u00e2ce \u00e0 un m\u00e9lange de textes inspir\u00e9s de ses m\u00e9moires truculents et d\u2019airs (les plus beaux) tir\u00e9s des op\u00e9ras de Mozart.<\/p>\n","protected":false},"author":66,"featured_media":50915,"comment_status":"open","ping_status":"open","sticky":false,"template":"","format":"standard","meta":{"om_disable_all_campaigns":false,"jetpack_post_was_ever_published":false},"categories":[16745,10998,10995],"tags":[6108,17704,17705,12770],"yst_prominent_words":[17588,17699,17700,17697,12768,12760,13734,13733,10538,10519,12762,12765,12757,10537,10167,17696,12769,13735,17698,17695],"acf":[],"jetpack_featured_media_url":"https:\/\/www.ludwig-van.com\/montreal\/wp-content\/uploads\/sites\/3\/2018\/01\/Isabeau-Proulx-Lemire-cr-Brent-Callis-web.jpg","jetpack_sharing_enabled":true,"jetpack_shortlink":"https:\/\/wp.me\/p9bdYt-dhX","amp_enabled":true,"_links":{"self":[{"href":"https:\/\/www.ludwig-van.com\/montreal\/wp-json\/wp\/v2\/posts\/51085"}],"collection":[{"href":"https:\/\/www.ludwig-van.com\/montreal\/wp-json\/wp\/v2\/posts"}],"about":[{"href":"https:\/\/www.ludwig-van.com\/montreal\/wp-json\/wp\/v2\/types\/post"}],"author":[{"embeddable":true,"href":"https:\/\/www.ludwig-van.com\/montreal\/wp-json\/wp\/v2\/users\/66"}],"replies":[{"embeddable":true,"href":"https:\/\/www.ludwig-van.com\/montreal\/wp-json\/wp\/v2\/comments?post=51085"}],"version-history":[{"count":2,"href":"https:\/\/www.ludwig-van.com\/montreal\/wp-json\/wp\/v2\/posts\/51085\/revisions"}],"predecessor-version":[{"id":51088,"href":"https:\/\/www.ludwig-van.com\/montreal\/wp-json\/wp\/v2\/posts\/51085\/revisions\/51088"}],"wp:featuredmedia":[{"embeddable":true,"href":"https:\/\/www.ludwig-van.com\/montreal\/wp-json\/wp\/v2\/media\/50915"}],"wp:attachment":[{"href":"https:\/\/www.ludwig-van.com\/montreal\/wp-json\/wp\/v2\/media?parent=51085"}],"wp:term":[{"taxonomy":"category","embeddable":true,"href":"https:\/\/www.ludwig-van.com\/montreal\/wp-json\/wp\/v2\/categories?post=51085"},{"taxonomy":"post_tag","embeddable":true,"href":"https:\/\/www.ludwig-van.com\/montreal\/wp-json\/wp\/v2\/tags?post=51085"},{"taxonomy":"yst_prominent_words","embeddable":true,"href":"https:\/\/www.ludwig-van.com\/montreal\/wp-json\/wp\/v2\/yst_prominent_words?post=51085"}],"curies":[{"name":"wp","href":"https:\/\/api.w.org\/{rel}","templated":true}]}}